{"id":9869,"date":"2021-07-02T14:04:04","date_gmt":"2021-07-02T12:04:04","guid":{"rendered":"https:\/\/www.covb.cat\/?p=9869"},"modified":"2021-07-02T14:04:04","modified_gmt":"2021-07-02T12:04:04","slug":"aprobados-todos-los-punto-de-la-asamblea-general-de-colegiados","status":"publish","type":"post","link":"https:\/\/www.covb.cat\/es\/actualitat\/noticies\/general\/aprobados-todos-los-punto-de-la-asamblea-general-de-colegiados\/","title":{"rendered":"Aprobados todos los punto de la Asamblea General de Colegiados"},"content":{"rendered":"<p>El mi\u00e9rcoles 30 de junio se celebr\u00f3 la Asamblea General Ordinaria de Colegiados abierta en segunda convocatoria a las 21.00 horas y en formato mixto, (preferentemente por medios telem\u00e1ticos y presencial, siguiendo todas las medidas preventivas que impone la situaci\u00f3n sanitaria). Seg\u00fan el orden del d\u00eda, resultaron aprobadas las Actas de la Asamblea General Ordinaria y Extraordinaria anteriores de fecha 24 de marzo de 2021, la Memoria de actividades, la gesti\u00f3n econ\u00f3mica del COVB y la liquidaci\u00f3n de los presupuestos del COVB de 2020 con presentaci\u00f3n de cuentas anuales y el informe auditado sobre la gesti\u00f3n financiera y presupuestaria del ejercicio 2020.<\/p>\n<p>En el apartado \u00abportal de transparencia\u00bb de nuestra web encontrar\u00e9is la memoria anual, los presupuestos y liquidaciones, las cuentas anuales y los informes de auditor\u00eda. Adem\u00e1s, tambi\u00e9n est\u00e1 publicado y disponible el seguimiento presupuestario trimestral de 2021.<\/p>\n<p><a href=\"https:\/\/www.covb.cat\/collegi\/transparencia\/\">https:\/\/www.covb.cat\/collegi\/transparencia\/<\/a><\/p>\n","protected":false},"excerpt":{"rendered":"<p>El mi\u00e9rcoles 30 de junio se celebr\u00f3 la Asamblea General Ordinaria de Colegiados abierta en segunda convocatoria a las 21.00 horas y en formato mixto, (preferentemente por medios telem\u00e1ticos y presencial, siguiendo todas las medidas preventivas que impone la situaci\u00f3n sanitaria). Seg\u00fan el orden del d\u00eda, resultaron aprobadas las Actas de la Asamblea General Ordinaria [&hellip;]<\/p>\n","protected":false},"author":106,"featured_media":9434,"comment_status":"closed","ping_status":"closed","sticky":false,"template":"","format":"standard","meta":{"_monsterinsights_skip_tracking":false,"_monsterinsights_sitenote_active":false,"_monsterinsights_sitenote_note":"","_monsterinsights_sitenote_category":0,"_jetpack_memberships_contains_paid_content":false,"footnotes":""},"categories":[138,17],"tags":[],"class_list":["post-9869","post","type-post","status-publish","format-standard","has-post-thumbnail","hentry","category-corporativo","category-general"],"yoast_head":"<!-- This site is optimized with the Yoast SEO plugin v27.0 - https:\/\/yoast.com\/product\/yoast-seo-wordpress\/ -->\n<title>Aprobados todos los punto de la Asamblea General de Colegiados - COVB - Col\u00b7legi Oficial de Veterinaris de Barcelona<\/title>\n<meta name=\"description\" content=\"El mi\u00e9rcoles 30 de junio se celebr\u00f3 la Asamblea General Ordinaria de Colegiados abierta en segunda convocatoria a las 21.00 horas y en formato mixto,\" \/>\n<meta name=\"robots\" content=\"index, follow, max-snippet:-1, max-image-preview:large, max-video-preview:-1\" \/>\n<link rel=\"canonical\" href=\"https:\/\/www.covb.cat\/es\/actualitat\/noticies\/general\/aprobados-todos-los-punto-de-la-asamblea-general-de-colegiados\/\" \/>\n<meta property=\"og:locale\" content=\"es_ES\" \/>\n<meta property=\"og:type\" content=\"article\" \/>\n<meta property=\"og:title\" content=\"Aprobados todos los punto de la Asamblea General de Colegiados - COVB - Col\u00b7legi Oficial de Veterinaris de Barcelona\" \/>\n<meta property=\"og:description\" content=\"El mi\u00e9rcoles 30 de junio se celebr\u00f3 la Asamblea General Ordinaria de Colegiados abierta en segunda convocatoria a las 21.00 horas y en formato mixto,\" \/>\n<meta property=\"og:url\" content=\"https:\/\/www.covb.cat\/es\/actualitat\/noticies\/general\/aprobados-todos-los-punto-de-la-asamblea-general-de-colegiados\/\" \/>\n<meta property=\"og:site_name\" content=\"COVB\" \/>\n<meta property=\"article:publisher\" content=\"https:\/\/www.facebook.com\/COVBcat\/\" \/>\n<meta property=\"article:published_time\" content=\"2021-07-02T12:04:04+00:00\" \/>\n<meta property=\"og:image\" content=\"https:\/\/www.covb.cat\/wp-content\/uploads\/2021\/06\/bg_assembleanota.jpg\" \/>\n\t<meta property=\"og:image:width\" content=\"600\" \/>\n\t<meta property=\"og:image:height\" content=\"247\" \/>\n\t<meta property=\"og:image:type\" content=\"image\/jpeg\" \/>\n<meta name=\"twitter:card\" content=\"summary_large_image\" \/>\n<meta name=\"twitter:creator\" content=\"@COVBcat\" \/>\n<meta name=\"twitter:site\" content=\"@COVBcat\" \/>\n<meta name=\"twitter:label1\" content=\"Escrito por\" \/>\n\t<meta name=\"twitter:data1\" content=\"\" \/>\n\t<meta name=\"twitter:label2\" content=\"Tiempo de lectura\" \/>\n\t<meta name=\"twitter:data2\" content=\"1 minuto\" \/>\n<script type=\"application\/ld+json\" class=\"yoast-schema-graph\">{\"@context\":\"https:\/\/schema.org\",\"@graph\":[{\"@type\":\"Article\",\"@id\":\"https:\/\/www.covb.cat\/es\/actualitat\/noticies\/general\/aprobados-todos-los-punto-de-la-asamblea-general-de-colegiados\/#article\",\"isPartOf\":{\"@id\":\"https:\/\/www.covb.cat\/es\/actualitat\/noticies\/general\/aprobados-todos-los-punto-de-la-asamblea-general-de-colegiados\/\"},\"author\":{\"name\":\"\",\"@id\":\"\"},\"headline\":\"Aprobados todos los punto de la Asamblea General de Colegiados\",\"datePublished\":\"2021-07-02T12:04:04+00:00\",\"mainEntityOfPage\":{\"@id\":\"https:\/\/www.covb.cat\/es\/actualitat\/noticies\/general\/aprobados-todos-los-punto-de-la-asamblea-general-de-colegiados\/\"},\"wordCount\":162,\"publisher\":{\"@id\":\"https:\/\/www.covb.cat\/es\/#organization\"},\"image\":{\"@id\":\"https:\/\/www.covb.cat\/es\/actualitat\/noticies\/general\/aprobados-todos-los-punto-de-la-asamblea-general-de-colegiados\/#primaryimage\"},\"thumbnailUrl\":\"https:\/\/www.covb.cat\/wp-content\/uploads\/2021\/06\/bg_assembleanota.jpg\",\"articleSection\":[\"Corporativo\",\"General\"],\"inLanguage\":\"es\"},{\"@type\":\"WebPage\",\"@id\":\"https:\/\/www.covb.cat\/es\/actualitat\/noticies\/general\/aprobados-todos-los-punto-de-la-asamblea-general-de-colegiados\/\",\"url\":\"https:\/\/www.covb.cat\/es\/actualitat\/noticies\/general\/aprobados-todos-los-punto-de-la-asamblea-general-de-colegiados\/\",\"name\":\"Aprobados todos los punto de la Asamblea General de Colegiados - COVB - Col\u00b7legi Oficial de Veterinaris de Barcelona\",\"isPartOf\":{\"@id\":\"https:\/\/www.covb.cat\/es\/#website\"},\"primaryImageOfPage\":{\"@id\":\"https:\/\/www.covb.cat\/es\/actualitat\/noticies\/general\/aprobados-todos-los-punto-de-la-asamblea-general-de-colegiados\/#primaryimage\"},\"image\":{\"@id\":\"https:\/\/www.covb.cat\/es\/actualitat\/noticies\/general\/aprobados-todos-los-punto-de-la-asamblea-general-de-colegiados\/#primaryimage\"},\"thumbnailUrl\":\"https:\/\/www.covb.cat\/wp-content\/uploads\/2021\/06\/bg_assembleanota.jpg\",\"datePublished\":\"2021-07-02T12:04:04+00:00\",\"description\":\"El mi\u00e9rcoles 30 de junio se celebr\u00f3 la Asamblea General Ordinaria de Colegiados abierta en segunda convocatoria a las 21.00 horas y en formato mixto,\",\"breadcrumb\":{\"@id\":\"https:\/\/www.covb.cat\/es\/actualitat\/noticies\/general\/aprobados-todos-los-punto-de-la-asamblea-general-de-colegiados\/#breadcrumb\"},\"inLanguage\":\"es\",\"potentialAction\":[{\"@type\":\"ReadAction\",\"target\":[\"https:\/\/www.covb.cat\/es\/actualitat\/noticies\/general\/aprobados-todos-los-punto-de-la-asamblea-general-de-colegiados\/\"]}]},{\"@type\":\"ImageObject\",\"inLanguage\":\"es\",\"@id\":\"https:\/\/www.covb.cat\/es\/actualitat\/noticies\/general\/aprobados-todos-los-punto-de-la-asamblea-general-de-colegiados\/#primaryimage\",\"url\":\"https:\/\/www.covb.cat\/wp-content\/uploads\/2021\/06\/bg_assembleanota.jpg\",\"contentUrl\":\"https:\/\/www.covb.cat\/wp-content\/uploads\/2021\/06\/bg_assembleanota.jpg\",\"width\":600,\"height\":247},{\"@type\":\"BreadcrumbList\",\"@id\":\"https:\/\/www.covb.cat\/es\/actualitat\/noticies\/general\/aprobados-todos-los-punto-de-la-asamblea-general-de-colegiados\/#breadcrumb\",\"itemListElement\":[{\"@type\":\"ListItem\",\"position\":1,\"name\":\"Inici\",\"item\":\"https:\/\/www.covb.cat\/es\/\"},{\"@type\":\"ListItem\",\"position\":2,\"name\":\"Aprobados todos los punto de la Asamblea General de Colegiados\"}]},{\"@type\":\"WebSite\",\"@id\":\"https:\/\/www.covb.cat\/es\/#website\",\"url\":\"https:\/\/www.covb.cat\/es\/\",\"name\":\"COVB\",\"description\":\"Col\u00b7legi Oficial de Veterinaris de Barcelona\",\"publisher\":{\"@id\":\"https:\/\/www.covb.cat\/es\/#organization\"},\"potentialAction\":[{\"@type\":\"SearchAction\",\"target\":{\"@type\":\"EntryPoint\",\"urlTemplate\":\"https:\/\/www.covb.cat\/es\/?s={search_term_string}\"},\"query-input\":{\"@type\":\"PropertyValueSpecification\",\"valueRequired\":true,\"valueName\":\"search_term_string\"}}],\"inLanguage\":\"es\"},{\"@type\":\"Organization\",\"@id\":\"https:\/\/www.covb.cat\/es\/#organization\",\"name\":\"COVB\",\"url\":\"https:\/\/www.covb.cat\/es\/\",\"logo\":{\"@type\":\"ImageObject\",\"inLanguage\":\"es\",\"@id\":\"https:\/\/www.covb.cat\/es\/#\/schema\/logo\/image\/\",\"url\":\"https:\/\/www.covb.cat\/wp-content\/uploads\/2018\/07\/favicon-covb.png\",\"contentUrl\":\"https:\/\/www.covb.cat\/wp-content\/uploads\/2018\/07\/favicon-covb.png\",\"width\":512,\"height\":512,\"caption\":\"COVB\"},\"image\":{\"@id\":\"https:\/\/www.covb.cat\/es\/#\/schema\/logo\/image\/\"},\"sameAs\":[\"https:\/\/www.facebook.com\/COVBcat\/\",\"https:\/\/x.com\/COVBcat\",\"https:\/\/www.youtube.com\/user\/covbcn\"]},{\"@type\":\"Person\",\"@id\":\"\"}]}<\/script>\n<!-- \/ Yoast SEO plugin. -->","yoast_head_json":{"title":"Aprobados todos los punto de la Asamblea General de Colegiados - COVB - Col\u00b7legi Oficial de Veterinaris de Barcelona","description":"El mi\u00e9rcoles 30 de junio se celebr\u00f3 la Asamblea General Ordinaria de Colegiados abierta en segunda convocatoria a las 21.00 horas y en formato mixto,","robots":{"index":"index","follow":"follow","max-snippet":"max-snippet:-1","max-image-preview":"max-image-preview:large","max-video-preview":"max-video-preview:-1"},"canonical":"https:\/\/www.covb.cat\/es\/actualitat\/noticies\/general\/aprobados-todos-los-punto-de-la-asamblea-general-de-colegiados\/","og_locale":"es_ES","og_type":"article","og_title":"Aprobados todos los punto de la Asamblea General de Colegiados - COVB - Col\u00b7legi Oficial de Veterinaris de Barcelona","og_description":"El mi\u00e9rcoles 30 de junio se celebr\u00f3 la Asamblea General Ordinaria de Colegiados abierta en segunda convocatoria a las 21.00 horas y en formato mixto,","og_url":"https:\/\/www.covb.cat\/es\/actualitat\/noticies\/general\/aprobados-todos-los-punto-de-la-asamblea-general-de-colegiados\/","og_site_name":"COVB","article_publisher":"https:\/\/www.facebook.com\/COVBcat\/","article_published_time":"2021-07-02T12:04:04+00:00","og_image":[{"width":600,"height":247,"url":"https:\/\/www.covb.cat\/wp-content\/uploads\/2021\/06\/bg_assembleanota.jpg","type":"image\/jpeg"}],"twitter_card":"summary_large_image","twitter_creator":"@COVBcat","twitter_site":"@COVBcat","twitter_misc":{"Escrito por":"","Tiempo de lectura":"1 minuto"},"schema":{"@context":"https:\/\/schema.org","@graph":[{"@type":"Article","@id":"https:\/\/www.covb.cat\/es\/actualitat\/noticies\/general\/aprobados-todos-los-punto-de-la-asamblea-general-de-colegiados\/#article","isPartOf":{"@id":"https:\/\/www.covb.cat\/es\/actualitat\/noticies\/general\/aprobados-todos-los-punto-de-la-asamblea-general-de-colegiados\/"},"author":{"name":"","@id":""},"headline":"Aprobados todos los punto de la Asamblea General de Colegiados","datePublished":"2021-07-02T12:04:04+00:00","mainEntityOfPage":{"@id":"https:\/\/www.covb.cat\/es\/actualitat\/noticies\/general\/aprobados-todos-los-punto-de-la-asamblea-general-de-colegiados\/"},"wordCount":162,"publisher":{"@id":"https:\/\/www.covb.cat\/es\/#organization"},"image":{"@id":"https:\/\/www.covb.cat\/es\/actualitat\/noticies\/general\/aprobados-todos-los-punto-de-la-asamblea-general-de-colegiados\/#primaryimage"},"thumbnailUrl":"https:\/\/www.covb.cat\/wp-content\/uploads\/2021\/06\/bg_assembleanota.jpg","articleSection":["Corporativo","General"],"inLanguage":"es"},{"@type":"WebPage","@id":"https:\/\/www.covb.cat\/es\/actualitat\/noticies\/general\/aprobados-todos-los-punto-de-la-asamblea-general-de-colegiados\/","url":"https:\/\/www.covb.cat\/es\/actualitat\/noticies\/general\/aprobados-todos-los-punto-de-la-asamblea-general-de-colegiados\/","name":"Aprobados todos los punto de la Asamblea General de Colegiados - COVB - Col\u00b7legi Oficial de Veterinaris de Barcelona","isPartOf":{"@id":"https:\/\/www.covb.cat\/es\/#website"},"primaryImageOfPage":{"@id":"https:\/\/www.covb.cat\/es\/actualitat\/noticies\/general\/aprobados-todos-los-punto-de-la-asamblea-general-de-colegiados\/#primaryimage"},"image":{"@id":"https:\/\/www.covb.cat\/es\/actualitat\/noticies\/general\/aprobados-todos-los-punto-de-la-asamblea-general-de-colegiados\/#primaryimage"},"thumbnailUrl":"https:\/\/www.covb.cat\/wp-content\/uploads\/2021\/06\/bg_assembleanota.jpg","datePublished":"2021-07-02T12:04:04+00:00","description":"El mi\u00e9rcoles 30 de junio se celebr\u00f3 la Asamblea General Ordinaria de Colegiados abierta en segunda convocatoria a las 21.00 horas y en formato mixto,","breadcrumb":{"@id":"https:\/\/www.covb.cat\/es\/actualitat\/noticies\/general\/aprobados-todos-los-punto-de-la-asamblea-general-de-colegiados\/#breadcrumb"},"inLanguage":"es","potentialAction":[{"@type":"ReadAction","target":["https:\/\/www.covb.cat\/es\/actualitat\/noticies\/general\/aprobados-todos-los-punto-de-la-asamblea-general-de-colegiados\/"]}]},{"@type":"ImageObject","inLanguage":"es","@id":"https:\/\/www.covb.cat\/es\/actualitat\/noticies\/general\/aprobados-todos-los-punto-de-la-asamblea-general-de-colegiados\/#primaryimage","url":"https:\/\/www.covb.cat\/wp-content\/uploads\/2021\/06\/bg_assembleanota.jpg","contentUrl":"https:\/\/www.covb.cat\/wp-content\/uploads\/2021\/06\/bg_assembleanota.jpg","width":600,"height":247},{"@type":"BreadcrumbList","@id":"https:\/\/www.covb.cat\/es\/actualitat\/noticies\/general\/aprobados-todos-los-punto-de-la-asamblea-general-de-colegiados\/#breadcrumb","itemListElement":[{"@type":"ListItem","position":1,"name":"Inici","item":"https:\/\/www.covb.cat\/es\/"},{"@type":"ListItem","position":2,"name":"Aprobados todos los punto de la Asamblea General de Colegiados"}]},{"@type":"WebSite","@id":"https:\/\/www.covb.cat\/es\/#website","url":"https:\/\/www.covb.cat\/es\/","name":"COVB","description":"Col\u00b7legi Oficial de Veterinaris de Barcelona","publisher":{"@id":"https:\/\/www.covb.cat\/es\/#organization"},"potentialAction":[{"@type":"SearchAction","target":{"@type":"EntryPoint","urlTemplate":"https:\/\/www.covb.cat\/es\/?s={search_term_string}"},"query-input":{"@type":"PropertyValueSpecification","valueRequired":true,"valueName":"search_term_string"}}],"inLanguage":"es"},{"@type":"Organization","@id":"https:\/\/www.covb.cat\/es\/#organization","name":"COVB","url":"https:\/\/www.covb.cat\/es\/","logo":{"@type":"ImageObject","inLanguage":"es","@id":"https:\/\/www.covb.cat\/es\/#\/schema\/logo\/image\/","url":"https:\/\/www.covb.cat\/wp-content\/uploads\/2018\/07\/favicon-covb.png","contentUrl":"https:\/\/www.covb.cat\/wp-content\/uploads\/2018\/07\/favicon-covb.png","width":512,"height":512,"caption":"COVB"},"image":{"@id":"https:\/\/www.covb.cat\/es\/#\/schema\/logo\/image\/"},"sameAs":["https:\/\/www.facebook.com\/COVBcat\/","https:\/\/x.com\/COVBcat","https:\/\/www.youtube.com\/user\/covbcn"]},{"@type":"Person","@id":""}]}},"jetpack_featured_media_url":"https:\/\/www.covb.cat\/wp-content\/uploads\/2021\/06\/bg_assembleanota.jpg","jetpack_sharing_enabled":true,"_links":{"self":[{"href":"https:\/\/www.covb.cat\/es\/wp-json\/wp\/v2\/posts\/9869","targetHints":{"allow":["GET"]}}],"collection":[{"href":"https:\/\/www.covb.cat\/es\/wp-json\/wp\/v2\/posts"}],"about":[{"href":"https:\/\/www.covb.cat\/es\/wp-json\/wp\/v2\/types\/post"}],"author":[{"embeddable":true,"href":"https:\/\/www.covb.cat\/es\/wp-json\/wp\/v2\/users\/106"}],"replies":[{"embeddable":true,"href":"https:\/\/www.covb.cat\/es\/wp-json\/wp\/v2\/comments?post=9869"}],"version-history":[{"count":0,"href":"https:\/\/www.covb.cat\/es\/wp-json\/wp\/v2\/posts\/9869\/revisions"}],"wp:featuredmedia":[{"embeddable":true,"href":"https:\/\/www.covb.cat\/es\/wp-json\/wp\/v2\/media\/9434"}],"wp:attachment":[{"href":"https:\/\/www.covb.cat\/es\/wp-json\/wp\/v2\/media?parent=9869"}],"wp:term":[{"taxonomy":"category","embeddable":true,"href":"https:\/\/www.covb.cat\/es\/wp-json\/wp\/v2\/categories?post=9869"},{"taxonomy":"post_tag","embeddable":true,"href":"https:\/\/www.covb.cat\/es\/wp-json\/wp\/v2\/tags?post=9869"}],"curies":[{"name":"wp","href":"https:\/\/api.w.org\/{rel}","templated":true}]}}