{"id":9812,"date":"2021-07-01T16:40:16","date_gmt":"2021-07-01T14:40:16","guid":{"rendered":"https:\/\/www.covb.cat\/?p=9812"},"modified":"2021-07-01T16:40:16","modified_gmt":"2021-07-01T14:40:16","slug":"nuevo-caso-practico-a-estudio-granja-de-procino-con-300-cerdas","status":"publish","type":"post","link":"https:\/\/www.covb.cat\/es\/actualitat\/noticies\/general\/nuevo-caso-practico-a-estudio-granja-de-procino-con-300-cerdas\/","title":{"rendered":"Nuevo Caso Pr\u00e1ctico a estudio: granja de procino  con 300 cerdas"},"content":{"rendered":"<p>A partir del 21 de junio y durante 3 meses, el Consejo General de Colegios Veterinarios de Espa\u00f1a publica un nuevo caso cl\u00ednico para que los veterinarios, a trav\u00e9s del estudio de la historia de este, la anamnesis, y de la exploraci\u00f3n cl\u00ednica realizada a los animales, puedan determinar los problemas de los animales<strong>.<\/strong><\/p>\n<p>En este caso, se trata de averiguar por qu\u00e9 en una granja de una granja de porcino de 300 cerdas, y ciclo cerrado, en los \u00faltimos meses se ha observado una reducci\u00f3n del crecimiento, alargando la edad de salida al matadero.<\/p>\n<p>Esta formaci\u00f3n est\u00e1 dirigida por Jorge Mu\u00f1oz, veterinario, y Jos\u00e9 Ignacio Ferrero, ingeniero Agr\u00f3nomo<strong>.<\/strong><\/p>\n<p>Mas informaci\u00f3n sobre el programa e inscripciones a trav\u00e9s de este <a href=\"https:\/\/www.colvetcampus.es\/\">link<\/a>.<\/p>\n","protected":false},"excerpt":{"rendered":"<p>A partir del 21 de junio y durante 3 meses, el Consejo General de Colegios Veterinarios de Espa\u00f1a publica un nuevo caso cl\u00ednico para que los veterinarios, a trav\u00e9s del estudio de la historia de este, la anamnesis, y de la exploraci\u00f3n cl\u00ednica realizada a los animales, puedan determinar los problemas de los animales. En [&hellip;]<\/p>\n","protected":false},"author":106,"featured_media":8121,"comment_status":"closed","ping_status":"closed","sticky":false,"template":"","format":"standard","meta":{"_monsterinsights_skip_tracking":false,"_monsterinsights_sitenote_active":false,"_monsterinsights_sitenote_note":"","_monsterinsights_sitenote_category":0,"_jetpack_memberships_contains_paid_content":false,"footnotes":""},"categories":[17],"tags":[],"class_list":["post-9812","post","type-post","status-publish","format-standard","has-post-thumbnail","hentry","category-general"],"yoast_head":"<!-- This site is optimized with the Yoast SEO plugin v27.0 - https:\/\/yoast.com\/product\/yoast-seo-wordpress\/ -->\n<title>Nuevo Caso Pr\u00e1ctico a estudio: granja de procino con 300 cerdas - COVB - Col\u00b7legi Oficial de Veterinaris de Barcelona<\/title>\n<meta name=\"description\" content=\"A partir del 21 de junio y durante 3 meses, el Consejo General de Colegios Veterinarios de Espa\u00f1a publica un nuevo caso cl\u00ednico para que los veterinarios,\" \/>\n<meta name=\"robots\" content=\"index, follow, max-snippet:-1, max-image-preview:large, max-video-preview:-1\" \/>\n<link rel=\"canonical\" href=\"https:\/\/www.covb.cat\/es\/actualitat\/noticies\/general\/nuevo-caso-practico-a-estudio-granja-de-procino-con-300-cerdas\/\" \/>\n<meta property=\"og:locale\" content=\"es_ES\" \/>\n<meta property=\"og:type\" content=\"article\" \/>\n<meta property=\"og:title\" content=\"Nuevo Caso Pr\u00e1ctico a estudio: granja de procino con 300 cerdas - COVB - Col\u00b7legi Oficial de Veterinaris de Barcelona\" \/>\n<meta property=\"og:description\" content=\"A partir del 21 de junio y durante 3 meses, el Consejo General de Colegios Veterinarios de Espa\u00f1a publica un nuevo caso cl\u00ednico para que los veterinarios,\" \/>\n<meta property=\"og:url\" content=\"https:\/\/www.covb.cat\/es\/actualitat\/noticies\/general\/nuevo-caso-practico-a-estudio-granja-de-procino-con-300-cerdas\/\" \/>\n<meta property=\"og:site_name\" content=\"COVB\" \/>\n<meta property=\"article:publisher\" content=\"https:\/\/www.facebook.com\/COVBcat\/\" \/>\n<meta property=\"article:published_time\" content=\"2021-07-01T14:40:16+00:00\" \/>\n<meta property=\"og:image\" content=\"https:\/\/www.covb.cat\/wp-content\/uploads\/2021\/05\/piglet-3386356_640.jpg\" \/>\n\t<meta property=\"og:image:width\" content=\"640\" \/>\n\t<meta property=\"og:image:height\" content=\"426\" \/>\n\t<meta property=\"og:image:type\" content=\"image\/jpeg\" \/>\n<meta name=\"twitter:card\" content=\"summary_large_image\" \/>\n<meta name=\"twitter:creator\" content=\"@COVBcat\" \/>\n<meta name=\"twitter:site\" content=\"@COVBcat\" \/>\n<meta name=\"twitter:label1\" content=\"Escrito por\" \/>\n\t<meta name=\"twitter:data1\" content=\"\" \/>\n\t<meta name=\"twitter:label2\" content=\"Tiempo de lectura\" \/>\n\t<meta name=\"twitter:data2\" content=\"1 minuto\" \/>\n<script type=\"application\/ld+json\" class=\"yoast-schema-graph\">{\"@context\":\"https:\/\/schema.org\",\"@graph\":[{\"@type\":\"Article\",\"@id\":\"https:\/\/www.covb.cat\/es\/actualitat\/noticies\/general\/nuevo-caso-practico-a-estudio-granja-de-procino-con-300-cerdas\/#article\",\"isPartOf\":{\"@id\":\"https:\/\/www.covb.cat\/es\/actualitat\/noticies\/general\/nuevo-caso-practico-a-estudio-granja-de-procino-con-300-cerdas\/\"},\"author\":{\"name\":\"\",\"@id\":\"\"},\"headline\":\"Nuevo Caso Pr\u00e1ctico a estudio: granja de procino con 300 cerdas\",\"datePublished\":\"2021-07-01T14:40:16+00:00\",\"mainEntityOfPage\":{\"@id\":\"https:\/\/www.covb.cat\/es\/actualitat\/noticies\/general\/nuevo-caso-practico-a-estudio-granja-de-procino-con-300-cerdas\/\"},\"wordCount\":140,\"publisher\":{\"@id\":\"https:\/\/www.covb.cat\/es\/#organization\"},\"image\":{\"@id\":\"https:\/\/www.covb.cat\/es\/actualitat\/noticies\/general\/nuevo-caso-practico-a-estudio-granja-de-procino-con-300-cerdas\/#primaryimage\"},\"thumbnailUrl\":\"https:\/\/www.covb.cat\/wp-content\/uploads\/2021\/05\/piglet-3386356_640.jpg\",\"articleSection\":[\"General\"],\"inLanguage\":\"es\"},{\"@type\":\"WebPage\",\"@id\":\"https:\/\/www.covb.cat\/es\/actualitat\/noticies\/general\/nuevo-caso-practico-a-estudio-granja-de-procino-con-300-cerdas\/\",\"url\":\"https:\/\/www.covb.cat\/es\/actualitat\/noticies\/general\/nuevo-caso-practico-a-estudio-granja-de-procino-con-300-cerdas\/\",\"name\":\"Nuevo Caso Pr\u00e1ctico a estudio: granja de procino con 300 cerdas - COVB - Col\u00b7legi Oficial de Veterinaris de Barcelona\",\"isPartOf\":{\"@id\":\"https:\/\/www.covb.cat\/es\/#website\"},\"primaryImageOfPage\":{\"@id\":\"https:\/\/www.covb.cat\/es\/actualitat\/noticies\/general\/nuevo-caso-practico-a-estudio-granja-de-procino-con-300-cerdas\/#primaryimage\"},\"image\":{\"@id\":\"https:\/\/www.covb.cat\/es\/actualitat\/noticies\/general\/nuevo-caso-practico-a-estudio-granja-de-procino-con-300-cerdas\/#primaryimage\"},\"thumbnailUrl\":\"https:\/\/www.covb.cat\/wp-content\/uploads\/2021\/05\/piglet-3386356_640.jpg\",\"datePublished\":\"2021-07-01T14:40:16+00:00\",\"description\":\"A partir del 21 de junio y durante 3 meses, el Consejo General de Colegios Veterinarios de Espa\u00f1a publica un nuevo caso cl\u00ednico para que los veterinarios,\",\"breadcrumb\":{\"@id\":\"https:\/\/www.covb.cat\/es\/actualitat\/noticies\/general\/nuevo-caso-practico-a-estudio-granja-de-procino-con-300-cerdas\/#breadcrumb\"},\"inLanguage\":\"es\",\"potentialAction\":[{\"@type\":\"ReadAction\",\"target\":[\"https:\/\/www.covb.cat\/es\/actualitat\/noticies\/general\/nuevo-caso-practico-a-estudio-granja-de-procino-con-300-cerdas\/\"]}]},{\"@type\":\"ImageObject\",\"inLanguage\":\"es\",\"@id\":\"https:\/\/www.covb.cat\/es\/actualitat\/noticies\/general\/nuevo-caso-practico-a-estudio-granja-de-procino-con-300-cerdas\/#primaryimage\",\"url\":\"https:\/\/www.covb.cat\/wp-content\/uploads\/2021\/05\/piglet-3386356_640.jpg\",\"contentUrl\":\"https:\/\/www.covb.cat\/wp-content\/uploads\/2021\/05\/piglet-3386356_640.jpg\",\"width\":640,\"height\":426},{\"@type\":\"BreadcrumbList\",\"@id\":\"https:\/\/www.covb.cat\/es\/actualitat\/noticies\/general\/nuevo-caso-practico-a-estudio-granja-de-procino-con-300-cerdas\/#breadcrumb\",\"itemListElement\":[{\"@type\":\"ListItem\",\"position\":1,\"name\":\"Inici\",\"item\":\"https:\/\/www.covb.cat\/es\/\"},{\"@type\":\"ListItem\",\"position\":2,\"name\":\"Nuevo Caso Pr\u00e1ctico a estudio: granja de procino con 300 cerdas\"}]},{\"@type\":\"WebSite\",\"@id\":\"https:\/\/www.covb.cat\/es\/#website\",\"url\":\"https:\/\/www.covb.cat\/es\/\",\"name\":\"COVB\",\"description\":\"Col\u00b7legi Oficial de Veterinaris de Barcelona\",\"publisher\":{\"@id\":\"https:\/\/www.covb.cat\/es\/#organization\"},\"potentialAction\":[{\"@type\":\"SearchAction\",\"target\":{\"@type\":\"EntryPoint\",\"urlTemplate\":\"https:\/\/www.covb.cat\/es\/?s={search_term_string}\"},\"query-input\":{\"@type\":\"PropertyValueSpecification\",\"valueRequired\":true,\"valueName\":\"search_term_string\"}}],\"inLanguage\":\"es\"},{\"@type\":\"Organization\",\"@id\":\"https:\/\/www.covb.cat\/es\/#organization\",\"name\":\"COVB\",\"url\":\"https:\/\/www.covb.cat\/es\/\",\"logo\":{\"@type\":\"ImageObject\",\"inLanguage\":\"es\",\"@id\":\"https:\/\/www.covb.cat\/es\/#\/schema\/logo\/image\/\",\"url\":\"https:\/\/www.covb.cat\/wp-content\/uploads\/2018\/07\/favicon-covb.png\",\"contentUrl\":\"https:\/\/www.covb.cat\/wp-content\/uploads\/2018\/07\/favicon-covb.png\",\"width\":512,\"height\":512,\"caption\":\"COVB\"},\"image\":{\"@id\":\"https:\/\/www.covb.cat\/es\/#\/schema\/logo\/image\/\"},\"sameAs\":[\"https:\/\/www.facebook.com\/COVBcat\/\",\"https:\/\/x.com\/COVBcat\",\"https:\/\/www.youtube.com\/user\/covbcn\"]},{\"@type\":\"Person\",\"@id\":\"\"}]}<\/script>\n<!-- \/ Yoast SEO plugin. -->","yoast_head_json":{"title":"Nuevo Caso Pr\u00e1ctico a estudio: granja de procino con 300 cerdas - COVB - Col\u00b7legi Oficial de Veterinaris de Barcelona","description":"A partir del 21 de junio y durante 3 meses, el Consejo General de Colegios Veterinarios de Espa\u00f1a publica un nuevo caso cl\u00ednico para que los veterinarios,","robots":{"index":"index","follow":"follow","max-snippet":"max-snippet:-1","max-image-preview":"max-image-preview:large","max-video-preview":"max-video-preview:-1"},"canonical":"https:\/\/www.covb.cat\/es\/actualitat\/noticies\/general\/nuevo-caso-practico-a-estudio-granja-de-procino-con-300-cerdas\/","og_locale":"es_ES","og_type":"article","og_title":"Nuevo Caso Pr\u00e1ctico a estudio: granja de procino con 300 cerdas - COVB - Col\u00b7legi Oficial de Veterinaris de Barcelona","og_description":"A partir del 21 de junio y durante 3 meses, el Consejo General de Colegios Veterinarios de Espa\u00f1a publica un nuevo caso cl\u00ednico para que los veterinarios,","og_url":"https:\/\/www.covb.cat\/es\/actualitat\/noticies\/general\/nuevo-caso-practico-a-estudio-granja-de-procino-con-300-cerdas\/","og_site_name":"COVB","article_publisher":"https:\/\/www.facebook.com\/COVBcat\/","article_published_time":"2021-07-01T14:40:16+00:00","og_image":[{"width":640,"height":426,"url":"https:\/\/www.covb.cat\/wp-content\/uploads\/2021\/05\/piglet-3386356_640.jpg","type":"image\/jpeg"}],"twitter_card":"summary_large_image","twitter_creator":"@COVBcat","twitter_site":"@COVBcat","twitter_misc":{"Escrito por":"","Tiempo de lectura":"1 minuto"},"schema":{"@context":"https:\/\/schema.org","@graph":[{"@type":"Article","@id":"https:\/\/www.covb.cat\/es\/actualitat\/noticies\/general\/nuevo-caso-practico-a-estudio-granja-de-procino-con-300-cerdas\/#article","isPartOf":{"@id":"https:\/\/www.covb.cat\/es\/actualitat\/noticies\/general\/nuevo-caso-practico-a-estudio-granja-de-procino-con-300-cerdas\/"},"author":{"name":"","@id":""},"headline":"Nuevo Caso Pr\u00e1ctico a estudio: granja de procino con 300 cerdas","datePublished":"2021-07-01T14:40:16+00:00","mainEntityOfPage":{"@id":"https:\/\/www.covb.cat\/es\/actualitat\/noticies\/general\/nuevo-caso-practico-a-estudio-granja-de-procino-con-300-cerdas\/"},"wordCount":140,"publisher":{"@id":"https:\/\/www.covb.cat\/es\/#organization"},"image":{"@id":"https:\/\/www.covb.cat\/es\/actualitat\/noticies\/general\/nuevo-caso-practico-a-estudio-granja-de-procino-con-300-cerdas\/#primaryimage"},"thumbnailUrl":"https:\/\/www.covb.cat\/wp-content\/uploads\/2021\/05\/piglet-3386356_640.jpg","articleSection":["General"],"inLanguage":"es"},{"@type":"WebPage","@id":"https:\/\/www.covb.cat\/es\/actualitat\/noticies\/general\/nuevo-caso-practico-a-estudio-granja-de-procino-con-300-cerdas\/","url":"https:\/\/www.covb.cat\/es\/actualitat\/noticies\/general\/nuevo-caso-practico-a-estudio-granja-de-procino-con-300-cerdas\/","name":"Nuevo Caso Pr\u00e1ctico a estudio: granja de procino con 300 cerdas - COVB - Col\u00b7legi Oficial de Veterinaris de Barcelona","isPartOf":{"@id":"https:\/\/www.covb.cat\/es\/#website"},"primaryImageOfPage":{"@id":"https:\/\/www.covb.cat\/es\/actualitat\/noticies\/general\/nuevo-caso-practico-a-estudio-granja-de-procino-con-300-cerdas\/#primaryimage"},"image":{"@id":"https:\/\/www.covb.cat\/es\/actualitat\/noticies\/general\/nuevo-caso-practico-a-estudio-granja-de-procino-con-300-cerdas\/#primaryimage"},"thumbnailUrl":"https:\/\/www.covb.cat\/wp-content\/uploads\/2021\/05\/piglet-3386356_640.jpg","datePublished":"2021-07-01T14:40:16+00:00","description":"A partir del 21 de junio y durante 3 meses, el Consejo General de Colegios Veterinarios de Espa\u00f1a publica un nuevo caso cl\u00ednico para que los veterinarios,","breadcrumb":{"@id":"https:\/\/www.covb.cat\/es\/actualitat\/noticies\/general\/nuevo-caso-practico-a-estudio-granja-de-procino-con-300-cerdas\/#breadcrumb"},"inLanguage":"es","potentialAction":[{"@type":"ReadAction","target":["https:\/\/www.covb.cat\/es\/actualitat\/noticies\/general\/nuevo-caso-practico-a-estudio-granja-de-procino-con-300-cerdas\/"]}]},{"@type":"ImageObject","inLanguage":"es","@id":"https:\/\/www.covb.cat\/es\/actualitat\/noticies\/general\/nuevo-caso-practico-a-estudio-granja-de-procino-con-300-cerdas\/#primaryimage","url":"https:\/\/www.covb.cat\/wp-content\/uploads\/2021\/05\/piglet-3386356_640.jpg","contentUrl":"https:\/\/www.covb.cat\/wp-content\/uploads\/2021\/05\/piglet-3386356_640.jpg","width":640,"height":426},{"@type":"BreadcrumbList","@id":"https:\/\/www.covb.cat\/es\/actualitat\/noticies\/general\/nuevo-caso-practico-a-estudio-granja-de-procino-con-300-cerdas\/#breadcrumb","itemListElement":[{"@type":"ListItem","position":1,"name":"Inici","item":"https:\/\/www.covb.cat\/es\/"},{"@type":"ListItem","position":2,"name":"Nuevo Caso Pr\u00e1ctico a estudio: granja de procino con 300 cerdas"}]},{"@type":"WebSite","@id":"https:\/\/www.covb.cat\/es\/#website","url":"https:\/\/www.covb.cat\/es\/","name":"COVB","description":"Col\u00b7legi Oficial de Veterinaris de Barcelona","publisher":{"@id":"https:\/\/www.covb.cat\/es\/#organization"},"potentialAction":[{"@type":"SearchAction","target":{"@type":"EntryPoint","urlTemplate":"https:\/\/www.covb.cat\/es\/?s={search_term_string}"},"query-input":{"@type":"PropertyValueSpecification","valueRequired":true,"valueName":"search_term_string"}}],"inLanguage":"es"},{"@type":"Organization","@id":"https:\/\/www.covb.cat\/es\/#organization","name":"COVB","url":"https:\/\/www.covb.cat\/es\/","logo":{"@type":"ImageObject","inLanguage":"es","@id":"https:\/\/www.covb.cat\/es\/#\/schema\/logo\/image\/","url":"https:\/\/www.covb.cat\/wp-content\/uploads\/2018\/07\/favicon-covb.png","contentUrl":"https:\/\/www.covb.cat\/wp-content\/uploads\/2018\/07\/favicon-covb.png","width":512,"height":512,"caption":"COVB"},"image":{"@id":"https:\/\/www.covb.cat\/es\/#\/schema\/logo\/image\/"},"sameAs":["https:\/\/www.facebook.com\/COVBcat\/","https:\/\/x.com\/COVBcat","https:\/\/www.youtube.com\/user\/covbcn"]},{"@type":"Person","@id":""}]}},"jetpack_featured_media_url":"https:\/\/www.covb.cat\/wp-content\/uploads\/2021\/05\/piglet-3386356_640.jpg","jetpack_sharing_enabled":true,"_links":{"self":[{"href":"https:\/\/www.covb.cat\/es\/wp-json\/wp\/v2\/posts\/9812","targetHints":{"allow":["GET"]}}],"collection":[{"href":"https:\/\/www.covb.cat\/es\/wp-json\/wp\/v2\/posts"}],"about":[{"href":"https:\/\/www.covb.cat\/es\/wp-json\/wp\/v2\/types\/post"}],"author":[{"embeddable":true,"href":"https:\/\/www.covb.cat\/es\/wp-json\/wp\/v2\/users\/106"}],"replies":[{"embeddable":true,"href":"https:\/\/www.covb.cat\/es\/wp-json\/wp\/v2\/comments?post=9812"}],"version-history":[{"count":0,"href":"https:\/\/www.covb.cat\/es\/wp-json\/wp\/v2\/posts\/9812\/revisions"}],"wp:featuredmedia":[{"embeddable":true,"href":"https:\/\/www.covb.cat\/es\/wp-json\/wp\/v2\/media\/8121"}],"wp:attachment":[{"href":"https:\/\/www.covb.cat\/es\/wp-json\/wp\/v2\/media?parent=9812"}],"wp:term":[{"taxonomy":"category","embeddable":true,"href":"https:\/\/www.covb.cat\/es\/wp-json\/wp\/v2\/categories?post=9812"},{"taxonomy":"post_tag","embeddable":true,"href":"https:\/\/www.covb.cat\/es\/wp-json\/wp\/v2\/tags?post=9812"}],"curies":[{"name":"wp","href":"https:\/\/api.w.org\/{rel}","templated":true}]}}