{"id":9542,"date":"2021-06-21T17:34:34","date_gmt":"2021-06-21T15:34:34","guid":{"rendered":"https:\/\/www.covb.cat\/?p=9542"},"modified":"2022-01-12T21:32:51","modified_gmt":"2022-01-12T20:32:51","slug":"marta-legido-analiza-la-salud-mental-del-colectivo-veterinario-en-diario-veterinario","status":"publish","type":"post","link":"https:\/\/www.covb.cat\/es\/actualitat\/noticies\/general\/marta-legido-analiza-la-salud-mental-del-colectivo-veterinario-en-diario-veterinario\/","title":{"rendered":"Marta Legido analiza la salud mental del colectivo veterinario en Diario Veterinario"},"content":{"rendered":"<p>Durante la entrevista <strong>Marta Legido, <\/strong>miembro de la Junta de Govern del COVB,\u00a0habla de los\u00a0 factores de riesgo espec\u00edficos de la profesi\u00f3n\u00a0como el aislamiento social y profesional, el acceso a determinados substancias, la relaci\u00f3n con la eutanasia y\u00a0 el sacrificio de animales o la falta de desconexi\u00f3n, que hace de la veterinaria una profesi\u00f3n con un alto \u00edndice de suicidios. Y, en este sentido, habla tambi\u00e9n del trabajo que en los \u00faltimos diez a\u00f1os est\u00e1 llevando a cabo la Fundaci\u00f3 Galatea con el Programa Ass\u00eds.<\/p>\n<p><a href=\"https:\/\/www.diarioveterinario.com\/t\/2954123\/muchos-companeros-veterinarios-llevan-moviles-trabajo-24-horas-dia-7-dias-semana\">Acceso articulo<\/a><\/p>\n","protected":false},"excerpt":{"rendered":"<p>Durante la entrevista Marta Legido, miembro de la Junta de Govern del COVB,\u00a0habla de los\u00a0 factores de riesgo espec\u00edficos de la profesi\u00f3n\u00a0como el aislamiento social y profesional, el acceso a determinados substancias, la relaci\u00f3n con la eutanasia y\u00a0 el sacrificio de animales o la falta de desconexi\u00f3n, que hace de la veterinaria una profesi\u00f3n con [&hellip;]<\/p>\n","protected":false},"author":106,"featured_media":9454,"comment_status":"closed","ping_status":"closed","sticky":false,"template":"","format":"standard","meta":{"_monsterinsights_skip_tracking":false,"_monsterinsights_sitenote_active":false,"_monsterinsights_sitenote_note":"","_monsterinsights_sitenote_category":0,"_jetpack_memberships_contains_paid_content":false,"footnotes":""},"categories":[138,17],"tags":[177],"class_list":["post-9542","post","type-post","status-publish","format-standard","has-post-thumbnail","hentry","category-corporativo","category-general","tag-prensa"],"yoast_head":"<!-- This site is optimized with the Yoast SEO plugin v27.0 - https:\/\/yoast.com\/product\/yoast-seo-wordpress\/ -->\n<title>Marta Legido analiza la salud mental del colectivo veterinario en Diario Veterinario - COVB - Col\u00b7legi Oficial de Veterinaris de Barcelona<\/title>\n<meta name=\"description\" content=\"Durante la entrevista Marta Legido, miembro de la Junta de Govern del COVB,\u00a0habla de los\u00a0 factores de riesgo espec\u00edficos de la profesi\u00f3n\u00a0como el\" \/>\n<meta name=\"robots\" content=\"index, follow, max-snippet:-1, max-image-preview:large, max-video-preview:-1\" \/>\n<link rel=\"canonical\" href=\"https:\/\/www.covb.cat\/es\/actualitat\/noticies\/general\/marta-legido-analiza-la-salud-mental-del-colectivo-veterinario-en-diario-veterinario\/\" \/>\n<meta property=\"og:locale\" content=\"es_ES\" \/>\n<meta property=\"og:type\" content=\"article\" \/>\n<meta property=\"og:title\" content=\"Marta Legido analiza la salud mental del colectivo veterinario en Diario Veterinario - COVB - Col\u00b7legi Oficial de Veterinaris de Barcelona\" \/>\n<meta property=\"og:description\" content=\"Durante la entrevista Marta Legido, miembro de la Junta de Govern del COVB,\u00a0habla de los\u00a0 factores de riesgo espec\u00edficos de la profesi\u00f3n\u00a0como el\" \/>\n<meta property=\"og:url\" content=\"https:\/\/www.covb.cat\/es\/actualitat\/noticies\/general\/marta-legido-analiza-la-salud-mental-del-colectivo-veterinario-en-diario-veterinario\/\" \/>\n<meta property=\"og:site_name\" content=\"COVB\" \/>\n<meta property=\"article:publisher\" content=\"https:\/\/www.facebook.com\/COVBcat\/\" \/>\n<meta property=\"article:published_time\" content=\"2021-06-21T15:34:34+00:00\" \/>\n<meta property=\"article:modified_time\" content=\"2022-01-12T20:32:51+00:00\" \/>\n<meta property=\"og:image\" content=\"https:\/\/www.covb.cat\/wp-content\/uploads\/2021\/06\/2369541.jpg\" \/>\n\t<meta property=\"og:image:width\" content=\"900\" \/>\n\t<meta property=\"og:image:height\" content=\"672\" \/>\n\t<meta property=\"og:image:type\" content=\"image\/jpeg\" \/>\n<meta name=\"twitter:card\" content=\"summary_large_image\" \/>\n<meta name=\"twitter:creator\" content=\"@COVBcat\" \/>\n<meta name=\"twitter:site\" content=\"@COVBcat\" \/>\n<meta name=\"twitter:label1\" content=\"Escrito por\" \/>\n\t<meta name=\"twitter:data1\" content=\"\" \/>\n\t<meta name=\"twitter:label2\" content=\"Tiempo de lectura\" \/>\n\t<meta name=\"twitter:data2\" content=\"1 minuto\" \/>\n<script type=\"application\/ld+json\" class=\"yoast-schema-graph\">{\"@context\":\"https:\/\/schema.org\",\"@graph\":[{\"@type\":\"Article\",\"@id\":\"https:\/\/www.covb.cat\/es\/actualitat\/noticies\/general\/marta-legido-analiza-la-salud-mental-del-colectivo-veterinario-en-diario-veterinario\/#article\",\"isPartOf\":{\"@id\":\"https:\/\/www.covb.cat\/es\/actualitat\/noticies\/general\/marta-legido-analiza-la-salud-mental-del-colectivo-veterinario-en-diario-veterinario\/\"},\"author\":{\"name\":\"\",\"@id\":\"\"},\"headline\":\"Marta Legido analiza la salud mental del colectivo veterinario en Diario Veterinario\",\"datePublished\":\"2021-06-21T15:34:34+00:00\",\"dateModified\":\"2022-01-12T20:32:51+00:00\",\"mainEntityOfPage\":{\"@id\":\"https:\/\/www.covb.cat\/es\/actualitat\/noticies\/general\/marta-legido-analiza-la-salud-mental-del-colectivo-veterinario-en-diario-veterinario\/\"},\"wordCount\":109,\"publisher\":{\"@id\":\"https:\/\/www.covb.cat\/es\/#organization\"},\"image\":{\"@id\":\"https:\/\/www.covb.cat\/es\/actualitat\/noticies\/general\/marta-legido-analiza-la-salud-mental-del-colectivo-veterinario-en-diario-veterinario\/#primaryimage\"},\"thumbnailUrl\":\"https:\/\/www.covb.cat\/wp-content\/uploads\/2021\/06\/2369541.jpg\",\"keywords\":[\"Prensa\"],\"articleSection\":[\"Corporativo\",\"General\"],\"inLanguage\":\"es\"},{\"@type\":\"WebPage\",\"@id\":\"https:\/\/www.covb.cat\/es\/actualitat\/noticies\/general\/marta-legido-analiza-la-salud-mental-del-colectivo-veterinario-en-diario-veterinario\/\",\"url\":\"https:\/\/www.covb.cat\/es\/actualitat\/noticies\/general\/marta-legido-analiza-la-salud-mental-del-colectivo-veterinario-en-diario-veterinario\/\",\"name\":\"Marta Legido analiza la salud mental del colectivo veterinario en Diario Veterinario - COVB - Col\u00b7legi Oficial de Veterinaris de Barcelona\",\"isPartOf\":{\"@id\":\"https:\/\/www.covb.cat\/es\/#website\"},\"primaryImageOfPage\":{\"@id\":\"https:\/\/www.covb.cat\/es\/actualitat\/noticies\/general\/marta-legido-analiza-la-salud-mental-del-colectivo-veterinario-en-diario-veterinario\/#primaryimage\"},\"image\":{\"@id\":\"https:\/\/www.covb.cat\/es\/actualitat\/noticies\/general\/marta-legido-analiza-la-salud-mental-del-colectivo-veterinario-en-diario-veterinario\/#primaryimage\"},\"thumbnailUrl\":\"https:\/\/www.covb.cat\/wp-content\/uploads\/2021\/06\/2369541.jpg\",\"datePublished\":\"2021-06-21T15:34:34+00:00\",\"dateModified\":\"2022-01-12T20:32:51+00:00\",\"description\":\"Durante la entrevista Marta Legido, miembro de la Junta de Govern del COVB,\u00a0habla de los\u00a0 factores de riesgo espec\u00edficos de la profesi\u00f3n\u00a0como el\",\"breadcrumb\":{\"@id\":\"https:\/\/www.covb.cat\/es\/actualitat\/noticies\/general\/marta-legido-analiza-la-salud-mental-del-colectivo-veterinario-en-diario-veterinario\/#breadcrumb\"},\"inLanguage\":\"es\",\"potentialAction\":[{\"@type\":\"ReadAction\",\"target\":[\"https:\/\/www.covb.cat\/es\/actualitat\/noticies\/general\/marta-legido-analiza-la-salud-mental-del-colectivo-veterinario-en-diario-veterinario\/\"]}]},{\"@type\":\"ImageObject\",\"inLanguage\":\"es\",\"@id\":\"https:\/\/www.covb.cat\/es\/actualitat\/noticies\/general\/marta-legido-analiza-la-salud-mental-del-colectivo-veterinario-en-diario-veterinario\/#primaryimage\",\"url\":\"https:\/\/www.covb.cat\/wp-content\/uploads\/2021\/06\/2369541.jpg\",\"contentUrl\":\"https:\/\/www.covb.cat\/wp-content\/uploads\/2021\/06\/2369541.jpg\",\"width\":900,\"height\":672},{\"@type\":\"BreadcrumbList\",\"@id\":\"https:\/\/www.covb.cat\/es\/actualitat\/noticies\/general\/marta-legido-analiza-la-salud-mental-del-colectivo-veterinario-en-diario-veterinario\/#breadcrumb\",\"itemListElement\":[{\"@type\":\"ListItem\",\"position\":1,\"name\":\"Inici\",\"item\":\"https:\/\/www.covb.cat\/es\/\"},{\"@type\":\"ListItem\",\"position\":2,\"name\":\"Marta Legido analiza la salud mental del colectivo veterinario en Diario Veterinario\"}]},{\"@type\":\"WebSite\",\"@id\":\"https:\/\/www.covb.cat\/es\/#website\",\"url\":\"https:\/\/www.covb.cat\/es\/\",\"name\":\"COVB\",\"description\":\"Col\u00b7legi Oficial de Veterinaris de Barcelona\",\"publisher\":{\"@id\":\"https:\/\/www.covb.cat\/es\/#organization\"},\"potentialAction\":[{\"@type\":\"SearchAction\",\"target\":{\"@type\":\"EntryPoint\",\"urlTemplate\":\"https:\/\/www.covb.cat\/es\/?s={search_term_string}\"},\"query-input\":{\"@type\":\"PropertyValueSpecification\",\"valueRequired\":true,\"valueName\":\"search_term_string\"}}],\"inLanguage\":\"es\"},{\"@type\":\"Organization\",\"@id\":\"https:\/\/www.covb.cat\/es\/#organization\",\"name\":\"COVB\",\"url\":\"https:\/\/www.covb.cat\/es\/\",\"logo\":{\"@type\":\"ImageObject\",\"inLanguage\":\"es\",\"@id\":\"https:\/\/www.covb.cat\/es\/#\/schema\/logo\/image\/\",\"url\":\"https:\/\/www.covb.cat\/wp-content\/uploads\/2018\/07\/favicon-covb.png\",\"contentUrl\":\"https:\/\/www.covb.cat\/wp-content\/uploads\/2018\/07\/favicon-covb.png\",\"width\":512,\"height\":512,\"caption\":\"COVB\"},\"image\":{\"@id\":\"https:\/\/www.covb.cat\/es\/#\/schema\/logo\/image\/\"},\"sameAs\":[\"https:\/\/www.facebook.com\/COVBcat\/\",\"https:\/\/x.com\/COVBcat\",\"https:\/\/www.youtube.com\/user\/covbcn\"]},{\"@type\":\"Person\",\"@id\":\"\"}]}<\/script>\n<!-- \/ Yoast SEO plugin. -->","yoast_head_json":{"title":"Marta Legido analiza la salud mental del colectivo veterinario en Diario Veterinario - COVB - Col\u00b7legi Oficial de Veterinaris de Barcelona","description":"Durante la entrevista Marta Legido, miembro de la Junta de Govern del COVB,\u00a0habla de los\u00a0 factores de riesgo espec\u00edficos de la profesi\u00f3n\u00a0como el","robots":{"index":"index","follow":"follow","max-snippet":"max-snippet:-1","max-image-preview":"max-image-preview:large","max-video-preview":"max-video-preview:-1"},"canonical":"https:\/\/www.covb.cat\/es\/actualitat\/noticies\/general\/marta-legido-analiza-la-salud-mental-del-colectivo-veterinario-en-diario-veterinario\/","og_locale":"es_ES","og_type":"article","og_title":"Marta Legido analiza la salud mental del colectivo veterinario en Diario Veterinario - COVB - Col\u00b7legi Oficial de Veterinaris de Barcelona","og_description":"Durante la entrevista Marta Legido, miembro de la Junta de Govern del COVB,\u00a0habla de los\u00a0 factores de riesgo espec\u00edficos de la profesi\u00f3n\u00a0como el","og_url":"https:\/\/www.covb.cat\/es\/actualitat\/noticies\/general\/marta-legido-analiza-la-salud-mental-del-colectivo-veterinario-en-diario-veterinario\/","og_site_name":"COVB","article_publisher":"https:\/\/www.facebook.com\/COVBcat\/","article_published_time":"2021-06-21T15:34:34+00:00","article_modified_time":"2022-01-12T20:32:51+00:00","og_image":[{"width":900,"height":672,"url":"https:\/\/www.covb.cat\/wp-content\/uploads\/2021\/06\/2369541.jpg","type":"image\/jpeg"}],"twitter_card":"summary_large_image","twitter_creator":"@COVBcat","twitter_site":"@COVBcat","twitter_misc":{"Escrito por":"","Tiempo de lectura":"1 minuto"},"schema":{"@context":"https:\/\/schema.org","@graph":[{"@type":"Article","@id":"https:\/\/www.covb.cat\/es\/actualitat\/noticies\/general\/marta-legido-analiza-la-salud-mental-del-colectivo-veterinario-en-diario-veterinario\/#article","isPartOf":{"@id":"https:\/\/www.covb.cat\/es\/actualitat\/noticies\/general\/marta-legido-analiza-la-salud-mental-del-colectivo-veterinario-en-diario-veterinario\/"},"author":{"name":"","@id":""},"headline":"Marta Legido analiza la salud mental del colectivo veterinario en Diario Veterinario","datePublished":"2021-06-21T15:34:34+00:00","dateModified":"2022-01-12T20:32:51+00:00","mainEntityOfPage":{"@id":"https:\/\/www.covb.cat\/es\/actualitat\/noticies\/general\/marta-legido-analiza-la-salud-mental-del-colectivo-veterinario-en-diario-veterinario\/"},"wordCount":109,"publisher":{"@id":"https:\/\/www.covb.cat\/es\/#organization"},"image":{"@id":"https:\/\/www.covb.cat\/es\/actualitat\/noticies\/general\/marta-legido-analiza-la-salud-mental-del-colectivo-veterinario-en-diario-veterinario\/#primaryimage"},"thumbnailUrl":"https:\/\/www.covb.cat\/wp-content\/uploads\/2021\/06\/2369541.jpg","keywords":["Prensa"],"articleSection":["Corporativo","General"],"inLanguage":"es"},{"@type":"WebPage","@id":"https:\/\/www.covb.cat\/es\/actualitat\/noticies\/general\/marta-legido-analiza-la-salud-mental-del-colectivo-veterinario-en-diario-veterinario\/","url":"https:\/\/www.covb.cat\/es\/actualitat\/noticies\/general\/marta-legido-analiza-la-salud-mental-del-colectivo-veterinario-en-diario-veterinario\/","name":"Marta Legido analiza la salud mental del colectivo veterinario en Diario Veterinario - COVB - Col\u00b7legi Oficial de Veterinaris de Barcelona","isPartOf":{"@id":"https:\/\/www.covb.cat\/es\/#website"},"primaryImageOfPage":{"@id":"https:\/\/www.covb.cat\/es\/actualitat\/noticies\/general\/marta-legido-analiza-la-salud-mental-del-colectivo-veterinario-en-diario-veterinario\/#primaryimage"},"image":{"@id":"https:\/\/www.covb.cat\/es\/actualitat\/noticies\/general\/marta-legido-analiza-la-salud-mental-del-colectivo-veterinario-en-diario-veterinario\/#primaryimage"},"thumbnailUrl":"https:\/\/www.covb.cat\/wp-content\/uploads\/2021\/06\/2369541.jpg","datePublished":"2021-06-21T15:34:34+00:00","dateModified":"2022-01-12T20:32:51+00:00","description":"Durante la entrevista Marta Legido, miembro de la Junta de Govern del COVB,\u00a0habla de los\u00a0 factores de riesgo espec\u00edficos de la profesi\u00f3n\u00a0como el","breadcrumb":{"@id":"https:\/\/www.covb.cat\/es\/actualitat\/noticies\/general\/marta-legido-analiza-la-salud-mental-del-colectivo-veterinario-en-diario-veterinario\/#breadcrumb"},"inLanguage":"es","potentialAction":[{"@type":"ReadAction","target":["https:\/\/www.covb.cat\/es\/actualitat\/noticies\/general\/marta-legido-analiza-la-salud-mental-del-colectivo-veterinario-en-diario-veterinario\/"]}]},{"@type":"ImageObject","inLanguage":"es","@id":"https:\/\/www.covb.cat\/es\/actualitat\/noticies\/general\/marta-legido-analiza-la-salud-mental-del-colectivo-veterinario-en-diario-veterinario\/#primaryimage","url":"https:\/\/www.covb.cat\/wp-content\/uploads\/2021\/06\/2369541.jpg","contentUrl":"https:\/\/www.covb.cat\/wp-content\/uploads\/2021\/06\/2369541.jpg","width":900,"height":672},{"@type":"BreadcrumbList","@id":"https:\/\/www.covb.cat\/es\/actualitat\/noticies\/general\/marta-legido-analiza-la-salud-mental-del-colectivo-veterinario-en-diario-veterinario\/#breadcrumb","itemListElement":[{"@type":"ListItem","position":1,"name":"Inici","item":"https:\/\/www.covb.cat\/es\/"},{"@type":"ListItem","position":2,"name":"Marta Legido analiza la salud mental del colectivo veterinario en Diario Veterinario"}]},{"@type":"WebSite","@id":"https:\/\/www.covb.cat\/es\/#website","url":"https:\/\/www.covb.cat\/es\/","name":"COVB","description":"Col\u00b7legi Oficial de Veterinaris de Barcelona","publisher":{"@id":"https:\/\/www.covb.cat\/es\/#organization"},"potentialAction":[{"@type":"SearchAction","target":{"@type":"EntryPoint","urlTemplate":"https:\/\/www.covb.cat\/es\/?s={search_term_string}"},"query-input":{"@type":"PropertyValueSpecification","valueRequired":true,"valueName":"search_term_string"}}],"inLanguage":"es"},{"@type":"Organization","@id":"https:\/\/www.covb.cat\/es\/#organization","name":"COVB","url":"https:\/\/www.covb.cat\/es\/","logo":{"@type":"ImageObject","inLanguage":"es","@id":"https:\/\/www.covb.cat\/es\/#\/schema\/logo\/image\/","url":"https:\/\/www.covb.cat\/wp-content\/uploads\/2018\/07\/favicon-covb.png","contentUrl":"https:\/\/www.covb.cat\/wp-content\/uploads\/2018\/07\/favicon-covb.png","width":512,"height":512,"caption":"COVB"},"image":{"@id":"https:\/\/www.covb.cat\/es\/#\/schema\/logo\/image\/"},"sameAs":["https:\/\/www.facebook.com\/COVBcat\/","https:\/\/x.com\/COVBcat","https:\/\/www.youtube.com\/user\/covbcn"]},{"@type":"Person","@id":""}]}},"jetpack_featured_media_url":"https:\/\/www.covb.cat\/wp-content\/uploads\/2021\/06\/2369541.jpg","jetpack_sharing_enabled":true,"_links":{"self":[{"href":"https:\/\/www.covb.cat\/es\/wp-json\/wp\/v2\/posts\/9542","targetHints":{"allow":["GET"]}}],"collection":[{"href":"https:\/\/www.covb.cat\/es\/wp-json\/wp\/v2\/posts"}],"about":[{"href":"https:\/\/www.covb.cat\/es\/wp-json\/wp\/v2\/types\/post"}],"author":[{"embeddable":true,"href":"https:\/\/www.covb.cat\/es\/wp-json\/wp\/v2\/users\/106"}],"replies":[{"embeddable":true,"href":"https:\/\/www.covb.cat\/es\/wp-json\/wp\/v2\/comments?post=9542"}],"version-history":[{"count":0,"href":"https:\/\/www.covb.cat\/es\/wp-json\/wp\/v2\/posts\/9542\/revisions"}],"wp:featuredmedia":[{"embeddable":true,"href":"https:\/\/www.covb.cat\/es\/wp-json\/wp\/v2\/media\/9454"}],"wp:attachment":[{"href":"https:\/\/www.covb.cat\/es\/wp-json\/wp\/v2\/media?parent=9542"}],"wp:term":[{"taxonomy":"category","embeddable":true,"href":"https:\/\/www.covb.cat\/es\/wp-json\/wp\/v2\/categories?post=9542"},{"taxonomy":"post_tag","embeddable":true,"href":"https:\/\/www.covb.cat\/es\/wp-json\/wp\/v2\/tags?post=9542"}],"curies":[{"name":"wp","href":"https:\/\/api.w.org\/{rel}","templated":true}]}}