{"id":9200,"date":"2021-06-11T21:59:31","date_gmt":"2021-06-11T19:59:31","guid":{"rendered":"https:\/\/www.covb.cat\/?p=9200"},"modified":"2021-06-11T21:59:31","modified_gmt":"2021-06-11T19:59:31","slug":"inscribete-a-las-ponencias-del-curso-formativo-sobre-el-uso-prudente-de-antibioticos","status":"publish","type":"post","link":"https:\/\/www.covb.cat\/es\/actualitat\/noticies\/general\/inscribete-a-las-ponencias-del-curso-formativo-sobre-el-uso-prudente-de-antibioticos\/","title":{"rendered":"Inscr\u00edbete a las ponencias del Curso Formativo sobre el Uso Prudente de Antibi\u00f3ticos"},"content":{"rendered":"<p>Organizado por el Consell de Col\u00b7legis Veterinaris de Catalunya con el apoyo de los cuatro Colegios Oficiales Veterinarios, el Curso de Formaci\u00f3n sobre el Uso Prudente de Antibi\u00f3ticos, te ofrece la posibilidad de asistir a las pr\u00f3ximas sesiones programadas:<\/p>\n<ul>\n<li>16 de junio. Jordi Baliellas. Veterinario GSP, Grup Sanejament Porc\u00ed de Lleida. \u00abLa bioseguridad en las granjas por el control de las enfermedades\u00bb.<\/li>\n<li>30 de junio. Salva Cervantes. Veterinario, propietario Cl\u00ednica Felina Barcelona. \u00abEl informe microbiol\u00f3gico (del cultivo al antibiograma) en animales de compa\u00f1\u00eda\u00bb.<\/li>\n<\/ul>\n<p>El curso se celebrar\u00e1 v\u00eda zoom (<a href=\"https:\/\/zoom.us\/j\/98160606912\">https:\/\/zoom.us\/j\/98160606912<\/a>), los mi\u00e9rcoles de cada semana del mes de junio (excepto el mi\u00e9rcoles 23), de las 17 a las 18: 30 h y es gratuito para los colegiados y colegiadas. Si quieres asistir a las ponencias, contacta con: <a href=\"mailto:formacio@covb.cat\">formacio@covb.cat<\/a> o <a href=\"mailto:depformacio@covb.cat\">depformacio@covb.cat<\/a>.<\/p>\n","protected":false},"excerpt":{"rendered":"<p>Organizado por el Consell de Col\u00b7legis Veterinaris de Catalunya con el apoyo de los cuatro Colegios Oficiales Veterinarios, el Curso de Formaci\u00f3n sobre el Uso Prudente de Antibi\u00f3ticos, te ofrece la posibilidad de asistir a las pr\u00f3ximas sesiones programadas: 16 de junio. Jordi Baliellas. Veterinario GSP, Grup Sanejament Porc\u00ed de Lleida. \u00abLa bioseguridad en las [&hellip;]<\/p>\n","protected":false},"author":106,"featured_media":8905,"comment_status":"closed","ping_status":"closed","sticky":false,"template":"","format":"standard","meta":{"_monsterinsights_skip_tracking":false,"_monsterinsights_sitenote_active":false,"_monsterinsights_sitenote_note":"","_monsterinsights_sitenote_category":0,"_jetpack_memberships_contains_paid_content":false,"footnotes":""},"categories":[17],"tags":[],"class_list":["post-9200","post","type-post","status-publish","format-standard","has-post-thumbnail","hentry","category-general"],"yoast_head":"<!-- This site is optimized with the Yoast SEO plugin v27.0 - https:\/\/yoast.com\/product\/yoast-seo-wordpress\/ -->\n<title>Inscr\u00edbete a las ponencias del Curso Formativo sobre el Uso Prudente de Antibi\u00f3ticos - COVB - Col\u00b7legi Oficial de Veterinaris de Barcelona<\/title>\n<meta name=\"description\" content=\"Organizado por el Consell de Col\u00b7legis Veterinaris de Catalunya con el apoyo de los cuatro Colegios Oficiales Veterinarios, el Curso de Formaci\u00f3n sobre el\" \/>\n<meta name=\"robots\" content=\"index, follow, max-snippet:-1, max-image-preview:large, max-video-preview:-1\" \/>\n<link rel=\"canonical\" href=\"https:\/\/www.covb.cat\/es\/actualitat\/noticies\/general\/inscribete-a-las-ponencias-del-curso-formativo-sobre-el-uso-prudente-de-antibioticos\/\" \/>\n<meta property=\"og:locale\" content=\"es_ES\" \/>\n<meta property=\"og:type\" content=\"article\" \/>\n<meta property=\"og:title\" content=\"Inscr\u00edbete a las ponencias del Curso Formativo sobre el Uso Prudente de Antibi\u00f3ticos - COVB - Col\u00b7legi Oficial de Veterinaris de Barcelona\" \/>\n<meta property=\"og:description\" content=\"Organizado por el Consell de Col\u00b7legis Veterinaris de Catalunya con el apoyo de los cuatro Colegios Oficiales Veterinarios, el Curso de Formaci\u00f3n sobre el\" \/>\n<meta property=\"og:url\" content=\"https:\/\/www.covb.cat\/es\/actualitat\/noticies\/general\/inscribete-a-las-ponencias-del-curso-formativo-sobre-el-uso-prudente-de-antibioticos\/\" \/>\n<meta property=\"og:site_name\" content=\"COVB\" \/>\n<meta property=\"article:publisher\" content=\"https:\/\/www.facebook.com\/COVBcat\/\" \/>\n<meta property=\"article:published_time\" content=\"2021-06-11T19:59:31+00:00\" \/>\n<meta property=\"og:image\" content=\"https:\/\/www.covb.cat\/wp-content\/uploads\/2021\/06\/bgsessio.jpg\" \/>\n\t<meta property=\"og:image:width\" content=\"600\" \/>\n\t<meta property=\"og:image:height\" content=\"247\" \/>\n\t<meta property=\"og:image:type\" content=\"image\/jpeg\" \/>\n<meta name=\"twitter:card\" content=\"summary_large_image\" \/>\n<meta name=\"twitter:creator\" content=\"@COVBcat\" \/>\n<meta name=\"twitter:site\" content=\"@COVBcat\" \/>\n<meta name=\"twitter:label1\" content=\"Escrito por\" \/>\n\t<meta name=\"twitter:data1\" content=\"\" \/>\n\t<meta name=\"twitter:label2\" content=\"Tiempo de lectura\" \/>\n\t<meta name=\"twitter:data2\" content=\"1 minuto\" \/>\n<script type=\"application\/ld+json\" class=\"yoast-schema-graph\">{\"@context\":\"https:\/\/schema.org\",\"@graph\":[{\"@type\":\"Article\",\"@id\":\"https:\/\/www.covb.cat\/es\/actualitat\/noticies\/general\/inscribete-a-las-ponencias-del-curso-formativo-sobre-el-uso-prudente-de-antibioticos\/#article\",\"isPartOf\":{\"@id\":\"https:\/\/www.covb.cat\/es\/actualitat\/noticies\/general\/inscribete-a-las-ponencias-del-curso-formativo-sobre-el-uso-prudente-de-antibioticos\/\"},\"author\":{\"name\":\"\",\"@id\":\"\"},\"headline\":\"Inscr\u00edbete a las ponencias del Curso Formativo sobre el Uso Prudente de Antibi\u00f3ticos\",\"datePublished\":\"2021-06-11T19:59:31+00:00\",\"mainEntityOfPage\":{\"@id\":\"https:\/\/www.covb.cat\/es\/actualitat\/noticies\/general\/inscribete-a-las-ponencias-del-curso-formativo-sobre-el-uso-prudente-de-antibioticos\/\"},\"wordCount\":156,\"publisher\":{\"@id\":\"https:\/\/www.covb.cat\/es\/#organization\"},\"image\":{\"@id\":\"https:\/\/www.covb.cat\/es\/actualitat\/noticies\/general\/inscribete-a-las-ponencias-del-curso-formativo-sobre-el-uso-prudente-de-antibioticos\/#primaryimage\"},\"thumbnailUrl\":\"https:\/\/www.covb.cat\/wp-content\/uploads\/2021\/06\/bgsessio.jpg\",\"articleSection\":[\"General\"],\"inLanguage\":\"es\"},{\"@type\":\"WebPage\",\"@id\":\"https:\/\/www.covb.cat\/es\/actualitat\/noticies\/general\/inscribete-a-las-ponencias-del-curso-formativo-sobre-el-uso-prudente-de-antibioticos\/\",\"url\":\"https:\/\/www.covb.cat\/es\/actualitat\/noticies\/general\/inscribete-a-las-ponencias-del-curso-formativo-sobre-el-uso-prudente-de-antibioticos\/\",\"name\":\"Inscr\u00edbete a las ponencias del Curso Formativo sobre el Uso Prudente de Antibi\u00f3ticos - COVB - Col\u00b7legi Oficial de Veterinaris de Barcelona\",\"isPartOf\":{\"@id\":\"https:\/\/www.covb.cat\/es\/#website\"},\"primaryImageOfPage\":{\"@id\":\"https:\/\/www.covb.cat\/es\/actualitat\/noticies\/general\/inscribete-a-las-ponencias-del-curso-formativo-sobre-el-uso-prudente-de-antibioticos\/#primaryimage\"},\"image\":{\"@id\":\"https:\/\/www.covb.cat\/es\/actualitat\/noticies\/general\/inscribete-a-las-ponencias-del-curso-formativo-sobre-el-uso-prudente-de-antibioticos\/#primaryimage\"},\"thumbnailUrl\":\"https:\/\/www.covb.cat\/wp-content\/uploads\/2021\/06\/bgsessio.jpg\",\"datePublished\":\"2021-06-11T19:59:31+00:00\",\"description\":\"Organizado por el Consell de Col\u00b7legis Veterinaris de Catalunya con el apoyo de los cuatro Colegios Oficiales Veterinarios, el Curso de Formaci\u00f3n sobre el\",\"breadcrumb\":{\"@id\":\"https:\/\/www.covb.cat\/es\/actualitat\/noticies\/general\/inscribete-a-las-ponencias-del-curso-formativo-sobre-el-uso-prudente-de-antibioticos\/#breadcrumb\"},\"inLanguage\":\"es\",\"potentialAction\":[{\"@type\":\"ReadAction\",\"target\":[\"https:\/\/www.covb.cat\/es\/actualitat\/noticies\/general\/inscribete-a-las-ponencias-del-curso-formativo-sobre-el-uso-prudente-de-antibioticos\/\"]}]},{\"@type\":\"ImageObject\",\"inLanguage\":\"es\",\"@id\":\"https:\/\/www.covb.cat\/es\/actualitat\/noticies\/general\/inscribete-a-las-ponencias-del-curso-formativo-sobre-el-uso-prudente-de-antibioticos\/#primaryimage\",\"url\":\"https:\/\/www.covb.cat\/wp-content\/uploads\/2021\/06\/bgsessio.jpg\",\"contentUrl\":\"https:\/\/www.covb.cat\/wp-content\/uploads\/2021\/06\/bgsessio.jpg\",\"width\":600,\"height\":247},{\"@type\":\"BreadcrumbList\",\"@id\":\"https:\/\/www.covb.cat\/es\/actualitat\/noticies\/general\/inscribete-a-las-ponencias-del-curso-formativo-sobre-el-uso-prudente-de-antibioticos\/#breadcrumb\",\"itemListElement\":[{\"@type\":\"ListItem\",\"position\":1,\"name\":\"Inici\",\"item\":\"https:\/\/www.covb.cat\/es\/\"},{\"@type\":\"ListItem\",\"position\":2,\"name\":\"Inscr\u00edbete a las ponencias del Curso Formativo sobre el Uso Prudente de Antibi\u00f3ticos\"}]},{\"@type\":\"WebSite\",\"@id\":\"https:\/\/www.covb.cat\/es\/#website\",\"url\":\"https:\/\/www.covb.cat\/es\/\",\"name\":\"COVB\",\"description\":\"Col\u00b7legi Oficial de Veterinaris de Barcelona\",\"publisher\":{\"@id\":\"https:\/\/www.covb.cat\/es\/#organization\"},\"potentialAction\":[{\"@type\":\"SearchAction\",\"target\":{\"@type\":\"EntryPoint\",\"urlTemplate\":\"https:\/\/www.covb.cat\/es\/?s={search_term_string}\"},\"query-input\":{\"@type\":\"PropertyValueSpecification\",\"valueRequired\":true,\"valueName\":\"search_term_string\"}}],\"inLanguage\":\"es\"},{\"@type\":\"Organization\",\"@id\":\"https:\/\/www.covb.cat\/es\/#organization\",\"name\":\"COVB\",\"url\":\"https:\/\/www.covb.cat\/es\/\",\"logo\":{\"@type\":\"ImageObject\",\"inLanguage\":\"es\",\"@id\":\"https:\/\/www.covb.cat\/es\/#\/schema\/logo\/image\/\",\"url\":\"https:\/\/www.covb.cat\/wp-content\/uploads\/2018\/07\/favicon-covb.png\",\"contentUrl\":\"https:\/\/www.covb.cat\/wp-content\/uploads\/2018\/07\/favicon-covb.png\",\"width\":512,\"height\":512,\"caption\":\"COVB\"},\"image\":{\"@id\":\"https:\/\/www.covb.cat\/es\/#\/schema\/logo\/image\/\"},\"sameAs\":[\"https:\/\/www.facebook.com\/COVBcat\/\",\"https:\/\/x.com\/COVBcat\",\"https:\/\/www.youtube.com\/user\/covbcn\"]},{\"@type\":\"Person\",\"@id\":\"\"}]}<\/script>\n<!-- \/ Yoast SEO plugin. -->","yoast_head_json":{"title":"Inscr\u00edbete a las ponencias del Curso Formativo sobre el Uso Prudente de Antibi\u00f3ticos - COVB - Col\u00b7legi Oficial de Veterinaris de Barcelona","description":"Organizado por el Consell de Col\u00b7legis Veterinaris de Catalunya con el apoyo de los cuatro Colegios Oficiales Veterinarios, el Curso de Formaci\u00f3n sobre el","robots":{"index":"index","follow":"follow","max-snippet":"max-snippet:-1","max-image-preview":"max-image-preview:large","max-video-preview":"max-video-preview:-1"},"canonical":"https:\/\/www.covb.cat\/es\/actualitat\/noticies\/general\/inscribete-a-las-ponencias-del-curso-formativo-sobre-el-uso-prudente-de-antibioticos\/","og_locale":"es_ES","og_type":"article","og_title":"Inscr\u00edbete a las ponencias del Curso Formativo sobre el Uso Prudente de Antibi\u00f3ticos - COVB - Col\u00b7legi Oficial de Veterinaris de Barcelona","og_description":"Organizado por el Consell de Col\u00b7legis Veterinaris de Catalunya con el apoyo de los cuatro Colegios Oficiales Veterinarios, el Curso de Formaci\u00f3n sobre el","og_url":"https:\/\/www.covb.cat\/es\/actualitat\/noticies\/general\/inscribete-a-las-ponencias-del-curso-formativo-sobre-el-uso-prudente-de-antibioticos\/","og_site_name":"COVB","article_publisher":"https:\/\/www.facebook.com\/COVBcat\/","article_published_time":"2021-06-11T19:59:31+00:00","og_image":[{"width":600,"height":247,"url":"https:\/\/www.covb.cat\/wp-content\/uploads\/2021\/06\/bgsessio.jpg","type":"image\/jpeg"}],"twitter_card":"summary_large_image","twitter_creator":"@COVBcat","twitter_site":"@COVBcat","twitter_misc":{"Escrito por":"","Tiempo de lectura":"1 minuto"},"schema":{"@context":"https:\/\/schema.org","@graph":[{"@type":"Article","@id":"https:\/\/www.covb.cat\/es\/actualitat\/noticies\/general\/inscribete-a-las-ponencias-del-curso-formativo-sobre-el-uso-prudente-de-antibioticos\/#article","isPartOf":{"@id":"https:\/\/www.covb.cat\/es\/actualitat\/noticies\/general\/inscribete-a-las-ponencias-del-curso-formativo-sobre-el-uso-prudente-de-antibioticos\/"},"author":{"name":"","@id":""},"headline":"Inscr\u00edbete a las ponencias del Curso Formativo sobre el Uso Prudente de Antibi\u00f3ticos","datePublished":"2021-06-11T19:59:31+00:00","mainEntityOfPage":{"@id":"https:\/\/www.covb.cat\/es\/actualitat\/noticies\/general\/inscribete-a-las-ponencias-del-curso-formativo-sobre-el-uso-prudente-de-antibioticos\/"},"wordCount":156,"publisher":{"@id":"https:\/\/www.covb.cat\/es\/#organization"},"image":{"@id":"https:\/\/www.covb.cat\/es\/actualitat\/noticies\/general\/inscribete-a-las-ponencias-del-curso-formativo-sobre-el-uso-prudente-de-antibioticos\/#primaryimage"},"thumbnailUrl":"https:\/\/www.covb.cat\/wp-content\/uploads\/2021\/06\/bgsessio.jpg","articleSection":["General"],"inLanguage":"es"},{"@type":"WebPage","@id":"https:\/\/www.covb.cat\/es\/actualitat\/noticies\/general\/inscribete-a-las-ponencias-del-curso-formativo-sobre-el-uso-prudente-de-antibioticos\/","url":"https:\/\/www.covb.cat\/es\/actualitat\/noticies\/general\/inscribete-a-las-ponencias-del-curso-formativo-sobre-el-uso-prudente-de-antibioticos\/","name":"Inscr\u00edbete a las ponencias del Curso Formativo sobre el Uso Prudente de Antibi\u00f3ticos - COVB - Col\u00b7legi Oficial de Veterinaris de Barcelona","isPartOf":{"@id":"https:\/\/www.covb.cat\/es\/#website"},"primaryImageOfPage":{"@id":"https:\/\/www.covb.cat\/es\/actualitat\/noticies\/general\/inscribete-a-las-ponencias-del-curso-formativo-sobre-el-uso-prudente-de-antibioticos\/#primaryimage"},"image":{"@id":"https:\/\/www.covb.cat\/es\/actualitat\/noticies\/general\/inscribete-a-las-ponencias-del-curso-formativo-sobre-el-uso-prudente-de-antibioticos\/#primaryimage"},"thumbnailUrl":"https:\/\/www.covb.cat\/wp-content\/uploads\/2021\/06\/bgsessio.jpg","datePublished":"2021-06-11T19:59:31+00:00","description":"Organizado por el Consell de Col\u00b7legis Veterinaris de Catalunya con el apoyo de los cuatro Colegios Oficiales Veterinarios, el Curso de Formaci\u00f3n sobre el","breadcrumb":{"@id":"https:\/\/www.covb.cat\/es\/actualitat\/noticies\/general\/inscribete-a-las-ponencias-del-curso-formativo-sobre-el-uso-prudente-de-antibioticos\/#breadcrumb"},"inLanguage":"es","potentialAction":[{"@type":"ReadAction","target":["https:\/\/www.covb.cat\/es\/actualitat\/noticies\/general\/inscribete-a-las-ponencias-del-curso-formativo-sobre-el-uso-prudente-de-antibioticos\/"]}]},{"@type":"ImageObject","inLanguage":"es","@id":"https:\/\/www.covb.cat\/es\/actualitat\/noticies\/general\/inscribete-a-las-ponencias-del-curso-formativo-sobre-el-uso-prudente-de-antibioticos\/#primaryimage","url":"https:\/\/www.covb.cat\/wp-content\/uploads\/2021\/06\/bgsessio.jpg","contentUrl":"https:\/\/www.covb.cat\/wp-content\/uploads\/2021\/06\/bgsessio.jpg","width":600,"height":247},{"@type":"BreadcrumbList","@id":"https:\/\/www.covb.cat\/es\/actualitat\/noticies\/general\/inscribete-a-las-ponencias-del-curso-formativo-sobre-el-uso-prudente-de-antibioticos\/#breadcrumb","itemListElement":[{"@type":"ListItem","position":1,"name":"Inici","item":"https:\/\/www.covb.cat\/es\/"},{"@type":"ListItem","position":2,"name":"Inscr\u00edbete a las ponencias del Curso Formativo sobre el Uso Prudente de Antibi\u00f3ticos"}]},{"@type":"WebSite","@id":"https:\/\/www.covb.cat\/es\/#website","url":"https:\/\/www.covb.cat\/es\/","name":"COVB","description":"Col\u00b7legi Oficial de Veterinaris de Barcelona","publisher":{"@id":"https:\/\/www.covb.cat\/es\/#organization"},"potentialAction":[{"@type":"SearchAction","target":{"@type":"EntryPoint","urlTemplate":"https:\/\/www.covb.cat\/es\/?s={search_term_string}"},"query-input":{"@type":"PropertyValueSpecification","valueRequired":true,"valueName":"search_term_string"}}],"inLanguage":"es"},{"@type":"Organization","@id":"https:\/\/www.covb.cat\/es\/#organization","name":"COVB","url":"https:\/\/www.covb.cat\/es\/","logo":{"@type":"ImageObject","inLanguage":"es","@id":"https:\/\/www.covb.cat\/es\/#\/schema\/logo\/image\/","url":"https:\/\/www.covb.cat\/wp-content\/uploads\/2018\/07\/favicon-covb.png","contentUrl":"https:\/\/www.covb.cat\/wp-content\/uploads\/2018\/07\/favicon-covb.png","width":512,"height":512,"caption":"COVB"},"image":{"@id":"https:\/\/www.covb.cat\/es\/#\/schema\/logo\/image\/"},"sameAs":["https:\/\/www.facebook.com\/COVBcat\/","https:\/\/x.com\/COVBcat","https:\/\/www.youtube.com\/user\/covbcn"]},{"@type":"Person","@id":""}]}},"jetpack_featured_media_url":"https:\/\/www.covb.cat\/wp-content\/uploads\/2021\/06\/bgsessio.jpg","jetpack_sharing_enabled":true,"_links":{"self":[{"href":"https:\/\/www.covb.cat\/es\/wp-json\/wp\/v2\/posts\/9200","targetHints":{"allow":["GET"]}}],"collection":[{"href":"https:\/\/www.covb.cat\/es\/wp-json\/wp\/v2\/posts"}],"about":[{"href":"https:\/\/www.covb.cat\/es\/wp-json\/wp\/v2\/types\/post"}],"author":[{"embeddable":true,"href":"https:\/\/www.covb.cat\/es\/wp-json\/wp\/v2\/users\/106"}],"replies":[{"embeddable":true,"href":"https:\/\/www.covb.cat\/es\/wp-json\/wp\/v2\/comments?post=9200"}],"version-history":[{"count":0,"href":"https:\/\/www.covb.cat\/es\/wp-json\/wp\/v2\/posts\/9200\/revisions"}],"wp:featuredmedia":[{"embeddable":true,"href":"https:\/\/www.covb.cat\/es\/wp-json\/wp\/v2\/media\/8905"}],"wp:attachment":[{"href":"https:\/\/www.covb.cat\/es\/wp-json\/wp\/v2\/media?parent=9200"}],"wp:term":[{"taxonomy":"category","embeddable":true,"href":"https:\/\/www.covb.cat\/es\/wp-json\/wp\/v2\/categories?post=9200"},{"taxonomy":"post_tag","embeddable":true,"href":"https:\/\/www.covb.cat\/es\/wp-json\/wp\/v2\/tags?post=9200"}],"curies":[{"name":"wp","href":"https:\/\/api.w.org\/{rel}","templated":true}]}}