{"id":9190,"date":"2021-06-11T21:54:38","date_gmt":"2021-06-11T19:54:38","guid":{"rendered":"https:\/\/www.covb.cat\/?p=9190"},"modified":"2021-06-11T21:54:38","modified_gmt":"2021-06-11T19:54:38","slug":"abierta-la-consulta-publica-del-nuevo-plan-de-seguridad-alimentaria","status":"publish","type":"post","link":"https:\/\/www.covb.cat\/es\/actualitat\/noticies\/general\/abierta-la-consulta-publica-del-nuevo-plan-de-seguridad-alimentaria\/","title":{"rendered":"Abierta la consulta p\u00fablica del nuevo Plan de Seguridad Alimentaria"},"content":{"rendered":"<p>Tal y como establece la ley, a partir del 10 de julio, se abre un periodo de participaci\u00f3n p\u00fablica sobre el pr\u00f3ximo <a href=\"https:\/\/acsa.gencat.cat\/ca\/detall\/noticia\/Sobre-un-periode-de-participacio-publica-sobre-el-Pla-de-seguretat-alimentaria-2022-2026\">Pla de seguretat aliment\u00e0ria per al per\u00edode 2022-2026<\/a>\u00a0 para garantizar la intervenci\u00f3n de las administraciones, las instituciones, las sociedades cient\u00edficas y los profesionales relacionados con la seguridad alimentaria, as\u00ed como de la sociedad civil.<\/p>\n<p>El Pla de Seguretat Aliment\u00e0ria de Catalunya, que debe elaborar la l\u2019Ag\u00e8ncia Catalana de Seguretat Aliment\u00e0ria (ACSA) debe ser el instrumento indicativo y el marco de referencia de todas las acciones p\u00fablicas de la Administraci\u00f3n de la Generalitat y de los entes locales de Catalunya con respecto a la seguridad alimentaria durante los pr\u00f3ximos 5 a\u00f1os.<\/p>\n<p>Puede enviar tus comentarios y sugerencias al correo electr\u00f3nico del COVB: <a href=\"mailto:covb@covb.cat\">covb@covb.cat<\/a>.<\/p>\n","protected":false},"excerpt":{"rendered":"<p>Tal y como establece la ley, a partir del 10 de julio, se abre un periodo de participaci\u00f3n p\u00fablica sobre el pr\u00f3ximo Pla de seguretat aliment\u00e0ria per al per\u00edode 2022-2026\u00a0 para garantizar la intervenci\u00f3n de las administraciones, las instituciones, las sociedades cient\u00edficas y los profesionales relacionados con la seguridad alimentaria, as\u00ed como de la sociedad [&hellip;]<\/p>\n","protected":false},"author":106,"featured_media":9188,"comment_status":"closed","ping_status":"closed","sticky":false,"template":"","format":"standard","meta":{"_monsterinsights_skip_tracking":false,"_monsterinsights_sitenote_active":false,"_monsterinsights_sitenote_note":"","_monsterinsights_sitenote_category":0,"_jetpack_memberships_contains_paid_content":false,"footnotes":""},"categories":[138,17],"tags":[],"class_list":["post-9190","post","type-post","status-publish","format-standard","has-post-thumbnail","hentry","category-corporativo","category-general"],"yoast_head":"<!-- This site is optimized with the Yoast SEO plugin v27.0 - https:\/\/yoast.com\/product\/yoast-seo-wordpress\/ -->\n<title>Abierta la consulta p\u00fablica del nuevo Plan de Seguridad Alimentaria - COVB - Col\u00b7legi Oficial de Veterinaris de Barcelona<\/title>\n<meta name=\"description\" content=\"Tal y como establece la ley, a partir del 10 de julio, se abre un periodo de participaci\u00f3n p\u00fablica sobre el pr\u00f3ximo Pla de seguretat aliment\u00e0ria per al\" \/>\n<meta name=\"robots\" content=\"index, follow, max-snippet:-1, max-image-preview:large, max-video-preview:-1\" \/>\n<link rel=\"canonical\" href=\"https:\/\/www.covb.cat\/es\/actualitat\/noticies\/general\/abierta-la-consulta-publica-del-nuevo-plan-de-seguridad-alimentaria\/\" \/>\n<meta property=\"og:locale\" content=\"es_ES\" \/>\n<meta property=\"og:type\" content=\"article\" \/>\n<meta property=\"og:title\" content=\"Abierta la consulta p\u00fablica del nuevo Plan de Seguridad Alimentaria - COVB - Col\u00b7legi Oficial de Veterinaris de Barcelona\" \/>\n<meta property=\"og:description\" content=\"Tal y como establece la ley, a partir del 10 de julio, se abre un periodo de participaci\u00f3n p\u00fablica sobre el pr\u00f3ximo Pla de seguretat aliment\u00e0ria per al\" \/>\n<meta property=\"og:url\" content=\"https:\/\/www.covb.cat\/es\/actualitat\/noticies\/general\/abierta-la-consulta-publica-del-nuevo-plan-de-seguridad-alimentaria\/\" \/>\n<meta property=\"og:site_name\" content=\"COVB\" \/>\n<meta property=\"article:publisher\" content=\"https:\/\/www.facebook.com\/COVBcat\/\" \/>\n<meta property=\"article:published_time\" content=\"2021-06-11T19:54:38+00:00\" \/>\n<meta property=\"og:image\" content=\"https:\/\/www.covb.cat\/wp-content\/uploads\/2021\/06\/PSA_555.png_191393041.png\" \/>\n\t<meta property=\"og:image:width\" content=\"555\" \/>\n\t<meta property=\"og:image:height\" content=\"431\" \/>\n\t<meta property=\"og:image:type\" content=\"image\/png\" \/>\n<meta name=\"twitter:card\" content=\"summary_large_image\" \/>\n<meta name=\"twitter:creator\" content=\"@COVBcat\" \/>\n<meta name=\"twitter:site\" content=\"@COVBcat\" \/>\n<meta name=\"twitter:label1\" content=\"Escrito por\" \/>\n\t<meta name=\"twitter:data1\" content=\"\" \/>\n\t<meta name=\"twitter:label2\" content=\"Tiempo de lectura\" \/>\n\t<meta name=\"twitter:data2\" content=\"1 minuto\" \/>\n<script type=\"application\/ld+json\" class=\"yoast-schema-graph\">{\"@context\":\"https:\/\/schema.org\",\"@graph\":[{\"@type\":\"Article\",\"@id\":\"https:\/\/www.covb.cat\/es\/actualitat\/noticies\/general\/abierta-la-consulta-publica-del-nuevo-plan-de-seguridad-alimentaria\/#article\",\"isPartOf\":{\"@id\":\"https:\/\/www.covb.cat\/es\/actualitat\/noticies\/general\/abierta-la-consulta-publica-del-nuevo-plan-de-seguridad-alimentaria\/\"},\"author\":{\"name\":\"\",\"@id\":\"\"},\"headline\":\"Abierta la consulta p\u00fablica del nuevo Plan de Seguridad Alimentaria\",\"datePublished\":\"2021-06-11T19:54:38+00:00\",\"mainEntityOfPage\":{\"@id\":\"https:\/\/www.covb.cat\/es\/actualitat\/noticies\/general\/abierta-la-consulta-publica-del-nuevo-plan-de-seguridad-alimentaria\/\"},\"wordCount\":151,\"publisher\":{\"@id\":\"https:\/\/www.covb.cat\/es\/#organization\"},\"image\":{\"@id\":\"https:\/\/www.covb.cat\/es\/actualitat\/noticies\/general\/abierta-la-consulta-publica-del-nuevo-plan-de-seguridad-alimentaria\/#primaryimage\"},\"thumbnailUrl\":\"https:\/\/www.covb.cat\/wp-content\/uploads\/2021\/06\/PSA_555.png_191393041.png\",\"articleSection\":[\"Corporativo\",\"General\"],\"inLanguage\":\"es\"},{\"@type\":\"WebPage\",\"@id\":\"https:\/\/www.covb.cat\/es\/actualitat\/noticies\/general\/abierta-la-consulta-publica-del-nuevo-plan-de-seguridad-alimentaria\/\",\"url\":\"https:\/\/www.covb.cat\/es\/actualitat\/noticies\/general\/abierta-la-consulta-publica-del-nuevo-plan-de-seguridad-alimentaria\/\",\"name\":\"Abierta la consulta p\u00fablica del nuevo Plan de Seguridad Alimentaria - COVB - Col\u00b7legi Oficial de Veterinaris de Barcelona\",\"isPartOf\":{\"@id\":\"https:\/\/www.covb.cat\/es\/#website\"},\"primaryImageOfPage\":{\"@id\":\"https:\/\/www.covb.cat\/es\/actualitat\/noticies\/general\/abierta-la-consulta-publica-del-nuevo-plan-de-seguridad-alimentaria\/#primaryimage\"},\"image\":{\"@id\":\"https:\/\/www.covb.cat\/es\/actualitat\/noticies\/general\/abierta-la-consulta-publica-del-nuevo-plan-de-seguridad-alimentaria\/#primaryimage\"},\"thumbnailUrl\":\"https:\/\/www.covb.cat\/wp-content\/uploads\/2021\/06\/PSA_555.png_191393041.png\",\"datePublished\":\"2021-06-11T19:54:38+00:00\",\"description\":\"Tal y como establece la ley, a partir del 10 de julio, se abre un periodo de participaci\u00f3n p\u00fablica sobre el pr\u00f3ximo Pla de seguretat aliment\u00e0ria per al\",\"breadcrumb\":{\"@id\":\"https:\/\/www.covb.cat\/es\/actualitat\/noticies\/general\/abierta-la-consulta-publica-del-nuevo-plan-de-seguridad-alimentaria\/#breadcrumb\"},\"inLanguage\":\"es\",\"potentialAction\":[{\"@type\":\"ReadAction\",\"target\":[\"https:\/\/www.covb.cat\/es\/actualitat\/noticies\/general\/abierta-la-consulta-publica-del-nuevo-plan-de-seguridad-alimentaria\/\"]}]},{\"@type\":\"ImageObject\",\"inLanguage\":\"es\",\"@id\":\"https:\/\/www.covb.cat\/es\/actualitat\/noticies\/general\/abierta-la-consulta-publica-del-nuevo-plan-de-seguridad-alimentaria\/#primaryimage\",\"url\":\"https:\/\/www.covb.cat\/wp-content\/uploads\/2021\/06\/PSA_555.png_191393041.png\",\"contentUrl\":\"https:\/\/www.covb.cat\/wp-content\/uploads\/2021\/06\/PSA_555.png_191393041.png\",\"width\":555,\"height\":431},{\"@type\":\"BreadcrumbList\",\"@id\":\"https:\/\/www.covb.cat\/es\/actualitat\/noticies\/general\/abierta-la-consulta-publica-del-nuevo-plan-de-seguridad-alimentaria\/#breadcrumb\",\"itemListElement\":[{\"@type\":\"ListItem\",\"position\":1,\"name\":\"Inici\",\"item\":\"https:\/\/www.covb.cat\/es\/\"},{\"@type\":\"ListItem\",\"position\":2,\"name\":\"Abierta la consulta p\u00fablica del nuevo Plan de Seguridad Alimentaria\"}]},{\"@type\":\"WebSite\",\"@id\":\"https:\/\/www.covb.cat\/es\/#website\",\"url\":\"https:\/\/www.covb.cat\/es\/\",\"name\":\"COVB\",\"description\":\"Col\u00b7legi Oficial de Veterinaris de Barcelona\",\"publisher\":{\"@id\":\"https:\/\/www.covb.cat\/es\/#organization\"},\"potentialAction\":[{\"@type\":\"SearchAction\",\"target\":{\"@type\":\"EntryPoint\",\"urlTemplate\":\"https:\/\/www.covb.cat\/es\/?s={search_term_string}\"},\"query-input\":{\"@type\":\"PropertyValueSpecification\",\"valueRequired\":true,\"valueName\":\"search_term_string\"}}],\"inLanguage\":\"es\"},{\"@type\":\"Organization\",\"@id\":\"https:\/\/www.covb.cat\/es\/#organization\",\"name\":\"COVB\",\"url\":\"https:\/\/www.covb.cat\/es\/\",\"logo\":{\"@type\":\"ImageObject\",\"inLanguage\":\"es\",\"@id\":\"https:\/\/www.covb.cat\/es\/#\/schema\/logo\/image\/\",\"url\":\"https:\/\/www.covb.cat\/wp-content\/uploads\/2018\/07\/favicon-covb.png\",\"contentUrl\":\"https:\/\/www.covb.cat\/wp-content\/uploads\/2018\/07\/favicon-covb.png\",\"width\":512,\"height\":512,\"caption\":\"COVB\"},\"image\":{\"@id\":\"https:\/\/www.covb.cat\/es\/#\/schema\/logo\/image\/\"},\"sameAs\":[\"https:\/\/www.facebook.com\/COVBcat\/\",\"https:\/\/x.com\/COVBcat\",\"https:\/\/www.youtube.com\/user\/covbcn\"]},{\"@type\":\"Person\",\"@id\":\"\"}]}<\/script>\n<!-- \/ Yoast SEO plugin. -->","yoast_head_json":{"title":"Abierta la consulta p\u00fablica del nuevo Plan de Seguridad Alimentaria - COVB - Col\u00b7legi Oficial de Veterinaris de Barcelona","description":"Tal y como establece la ley, a partir del 10 de julio, se abre un periodo de participaci\u00f3n p\u00fablica sobre el pr\u00f3ximo Pla de seguretat aliment\u00e0ria per al","robots":{"index":"index","follow":"follow","max-snippet":"max-snippet:-1","max-image-preview":"max-image-preview:large","max-video-preview":"max-video-preview:-1"},"canonical":"https:\/\/www.covb.cat\/es\/actualitat\/noticies\/general\/abierta-la-consulta-publica-del-nuevo-plan-de-seguridad-alimentaria\/","og_locale":"es_ES","og_type":"article","og_title":"Abierta la consulta p\u00fablica del nuevo Plan de Seguridad Alimentaria - COVB - Col\u00b7legi Oficial de Veterinaris de Barcelona","og_description":"Tal y como establece la ley, a partir del 10 de julio, se abre un periodo de participaci\u00f3n p\u00fablica sobre el pr\u00f3ximo Pla de seguretat aliment\u00e0ria per al","og_url":"https:\/\/www.covb.cat\/es\/actualitat\/noticies\/general\/abierta-la-consulta-publica-del-nuevo-plan-de-seguridad-alimentaria\/","og_site_name":"COVB","article_publisher":"https:\/\/www.facebook.com\/COVBcat\/","article_published_time":"2021-06-11T19:54:38+00:00","og_image":[{"width":555,"height":431,"url":"https:\/\/www.covb.cat\/wp-content\/uploads\/2021\/06\/PSA_555.png_191393041.png","type":"image\/png"}],"twitter_card":"summary_large_image","twitter_creator":"@COVBcat","twitter_site":"@COVBcat","twitter_misc":{"Escrito por":"","Tiempo de lectura":"1 minuto"},"schema":{"@context":"https:\/\/schema.org","@graph":[{"@type":"Article","@id":"https:\/\/www.covb.cat\/es\/actualitat\/noticies\/general\/abierta-la-consulta-publica-del-nuevo-plan-de-seguridad-alimentaria\/#article","isPartOf":{"@id":"https:\/\/www.covb.cat\/es\/actualitat\/noticies\/general\/abierta-la-consulta-publica-del-nuevo-plan-de-seguridad-alimentaria\/"},"author":{"name":"","@id":""},"headline":"Abierta la consulta p\u00fablica del nuevo Plan de Seguridad Alimentaria","datePublished":"2021-06-11T19:54:38+00:00","mainEntityOfPage":{"@id":"https:\/\/www.covb.cat\/es\/actualitat\/noticies\/general\/abierta-la-consulta-publica-del-nuevo-plan-de-seguridad-alimentaria\/"},"wordCount":151,"publisher":{"@id":"https:\/\/www.covb.cat\/es\/#organization"},"image":{"@id":"https:\/\/www.covb.cat\/es\/actualitat\/noticies\/general\/abierta-la-consulta-publica-del-nuevo-plan-de-seguridad-alimentaria\/#primaryimage"},"thumbnailUrl":"https:\/\/www.covb.cat\/wp-content\/uploads\/2021\/06\/PSA_555.png_191393041.png","articleSection":["Corporativo","General"],"inLanguage":"es"},{"@type":"WebPage","@id":"https:\/\/www.covb.cat\/es\/actualitat\/noticies\/general\/abierta-la-consulta-publica-del-nuevo-plan-de-seguridad-alimentaria\/","url":"https:\/\/www.covb.cat\/es\/actualitat\/noticies\/general\/abierta-la-consulta-publica-del-nuevo-plan-de-seguridad-alimentaria\/","name":"Abierta la consulta p\u00fablica del nuevo Plan de Seguridad Alimentaria - COVB - Col\u00b7legi Oficial de Veterinaris de Barcelona","isPartOf":{"@id":"https:\/\/www.covb.cat\/es\/#website"},"primaryImageOfPage":{"@id":"https:\/\/www.covb.cat\/es\/actualitat\/noticies\/general\/abierta-la-consulta-publica-del-nuevo-plan-de-seguridad-alimentaria\/#primaryimage"},"image":{"@id":"https:\/\/www.covb.cat\/es\/actualitat\/noticies\/general\/abierta-la-consulta-publica-del-nuevo-plan-de-seguridad-alimentaria\/#primaryimage"},"thumbnailUrl":"https:\/\/www.covb.cat\/wp-content\/uploads\/2021\/06\/PSA_555.png_191393041.png","datePublished":"2021-06-11T19:54:38+00:00","description":"Tal y como establece la ley, a partir del 10 de julio, se abre un periodo de participaci\u00f3n p\u00fablica sobre el pr\u00f3ximo Pla de seguretat aliment\u00e0ria per al","breadcrumb":{"@id":"https:\/\/www.covb.cat\/es\/actualitat\/noticies\/general\/abierta-la-consulta-publica-del-nuevo-plan-de-seguridad-alimentaria\/#breadcrumb"},"inLanguage":"es","potentialAction":[{"@type":"ReadAction","target":["https:\/\/www.covb.cat\/es\/actualitat\/noticies\/general\/abierta-la-consulta-publica-del-nuevo-plan-de-seguridad-alimentaria\/"]}]},{"@type":"ImageObject","inLanguage":"es","@id":"https:\/\/www.covb.cat\/es\/actualitat\/noticies\/general\/abierta-la-consulta-publica-del-nuevo-plan-de-seguridad-alimentaria\/#primaryimage","url":"https:\/\/www.covb.cat\/wp-content\/uploads\/2021\/06\/PSA_555.png_191393041.png","contentUrl":"https:\/\/www.covb.cat\/wp-content\/uploads\/2021\/06\/PSA_555.png_191393041.png","width":555,"height":431},{"@type":"BreadcrumbList","@id":"https:\/\/www.covb.cat\/es\/actualitat\/noticies\/general\/abierta-la-consulta-publica-del-nuevo-plan-de-seguridad-alimentaria\/#breadcrumb","itemListElement":[{"@type":"ListItem","position":1,"name":"Inici","item":"https:\/\/www.covb.cat\/es\/"},{"@type":"ListItem","position":2,"name":"Abierta la consulta p\u00fablica del nuevo Plan de Seguridad Alimentaria"}]},{"@type":"WebSite","@id":"https:\/\/www.covb.cat\/es\/#website","url":"https:\/\/www.covb.cat\/es\/","name":"COVB","description":"Col\u00b7legi Oficial de Veterinaris de Barcelona","publisher":{"@id":"https:\/\/www.covb.cat\/es\/#organization"},"potentialAction":[{"@type":"SearchAction","target":{"@type":"EntryPoint","urlTemplate":"https:\/\/www.covb.cat\/es\/?s={search_term_string}"},"query-input":{"@type":"PropertyValueSpecification","valueRequired":true,"valueName":"search_term_string"}}],"inLanguage":"es"},{"@type":"Organization","@id":"https:\/\/www.covb.cat\/es\/#organization","name":"COVB","url":"https:\/\/www.covb.cat\/es\/","logo":{"@type":"ImageObject","inLanguage":"es","@id":"https:\/\/www.covb.cat\/es\/#\/schema\/logo\/image\/","url":"https:\/\/www.covb.cat\/wp-content\/uploads\/2018\/07\/favicon-covb.png","contentUrl":"https:\/\/www.covb.cat\/wp-content\/uploads\/2018\/07\/favicon-covb.png","width":512,"height":512,"caption":"COVB"},"image":{"@id":"https:\/\/www.covb.cat\/es\/#\/schema\/logo\/image\/"},"sameAs":["https:\/\/www.facebook.com\/COVBcat\/","https:\/\/x.com\/COVBcat","https:\/\/www.youtube.com\/user\/covbcn"]},{"@type":"Person","@id":""}]}},"jetpack_featured_media_url":"https:\/\/www.covb.cat\/wp-content\/uploads\/2021\/06\/PSA_555.png_191393041.png","jetpack_sharing_enabled":true,"_links":{"self":[{"href":"https:\/\/www.covb.cat\/es\/wp-json\/wp\/v2\/posts\/9190","targetHints":{"allow":["GET"]}}],"collection":[{"href":"https:\/\/www.covb.cat\/es\/wp-json\/wp\/v2\/posts"}],"about":[{"href":"https:\/\/www.covb.cat\/es\/wp-json\/wp\/v2\/types\/post"}],"author":[{"embeddable":true,"href":"https:\/\/www.covb.cat\/es\/wp-json\/wp\/v2\/users\/106"}],"replies":[{"embeddable":true,"href":"https:\/\/www.covb.cat\/es\/wp-json\/wp\/v2\/comments?post=9190"}],"version-history":[{"count":0,"href":"https:\/\/www.covb.cat\/es\/wp-json\/wp\/v2\/posts\/9190\/revisions"}],"wp:featuredmedia":[{"embeddable":true,"href":"https:\/\/www.covb.cat\/es\/wp-json\/wp\/v2\/media\/9188"}],"wp:attachment":[{"href":"https:\/\/www.covb.cat\/es\/wp-json\/wp\/v2\/media?parent=9190"}],"wp:term":[{"taxonomy":"category","embeddable":true,"href":"https:\/\/www.covb.cat\/es\/wp-json\/wp\/v2\/categories?post=9190"},{"taxonomy":"post_tag","embeddable":true,"href":"https:\/\/www.covb.cat\/es\/wp-json\/wp\/v2\/tags?post=9190"}],"curies":[{"name":"wp","href":"https:\/\/api.w.org\/{rel}","templated":true}]}}