{"id":9184,"date":"2021-06-11T21:52:17","date_gmt":"2021-06-11T19:52:17","guid":{"rendered":"https:\/\/www.covb.cat\/?p=9184"},"modified":"2021-06-11T21:52:17","modified_gmt":"2021-06-11T19:52:17","slug":"retrato-de-la-salud-mental-de-los-veterinarios-publicado-por-la-fundacio-galatea","status":"publish","type":"post","link":"https:\/\/www.covb.cat\/es\/actualitat\/noticies\/general\/retrato-de-la-salud-mental-de-los-veterinarios-publicado-por-la-fundacio-galatea\/","title":{"rendered":"Retrato de la salud mental de los veterinarios publicado por la Fundaci\u00f3 Galatea"},"content":{"rendered":"<p>Marta Legido, miembro de la Junta de Gobierno del COVB y enlace del Programa As\u00eds de la Fundaci\u00f3 Galatea es la autora de un art\u00edculo que analiza la situaci\u00f3n de salud mental de los profesionales del \u00e1mbito de la veterinaria, as\u00ed como los factores de riesgo asociados y, muy especialmente, durante la crisis por la pandemia de la Covid-19.<\/p>\n<p>Se destaca que las situaciones que generan m\u00e1s ansiedad y estr\u00e9s entre los veterinarios, t\u00e9cnicos de salud animal y enfermeros veterinarios son aquellas que tienen un fuerte componente \u00e9tico como, por ejemplo, decisiones dif\u00edciles sobre c\u00f3mo proceder cuando los clientes tienen una situaci\u00f3n financiera limitada, conflictos entre el bienestar personal y el papel profesional y conflictos entre los intereses de clientes y los intereses de sus animales.<\/p>\n<p>Pod\u00e9is leer el art\u00edculo completo en <a href=\"https:\/\/www.fgalatea.org\/ca\/caixa-recursos-profesions\">este enlace<\/a>.<\/p>\n","protected":false},"excerpt":{"rendered":"<p>Marta Legido, miembro de la Junta de Gobierno del COVB y enlace del Programa As\u00eds de la Fundaci\u00f3 Galatea es la autora de un art\u00edculo que analiza la situaci\u00f3n de salud mental de los profesionales del \u00e1mbito de la veterinaria, as\u00ed como los factores de riesgo asociados y, muy especialmente, durante la crisis por la [&hellip;]<\/p>\n","protected":false},"author":106,"featured_media":9182,"comment_status":"closed","ping_status":"closed","sticky":false,"template":"","format":"standard","meta":{"_monsterinsights_skip_tracking":false,"_monsterinsights_sitenote_active":false,"_monsterinsights_sitenote_note":"","_monsterinsights_sitenote_category":0,"_jetpack_memberships_contains_paid_content":false,"footnotes":""},"categories":[138,17],"tags":[],"class_list":["post-9184","post","type-post","status-publish","format-standard","has-post-thumbnail","hentry","category-corporativo","category-general"],"yoast_head":"<!-- This site is optimized with the Yoast SEO plugin v27.0 - https:\/\/yoast.com\/product\/yoast-seo-wordpress\/ -->\n<title>Retrato de la salud mental de los veterinarios publicado por la Fundaci\u00f3 Galatea - COVB - Col\u00b7legi Oficial de Veterinaris de Barcelona<\/title>\n<meta name=\"description\" content=\"Marta Legido, miembro de la Junta de Gobierno del COVB y enlace del Programa As\u00eds de la Fundaci\u00f3 Galatea es la autora de un art\u00edculo que analiza la\" \/>\n<meta name=\"robots\" content=\"index, follow, max-snippet:-1, max-image-preview:large, max-video-preview:-1\" \/>\n<link rel=\"canonical\" href=\"https:\/\/www.covb.cat\/es\/actualitat\/noticies\/general\/retrato-de-la-salud-mental-de-los-veterinarios-publicado-por-la-fundacio-galatea\/\" \/>\n<meta property=\"og:locale\" content=\"es_ES\" \/>\n<meta property=\"og:type\" content=\"article\" \/>\n<meta property=\"og:title\" content=\"Retrato de la salud mental de los veterinarios publicado por la Fundaci\u00f3 Galatea - COVB - Col\u00b7legi Oficial de Veterinaris de Barcelona\" \/>\n<meta property=\"og:description\" content=\"Marta Legido, miembro de la Junta de Gobierno del COVB y enlace del Programa As\u00eds de la Fundaci\u00f3 Galatea es la autora de un art\u00edculo que analiza la\" \/>\n<meta property=\"og:url\" content=\"https:\/\/www.covb.cat\/es\/actualitat\/noticies\/general\/retrato-de-la-salud-mental-de-los-veterinarios-publicado-por-la-fundacio-galatea\/\" \/>\n<meta property=\"og:site_name\" content=\"COVB\" \/>\n<meta property=\"article:publisher\" content=\"https:\/\/www.facebook.com\/COVBcat\/\" \/>\n<meta property=\"article:published_time\" content=\"2021-06-11T19:52:17+00:00\" \/>\n<meta property=\"og:image\" content=\"https:\/\/www.covb.cat\/wp-content\/uploads\/2021\/06\/galatea.jpg\" \/>\n\t<meta property=\"og:image:width\" content=\"550\" \/>\n\t<meta property=\"og:image:height\" content=\"247\" \/>\n\t<meta property=\"og:image:type\" content=\"image\/jpeg\" \/>\n<meta name=\"twitter:card\" content=\"summary_large_image\" \/>\n<meta name=\"twitter:creator\" content=\"@COVBcat\" \/>\n<meta name=\"twitter:site\" content=\"@COVBcat\" \/>\n<meta name=\"twitter:label1\" content=\"Escrito por\" \/>\n\t<meta name=\"twitter:data1\" content=\"\" \/>\n\t<meta name=\"twitter:label2\" content=\"Tiempo de lectura\" \/>\n\t<meta name=\"twitter:data2\" content=\"1 minuto\" \/>\n<script type=\"application\/ld+json\" class=\"yoast-schema-graph\">{\"@context\":\"https:\/\/schema.org\",\"@graph\":[{\"@type\":\"Article\",\"@id\":\"https:\/\/www.covb.cat\/es\/actualitat\/noticies\/general\/retrato-de-la-salud-mental-de-los-veterinarios-publicado-por-la-fundacio-galatea\/#article\",\"isPartOf\":{\"@id\":\"https:\/\/www.covb.cat\/es\/actualitat\/noticies\/general\/retrato-de-la-salud-mental-de-los-veterinarios-publicado-por-la-fundacio-galatea\/\"},\"author\":{\"name\":\"\",\"@id\":\"\"},\"headline\":\"Retrato de la salud mental de los veterinarios publicado por la Fundaci\u00f3 Galatea\",\"datePublished\":\"2021-06-11T19:52:17+00:00\",\"mainEntityOfPage\":{\"@id\":\"https:\/\/www.covb.cat\/es\/actualitat\/noticies\/general\/retrato-de-la-salud-mental-de-los-veterinarios-publicado-por-la-fundacio-galatea\/\"},\"wordCount\":158,\"publisher\":{\"@id\":\"https:\/\/www.covb.cat\/es\/#organization\"},\"image\":{\"@id\":\"https:\/\/www.covb.cat\/es\/actualitat\/noticies\/general\/retrato-de-la-salud-mental-de-los-veterinarios-publicado-por-la-fundacio-galatea\/#primaryimage\"},\"thumbnailUrl\":\"https:\/\/www.covb.cat\/wp-content\/uploads\/2021\/06\/galatea.jpg\",\"articleSection\":[\"Corporativo\",\"General\"],\"inLanguage\":\"es\"},{\"@type\":\"WebPage\",\"@id\":\"https:\/\/www.covb.cat\/es\/actualitat\/noticies\/general\/retrato-de-la-salud-mental-de-los-veterinarios-publicado-por-la-fundacio-galatea\/\",\"url\":\"https:\/\/www.covb.cat\/es\/actualitat\/noticies\/general\/retrato-de-la-salud-mental-de-los-veterinarios-publicado-por-la-fundacio-galatea\/\",\"name\":\"Retrato de la salud mental de los veterinarios publicado por la Fundaci\u00f3 Galatea - COVB - Col\u00b7legi Oficial de Veterinaris de Barcelona\",\"isPartOf\":{\"@id\":\"https:\/\/www.covb.cat\/es\/#website\"},\"primaryImageOfPage\":{\"@id\":\"https:\/\/www.covb.cat\/es\/actualitat\/noticies\/general\/retrato-de-la-salud-mental-de-los-veterinarios-publicado-por-la-fundacio-galatea\/#primaryimage\"},\"image\":{\"@id\":\"https:\/\/www.covb.cat\/es\/actualitat\/noticies\/general\/retrato-de-la-salud-mental-de-los-veterinarios-publicado-por-la-fundacio-galatea\/#primaryimage\"},\"thumbnailUrl\":\"https:\/\/www.covb.cat\/wp-content\/uploads\/2021\/06\/galatea.jpg\",\"datePublished\":\"2021-06-11T19:52:17+00:00\",\"description\":\"Marta Legido, miembro de la Junta de Gobierno del COVB y enlace del Programa As\u00eds de la Fundaci\u00f3 Galatea es la autora de un art\u00edculo que analiza la\",\"breadcrumb\":{\"@id\":\"https:\/\/www.covb.cat\/es\/actualitat\/noticies\/general\/retrato-de-la-salud-mental-de-los-veterinarios-publicado-por-la-fundacio-galatea\/#breadcrumb\"},\"inLanguage\":\"es\",\"potentialAction\":[{\"@type\":\"ReadAction\",\"target\":[\"https:\/\/www.covb.cat\/es\/actualitat\/noticies\/general\/retrato-de-la-salud-mental-de-los-veterinarios-publicado-por-la-fundacio-galatea\/\"]}]},{\"@type\":\"ImageObject\",\"inLanguage\":\"es\",\"@id\":\"https:\/\/www.covb.cat\/es\/actualitat\/noticies\/general\/retrato-de-la-salud-mental-de-los-veterinarios-publicado-por-la-fundacio-galatea\/#primaryimage\",\"url\":\"https:\/\/www.covb.cat\/wp-content\/uploads\/2021\/06\/galatea.jpg\",\"contentUrl\":\"https:\/\/www.covb.cat\/wp-content\/uploads\/2021\/06\/galatea.jpg\",\"width\":550,\"height\":247},{\"@type\":\"BreadcrumbList\",\"@id\":\"https:\/\/www.covb.cat\/es\/actualitat\/noticies\/general\/retrato-de-la-salud-mental-de-los-veterinarios-publicado-por-la-fundacio-galatea\/#breadcrumb\",\"itemListElement\":[{\"@type\":\"ListItem\",\"position\":1,\"name\":\"Inici\",\"item\":\"https:\/\/www.covb.cat\/es\/\"},{\"@type\":\"ListItem\",\"position\":2,\"name\":\"Retrato de la salud mental de los veterinarios publicado por la Fundaci\u00f3 Galatea\"}]},{\"@type\":\"WebSite\",\"@id\":\"https:\/\/www.covb.cat\/es\/#website\",\"url\":\"https:\/\/www.covb.cat\/es\/\",\"name\":\"COVB\",\"description\":\"Col\u00b7legi Oficial de Veterinaris de Barcelona\",\"publisher\":{\"@id\":\"https:\/\/www.covb.cat\/es\/#organization\"},\"potentialAction\":[{\"@type\":\"SearchAction\",\"target\":{\"@type\":\"EntryPoint\",\"urlTemplate\":\"https:\/\/www.covb.cat\/es\/?s={search_term_string}\"},\"query-input\":{\"@type\":\"PropertyValueSpecification\",\"valueRequired\":true,\"valueName\":\"search_term_string\"}}],\"inLanguage\":\"es\"},{\"@type\":\"Organization\",\"@id\":\"https:\/\/www.covb.cat\/es\/#organization\",\"name\":\"COVB\",\"url\":\"https:\/\/www.covb.cat\/es\/\",\"logo\":{\"@type\":\"ImageObject\",\"inLanguage\":\"es\",\"@id\":\"https:\/\/www.covb.cat\/es\/#\/schema\/logo\/image\/\",\"url\":\"https:\/\/www.covb.cat\/wp-content\/uploads\/2018\/07\/favicon-covb.png\",\"contentUrl\":\"https:\/\/www.covb.cat\/wp-content\/uploads\/2018\/07\/favicon-covb.png\",\"width\":512,\"height\":512,\"caption\":\"COVB\"},\"image\":{\"@id\":\"https:\/\/www.covb.cat\/es\/#\/schema\/logo\/image\/\"},\"sameAs\":[\"https:\/\/www.facebook.com\/COVBcat\/\",\"https:\/\/x.com\/COVBcat\",\"https:\/\/www.youtube.com\/user\/covbcn\"]},{\"@type\":\"Person\",\"@id\":\"\"}]}<\/script>\n<!-- \/ Yoast SEO plugin. -->","yoast_head_json":{"title":"Retrato de la salud mental de los veterinarios publicado por la Fundaci\u00f3 Galatea - COVB - Col\u00b7legi Oficial de Veterinaris de Barcelona","description":"Marta Legido, miembro de la Junta de Gobierno del COVB y enlace del Programa As\u00eds de la Fundaci\u00f3 Galatea es la autora de un art\u00edculo que analiza la","robots":{"index":"index","follow":"follow","max-snippet":"max-snippet:-1","max-image-preview":"max-image-preview:large","max-video-preview":"max-video-preview:-1"},"canonical":"https:\/\/www.covb.cat\/es\/actualitat\/noticies\/general\/retrato-de-la-salud-mental-de-los-veterinarios-publicado-por-la-fundacio-galatea\/","og_locale":"es_ES","og_type":"article","og_title":"Retrato de la salud mental de los veterinarios publicado por la Fundaci\u00f3 Galatea - COVB - Col\u00b7legi Oficial de Veterinaris de Barcelona","og_description":"Marta Legido, miembro de la Junta de Gobierno del COVB y enlace del Programa As\u00eds de la Fundaci\u00f3 Galatea es la autora de un art\u00edculo que analiza la","og_url":"https:\/\/www.covb.cat\/es\/actualitat\/noticies\/general\/retrato-de-la-salud-mental-de-los-veterinarios-publicado-por-la-fundacio-galatea\/","og_site_name":"COVB","article_publisher":"https:\/\/www.facebook.com\/COVBcat\/","article_published_time":"2021-06-11T19:52:17+00:00","og_image":[{"width":550,"height":247,"url":"https:\/\/www.covb.cat\/wp-content\/uploads\/2021\/06\/galatea.jpg","type":"image\/jpeg"}],"twitter_card":"summary_large_image","twitter_creator":"@COVBcat","twitter_site":"@COVBcat","twitter_misc":{"Escrito por":"","Tiempo de lectura":"1 minuto"},"schema":{"@context":"https:\/\/schema.org","@graph":[{"@type":"Article","@id":"https:\/\/www.covb.cat\/es\/actualitat\/noticies\/general\/retrato-de-la-salud-mental-de-los-veterinarios-publicado-por-la-fundacio-galatea\/#article","isPartOf":{"@id":"https:\/\/www.covb.cat\/es\/actualitat\/noticies\/general\/retrato-de-la-salud-mental-de-los-veterinarios-publicado-por-la-fundacio-galatea\/"},"author":{"name":"","@id":""},"headline":"Retrato de la salud mental de los veterinarios publicado por la Fundaci\u00f3 Galatea","datePublished":"2021-06-11T19:52:17+00:00","mainEntityOfPage":{"@id":"https:\/\/www.covb.cat\/es\/actualitat\/noticies\/general\/retrato-de-la-salud-mental-de-los-veterinarios-publicado-por-la-fundacio-galatea\/"},"wordCount":158,"publisher":{"@id":"https:\/\/www.covb.cat\/es\/#organization"},"image":{"@id":"https:\/\/www.covb.cat\/es\/actualitat\/noticies\/general\/retrato-de-la-salud-mental-de-los-veterinarios-publicado-por-la-fundacio-galatea\/#primaryimage"},"thumbnailUrl":"https:\/\/www.covb.cat\/wp-content\/uploads\/2021\/06\/galatea.jpg","articleSection":["Corporativo","General"],"inLanguage":"es"},{"@type":"WebPage","@id":"https:\/\/www.covb.cat\/es\/actualitat\/noticies\/general\/retrato-de-la-salud-mental-de-los-veterinarios-publicado-por-la-fundacio-galatea\/","url":"https:\/\/www.covb.cat\/es\/actualitat\/noticies\/general\/retrato-de-la-salud-mental-de-los-veterinarios-publicado-por-la-fundacio-galatea\/","name":"Retrato de la salud mental de los veterinarios publicado por la Fundaci\u00f3 Galatea - COVB - Col\u00b7legi Oficial de Veterinaris de Barcelona","isPartOf":{"@id":"https:\/\/www.covb.cat\/es\/#website"},"primaryImageOfPage":{"@id":"https:\/\/www.covb.cat\/es\/actualitat\/noticies\/general\/retrato-de-la-salud-mental-de-los-veterinarios-publicado-por-la-fundacio-galatea\/#primaryimage"},"image":{"@id":"https:\/\/www.covb.cat\/es\/actualitat\/noticies\/general\/retrato-de-la-salud-mental-de-los-veterinarios-publicado-por-la-fundacio-galatea\/#primaryimage"},"thumbnailUrl":"https:\/\/www.covb.cat\/wp-content\/uploads\/2021\/06\/galatea.jpg","datePublished":"2021-06-11T19:52:17+00:00","description":"Marta Legido, miembro de la Junta de Gobierno del COVB y enlace del Programa As\u00eds de la Fundaci\u00f3 Galatea es la autora de un art\u00edculo que analiza la","breadcrumb":{"@id":"https:\/\/www.covb.cat\/es\/actualitat\/noticies\/general\/retrato-de-la-salud-mental-de-los-veterinarios-publicado-por-la-fundacio-galatea\/#breadcrumb"},"inLanguage":"es","potentialAction":[{"@type":"ReadAction","target":["https:\/\/www.covb.cat\/es\/actualitat\/noticies\/general\/retrato-de-la-salud-mental-de-los-veterinarios-publicado-por-la-fundacio-galatea\/"]}]},{"@type":"ImageObject","inLanguage":"es","@id":"https:\/\/www.covb.cat\/es\/actualitat\/noticies\/general\/retrato-de-la-salud-mental-de-los-veterinarios-publicado-por-la-fundacio-galatea\/#primaryimage","url":"https:\/\/www.covb.cat\/wp-content\/uploads\/2021\/06\/galatea.jpg","contentUrl":"https:\/\/www.covb.cat\/wp-content\/uploads\/2021\/06\/galatea.jpg","width":550,"height":247},{"@type":"BreadcrumbList","@id":"https:\/\/www.covb.cat\/es\/actualitat\/noticies\/general\/retrato-de-la-salud-mental-de-los-veterinarios-publicado-por-la-fundacio-galatea\/#breadcrumb","itemListElement":[{"@type":"ListItem","position":1,"name":"Inici","item":"https:\/\/www.covb.cat\/es\/"},{"@type":"ListItem","position":2,"name":"Retrato de la salud mental de los veterinarios publicado por la Fundaci\u00f3 Galatea"}]},{"@type":"WebSite","@id":"https:\/\/www.covb.cat\/es\/#website","url":"https:\/\/www.covb.cat\/es\/","name":"COVB","description":"Col\u00b7legi Oficial de Veterinaris de Barcelona","publisher":{"@id":"https:\/\/www.covb.cat\/es\/#organization"},"potentialAction":[{"@type":"SearchAction","target":{"@type":"EntryPoint","urlTemplate":"https:\/\/www.covb.cat\/es\/?s={search_term_string}"},"query-input":{"@type":"PropertyValueSpecification","valueRequired":true,"valueName":"search_term_string"}}],"inLanguage":"es"},{"@type":"Organization","@id":"https:\/\/www.covb.cat\/es\/#organization","name":"COVB","url":"https:\/\/www.covb.cat\/es\/","logo":{"@type":"ImageObject","inLanguage":"es","@id":"https:\/\/www.covb.cat\/es\/#\/schema\/logo\/image\/","url":"https:\/\/www.covb.cat\/wp-content\/uploads\/2018\/07\/favicon-covb.png","contentUrl":"https:\/\/www.covb.cat\/wp-content\/uploads\/2018\/07\/favicon-covb.png","width":512,"height":512,"caption":"COVB"},"image":{"@id":"https:\/\/www.covb.cat\/es\/#\/schema\/logo\/image\/"},"sameAs":["https:\/\/www.facebook.com\/COVBcat\/","https:\/\/x.com\/COVBcat","https:\/\/www.youtube.com\/user\/covbcn"]},{"@type":"Person","@id":""}]}},"jetpack_featured_media_url":"https:\/\/www.covb.cat\/wp-content\/uploads\/2021\/06\/galatea.jpg","jetpack_sharing_enabled":true,"_links":{"self":[{"href":"https:\/\/www.covb.cat\/es\/wp-json\/wp\/v2\/posts\/9184","targetHints":{"allow":["GET"]}}],"collection":[{"href":"https:\/\/www.covb.cat\/es\/wp-json\/wp\/v2\/posts"}],"about":[{"href":"https:\/\/www.covb.cat\/es\/wp-json\/wp\/v2\/types\/post"}],"author":[{"embeddable":true,"href":"https:\/\/www.covb.cat\/es\/wp-json\/wp\/v2\/users\/106"}],"replies":[{"embeddable":true,"href":"https:\/\/www.covb.cat\/es\/wp-json\/wp\/v2\/comments?post=9184"}],"version-history":[{"count":0,"href":"https:\/\/www.covb.cat\/es\/wp-json\/wp\/v2\/posts\/9184\/revisions"}],"wp:featuredmedia":[{"embeddable":true,"href":"https:\/\/www.covb.cat\/es\/wp-json\/wp\/v2\/media\/9182"}],"wp:attachment":[{"href":"https:\/\/www.covb.cat\/es\/wp-json\/wp\/v2\/media?parent=9184"}],"wp:term":[{"taxonomy":"category","embeddable":true,"href":"https:\/\/www.covb.cat\/es\/wp-json\/wp\/v2\/categories?post=9184"},{"taxonomy":"post_tag","embeddable":true,"href":"https:\/\/www.covb.cat\/es\/wp-json\/wp\/v2\/tags?post=9184"}],"curies":[{"name":"wp","href":"https:\/\/api.w.org\/{rel}","templated":true}]}}