{"id":8690,"date":"2021-05-27T18:27:07","date_gmt":"2021-05-27T16:27:07","guid":{"rendered":"https:\/\/www.covb.cat\/?p=8690"},"modified":"2021-05-27T18:27:07","modified_gmt":"2021-05-27T16:27:07","slug":"en-marcha-la-segunda-edicion-del-curso-formativo-sobre-el-uso-prudente-de-antibioticos-2","status":"publish","type":"post","link":"https:\/\/www.covb.cat\/es\/actualitat\/noticies\/general\/en-marcha-la-segunda-edicion-del-curso-formativo-sobre-el-uso-prudente-de-antibioticos-2\/","title":{"rendered":"En marcha la segunda edici\u00f3n del Curso Formativo sobre el Uso Prudente de Antibi\u00f3ticos"},"content":{"rendered":"<p style=\"font-weight: 400;\">Tras el gran \u00e9xito de asistencia de la primera edici\u00f3n, el pr\u00f3ximo mes de junio tendr\u00e1 lugar la segunda edici\u00f3n del Curso de Formaci\u00f3n sobre el Uso Prudente de Antibi\u00f3ticos, que ha preparado y organizado el Consell de Col\u00b7legis Veterinaris\u00a0de\u00a0Catalunya con el apoyo de los cuatro Colegios Oficiales Veterinarios.<\/p>\n<p style=\"font-weight: 400;\">En esta nueva edici\u00f3n se ha valorado incluir nuevos contenidos para dar continuidad a la formaci\u00f3n. Destacamos, por un lado, la participaci\u00f3n del Ministerio de Agricultura, Pesca y Alimentaci\u00f3n, (MAPA) y, por otra parte, la ponencia sobre el uso prudente de antibi\u00f3ticos en animales de compa\u00f1\u00eda.<\/p>\n<p style=\"font-weight: 400;\">La inauguraci\u00f3n de esta edici\u00f3n corre a cargo de la Doctora en Veterinaria y catedr\u00e1tica en Sanitat Animal de la Universitat Aut\u00f2noma de Barcelona, \u200b\u200bM. De los \u00c1ngeles Calvo y los ponentes ser\u00e1n:<\/p>\n<ul>\n<li style=\"font-weight: 400;\">2 de junio. In\u00e9s Moreno. Veterinaria. Jefe de \u00e1rea de higiene ganadera de MAPA. \u00abLas funciones del veterinario de explotaci\u00f3n en la gesti\u00f3n sanitaria y de la producci\u00f3n\u00bb.<\/li>\n<li style=\"font-weight: 400;\">9 de junio. Carlos Crist\u00f3bal. Farmac\u00e9utico. Director del Servicio de an\u00e1lisis de f\u00e1rmacos de la UAB. \u00abConceptos farmacol\u00f3gicos para la optimizaci\u00f3n del uso de los f\u00e1rmacos antibacterianos\u00bb.<\/li>\n<li style=\"font-weight: 400;\">16 de junio. Jordi Baliellas. Veterinario GSP, Grupo Saneamiento Porcino de Lleida. \u00abLa bioseguridad en las granjas por el control de las enfermedades\u00bb.<\/li>\n<li style=\"font-weight: 400;\">30 de junio. Salva Cervantes. Veterinario, propietario Cl\u00ednica Felina Barcelona. \u00abEl informe microbiol\u00f3gico (del cultivo al antibiograma) en animales de compa\u00f1\u00eda\u00bb.<\/li>\n<\/ul>\n<p style=\"font-weight: 400;\">Para obtener m\u00e1s informaci\u00f3n sobre la 2\u00aa edici\u00f3n del Curso aqu\u00ed puedes ver el\u00a0<a href=\"https:\/\/drive.google.com\/file\/d\/155YawO8W6C3wkLiKJxyvAloGi1BX9ZoD\/view\" data-saferedirecturl=\"https:\/\/www.google.com\/url?q=https:\/\/drive.google.com\/file\/d\/155YawO8W6C3wkLiKJxyvAloGi1BX9ZoD\/view&amp;source=gmail&amp;ust=1622213207792000&amp;usg=AFQjCNEQfOoL0n64tntlJV6oi4hgyRiuLQ\">dosier<\/a>\u00a0que hemos preparado con m\u00e1s informaci\u00f3n sobre las charlas y los ponentes.<\/p>\n<p style=\"font-weight: 400;\">El curso se celebrar\u00e1 v\u00eda zoom, los mi\u00e9rcoles de cada semana del mes de junio (excepto el mi\u00e9rcoles 23), de 17 a 18:30h y ser\u00e1 gratuito para los colegiados. Para realizar la inscripci\u00f3n puedes contactar con:\u00a0<a href=\"mailto:formacio@covb.cat\">formacio@covb.cat<\/a>\u00a0o\u00a0<a href=\"mailto:depformacio@covb.cat\">depformacio@covb.cat<\/a><\/p>\n","protected":false},"excerpt":{"rendered":"<p>Tras el gran \u00e9xito de asistencia de la primera edici\u00f3n, el pr\u00f3ximo mes de junio tendr\u00e1 lugar la segunda edici\u00f3n del Curso de Formaci\u00f3n sobre el Uso Prudente de Antibi\u00f3ticos, que ha preparado y organizado el Consell de Col\u00b7legis Veterinaris\u00a0de\u00a0Catalunya con el apoyo de los cuatro Colegios Oficiales Veterinarios. En esta nueva edici\u00f3n se ha [&hellip;]<\/p>\n","protected":false},"author":106,"featured_media":6971,"comment_status":"closed","ping_status":"closed","sticky":false,"template":"","format":"standard","meta":{"_monsterinsights_skip_tracking":false,"_monsterinsights_sitenote_active":false,"_monsterinsights_sitenote_note":"","_monsterinsights_sitenote_category":0,"_jetpack_memberships_contains_paid_content":false,"footnotes":""},"categories":[17],"tags":[],"class_list":["post-8690","post","type-post","status-publish","format-standard","has-post-thumbnail","hentry","category-general"],"yoast_head":"<!-- This site is optimized with the Yoast SEO plugin v27.0 - https:\/\/yoast.com\/product\/yoast-seo-wordpress\/ -->\n<title>En marcha la segunda edici\u00f3n del Curso Formativo sobre el Uso Prudente de Antibi\u00f3ticos - COVB - Col\u00b7legi Oficial de Veterinaris de Barcelona<\/title>\n<meta name=\"description\" content=\"Tras el gran \u00e9xito de asistencia de la primera edici\u00f3n, el pr\u00f3ximo mes de junio tendr\u00e1 lugar la segunda edici\u00f3n del Curso de Formaci\u00f3n sobre el Uso\" \/>\n<meta name=\"robots\" content=\"index, follow, max-snippet:-1, max-image-preview:large, max-video-preview:-1\" \/>\n<link rel=\"canonical\" href=\"https:\/\/www.covb.cat\/es\/actualitat\/noticies\/general\/en-marcha-la-segunda-edicion-del-curso-formativo-sobre-el-uso-prudente-de-antibioticos-2\/\" \/>\n<meta property=\"og:locale\" content=\"es_ES\" \/>\n<meta property=\"og:type\" content=\"article\" \/>\n<meta property=\"og:title\" content=\"En marcha la segunda edici\u00f3n del Curso Formativo sobre el Uso Prudente de Antibi\u00f3ticos - COVB - Col\u00b7legi Oficial de Veterinaris de Barcelona\" \/>\n<meta property=\"og:description\" content=\"Tras el gran \u00e9xito de asistencia de la primera edici\u00f3n, el pr\u00f3ximo mes de junio tendr\u00e1 lugar la segunda edici\u00f3n del Curso de Formaci\u00f3n sobre el Uso\" \/>\n<meta property=\"og:url\" content=\"https:\/\/www.covb.cat\/es\/actualitat\/noticies\/general\/en-marcha-la-segunda-edicion-del-curso-formativo-sobre-el-uso-prudente-de-antibioticos-2\/\" \/>\n<meta property=\"og:site_name\" content=\"COVB\" \/>\n<meta property=\"article:publisher\" content=\"https:\/\/www.facebook.com\/COVBcat\/\" \/>\n<meta property=\"article:published_time\" content=\"2021-05-27T16:27:07+00:00\" \/>\n<meta property=\"og:image\" content=\"https:\/\/www.covb.cat\/wp-content\/uploads\/2021\/03\/bgantibiotics-1.jpg\" \/>\n\t<meta property=\"og:image:width\" content=\"600\" \/>\n\t<meta property=\"og:image:height\" content=\"247\" \/>\n\t<meta property=\"og:image:type\" content=\"image\/jpeg\" \/>\n<meta name=\"twitter:card\" content=\"summary_large_image\" \/>\n<meta name=\"twitter:creator\" content=\"@COVBcat\" \/>\n<meta name=\"twitter:site\" content=\"@COVBcat\" \/>\n<meta name=\"twitter:label1\" content=\"Escrito por\" \/>\n\t<meta name=\"twitter:data1\" content=\"\" \/>\n\t<meta name=\"twitter:label2\" content=\"Tiempo de lectura\" \/>\n\t<meta name=\"twitter:data2\" content=\"2 minutos\" \/>\n<script type=\"application\/ld+json\" class=\"yoast-schema-graph\">{\"@context\":\"https:\/\/schema.org\",\"@graph\":[{\"@type\":\"Article\",\"@id\":\"https:\/\/www.covb.cat\/es\/actualitat\/noticies\/general\/en-marcha-la-segunda-edicion-del-curso-formativo-sobre-el-uso-prudente-de-antibioticos-2\/#article\",\"isPartOf\":{\"@id\":\"https:\/\/www.covb.cat\/es\/actualitat\/noticies\/general\/en-marcha-la-segunda-edicion-del-curso-formativo-sobre-el-uso-prudente-de-antibioticos-2\/\"},\"author\":{\"name\":\"\",\"@id\":\"\"},\"headline\":\"En marcha la segunda edici\u00f3n del Curso Formativo sobre el Uso Prudente de Antibi\u00f3ticos\",\"datePublished\":\"2021-05-27T16:27:07+00:00\",\"mainEntityOfPage\":{\"@id\":\"https:\/\/www.covb.cat\/es\/actualitat\/noticies\/general\/en-marcha-la-segunda-edicion-del-curso-formativo-sobre-el-uso-prudente-de-antibioticos-2\/\"},\"wordCount\":348,\"publisher\":{\"@id\":\"https:\/\/www.covb.cat\/es\/#organization\"},\"image\":{\"@id\":\"https:\/\/www.covb.cat\/es\/actualitat\/noticies\/general\/en-marcha-la-segunda-edicion-del-curso-formativo-sobre-el-uso-prudente-de-antibioticos-2\/#primaryimage\"},\"thumbnailUrl\":\"https:\/\/www.covb.cat\/wp-content\/uploads\/2021\/03\/bgantibiotics-1.jpg\",\"articleSection\":[\"General\"],\"inLanguage\":\"es\"},{\"@type\":\"WebPage\",\"@id\":\"https:\/\/www.covb.cat\/es\/actualitat\/noticies\/general\/en-marcha-la-segunda-edicion-del-curso-formativo-sobre-el-uso-prudente-de-antibioticos-2\/\",\"url\":\"https:\/\/www.covb.cat\/es\/actualitat\/noticies\/general\/en-marcha-la-segunda-edicion-del-curso-formativo-sobre-el-uso-prudente-de-antibioticos-2\/\",\"name\":\"En marcha la segunda edici\u00f3n del Curso Formativo sobre el Uso Prudente de Antibi\u00f3ticos - COVB - Col\u00b7legi Oficial de Veterinaris de Barcelona\",\"isPartOf\":{\"@id\":\"https:\/\/www.covb.cat\/es\/#website\"},\"primaryImageOfPage\":{\"@id\":\"https:\/\/www.covb.cat\/es\/actualitat\/noticies\/general\/en-marcha-la-segunda-edicion-del-curso-formativo-sobre-el-uso-prudente-de-antibioticos-2\/#primaryimage\"},\"image\":{\"@id\":\"https:\/\/www.covb.cat\/es\/actualitat\/noticies\/general\/en-marcha-la-segunda-edicion-del-curso-formativo-sobre-el-uso-prudente-de-antibioticos-2\/#primaryimage\"},\"thumbnailUrl\":\"https:\/\/www.covb.cat\/wp-content\/uploads\/2021\/03\/bgantibiotics-1.jpg\",\"datePublished\":\"2021-05-27T16:27:07+00:00\",\"description\":\"Tras el gran \u00e9xito de asistencia de la primera edici\u00f3n, el pr\u00f3ximo mes de junio tendr\u00e1 lugar la segunda edici\u00f3n del Curso de Formaci\u00f3n sobre el Uso\",\"breadcrumb\":{\"@id\":\"https:\/\/www.covb.cat\/es\/actualitat\/noticies\/general\/en-marcha-la-segunda-edicion-del-curso-formativo-sobre-el-uso-prudente-de-antibioticos-2\/#breadcrumb\"},\"inLanguage\":\"es\",\"potentialAction\":[{\"@type\":\"ReadAction\",\"target\":[\"https:\/\/www.covb.cat\/es\/actualitat\/noticies\/general\/en-marcha-la-segunda-edicion-del-curso-formativo-sobre-el-uso-prudente-de-antibioticos-2\/\"]}]},{\"@type\":\"ImageObject\",\"inLanguage\":\"es\",\"@id\":\"https:\/\/www.covb.cat\/es\/actualitat\/noticies\/general\/en-marcha-la-segunda-edicion-del-curso-formativo-sobre-el-uso-prudente-de-antibioticos-2\/#primaryimage\",\"url\":\"https:\/\/www.covb.cat\/wp-content\/uploads\/2021\/03\/bgantibiotics-1.jpg\",\"contentUrl\":\"https:\/\/www.covb.cat\/wp-content\/uploads\/2021\/03\/bgantibiotics-1.jpg\",\"width\":600,\"height\":247},{\"@type\":\"BreadcrumbList\",\"@id\":\"https:\/\/www.covb.cat\/es\/actualitat\/noticies\/general\/en-marcha-la-segunda-edicion-del-curso-formativo-sobre-el-uso-prudente-de-antibioticos-2\/#breadcrumb\",\"itemListElement\":[{\"@type\":\"ListItem\",\"position\":1,\"name\":\"Inici\",\"item\":\"https:\/\/www.covb.cat\/es\/\"},{\"@type\":\"ListItem\",\"position\":2,\"name\":\"En marcha la segunda edici\u00f3n del Curso Formativo sobre el Uso Prudente de Antibi\u00f3ticos\"}]},{\"@type\":\"WebSite\",\"@id\":\"https:\/\/www.covb.cat\/es\/#website\",\"url\":\"https:\/\/www.covb.cat\/es\/\",\"name\":\"COVB\",\"description\":\"Col\u00b7legi Oficial de Veterinaris de Barcelona\",\"publisher\":{\"@id\":\"https:\/\/www.covb.cat\/es\/#organization\"},\"potentialAction\":[{\"@type\":\"SearchAction\",\"target\":{\"@type\":\"EntryPoint\",\"urlTemplate\":\"https:\/\/www.covb.cat\/es\/?s={search_term_string}\"},\"query-input\":{\"@type\":\"PropertyValueSpecification\",\"valueRequired\":true,\"valueName\":\"search_term_string\"}}],\"inLanguage\":\"es\"},{\"@type\":\"Organization\",\"@id\":\"https:\/\/www.covb.cat\/es\/#organization\",\"name\":\"COVB\",\"url\":\"https:\/\/www.covb.cat\/es\/\",\"logo\":{\"@type\":\"ImageObject\",\"inLanguage\":\"es\",\"@id\":\"https:\/\/www.covb.cat\/es\/#\/schema\/logo\/image\/\",\"url\":\"https:\/\/www.covb.cat\/wp-content\/uploads\/2018\/07\/favicon-covb.png\",\"contentUrl\":\"https:\/\/www.covb.cat\/wp-content\/uploads\/2018\/07\/favicon-covb.png\",\"width\":512,\"height\":512,\"caption\":\"COVB\"},\"image\":{\"@id\":\"https:\/\/www.covb.cat\/es\/#\/schema\/logo\/image\/\"},\"sameAs\":[\"https:\/\/www.facebook.com\/COVBcat\/\",\"https:\/\/x.com\/COVBcat\",\"https:\/\/www.youtube.com\/user\/covbcn\"]},{\"@type\":\"Person\",\"@id\":\"\"}]}<\/script>\n<!-- \/ Yoast SEO plugin. -->","yoast_head_json":{"title":"En marcha la segunda edici\u00f3n del Curso Formativo sobre el Uso Prudente de Antibi\u00f3ticos - COVB - Col\u00b7legi Oficial de Veterinaris de Barcelona","description":"Tras el gran \u00e9xito de asistencia de la primera edici\u00f3n, el pr\u00f3ximo mes de junio tendr\u00e1 lugar la segunda edici\u00f3n del Curso de Formaci\u00f3n sobre el Uso","robots":{"index":"index","follow":"follow","max-snippet":"max-snippet:-1","max-image-preview":"max-image-preview:large","max-video-preview":"max-video-preview:-1"},"canonical":"https:\/\/www.covb.cat\/es\/actualitat\/noticies\/general\/en-marcha-la-segunda-edicion-del-curso-formativo-sobre-el-uso-prudente-de-antibioticos-2\/","og_locale":"es_ES","og_type":"article","og_title":"En marcha la segunda edici\u00f3n del Curso Formativo sobre el Uso Prudente de Antibi\u00f3ticos - COVB - Col\u00b7legi Oficial de Veterinaris de Barcelona","og_description":"Tras el gran \u00e9xito de asistencia de la primera edici\u00f3n, el pr\u00f3ximo mes de junio tendr\u00e1 lugar la segunda edici\u00f3n del Curso de Formaci\u00f3n sobre el Uso","og_url":"https:\/\/www.covb.cat\/es\/actualitat\/noticies\/general\/en-marcha-la-segunda-edicion-del-curso-formativo-sobre-el-uso-prudente-de-antibioticos-2\/","og_site_name":"COVB","article_publisher":"https:\/\/www.facebook.com\/COVBcat\/","article_published_time":"2021-05-27T16:27:07+00:00","og_image":[{"width":600,"height":247,"url":"https:\/\/www.covb.cat\/wp-content\/uploads\/2021\/03\/bgantibiotics-1.jpg","type":"image\/jpeg"}],"twitter_card":"summary_large_image","twitter_creator":"@COVBcat","twitter_site":"@COVBcat","twitter_misc":{"Escrito por":"","Tiempo de lectura":"2 minutos"},"schema":{"@context":"https:\/\/schema.org","@graph":[{"@type":"Article","@id":"https:\/\/www.covb.cat\/es\/actualitat\/noticies\/general\/en-marcha-la-segunda-edicion-del-curso-formativo-sobre-el-uso-prudente-de-antibioticos-2\/#article","isPartOf":{"@id":"https:\/\/www.covb.cat\/es\/actualitat\/noticies\/general\/en-marcha-la-segunda-edicion-del-curso-formativo-sobre-el-uso-prudente-de-antibioticos-2\/"},"author":{"name":"","@id":""},"headline":"En marcha la segunda edici\u00f3n del Curso Formativo sobre el Uso Prudente de Antibi\u00f3ticos","datePublished":"2021-05-27T16:27:07+00:00","mainEntityOfPage":{"@id":"https:\/\/www.covb.cat\/es\/actualitat\/noticies\/general\/en-marcha-la-segunda-edicion-del-curso-formativo-sobre-el-uso-prudente-de-antibioticos-2\/"},"wordCount":348,"publisher":{"@id":"https:\/\/www.covb.cat\/es\/#organization"},"image":{"@id":"https:\/\/www.covb.cat\/es\/actualitat\/noticies\/general\/en-marcha-la-segunda-edicion-del-curso-formativo-sobre-el-uso-prudente-de-antibioticos-2\/#primaryimage"},"thumbnailUrl":"https:\/\/www.covb.cat\/wp-content\/uploads\/2021\/03\/bgantibiotics-1.jpg","articleSection":["General"],"inLanguage":"es"},{"@type":"WebPage","@id":"https:\/\/www.covb.cat\/es\/actualitat\/noticies\/general\/en-marcha-la-segunda-edicion-del-curso-formativo-sobre-el-uso-prudente-de-antibioticos-2\/","url":"https:\/\/www.covb.cat\/es\/actualitat\/noticies\/general\/en-marcha-la-segunda-edicion-del-curso-formativo-sobre-el-uso-prudente-de-antibioticos-2\/","name":"En marcha la segunda edici\u00f3n del Curso Formativo sobre el Uso Prudente de Antibi\u00f3ticos - COVB - Col\u00b7legi Oficial de Veterinaris de Barcelona","isPartOf":{"@id":"https:\/\/www.covb.cat\/es\/#website"},"primaryImageOfPage":{"@id":"https:\/\/www.covb.cat\/es\/actualitat\/noticies\/general\/en-marcha-la-segunda-edicion-del-curso-formativo-sobre-el-uso-prudente-de-antibioticos-2\/#primaryimage"},"image":{"@id":"https:\/\/www.covb.cat\/es\/actualitat\/noticies\/general\/en-marcha-la-segunda-edicion-del-curso-formativo-sobre-el-uso-prudente-de-antibioticos-2\/#primaryimage"},"thumbnailUrl":"https:\/\/www.covb.cat\/wp-content\/uploads\/2021\/03\/bgantibiotics-1.jpg","datePublished":"2021-05-27T16:27:07+00:00","description":"Tras el gran \u00e9xito de asistencia de la primera edici\u00f3n, el pr\u00f3ximo mes de junio tendr\u00e1 lugar la segunda edici\u00f3n del Curso de Formaci\u00f3n sobre el Uso","breadcrumb":{"@id":"https:\/\/www.covb.cat\/es\/actualitat\/noticies\/general\/en-marcha-la-segunda-edicion-del-curso-formativo-sobre-el-uso-prudente-de-antibioticos-2\/#breadcrumb"},"inLanguage":"es","potentialAction":[{"@type":"ReadAction","target":["https:\/\/www.covb.cat\/es\/actualitat\/noticies\/general\/en-marcha-la-segunda-edicion-del-curso-formativo-sobre-el-uso-prudente-de-antibioticos-2\/"]}]},{"@type":"ImageObject","inLanguage":"es","@id":"https:\/\/www.covb.cat\/es\/actualitat\/noticies\/general\/en-marcha-la-segunda-edicion-del-curso-formativo-sobre-el-uso-prudente-de-antibioticos-2\/#primaryimage","url":"https:\/\/www.covb.cat\/wp-content\/uploads\/2021\/03\/bgantibiotics-1.jpg","contentUrl":"https:\/\/www.covb.cat\/wp-content\/uploads\/2021\/03\/bgantibiotics-1.jpg","width":600,"height":247},{"@type":"BreadcrumbList","@id":"https:\/\/www.covb.cat\/es\/actualitat\/noticies\/general\/en-marcha-la-segunda-edicion-del-curso-formativo-sobre-el-uso-prudente-de-antibioticos-2\/#breadcrumb","itemListElement":[{"@type":"ListItem","position":1,"name":"Inici","item":"https:\/\/www.covb.cat\/es\/"},{"@type":"ListItem","position":2,"name":"En marcha la segunda edici\u00f3n del Curso Formativo sobre el Uso Prudente de Antibi\u00f3ticos"}]},{"@type":"WebSite","@id":"https:\/\/www.covb.cat\/es\/#website","url":"https:\/\/www.covb.cat\/es\/","name":"COVB","description":"Col\u00b7legi Oficial de Veterinaris de Barcelona","publisher":{"@id":"https:\/\/www.covb.cat\/es\/#organization"},"potentialAction":[{"@type":"SearchAction","target":{"@type":"EntryPoint","urlTemplate":"https:\/\/www.covb.cat\/es\/?s={search_term_string}"},"query-input":{"@type":"PropertyValueSpecification","valueRequired":true,"valueName":"search_term_string"}}],"inLanguage":"es"},{"@type":"Organization","@id":"https:\/\/www.covb.cat\/es\/#organization","name":"COVB","url":"https:\/\/www.covb.cat\/es\/","logo":{"@type":"ImageObject","inLanguage":"es","@id":"https:\/\/www.covb.cat\/es\/#\/schema\/logo\/image\/","url":"https:\/\/www.covb.cat\/wp-content\/uploads\/2018\/07\/favicon-covb.png","contentUrl":"https:\/\/www.covb.cat\/wp-content\/uploads\/2018\/07\/favicon-covb.png","width":512,"height":512,"caption":"COVB"},"image":{"@id":"https:\/\/www.covb.cat\/es\/#\/schema\/logo\/image\/"},"sameAs":["https:\/\/www.facebook.com\/COVBcat\/","https:\/\/x.com\/COVBcat","https:\/\/www.youtube.com\/user\/covbcn"]},{"@type":"Person","@id":""}]}},"jetpack_featured_media_url":"https:\/\/www.covb.cat\/wp-content\/uploads\/2021\/03\/bgantibiotics-1.jpg","jetpack_sharing_enabled":true,"_links":{"self":[{"href":"https:\/\/www.covb.cat\/es\/wp-json\/wp\/v2\/posts\/8690","targetHints":{"allow":["GET"]}}],"collection":[{"href":"https:\/\/www.covb.cat\/es\/wp-json\/wp\/v2\/posts"}],"about":[{"href":"https:\/\/www.covb.cat\/es\/wp-json\/wp\/v2\/types\/post"}],"author":[{"embeddable":true,"href":"https:\/\/www.covb.cat\/es\/wp-json\/wp\/v2\/users\/106"}],"replies":[{"embeddable":true,"href":"https:\/\/www.covb.cat\/es\/wp-json\/wp\/v2\/comments?post=8690"}],"version-history":[{"count":0,"href":"https:\/\/www.covb.cat\/es\/wp-json\/wp\/v2\/posts\/8690\/revisions"}],"wp:featuredmedia":[{"embeddable":true,"href":"https:\/\/www.covb.cat\/es\/wp-json\/wp\/v2\/media\/6971"}],"wp:attachment":[{"href":"https:\/\/www.covb.cat\/es\/wp-json\/wp\/v2\/media?parent=8690"}],"wp:term":[{"taxonomy":"category","embeddable":true,"href":"https:\/\/www.covb.cat\/es\/wp-json\/wp\/v2\/categories?post=8690"},{"taxonomy":"post_tag","embeddable":true,"href":"https:\/\/www.covb.cat\/es\/wp-json\/wp\/v2\/tags?post=8690"}],"curies":[{"name":"wp","href":"https:\/\/api.w.org\/{rel}","templated":true}]}}