{"id":8544,"date":"2021-05-21T15:56:00","date_gmt":"2021-05-21T13:56:00","guid":{"rendered":"https:\/\/www.covb.cat\/?p=8544"},"modified":"2022-01-12T21:33:14","modified_gmt":"2022-01-12T20:33:14","slug":"vacunar-a-los-animales-protege-a-las-personas-articulo-de-maria-angeles-calvo-en-diario-veterinario","status":"publish","type":"post","link":"https:\/\/www.covb.cat\/es\/actualitat\/noticies\/general\/vacunar-a-los-animales-protege-a-las-personas-articulo-de-maria-angeles-calvo-en-diario-veterinario\/","title":{"rendered":"\u00abVacunar a los animales protege a las personas\u00bb art\u00edculo de Mar\u00eda \u00c1ngeles Calvo en Diario Veterinario"},"content":{"rendered":"<p>Mar\u00eda \u00c1ngeles Calvo, catedr\u00e1tica de la Facultat de Veterin\u00e0ria de la Universitat Aut\u00f2noma de Barcelona, \u200b\u200bha publicado un art\u00edculo en Diario Veterinario sobre c\u00f3mo las vacunas son una forma eficaz de evitar las infecciones y, por tanto, de reducir el uso de antibi\u00f3ticos.<\/p>\n<p>Las vacunas disponibles para perros, gatos y otras especies de animales que conviven con las personas repercuten directamente sobre la salud. En este art\u00edculo, la Dra. Calvo pone como ejemplo el caso de la vacunaci\u00f3n de la rabia. La OMS destaca la importancia de los programas de vacunaci\u00f3n canina como la opci\u00f3n m\u00e1s eficaz para reducir el riesgo de rabia, una enfermedad que mata alrededor de 50.000 personas cada a\u00f1o en el mundo. Por ello, las organizaciones colegiales veterinarias reclaman la obligatoriedad de la vacunaci\u00f3n contra la rabia en todo el territorio espa\u00f1ol.<\/p>\n<p>Puede leer el art\u00edculo completo en <a href=\"https:\/\/www.diarioveterinario.com\/t\/2877659\/vacunar-animales-protege-personas-rabia-perros\">este enlace<\/a><\/p>\n","protected":false},"excerpt":{"rendered":"<p>Mar\u00eda \u00c1ngeles Calvo, catedr\u00e1tica de la Facultat de Veterin\u00e0ria de la Universitat Aut\u00f2noma de Barcelona, \u200b\u200bha publicado un art\u00edculo en Diario Veterinario sobre c\u00f3mo las vacunas son una forma eficaz de evitar las infecciones y, por tanto, de reducir el uso de antibi\u00f3ticos. Las vacunas disponibles para perros, gatos y otras especies de animales que [&hellip;]<\/p>\n","protected":false},"author":106,"featured_media":8542,"comment_status":"closed","ping_status":"closed","sticky":false,"template":"","format":"standard","meta":{"_monsterinsights_skip_tracking":false,"_monsterinsights_sitenote_active":false,"_monsterinsights_sitenote_note":"","_monsterinsights_sitenote_category":0,"_jetpack_memberships_contains_paid_content":false,"footnotes":""},"categories":[1,17],"tags":[177],"class_list":{"0":"post-8544","1":"post","2":"type-post","3":"status-publish","4":"format-standard","5":"has-post-thumbnail","6":"hentry","7":"category-general","9":"tag-prensa"},"yoast_head":"<!-- This site is optimized with the Yoast SEO plugin v27.0 - https:\/\/yoast.com\/product\/yoast-seo-wordpress\/ -->\n<title>&quot;Vacunar a los animales protege a las personas&quot; art\u00edculo de Mar\u00eda \u00c1ngeles Calvo en Diario Veterinario - COVB - Col\u00b7legi Oficial de Veterinaris de Barcelona<\/title>\n<meta name=\"description\" content=\"Mar\u00eda \u00c1ngeles Calvo, catedr\u00e1tica de la Facultat de Veterin\u00e0ria de la Universitat Aut\u00f2noma de Barcelona, \u200b\u200bha publicado un art\u00edculo en Diario Veterinario\" \/>\n<meta name=\"robots\" content=\"index, follow, max-snippet:-1, max-image-preview:large, max-video-preview:-1\" \/>\n<link rel=\"canonical\" href=\"https:\/\/www.covb.cat\/es\/actualitat\/noticies\/general\/vacunar-a-los-animales-protege-a-las-personas-articulo-de-maria-angeles-calvo-en-diario-veterinario\/\" \/>\n<meta property=\"og:locale\" content=\"es_ES\" \/>\n<meta property=\"og:type\" content=\"article\" \/>\n<meta property=\"og:title\" content=\"&quot;Vacunar a los animales protege a las personas&quot; art\u00edculo de Mar\u00eda \u00c1ngeles Calvo en Diario Veterinario - COVB - Col\u00b7legi Oficial de Veterinaris de Barcelona\" \/>\n<meta property=\"og:description\" content=\"Mar\u00eda \u00c1ngeles Calvo, catedr\u00e1tica de la Facultat de Veterin\u00e0ria de la Universitat Aut\u00f2noma de Barcelona, \u200b\u200bha publicado un art\u00edculo en Diario Veterinario\" \/>\n<meta property=\"og:url\" content=\"https:\/\/www.covb.cat\/es\/actualitat\/noticies\/general\/vacunar-a-los-animales-protege-a-las-personas-articulo-de-maria-angeles-calvo-en-diario-veterinario\/\" \/>\n<meta property=\"og:site_name\" content=\"COVB\" \/>\n<meta property=\"article:publisher\" content=\"https:\/\/www.facebook.com\/COVBcat\/\" \/>\n<meta property=\"article:published_time\" content=\"2021-05-21T13:56:00+00:00\" \/>\n<meta property=\"article:modified_time\" content=\"2022-01-12T20:33:14+00:00\" \/>\n<meta property=\"og:image\" content=\"https:\/\/www.covb.cat\/wp-content\/uploads\/2021\/05\/bgvacuna-1.jpg\" \/>\n\t<meta property=\"og:image:width\" content=\"600\" \/>\n\t<meta property=\"og:image:height\" content=\"247\" \/>\n\t<meta property=\"og:image:type\" content=\"image\/jpeg\" \/>\n<meta name=\"twitter:card\" content=\"summary_large_image\" \/>\n<meta name=\"twitter:creator\" content=\"@COVBcat\" \/>\n<meta name=\"twitter:site\" content=\"@COVBcat\" \/>\n<meta name=\"twitter:label1\" content=\"Escrito por\" \/>\n\t<meta name=\"twitter:data1\" content=\"\" \/>\n\t<meta name=\"twitter:label2\" content=\"Tiempo de lectura\" \/>\n\t<meta name=\"twitter:data2\" content=\"1 minuto\" \/>\n<script type=\"application\/ld+json\" class=\"yoast-schema-graph\">{\"@context\":\"https:\/\/schema.org\",\"@graph\":[{\"@type\":\"Article\",\"@id\":\"https:\/\/www.covb.cat\/es\/actualitat\/noticies\/general\/vacunar-a-los-animales-protege-a-las-personas-articulo-de-maria-angeles-calvo-en-diario-veterinario\/#article\",\"isPartOf\":{\"@id\":\"https:\/\/www.covb.cat\/es\/actualitat\/noticies\/general\/vacunar-a-los-animales-protege-a-las-personas-articulo-de-maria-angeles-calvo-en-diario-veterinario\/\"},\"author\":{\"name\":\"\",\"@id\":\"\"},\"headline\":\"\u00abVacunar a los animales protege a las personas\u00bb art\u00edculo de Mar\u00eda \u00c1ngeles Calvo en Diario Veterinario\",\"datePublished\":\"2021-05-21T13:56:00+00:00\",\"dateModified\":\"2022-01-12T20:33:14+00:00\",\"mainEntityOfPage\":{\"@id\":\"https:\/\/www.covb.cat\/es\/actualitat\/noticies\/general\/vacunar-a-los-animales-protege-a-las-personas-articulo-de-maria-angeles-calvo-en-diario-veterinario\/\"},\"wordCount\":177,\"publisher\":{\"@id\":\"https:\/\/www.covb.cat\/es\/#organization\"},\"image\":{\"@id\":\"https:\/\/www.covb.cat\/es\/actualitat\/noticies\/general\/vacunar-a-los-animales-protege-a-las-personas-articulo-de-maria-angeles-calvo-en-diario-veterinario\/#primaryimage\"},\"thumbnailUrl\":\"https:\/\/www.covb.cat\/wp-content\/uploads\/2021\/05\/bgvacuna-1.jpg\",\"keywords\":[\"Prensa\"],\"articleSection\":[\"General\",\"General\"],\"inLanguage\":\"es\"},{\"@type\":\"WebPage\",\"@id\":\"https:\/\/www.covb.cat\/es\/actualitat\/noticies\/general\/vacunar-a-los-animales-protege-a-las-personas-articulo-de-maria-angeles-calvo-en-diario-veterinario\/\",\"url\":\"https:\/\/www.covb.cat\/es\/actualitat\/noticies\/general\/vacunar-a-los-animales-protege-a-las-personas-articulo-de-maria-angeles-calvo-en-diario-veterinario\/\",\"name\":\"\\\"Vacunar a los animales protege a las personas\\\" art\u00edculo de Mar\u00eda \u00c1ngeles Calvo en Diario Veterinario - COVB - Col\u00b7legi Oficial de Veterinaris de Barcelona\",\"isPartOf\":{\"@id\":\"https:\/\/www.covb.cat\/es\/#website\"},\"primaryImageOfPage\":{\"@id\":\"https:\/\/www.covb.cat\/es\/actualitat\/noticies\/general\/vacunar-a-los-animales-protege-a-las-personas-articulo-de-maria-angeles-calvo-en-diario-veterinario\/#primaryimage\"},\"image\":{\"@id\":\"https:\/\/www.covb.cat\/es\/actualitat\/noticies\/general\/vacunar-a-los-animales-protege-a-las-personas-articulo-de-maria-angeles-calvo-en-diario-veterinario\/#primaryimage\"},\"thumbnailUrl\":\"https:\/\/www.covb.cat\/wp-content\/uploads\/2021\/05\/bgvacuna-1.jpg\",\"datePublished\":\"2021-05-21T13:56:00+00:00\",\"dateModified\":\"2022-01-12T20:33:14+00:00\",\"description\":\"Mar\u00eda \u00c1ngeles Calvo, catedr\u00e1tica de la Facultat de Veterin\u00e0ria de la Universitat Aut\u00f2noma de Barcelona, \u200b\u200bha publicado un art\u00edculo en Diario Veterinario\",\"breadcrumb\":{\"@id\":\"https:\/\/www.covb.cat\/es\/actualitat\/noticies\/general\/vacunar-a-los-animales-protege-a-las-personas-articulo-de-maria-angeles-calvo-en-diario-veterinario\/#breadcrumb\"},\"inLanguage\":\"es\",\"potentialAction\":[{\"@type\":\"ReadAction\",\"target\":[\"https:\/\/www.covb.cat\/es\/actualitat\/noticies\/general\/vacunar-a-los-animales-protege-a-las-personas-articulo-de-maria-angeles-calvo-en-diario-veterinario\/\"]}]},{\"@type\":\"ImageObject\",\"inLanguage\":\"es\",\"@id\":\"https:\/\/www.covb.cat\/es\/actualitat\/noticies\/general\/vacunar-a-los-animales-protege-a-las-personas-articulo-de-maria-angeles-calvo-en-diario-veterinario\/#primaryimage\",\"url\":\"https:\/\/www.covb.cat\/wp-content\/uploads\/2021\/05\/bgvacuna-1.jpg\",\"contentUrl\":\"https:\/\/www.covb.cat\/wp-content\/uploads\/2021\/05\/bgvacuna-1.jpg\",\"width\":600,\"height\":247},{\"@type\":\"BreadcrumbList\",\"@id\":\"https:\/\/www.covb.cat\/es\/actualitat\/noticies\/general\/vacunar-a-los-animales-protege-a-las-personas-articulo-de-maria-angeles-calvo-en-diario-veterinario\/#breadcrumb\",\"itemListElement\":[{\"@type\":\"ListItem\",\"position\":1,\"name\":\"Inici\",\"item\":\"https:\/\/www.covb.cat\/es\/\"},{\"@type\":\"ListItem\",\"position\":2,\"name\":\"&#8220;Vacunar a los animales protege a las personas&#8221; art\u00edculo de Mar\u00eda \u00c1ngeles Calvo en Diario Veterinario\"}]},{\"@type\":\"WebSite\",\"@id\":\"https:\/\/www.covb.cat\/es\/#website\",\"url\":\"https:\/\/www.covb.cat\/es\/\",\"name\":\"COVB\",\"description\":\"Col\u00b7legi Oficial de Veterinaris de Barcelona\",\"publisher\":{\"@id\":\"https:\/\/www.covb.cat\/es\/#organization\"},\"potentialAction\":[{\"@type\":\"SearchAction\",\"target\":{\"@type\":\"EntryPoint\",\"urlTemplate\":\"https:\/\/www.covb.cat\/es\/?s={search_term_string}\"},\"query-input\":{\"@type\":\"PropertyValueSpecification\",\"valueRequired\":true,\"valueName\":\"search_term_string\"}}],\"inLanguage\":\"es\"},{\"@type\":\"Organization\",\"@id\":\"https:\/\/www.covb.cat\/es\/#organization\",\"name\":\"COVB\",\"url\":\"https:\/\/www.covb.cat\/es\/\",\"logo\":{\"@type\":\"ImageObject\",\"inLanguage\":\"es\",\"@id\":\"https:\/\/www.covb.cat\/es\/#\/schema\/logo\/image\/\",\"url\":\"https:\/\/www.covb.cat\/wp-content\/uploads\/2018\/07\/favicon-covb.png\",\"contentUrl\":\"https:\/\/www.covb.cat\/wp-content\/uploads\/2018\/07\/favicon-covb.png\",\"width\":512,\"height\":512,\"caption\":\"COVB\"},\"image\":{\"@id\":\"https:\/\/www.covb.cat\/es\/#\/schema\/logo\/image\/\"},\"sameAs\":[\"https:\/\/www.facebook.com\/COVBcat\/\",\"https:\/\/x.com\/COVBcat\",\"https:\/\/www.youtube.com\/user\/covbcn\"]},{\"@type\":\"Person\",\"@id\":\"\"}]}<\/script>\n<!-- \/ Yoast SEO plugin. -->","yoast_head_json":{"title":"\"Vacunar a los animales protege a las personas\" art\u00edculo de Mar\u00eda \u00c1ngeles Calvo en Diario Veterinario - COVB - Col\u00b7legi Oficial de Veterinaris de Barcelona","description":"Mar\u00eda \u00c1ngeles Calvo, catedr\u00e1tica de la Facultat de Veterin\u00e0ria de la Universitat Aut\u00f2noma de Barcelona, \u200b\u200bha publicado un art\u00edculo en Diario Veterinario","robots":{"index":"index","follow":"follow","max-snippet":"max-snippet:-1","max-image-preview":"max-image-preview:large","max-video-preview":"max-video-preview:-1"},"canonical":"https:\/\/www.covb.cat\/es\/actualitat\/noticies\/general\/vacunar-a-los-animales-protege-a-las-personas-articulo-de-maria-angeles-calvo-en-diario-veterinario\/","og_locale":"es_ES","og_type":"article","og_title":"\"Vacunar a los animales protege a las personas\" art\u00edculo de Mar\u00eda \u00c1ngeles Calvo en Diario Veterinario - COVB - Col\u00b7legi Oficial de Veterinaris de Barcelona","og_description":"Mar\u00eda \u00c1ngeles Calvo, catedr\u00e1tica de la Facultat de Veterin\u00e0ria de la Universitat Aut\u00f2noma de Barcelona, \u200b\u200bha publicado un art\u00edculo en Diario Veterinario","og_url":"https:\/\/www.covb.cat\/es\/actualitat\/noticies\/general\/vacunar-a-los-animales-protege-a-las-personas-articulo-de-maria-angeles-calvo-en-diario-veterinario\/","og_site_name":"COVB","article_publisher":"https:\/\/www.facebook.com\/COVBcat\/","article_published_time":"2021-05-21T13:56:00+00:00","article_modified_time":"2022-01-12T20:33:14+00:00","og_image":[{"width":600,"height":247,"url":"https:\/\/www.covb.cat\/wp-content\/uploads\/2021\/05\/bgvacuna-1.jpg","type":"image\/jpeg"}],"twitter_card":"summary_large_image","twitter_creator":"@COVBcat","twitter_site":"@COVBcat","twitter_misc":{"Escrito por":"","Tiempo de lectura":"1 minuto"},"schema":{"@context":"https:\/\/schema.org","@graph":[{"@type":"Article","@id":"https:\/\/www.covb.cat\/es\/actualitat\/noticies\/general\/vacunar-a-los-animales-protege-a-las-personas-articulo-de-maria-angeles-calvo-en-diario-veterinario\/#article","isPartOf":{"@id":"https:\/\/www.covb.cat\/es\/actualitat\/noticies\/general\/vacunar-a-los-animales-protege-a-las-personas-articulo-de-maria-angeles-calvo-en-diario-veterinario\/"},"author":{"name":"","@id":""},"headline":"\u00abVacunar a los animales protege a las personas\u00bb art\u00edculo de Mar\u00eda \u00c1ngeles Calvo en Diario Veterinario","datePublished":"2021-05-21T13:56:00+00:00","dateModified":"2022-01-12T20:33:14+00:00","mainEntityOfPage":{"@id":"https:\/\/www.covb.cat\/es\/actualitat\/noticies\/general\/vacunar-a-los-animales-protege-a-las-personas-articulo-de-maria-angeles-calvo-en-diario-veterinario\/"},"wordCount":177,"publisher":{"@id":"https:\/\/www.covb.cat\/es\/#organization"},"image":{"@id":"https:\/\/www.covb.cat\/es\/actualitat\/noticies\/general\/vacunar-a-los-animales-protege-a-las-personas-articulo-de-maria-angeles-calvo-en-diario-veterinario\/#primaryimage"},"thumbnailUrl":"https:\/\/www.covb.cat\/wp-content\/uploads\/2021\/05\/bgvacuna-1.jpg","keywords":["Prensa"],"articleSection":["General","General"],"inLanguage":"es"},{"@type":"WebPage","@id":"https:\/\/www.covb.cat\/es\/actualitat\/noticies\/general\/vacunar-a-los-animales-protege-a-las-personas-articulo-de-maria-angeles-calvo-en-diario-veterinario\/","url":"https:\/\/www.covb.cat\/es\/actualitat\/noticies\/general\/vacunar-a-los-animales-protege-a-las-personas-articulo-de-maria-angeles-calvo-en-diario-veterinario\/","name":"\"Vacunar a los animales protege a las personas\" art\u00edculo de Mar\u00eda \u00c1ngeles Calvo en Diario Veterinario - COVB - Col\u00b7legi Oficial de Veterinaris de Barcelona","isPartOf":{"@id":"https:\/\/www.covb.cat\/es\/#website"},"primaryImageOfPage":{"@id":"https:\/\/www.covb.cat\/es\/actualitat\/noticies\/general\/vacunar-a-los-animales-protege-a-las-personas-articulo-de-maria-angeles-calvo-en-diario-veterinario\/#primaryimage"},"image":{"@id":"https:\/\/www.covb.cat\/es\/actualitat\/noticies\/general\/vacunar-a-los-animales-protege-a-las-personas-articulo-de-maria-angeles-calvo-en-diario-veterinario\/#primaryimage"},"thumbnailUrl":"https:\/\/www.covb.cat\/wp-content\/uploads\/2021\/05\/bgvacuna-1.jpg","datePublished":"2021-05-21T13:56:00+00:00","dateModified":"2022-01-12T20:33:14+00:00","description":"Mar\u00eda \u00c1ngeles Calvo, catedr\u00e1tica de la Facultat de Veterin\u00e0ria de la Universitat Aut\u00f2noma de Barcelona, \u200b\u200bha publicado un art\u00edculo en Diario Veterinario","breadcrumb":{"@id":"https:\/\/www.covb.cat\/es\/actualitat\/noticies\/general\/vacunar-a-los-animales-protege-a-las-personas-articulo-de-maria-angeles-calvo-en-diario-veterinario\/#breadcrumb"},"inLanguage":"es","potentialAction":[{"@type":"ReadAction","target":["https:\/\/www.covb.cat\/es\/actualitat\/noticies\/general\/vacunar-a-los-animales-protege-a-las-personas-articulo-de-maria-angeles-calvo-en-diario-veterinario\/"]}]},{"@type":"ImageObject","inLanguage":"es","@id":"https:\/\/www.covb.cat\/es\/actualitat\/noticies\/general\/vacunar-a-los-animales-protege-a-las-personas-articulo-de-maria-angeles-calvo-en-diario-veterinario\/#primaryimage","url":"https:\/\/www.covb.cat\/wp-content\/uploads\/2021\/05\/bgvacuna-1.jpg","contentUrl":"https:\/\/www.covb.cat\/wp-content\/uploads\/2021\/05\/bgvacuna-1.jpg","width":600,"height":247},{"@type":"BreadcrumbList","@id":"https:\/\/www.covb.cat\/es\/actualitat\/noticies\/general\/vacunar-a-los-animales-protege-a-las-personas-articulo-de-maria-angeles-calvo-en-diario-veterinario\/#breadcrumb","itemListElement":[{"@type":"ListItem","position":1,"name":"Inici","item":"https:\/\/www.covb.cat\/es\/"},{"@type":"ListItem","position":2,"name":"&#8220;Vacunar a los animales protege a las personas&#8221; art\u00edculo de Mar\u00eda \u00c1ngeles Calvo en Diario Veterinario"}]},{"@type":"WebSite","@id":"https:\/\/www.covb.cat\/es\/#website","url":"https:\/\/www.covb.cat\/es\/","name":"COVB","description":"Col\u00b7legi Oficial de Veterinaris de Barcelona","publisher":{"@id":"https:\/\/www.covb.cat\/es\/#organization"},"potentialAction":[{"@type":"SearchAction","target":{"@type":"EntryPoint","urlTemplate":"https:\/\/www.covb.cat\/es\/?s={search_term_string}"},"query-input":{"@type":"PropertyValueSpecification","valueRequired":true,"valueName":"search_term_string"}}],"inLanguage":"es"},{"@type":"Organization","@id":"https:\/\/www.covb.cat\/es\/#organization","name":"COVB","url":"https:\/\/www.covb.cat\/es\/","logo":{"@type":"ImageObject","inLanguage":"es","@id":"https:\/\/www.covb.cat\/es\/#\/schema\/logo\/image\/","url":"https:\/\/www.covb.cat\/wp-content\/uploads\/2018\/07\/favicon-covb.png","contentUrl":"https:\/\/www.covb.cat\/wp-content\/uploads\/2018\/07\/favicon-covb.png","width":512,"height":512,"caption":"COVB"},"image":{"@id":"https:\/\/www.covb.cat\/es\/#\/schema\/logo\/image\/"},"sameAs":["https:\/\/www.facebook.com\/COVBcat\/","https:\/\/x.com\/COVBcat","https:\/\/www.youtube.com\/user\/covbcn"]},{"@type":"Person","@id":""}]}},"jetpack_featured_media_url":"https:\/\/www.covb.cat\/wp-content\/uploads\/2021\/05\/bgvacuna-1.jpg","jetpack_sharing_enabled":true,"_links":{"self":[{"href":"https:\/\/www.covb.cat\/es\/wp-json\/wp\/v2\/posts\/8544","targetHints":{"allow":["GET"]}}],"collection":[{"href":"https:\/\/www.covb.cat\/es\/wp-json\/wp\/v2\/posts"}],"about":[{"href":"https:\/\/www.covb.cat\/es\/wp-json\/wp\/v2\/types\/post"}],"author":[{"embeddable":true,"href":"https:\/\/www.covb.cat\/es\/wp-json\/wp\/v2\/users\/106"}],"replies":[{"embeddable":true,"href":"https:\/\/www.covb.cat\/es\/wp-json\/wp\/v2\/comments?post=8544"}],"version-history":[{"count":0,"href":"https:\/\/www.covb.cat\/es\/wp-json\/wp\/v2\/posts\/8544\/revisions"}],"wp:featuredmedia":[{"embeddable":true,"href":"https:\/\/www.covb.cat\/es\/wp-json\/wp\/v2\/media\/8542"}],"wp:attachment":[{"href":"https:\/\/www.covb.cat\/es\/wp-json\/wp\/v2\/media?parent=8544"}],"wp:term":[{"taxonomy":"category","embeddable":true,"href":"https:\/\/www.covb.cat\/es\/wp-json\/wp\/v2\/categories?post=8544"},{"taxonomy":"post_tag","embeddable":true,"href":"https:\/\/www.covb.cat\/es\/wp-json\/wp\/v2\/tags?post=8544"}],"curies":[{"name":"wp","href":"https:\/\/api.w.org\/{rel}","templated":true}]}}