{"id":8396,"date":"2021-05-18T15:50:03","date_gmt":"2021-05-18T13:50:03","guid":{"rendered":"https:\/\/www.covb.cat\/?p=8396"},"modified":"2021-05-18T15:50:03","modified_gmt":"2021-05-18T13:50:03","slug":"ya-puedes-inscribirte-en-la-segunda-edicion-del-curso-de-formacion-sobre-uso-prudente-de-antibioticos","status":"publish","type":"post","link":"https:\/\/www.covb.cat\/es\/actualitat\/noticies\/general\/ya-puedes-inscribirte-en-la-segunda-edicion-del-curso-de-formacion-sobre-uso-prudente-de-antibioticos\/","title":{"rendered":"Ya puedes inscribirte en la segunda edici\u00f3n del Curso de Formaci\u00f3n sobre Uso Prudente de Antibi\u00f3ticos"},"content":{"rendered":"<p>Como ya hab\u00edamos adelantado, el pr\u00f3ximo mes de junio tendr\u00e1 lugar la segunda edici\u00f3n del Curso de Formaci\u00f3n sobre el Uso Prudente de Antibi\u00f3ticos, que ha preparado y organizado el Consell de Col\u00b7legis Veterinaris de Catalunya con el apoyo de los cuatro Colegios Oficiales de Veterinaria.<\/p>\n<p>Tras el gran \u00e9xito de asistencia de la primera edici\u00f3n y de la excelente calidad de las ponencias, se ha valorado incluir nuevos contenidos para dar continuidad a la formaci\u00f3n. Destacamos, por un lado, la participaci\u00f3n del Ministerio de Agricultura, Pesca y Alimentaci\u00f3n, (MAPA) y, por otra parte, la ponencia sobre el uso prudente de antibi\u00f3ticos en animales de compa\u00f1\u00eda.<\/p>\n<p>La calidad de los ponentes se mantiene y en esta ocasi\u00f3n contaremos con:<\/p>\n<ul>\n<li>2 de junio. In\u00e9s Moreno. Veterinaria, Jefe de \u00c1rea de Higiene Ganadera de MAPA. \u201cLas funciones del veterinario de explotaci\u00f3n en la gesti\u00f3n sanitaria i de la producci\u00f3n\u201d.<\/li>\n<li>9 de junio. Carles Crist\u00f2fol. Farmac\u00e9utico, director del Servicio de an\u00e1lisis de f\u00e1rmacos de la UAB. \u201cConceptos farmacol\u00f3gicos para la optimizaci\u00f3n del uso de los f\u00e1rmacos antibacterianos\u201d.<\/li>\n<li>16 de junio. Jordi Baliellas. Veterinario GSP, Grup Sanejament Porc\u00ed, de Lleida. \u201cLa bioseguridad en les granjas para el control de enfermedades\u201d.<\/li>\n<li>30 de junio. Salva Cervantes. Veterinario, propietario Cl\u00ednica Felina Barcelona. \u201cEl informe microbiol\u00f3gico (del cultivo al antibiograma) en animales de compa\u00f1\u00eda\u201d.<\/li>\n<\/ul>\n<p>La inauguraci\u00f3n de esta edici\u00f3n estar\u00e1 a cargo de la Doctora en Veterinaria y catedr\u00e1tica de Sanidad Animal por la Universitat Aut\u00f2noma de Barcelona, M. Dels \u00c0ngels Calvo.<\/p>\n<p>El curso se llevar\u00e1 a cabo v\u00eda zoom. Unos d\u00edas antes recibir\u00e1s el enlace para acceder a las ponencias que ser\u00e1n los mi\u00e9rcoles del mes de junio (a excepci\u00f3n del mi\u00e9rcoles 23), de 17 a 18:30h y, una vez m\u00e1s, ser\u00e1 gratuito para los colegiados y colegiadas. Adjuntamos un dossier con m\u00e1s informaci\u00f3n sobre cada ponencia y un breve resumen profesional de cada ponente.<\/p>\n<p>La formaci\u00f3n es una prioridad para el CCVC, dado que uno de nuestros compromisos es contribuir a colaborar y facilitar el trabajo a los colegiados y colegiadas. Nuestro objetivo es que los encuentros sean lo m\u00e1s interactivos y participativos posibles. Por ello, al finalizar cada ponencia, se podr\u00e1n realizar preguntas y consultas al ponente abriendo el micr\u00f3fono o por el chat.<\/p>\n<p>Al finalizar el curso se facilitar\u00e1 una encuesta para conocer tu opini\u00f3n, ya que es fundamental para poder preparar pr\u00f3ximas formaciones saber sobre qu\u00e9 temas te gustar\u00eda profundizar.<\/p>\n<p>Os animamos a inscribiros contactando con el COVB a trav\u00e9s de: <a href=\"mailto:formacio@covb.cat\">formacio@covb.cat<\/a> o <a href=\"mailto:depformacio@covb.cat\">depformacio@covb.cat<\/a>\u201d<\/p>\n<p>&nbsp;<\/p>\n<p><a href=\"https:\/\/mcusercontent.com\/c131463000c5688473b8b34ba\/files\/e3127e81-d004-cf04-0792-5a165c52371c\/Curs_formaci%C3%B3_de_l_%C3%BAs_prudent_d_antibi%C3%B2tics_II.pdf\">Descargar Programa<\/a><\/p>\n","protected":false},"excerpt":{"rendered":"<p>Como ya hab\u00edamos adelantado, el pr\u00f3ximo mes de junio tendr\u00e1 lugar la segunda edici\u00f3n del Curso de Formaci\u00f3n sobre el Uso Prudente de Antibi\u00f3ticos, que ha preparado y organizado el Consell de Col\u00b7legis Veterinaris de Catalunya con el apoyo de los cuatro Colegios Oficiales de Veterinaria. Tras el gran \u00e9xito de asistencia de la primera [&hellip;]<\/p>\n","protected":false},"author":106,"featured_media":6971,"comment_status":"closed","ping_status":"closed","sticky":false,"template":"","format":"standard","meta":{"_monsterinsights_skip_tracking":false,"_monsterinsights_sitenote_active":false,"_monsterinsights_sitenote_note":"","_monsterinsights_sitenote_category":0,"_jetpack_memberships_contains_paid_content":false,"footnotes":""},"categories":[17],"tags":[],"class_list":["post-8396","post","type-post","status-publish","format-standard","has-post-thumbnail","hentry","category-general"],"yoast_head":"<!-- This site is optimized with the Yoast SEO plugin v27.0 - https:\/\/yoast.com\/product\/yoast-seo-wordpress\/ -->\n<title>Ya puedes inscribirte en la segunda edici\u00f3n del Curso de Formaci\u00f3n sobre Uso Prudente de Antibi\u00f3ticos - COVB - Col\u00b7legi Oficial de Veterinaris de Barcelona<\/title>\n<meta name=\"description\" content=\"Como ya hab\u00edamos adelantado, el pr\u00f3ximo mes de junio tendr\u00e1 lugar la segunda edici\u00f3n del Curso de Formaci\u00f3n sobre el Uso Prudente de Antibi\u00f3ticos, que ha\" \/>\n<meta name=\"robots\" content=\"index, follow, max-snippet:-1, max-image-preview:large, max-video-preview:-1\" \/>\n<link rel=\"canonical\" href=\"https:\/\/www.covb.cat\/es\/actualitat\/noticies\/general\/ya-puedes-inscribirte-en-la-segunda-edicion-del-curso-de-formacion-sobre-uso-prudente-de-antibioticos\/\" \/>\n<meta property=\"og:locale\" content=\"es_ES\" \/>\n<meta property=\"og:type\" content=\"article\" \/>\n<meta property=\"og:title\" content=\"Ya puedes inscribirte en la segunda edici\u00f3n del Curso de Formaci\u00f3n sobre Uso Prudente de Antibi\u00f3ticos - COVB - Col\u00b7legi Oficial de Veterinaris de Barcelona\" \/>\n<meta property=\"og:description\" content=\"Como ya hab\u00edamos adelantado, el pr\u00f3ximo mes de junio tendr\u00e1 lugar la segunda edici\u00f3n del Curso de Formaci\u00f3n sobre el Uso Prudente de Antibi\u00f3ticos, que ha\" \/>\n<meta property=\"og:url\" content=\"https:\/\/www.covb.cat\/es\/actualitat\/noticies\/general\/ya-puedes-inscribirte-en-la-segunda-edicion-del-curso-de-formacion-sobre-uso-prudente-de-antibioticos\/\" \/>\n<meta property=\"og:site_name\" content=\"COVB\" \/>\n<meta property=\"article:publisher\" content=\"https:\/\/www.facebook.com\/COVBcat\/\" \/>\n<meta property=\"article:published_time\" content=\"2021-05-18T13:50:03+00:00\" \/>\n<meta property=\"og:image\" content=\"https:\/\/www.covb.cat\/wp-content\/uploads\/2021\/03\/bgantibiotics-1.jpg\" \/>\n\t<meta property=\"og:image:width\" content=\"600\" \/>\n\t<meta property=\"og:image:height\" content=\"247\" \/>\n\t<meta property=\"og:image:type\" content=\"image\/jpeg\" \/>\n<meta name=\"twitter:card\" content=\"summary_large_image\" \/>\n<meta name=\"twitter:creator\" content=\"@COVBcat\" \/>\n<meta name=\"twitter:site\" content=\"@COVBcat\" \/>\n<meta name=\"twitter:label1\" content=\"Escrito por\" \/>\n\t<meta name=\"twitter:data1\" content=\"\" \/>\n\t<meta name=\"twitter:label2\" content=\"Tiempo de lectura\" \/>\n\t<meta name=\"twitter:data2\" content=\"2 minutos\" \/>\n<script type=\"application\/ld+json\" class=\"yoast-schema-graph\">{\"@context\":\"https:\/\/schema.org\",\"@graph\":[{\"@type\":\"Article\",\"@id\":\"https:\/\/www.covb.cat\/es\/actualitat\/noticies\/general\/ya-puedes-inscribirte-en-la-segunda-edicion-del-curso-de-formacion-sobre-uso-prudente-de-antibioticos\/#article\",\"isPartOf\":{\"@id\":\"https:\/\/www.covb.cat\/es\/actualitat\/noticies\/general\/ya-puedes-inscribirte-en-la-segunda-edicion-del-curso-de-formacion-sobre-uso-prudente-de-antibioticos\/\"},\"author\":{\"name\":\"\",\"@id\":\"\"},\"headline\":\"Ya puedes inscribirte en la segunda edici\u00f3n del Curso de Formaci\u00f3n sobre Uso Prudente de Antibi\u00f3ticos\",\"datePublished\":\"2021-05-18T13:50:03+00:00\",\"mainEntityOfPage\":{\"@id\":\"https:\/\/www.covb.cat\/es\/actualitat\/noticies\/general\/ya-puedes-inscribirte-en-la-segunda-edicion-del-curso-de-formacion-sobre-uso-prudente-de-antibioticos\/\"},\"wordCount\":481,\"publisher\":{\"@id\":\"https:\/\/www.covb.cat\/es\/#organization\"},\"image\":{\"@id\":\"https:\/\/www.covb.cat\/es\/actualitat\/noticies\/general\/ya-puedes-inscribirte-en-la-segunda-edicion-del-curso-de-formacion-sobre-uso-prudente-de-antibioticos\/#primaryimage\"},\"thumbnailUrl\":\"https:\/\/www.covb.cat\/wp-content\/uploads\/2021\/03\/bgantibiotics-1.jpg\",\"articleSection\":[\"General\"],\"inLanguage\":\"es\"},{\"@type\":\"WebPage\",\"@id\":\"https:\/\/www.covb.cat\/es\/actualitat\/noticies\/general\/ya-puedes-inscribirte-en-la-segunda-edicion-del-curso-de-formacion-sobre-uso-prudente-de-antibioticos\/\",\"url\":\"https:\/\/www.covb.cat\/es\/actualitat\/noticies\/general\/ya-puedes-inscribirte-en-la-segunda-edicion-del-curso-de-formacion-sobre-uso-prudente-de-antibioticos\/\",\"name\":\"Ya puedes inscribirte en la segunda edici\u00f3n del Curso de Formaci\u00f3n sobre Uso Prudente de Antibi\u00f3ticos - COVB - Col\u00b7legi Oficial de Veterinaris de Barcelona\",\"isPartOf\":{\"@id\":\"https:\/\/www.covb.cat\/es\/#website\"},\"primaryImageOfPage\":{\"@id\":\"https:\/\/www.covb.cat\/es\/actualitat\/noticies\/general\/ya-puedes-inscribirte-en-la-segunda-edicion-del-curso-de-formacion-sobre-uso-prudente-de-antibioticos\/#primaryimage\"},\"image\":{\"@id\":\"https:\/\/www.covb.cat\/es\/actualitat\/noticies\/general\/ya-puedes-inscribirte-en-la-segunda-edicion-del-curso-de-formacion-sobre-uso-prudente-de-antibioticos\/#primaryimage\"},\"thumbnailUrl\":\"https:\/\/www.covb.cat\/wp-content\/uploads\/2021\/03\/bgantibiotics-1.jpg\",\"datePublished\":\"2021-05-18T13:50:03+00:00\",\"description\":\"Como ya hab\u00edamos adelantado, el pr\u00f3ximo mes de junio tendr\u00e1 lugar la segunda edici\u00f3n del Curso de Formaci\u00f3n sobre el Uso Prudente de Antibi\u00f3ticos, que ha\",\"breadcrumb\":{\"@id\":\"https:\/\/www.covb.cat\/es\/actualitat\/noticies\/general\/ya-puedes-inscribirte-en-la-segunda-edicion-del-curso-de-formacion-sobre-uso-prudente-de-antibioticos\/#breadcrumb\"},\"inLanguage\":\"es\",\"potentialAction\":[{\"@type\":\"ReadAction\",\"target\":[\"https:\/\/www.covb.cat\/es\/actualitat\/noticies\/general\/ya-puedes-inscribirte-en-la-segunda-edicion-del-curso-de-formacion-sobre-uso-prudente-de-antibioticos\/\"]}]},{\"@type\":\"ImageObject\",\"inLanguage\":\"es\",\"@id\":\"https:\/\/www.covb.cat\/es\/actualitat\/noticies\/general\/ya-puedes-inscribirte-en-la-segunda-edicion-del-curso-de-formacion-sobre-uso-prudente-de-antibioticos\/#primaryimage\",\"url\":\"https:\/\/www.covb.cat\/wp-content\/uploads\/2021\/03\/bgantibiotics-1.jpg\",\"contentUrl\":\"https:\/\/www.covb.cat\/wp-content\/uploads\/2021\/03\/bgantibiotics-1.jpg\",\"width\":600,\"height\":247},{\"@type\":\"BreadcrumbList\",\"@id\":\"https:\/\/www.covb.cat\/es\/actualitat\/noticies\/general\/ya-puedes-inscribirte-en-la-segunda-edicion-del-curso-de-formacion-sobre-uso-prudente-de-antibioticos\/#breadcrumb\",\"itemListElement\":[{\"@type\":\"ListItem\",\"position\":1,\"name\":\"Inici\",\"item\":\"https:\/\/www.covb.cat\/es\/\"},{\"@type\":\"ListItem\",\"position\":2,\"name\":\"Ya puedes inscribirte en la segunda edici\u00f3n del Curso de Formaci\u00f3n sobre Uso Prudente de Antibi\u00f3ticos\"}]},{\"@type\":\"WebSite\",\"@id\":\"https:\/\/www.covb.cat\/es\/#website\",\"url\":\"https:\/\/www.covb.cat\/es\/\",\"name\":\"COVB\",\"description\":\"Col\u00b7legi Oficial de Veterinaris de Barcelona\",\"publisher\":{\"@id\":\"https:\/\/www.covb.cat\/es\/#organization\"},\"potentialAction\":[{\"@type\":\"SearchAction\",\"target\":{\"@type\":\"EntryPoint\",\"urlTemplate\":\"https:\/\/www.covb.cat\/es\/?s={search_term_string}\"},\"query-input\":{\"@type\":\"PropertyValueSpecification\",\"valueRequired\":true,\"valueName\":\"search_term_string\"}}],\"inLanguage\":\"es\"},{\"@type\":\"Organization\",\"@id\":\"https:\/\/www.covb.cat\/es\/#organization\",\"name\":\"COVB\",\"url\":\"https:\/\/www.covb.cat\/es\/\",\"logo\":{\"@type\":\"ImageObject\",\"inLanguage\":\"es\",\"@id\":\"https:\/\/www.covb.cat\/es\/#\/schema\/logo\/image\/\",\"url\":\"https:\/\/www.covb.cat\/wp-content\/uploads\/2018\/07\/favicon-covb.png\",\"contentUrl\":\"https:\/\/www.covb.cat\/wp-content\/uploads\/2018\/07\/favicon-covb.png\",\"width\":512,\"height\":512,\"caption\":\"COVB\"},\"image\":{\"@id\":\"https:\/\/www.covb.cat\/es\/#\/schema\/logo\/image\/\"},\"sameAs\":[\"https:\/\/www.facebook.com\/COVBcat\/\",\"https:\/\/x.com\/COVBcat\",\"https:\/\/www.youtube.com\/user\/covbcn\"]},{\"@type\":\"Person\",\"@id\":\"\"}]}<\/script>\n<!-- \/ Yoast SEO plugin. -->","yoast_head_json":{"title":"Ya puedes inscribirte en la segunda edici\u00f3n del Curso de Formaci\u00f3n sobre Uso Prudente de Antibi\u00f3ticos - COVB - Col\u00b7legi Oficial de Veterinaris de Barcelona","description":"Como ya hab\u00edamos adelantado, el pr\u00f3ximo mes de junio tendr\u00e1 lugar la segunda edici\u00f3n del Curso de Formaci\u00f3n sobre el Uso Prudente de Antibi\u00f3ticos, que ha","robots":{"index":"index","follow":"follow","max-snippet":"max-snippet:-1","max-image-preview":"max-image-preview:large","max-video-preview":"max-video-preview:-1"},"canonical":"https:\/\/www.covb.cat\/es\/actualitat\/noticies\/general\/ya-puedes-inscribirte-en-la-segunda-edicion-del-curso-de-formacion-sobre-uso-prudente-de-antibioticos\/","og_locale":"es_ES","og_type":"article","og_title":"Ya puedes inscribirte en la segunda edici\u00f3n del Curso de Formaci\u00f3n sobre Uso Prudente de Antibi\u00f3ticos - COVB - Col\u00b7legi Oficial de Veterinaris de Barcelona","og_description":"Como ya hab\u00edamos adelantado, el pr\u00f3ximo mes de junio tendr\u00e1 lugar la segunda edici\u00f3n del Curso de Formaci\u00f3n sobre el Uso Prudente de Antibi\u00f3ticos, que ha","og_url":"https:\/\/www.covb.cat\/es\/actualitat\/noticies\/general\/ya-puedes-inscribirte-en-la-segunda-edicion-del-curso-de-formacion-sobre-uso-prudente-de-antibioticos\/","og_site_name":"COVB","article_publisher":"https:\/\/www.facebook.com\/COVBcat\/","article_published_time":"2021-05-18T13:50:03+00:00","og_image":[{"width":600,"height":247,"url":"https:\/\/www.covb.cat\/wp-content\/uploads\/2021\/03\/bgantibiotics-1.jpg","type":"image\/jpeg"}],"twitter_card":"summary_large_image","twitter_creator":"@COVBcat","twitter_site":"@COVBcat","twitter_misc":{"Escrito por":"","Tiempo de lectura":"2 minutos"},"schema":{"@context":"https:\/\/schema.org","@graph":[{"@type":"Article","@id":"https:\/\/www.covb.cat\/es\/actualitat\/noticies\/general\/ya-puedes-inscribirte-en-la-segunda-edicion-del-curso-de-formacion-sobre-uso-prudente-de-antibioticos\/#article","isPartOf":{"@id":"https:\/\/www.covb.cat\/es\/actualitat\/noticies\/general\/ya-puedes-inscribirte-en-la-segunda-edicion-del-curso-de-formacion-sobre-uso-prudente-de-antibioticos\/"},"author":{"name":"","@id":""},"headline":"Ya puedes inscribirte en la segunda edici\u00f3n del Curso de Formaci\u00f3n sobre Uso Prudente de Antibi\u00f3ticos","datePublished":"2021-05-18T13:50:03+00:00","mainEntityOfPage":{"@id":"https:\/\/www.covb.cat\/es\/actualitat\/noticies\/general\/ya-puedes-inscribirte-en-la-segunda-edicion-del-curso-de-formacion-sobre-uso-prudente-de-antibioticos\/"},"wordCount":481,"publisher":{"@id":"https:\/\/www.covb.cat\/es\/#organization"},"image":{"@id":"https:\/\/www.covb.cat\/es\/actualitat\/noticies\/general\/ya-puedes-inscribirte-en-la-segunda-edicion-del-curso-de-formacion-sobre-uso-prudente-de-antibioticos\/#primaryimage"},"thumbnailUrl":"https:\/\/www.covb.cat\/wp-content\/uploads\/2021\/03\/bgantibiotics-1.jpg","articleSection":["General"],"inLanguage":"es"},{"@type":"WebPage","@id":"https:\/\/www.covb.cat\/es\/actualitat\/noticies\/general\/ya-puedes-inscribirte-en-la-segunda-edicion-del-curso-de-formacion-sobre-uso-prudente-de-antibioticos\/","url":"https:\/\/www.covb.cat\/es\/actualitat\/noticies\/general\/ya-puedes-inscribirte-en-la-segunda-edicion-del-curso-de-formacion-sobre-uso-prudente-de-antibioticos\/","name":"Ya puedes inscribirte en la segunda edici\u00f3n del Curso de Formaci\u00f3n sobre Uso Prudente de Antibi\u00f3ticos - COVB - Col\u00b7legi Oficial de Veterinaris de Barcelona","isPartOf":{"@id":"https:\/\/www.covb.cat\/es\/#website"},"primaryImageOfPage":{"@id":"https:\/\/www.covb.cat\/es\/actualitat\/noticies\/general\/ya-puedes-inscribirte-en-la-segunda-edicion-del-curso-de-formacion-sobre-uso-prudente-de-antibioticos\/#primaryimage"},"image":{"@id":"https:\/\/www.covb.cat\/es\/actualitat\/noticies\/general\/ya-puedes-inscribirte-en-la-segunda-edicion-del-curso-de-formacion-sobre-uso-prudente-de-antibioticos\/#primaryimage"},"thumbnailUrl":"https:\/\/www.covb.cat\/wp-content\/uploads\/2021\/03\/bgantibiotics-1.jpg","datePublished":"2021-05-18T13:50:03+00:00","description":"Como ya hab\u00edamos adelantado, el pr\u00f3ximo mes de junio tendr\u00e1 lugar la segunda edici\u00f3n del Curso de Formaci\u00f3n sobre el Uso Prudente de Antibi\u00f3ticos, que ha","breadcrumb":{"@id":"https:\/\/www.covb.cat\/es\/actualitat\/noticies\/general\/ya-puedes-inscribirte-en-la-segunda-edicion-del-curso-de-formacion-sobre-uso-prudente-de-antibioticos\/#breadcrumb"},"inLanguage":"es","potentialAction":[{"@type":"ReadAction","target":["https:\/\/www.covb.cat\/es\/actualitat\/noticies\/general\/ya-puedes-inscribirte-en-la-segunda-edicion-del-curso-de-formacion-sobre-uso-prudente-de-antibioticos\/"]}]},{"@type":"ImageObject","inLanguage":"es","@id":"https:\/\/www.covb.cat\/es\/actualitat\/noticies\/general\/ya-puedes-inscribirte-en-la-segunda-edicion-del-curso-de-formacion-sobre-uso-prudente-de-antibioticos\/#primaryimage","url":"https:\/\/www.covb.cat\/wp-content\/uploads\/2021\/03\/bgantibiotics-1.jpg","contentUrl":"https:\/\/www.covb.cat\/wp-content\/uploads\/2021\/03\/bgantibiotics-1.jpg","width":600,"height":247},{"@type":"BreadcrumbList","@id":"https:\/\/www.covb.cat\/es\/actualitat\/noticies\/general\/ya-puedes-inscribirte-en-la-segunda-edicion-del-curso-de-formacion-sobre-uso-prudente-de-antibioticos\/#breadcrumb","itemListElement":[{"@type":"ListItem","position":1,"name":"Inici","item":"https:\/\/www.covb.cat\/es\/"},{"@type":"ListItem","position":2,"name":"Ya puedes inscribirte en la segunda edici\u00f3n del Curso de Formaci\u00f3n sobre Uso Prudente de Antibi\u00f3ticos"}]},{"@type":"WebSite","@id":"https:\/\/www.covb.cat\/es\/#website","url":"https:\/\/www.covb.cat\/es\/","name":"COVB","description":"Col\u00b7legi Oficial de Veterinaris de Barcelona","publisher":{"@id":"https:\/\/www.covb.cat\/es\/#organization"},"potentialAction":[{"@type":"SearchAction","target":{"@type":"EntryPoint","urlTemplate":"https:\/\/www.covb.cat\/es\/?s={search_term_string}"},"query-input":{"@type":"PropertyValueSpecification","valueRequired":true,"valueName":"search_term_string"}}],"inLanguage":"es"},{"@type":"Organization","@id":"https:\/\/www.covb.cat\/es\/#organization","name":"COVB","url":"https:\/\/www.covb.cat\/es\/","logo":{"@type":"ImageObject","inLanguage":"es","@id":"https:\/\/www.covb.cat\/es\/#\/schema\/logo\/image\/","url":"https:\/\/www.covb.cat\/wp-content\/uploads\/2018\/07\/favicon-covb.png","contentUrl":"https:\/\/www.covb.cat\/wp-content\/uploads\/2018\/07\/favicon-covb.png","width":512,"height":512,"caption":"COVB"},"image":{"@id":"https:\/\/www.covb.cat\/es\/#\/schema\/logo\/image\/"},"sameAs":["https:\/\/www.facebook.com\/COVBcat\/","https:\/\/x.com\/COVBcat","https:\/\/www.youtube.com\/user\/covbcn"]},{"@type":"Person","@id":""}]}},"jetpack_featured_media_url":"https:\/\/www.covb.cat\/wp-content\/uploads\/2021\/03\/bgantibiotics-1.jpg","jetpack_sharing_enabled":true,"_links":{"self":[{"href":"https:\/\/www.covb.cat\/es\/wp-json\/wp\/v2\/posts\/8396","targetHints":{"allow":["GET"]}}],"collection":[{"href":"https:\/\/www.covb.cat\/es\/wp-json\/wp\/v2\/posts"}],"about":[{"href":"https:\/\/www.covb.cat\/es\/wp-json\/wp\/v2\/types\/post"}],"author":[{"embeddable":true,"href":"https:\/\/www.covb.cat\/es\/wp-json\/wp\/v2\/users\/106"}],"replies":[{"embeddable":true,"href":"https:\/\/www.covb.cat\/es\/wp-json\/wp\/v2\/comments?post=8396"}],"version-history":[{"count":0,"href":"https:\/\/www.covb.cat\/es\/wp-json\/wp\/v2\/posts\/8396\/revisions"}],"wp:featuredmedia":[{"embeddable":true,"href":"https:\/\/www.covb.cat\/es\/wp-json\/wp\/v2\/media\/6971"}],"wp:attachment":[{"href":"https:\/\/www.covb.cat\/es\/wp-json\/wp\/v2\/media?parent=8396"}],"wp:term":[{"taxonomy":"category","embeddable":true,"href":"https:\/\/www.covb.cat\/es\/wp-json\/wp\/v2\/categories?post=8396"},{"taxonomy":"post_tag","embeddable":true,"href":"https:\/\/www.covb.cat\/es\/wp-json\/wp\/v2\/tags?post=8396"}],"curies":[{"name":"wp","href":"https:\/\/api.w.org\/{rel}","templated":true}]}}