{"id":8076,"date":"2021-05-06T13:12:33","date_gmt":"2021-05-06T11:12:33","guid":{"rendered":"https:\/\/www.covb.cat\/?p=8076"},"modified":"2021-05-06T13:12:33","modified_gmt":"2021-05-06T11:12:33","slug":"informacion-general-sobre-la-vacuna-de-astrazeneca-para-personas-menores-de-60-anos","status":"publish","type":"post","link":"https:\/\/www.covb.cat\/es\/actualitat\/noticies\/general\/informacion-general-sobre-la-vacuna-de-astrazeneca-para-personas-menores-de-60-anos\/","title":{"rendered":"Informaci\u00f3n general sobre la vacuna de AstraZeneca para personas menores de 60 a\u00f1os"},"content":{"rendered":"<p style=\"font-weight: 400;\">Recogemos varias informaciones relevantes de la campa\u00f1a de vacunaci\u00f3n seg\u00fan las \u00faltimas actualizaciones del Ministerio de Sanidad del Gobierno de Espa\u00f1a facilitadas por el Departament de Salut de la Generalitat de Catalunya:<\/p>\n<ol>\n<li style=\"font-weight: 400;\">Para las personas que recibieron la primera dosis de AstraZeneca y son menores de 60 a\u00f1os: la Comisi\u00f3n de Salud P\u00fablica del Ministerio decidi\u00f3 el viernes 30 de abril, aplaza la segunda dosis de Oxford-AstraZeneca en personas menores de 60 a\u00f1os hasta las 16 semanas mientras se esperan nuevos datos. Este es el enlace a la nota informativa:<\/li>\n<\/ol>\n<p style=\"font-weight: 400;\"><a href=\"https:\/\/www.mscbs.gob.es\/profesionales\/saludPublica\/prevPromocion\/vacunaciones\/covid19\/docs\/Nota_AZ_Informacion_personas_menores_60anos_vacunadas_una_dosis.pdf\" data-saferedirecturl=\"https:\/\/www.google.com\/url?q=https:\/\/www.mscbs.gob.es\/profesionales\/saludPublica\/prevPromocion\/vacunaciones\/covid19\/docs\/Nota_AZ_Informacion_personas_menores_60anos_vacunadas_una_dosis.pdf&amp;source=gmail&amp;ust=1620385317623000&amp;usg=AFQjCNHnHh9q9-KN4rKL62ZV-5lXHVbhlg\">https:\/\/www.mscbs.gob.es\/profesionales\/saludPublica\/prevPromocion\/vacunaciones\/covid19\/docs\/Nota_AZ_Informacion_personas_menores_60anos_vacunadas_una_dosis.pdf<\/a><\/p>\n<ol start=\"2\">\n<li style=\"font-weight: 400;\">Para los profesionales de los grupos 3B y 3C que no han recibido ninguna dosis, la Estrategia de Vacunaci\u00f3n del Ministerio (actualizaci\u00f3n 6) dej\u00f3 en suspenso la vacunaci\u00f3n hasta avanzar en el grupo de m\u00e1s de 60 a\u00f1os: entendemos que a partir de la pr\u00f3xima semana se podr\u00e1n reprogramar, pues estamos recibiendo un n\u00famero de vacunas importante esta semana.<\/li>\n<li style=\"font-weight: 400;\">Para las personas que trabajan en los \u00e1mbitos de acci\u00f3n de grupo 1, 2 sigue activa (hospitales de agudos, sociosanitarios, residencias y primaria principalmente).<\/li>\n<\/ol>\n<p style=\"font-weight: 400;\">Toda la informaci\u00f3n relativa a los grupos priorizados en la \u00faltima actualizaci\u00f3n del Ministerio (6), se puede consultar en el siguiente enlace:<\/p>\n<p style=\"font-weight: 400;\"><a href=\"https:\/\/www.mscbs.gob.es\/profesionales\/saludPublica\/prevPromocion\/vacunaciones\/covid19\/docs\/COVID-19_Actualizacion6_EstrategiaVacunacion.pdf\" data-saferedirecturl=\"https:\/\/www.google.com\/url?q=https:\/\/www.mscbs.gob.es\/profesionales\/saludPublica\/prevPromocion\/vacunaciones\/covid19\/docs\/COVID-19_Actualizacion6_EstrategiaVacunacion.pdf&amp;source=gmail&amp;ust=1620385317624000&amp;usg=AFQjCNEtryd-4RYS0MzJCp5Arf4aruWhoQ\">https:\/\/www.mscbs.gob.es\/profesionales\/saludPublica\/prevPromocion\/vacunaciones\/covid19\/docs\/COVID-19_Actualizacion6_EstrategiaVacunacion.pdf<\/a><\/p>\n","protected":false},"excerpt":{"rendered":"<p>Recogemos varias informaciones relevantes de la campa\u00f1a de vacunaci\u00f3n seg\u00fan las \u00faltimas actualizaciones del Ministerio de Sanidad del Gobierno de Espa\u00f1a facilitadas por el Departament de Salut de la Generalitat de Catalunya: Para las personas que recibieron la primera dosis de AstraZeneca y son menores de 60 a\u00f1os: la Comisi\u00f3n de Salud P\u00fablica del Ministerio [&hellip;]<\/p>\n","protected":false},"author":106,"featured_media":8037,"comment_status":"closed","ping_status":"closed","sticky":false,"template":"","format":"standard","meta":{"_monsterinsights_skip_tracking":false,"_monsterinsights_sitenote_active":false,"_monsterinsights_sitenote_note":"","_monsterinsights_sitenote_category":0,"_jetpack_memberships_contains_paid_content":false,"footnotes":""},"categories":[17],"tags":[],"class_list":["post-8076","post","type-post","status-publish","format-standard","has-post-thumbnail","hentry","category-general"],"yoast_head":"<!-- This site is optimized with the Yoast SEO plugin v27.0 - https:\/\/yoast.com\/product\/yoast-seo-wordpress\/ -->\n<title>Informaci\u00f3n general sobre la vacuna de AstraZeneca para personas menores de 60 a\u00f1os - COVB - Col\u00b7legi Oficial de Veterinaris de Barcelona<\/title>\n<meta name=\"description\" content=\"Recogemos varias informaciones relevantes de la campa\u00f1a de vacunaci\u00f3n seg\u00fan las \u00faltimas actualizaciones del Ministerio de Sanidad del Gobierno de Espa\u00f1a\" \/>\n<meta name=\"robots\" content=\"index, follow, max-snippet:-1, max-image-preview:large, max-video-preview:-1\" \/>\n<link rel=\"canonical\" href=\"https:\/\/www.covb.cat\/es\/actualitat\/noticies\/general\/informacion-general-sobre-la-vacuna-de-astrazeneca-para-personas-menores-de-60-anos\/\" \/>\n<meta property=\"og:locale\" content=\"es_ES\" \/>\n<meta property=\"og:type\" content=\"article\" \/>\n<meta property=\"og:title\" content=\"Informaci\u00f3n general sobre la vacuna de AstraZeneca para personas menores de 60 a\u00f1os - COVB - Col\u00b7legi Oficial de Veterinaris de Barcelona\" \/>\n<meta property=\"og:description\" content=\"Recogemos varias informaciones relevantes de la campa\u00f1a de vacunaci\u00f3n seg\u00fan las \u00faltimas actualizaciones del Ministerio de Sanidad del Gobierno de Espa\u00f1a\" \/>\n<meta property=\"og:url\" content=\"https:\/\/www.covb.cat\/es\/actualitat\/noticies\/general\/informacion-general-sobre-la-vacuna-de-astrazeneca-para-personas-menores-de-60-anos\/\" \/>\n<meta property=\"og:site_name\" content=\"COVB\" \/>\n<meta property=\"article:publisher\" content=\"https:\/\/www.facebook.com\/COVBcat\/\" \/>\n<meta property=\"article:published_time\" content=\"2021-05-06T11:12:33+00:00\" \/>\n<meta property=\"og:image\" content=\"https:\/\/www.covb.cat\/wp-content\/uploads\/2021\/05\/bgvacuna.jpg\" \/>\n\t<meta property=\"og:image:width\" content=\"600\" \/>\n\t<meta property=\"og:image:height\" content=\"247\" \/>\n\t<meta property=\"og:image:type\" content=\"image\/jpeg\" \/>\n<meta name=\"twitter:card\" content=\"summary_large_image\" \/>\n<meta name=\"twitter:creator\" content=\"@COVBcat\" \/>\n<meta name=\"twitter:site\" content=\"@COVBcat\" \/>\n<meta name=\"twitter:label1\" content=\"Escrito por\" \/>\n\t<meta name=\"twitter:data1\" content=\"\" \/>\n\t<meta name=\"twitter:label2\" content=\"Tiempo de lectura\" \/>\n\t<meta name=\"twitter:data2\" content=\"1 minuto\" \/>\n<script type=\"application\/ld+json\" class=\"yoast-schema-graph\">{\"@context\":\"https:\/\/schema.org\",\"@graph\":[{\"@type\":\"Article\",\"@id\":\"https:\/\/www.covb.cat\/es\/actualitat\/noticies\/general\/informacion-general-sobre-la-vacuna-de-astrazeneca-para-personas-menores-de-60-anos\/#article\",\"isPartOf\":{\"@id\":\"https:\/\/www.covb.cat\/es\/actualitat\/noticies\/general\/informacion-general-sobre-la-vacuna-de-astrazeneca-para-personas-menores-de-60-anos\/\"},\"author\":{\"name\":\"\",\"@id\":\"\"},\"headline\":\"Informaci\u00f3n general sobre la vacuna de AstraZeneca para personas menores de 60 a\u00f1os\",\"datePublished\":\"2021-05-06T11:12:33+00:00\",\"mainEntityOfPage\":{\"@id\":\"https:\/\/www.covb.cat\/es\/actualitat\/noticies\/general\/informacion-general-sobre-la-vacuna-de-astrazeneca-para-personas-menores-de-60-anos\/\"},\"wordCount\":255,\"publisher\":{\"@id\":\"https:\/\/www.covb.cat\/es\/#organization\"},\"image\":{\"@id\":\"https:\/\/www.covb.cat\/es\/actualitat\/noticies\/general\/informacion-general-sobre-la-vacuna-de-astrazeneca-para-personas-menores-de-60-anos\/#primaryimage\"},\"thumbnailUrl\":\"https:\/\/www.covb.cat\/wp-content\/uploads\/2021\/05\/bgvacuna.jpg\",\"articleSection\":[\"General\"],\"inLanguage\":\"es\"},{\"@type\":\"WebPage\",\"@id\":\"https:\/\/www.covb.cat\/es\/actualitat\/noticies\/general\/informacion-general-sobre-la-vacuna-de-astrazeneca-para-personas-menores-de-60-anos\/\",\"url\":\"https:\/\/www.covb.cat\/es\/actualitat\/noticies\/general\/informacion-general-sobre-la-vacuna-de-astrazeneca-para-personas-menores-de-60-anos\/\",\"name\":\"Informaci\u00f3n general sobre la vacuna de AstraZeneca para personas menores de 60 a\u00f1os - COVB - Col\u00b7legi Oficial de Veterinaris de Barcelona\",\"isPartOf\":{\"@id\":\"https:\/\/www.covb.cat\/es\/#website\"},\"primaryImageOfPage\":{\"@id\":\"https:\/\/www.covb.cat\/es\/actualitat\/noticies\/general\/informacion-general-sobre-la-vacuna-de-astrazeneca-para-personas-menores-de-60-anos\/#primaryimage\"},\"image\":{\"@id\":\"https:\/\/www.covb.cat\/es\/actualitat\/noticies\/general\/informacion-general-sobre-la-vacuna-de-astrazeneca-para-personas-menores-de-60-anos\/#primaryimage\"},\"thumbnailUrl\":\"https:\/\/www.covb.cat\/wp-content\/uploads\/2021\/05\/bgvacuna.jpg\",\"datePublished\":\"2021-05-06T11:12:33+00:00\",\"description\":\"Recogemos varias informaciones relevantes de la campa\u00f1a de vacunaci\u00f3n seg\u00fan las \u00faltimas actualizaciones del Ministerio de Sanidad del Gobierno de Espa\u00f1a\",\"breadcrumb\":{\"@id\":\"https:\/\/www.covb.cat\/es\/actualitat\/noticies\/general\/informacion-general-sobre-la-vacuna-de-astrazeneca-para-personas-menores-de-60-anos\/#breadcrumb\"},\"inLanguage\":\"es\",\"potentialAction\":[{\"@type\":\"ReadAction\",\"target\":[\"https:\/\/www.covb.cat\/es\/actualitat\/noticies\/general\/informacion-general-sobre-la-vacuna-de-astrazeneca-para-personas-menores-de-60-anos\/\"]}]},{\"@type\":\"ImageObject\",\"inLanguage\":\"es\",\"@id\":\"https:\/\/www.covb.cat\/es\/actualitat\/noticies\/general\/informacion-general-sobre-la-vacuna-de-astrazeneca-para-personas-menores-de-60-anos\/#primaryimage\",\"url\":\"https:\/\/www.covb.cat\/wp-content\/uploads\/2021\/05\/bgvacuna.jpg\",\"contentUrl\":\"https:\/\/www.covb.cat\/wp-content\/uploads\/2021\/05\/bgvacuna.jpg\",\"width\":600,\"height\":247},{\"@type\":\"BreadcrumbList\",\"@id\":\"https:\/\/www.covb.cat\/es\/actualitat\/noticies\/general\/informacion-general-sobre-la-vacuna-de-astrazeneca-para-personas-menores-de-60-anos\/#breadcrumb\",\"itemListElement\":[{\"@type\":\"ListItem\",\"position\":1,\"name\":\"Inici\",\"item\":\"https:\/\/www.covb.cat\/es\/\"},{\"@type\":\"ListItem\",\"position\":2,\"name\":\"Informaci\u00f3n general sobre la vacuna de AstraZeneca para personas menores de 60 a\u00f1os\"}]},{\"@type\":\"WebSite\",\"@id\":\"https:\/\/www.covb.cat\/es\/#website\",\"url\":\"https:\/\/www.covb.cat\/es\/\",\"name\":\"COVB\",\"description\":\"Col\u00b7legi Oficial de Veterinaris de Barcelona\",\"publisher\":{\"@id\":\"https:\/\/www.covb.cat\/es\/#organization\"},\"potentialAction\":[{\"@type\":\"SearchAction\",\"target\":{\"@type\":\"EntryPoint\",\"urlTemplate\":\"https:\/\/www.covb.cat\/es\/?s={search_term_string}\"},\"query-input\":{\"@type\":\"PropertyValueSpecification\",\"valueRequired\":true,\"valueName\":\"search_term_string\"}}],\"inLanguage\":\"es\"},{\"@type\":\"Organization\",\"@id\":\"https:\/\/www.covb.cat\/es\/#organization\",\"name\":\"COVB\",\"url\":\"https:\/\/www.covb.cat\/es\/\",\"logo\":{\"@type\":\"ImageObject\",\"inLanguage\":\"es\",\"@id\":\"https:\/\/www.covb.cat\/es\/#\/schema\/logo\/image\/\",\"url\":\"https:\/\/www.covb.cat\/wp-content\/uploads\/2018\/07\/favicon-covb.png\",\"contentUrl\":\"https:\/\/www.covb.cat\/wp-content\/uploads\/2018\/07\/favicon-covb.png\",\"width\":512,\"height\":512,\"caption\":\"COVB\"},\"image\":{\"@id\":\"https:\/\/www.covb.cat\/es\/#\/schema\/logo\/image\/\"},\"sameAs\":[\"https:\/\/www.facebook.com\/COVBcat\/\",\"https:\/\/x.com\/COVBcat\",\"https:\/\/www.youtube.com\/user\/covbcn\"]},{\"@type\":\"Person\",\"@id\":\"\"}]}<\/script>\n<!-- \/ Yoast SEO plugin. -->","yoast_head_json":{"title":"Informaci\u00f3n general sobre la vacuna de AstraZeneca para personas menores de 60 a\u00f1os - COVB - Col\u00b7legi Oficial de Veterinaris de Barcelona","description":"Recogemos varias informaciones relevantes de la campa\u00f1a de vacunaci\u00f3n seg\u00fan las \u00faltimas actualizaciones del Ministerio de Sanidad del Gobierno de Espa\u00f1a","robots":{"index":"index","follow":"follow","max-snippet":"max-snippet:-1","max-image-preview":"max-image-preview:large","max-video-preview":"max-video-preview:-1"},"canonical":"https:\/\/www.covb.cat\/es\/actualitat\/noticies\/general\/informacion-general-sobre-la-vacuna-de-astrazeneca-para-personas-menores-de-60-anos\/","og_locale":"es_ES","og_type":"article","og_title":"Informaci\u00f3n general sobre la vacuna de AstraZeneca para personas menores de 60 a\u00f1os - COVB - Col\u00b7legi Oficial de Veterinaris de Barcelona","og_description":"Recogemos varias informaciones relevantes de la campa\u00f1a de vacunaci\u00f3n seg\u00fan las \u00faltimas actualizaciones del Ministerio de Sanidad del Gobierno de Espa\u00f1a","og_url":"https:\/\/www.covb.cat\/es\/actualitat\/noticies\/general\/informacion-general-sobre-la-vacuna-de-astrazeneca-para-personas-menores-de-60-anos\/","og_site_name":"COVB","article_publisher":"https:\/\/www.facebook.com\/COVBcat\/","article_published_time":"2021-05-06T11:12:33+00:00","og_image":[{"width":600,"height":247,"url":"https:\/\/www.covb.cat\/wp-content\/uploads\/2021\/05\/bgvacuna.jpg","type":"image\/jpeg"}],"twitter_card":"summary_large_image","twitter_creator":"@COVBcat","twitter_site":"@COVBcat","twitter_misc":{"Escrito por":"","Tiempo de lectura":"1 minuto"},"schema":{"@context":"https:\/\/schema.org","@graph":[{"@type":"Article","@id":"https:\/\/www.covb.cat\/es\/actualitat\/noticies\/general\/informacion-general-sobre-la-vacuna-de-astrazeneca-para-personas-menores-de-60-anos\/#article","isPartOf":{"@id":"https:\/\/www.covb.cat\/es\/actualitat\/noticies\/general\/informacion-general-sobre-la-vacuna-de-astrazeneca-para-personas-menores-de-60-anos\/"},"author":{"name":"","@id":""},"headline":"Informaci\u00f3n general sobre la vacuna de AstraZeneca para personas menores de 60 a\u00f1os","datePublished":"2021-05-06T11:12:33+00:00","mainEntityOfPage":{"@id":"https:\/\/www.covb.cat\/es\/actualitat\/noticies\/general\/informacion-general-sobre-la-vacuna-de-astrazeneca-para-personas-menores-de-60-anos\/"},"wordCount":255,"publisher":{"@id":"https:\/\/www.covb.cat\/es\/#organization"},"image":{"@id":"https:\/\/www.covb.cat\/es\/actualitat\/noticies\/general\/informacion-general-sobre-la-vacuna-de-astrazeneca-para-personas-menores-de-60-anos\/#primaryimage"},"thumbnailUrl":"https:\/\/www.covb.cat\/wp-content\/uploads\/2021\/05\/bgvacuna.jpg","articleSection":["General"],"inLanguage":"es"},{"@type":"WebPage","@id":"https:\/\/www.covb.cat\/es\/actualitat\/noticies\/general\/informacion-general-sobre-la-vacuna-de-astrazeneca-para-personas-menores-de-60-anos\/","url":"https:\/\/www.covb.cat\/es\/actualitat\/noticies\/general\/informacion-general-sobre-la-vacuna-de-astrazeneca-para-personas-menores-de-60-anos\/","name":"Informaci\u00f3n general sobre la vacuna de AstraZeneca para personas menores de 60 a\u00f1os - COVB - Col\u00b7legi Oficial de Veterinaris de Barcelona","isPartOf":{"@id":"https:\/\/www.covb.cat\/es\/#website"},"primaryImageOfPage":{"@id":"https:\/\/www.covb.cat\/es\/actualitat\/noticies\/general\/informacion-general-sobre-la-vacuna-de-astrazeneca-para-personas-menores-de-60-anos\/#primaryimage"},"image":{"@id":"https:\/\/www.covb.cat\/es\/actualitat\/noticies\/general\/informacion-general-sobre-la-vacuna-de-astrazeneca-para-personas-menores-de-60-anos\/#primaryimage"},"thumbnailUrl":"https:\/\/www.covb.cat\/wp-content\/uploads\/2021\/05\/bgvacuna.jpg","datePublished":"2021-05-06T11:12:33+00:00","description":"Recogemos varias informaciones relevantes de la campa\u00f1a de vacunaci\u00f3n seg\u00fan las \u00faltimas actualizaciones del Ministerio de Sanidad del Gobierno de Espa\u00f1a","breadcrumb":{"@id":"https:\/\/www.covb.cat\/es\/actualitat\/noticies\/general\/informacion-general-sobre-la-vacuna-de-astrazeneca-para-personas-menores-de-60-anos\/#breadcrumb"},"inLanguage":"es","potentialAction":[{"@type":"ReadAction","target":["https:\/\/www.covb.cat\/es\/actualitat\/noticies\/general\/informacion-general-sobre-la-vacuna-de-astrazeneca-para-personas-menores-de-60-anos\/"]}]},{"@type":"ImageObject","inLanguage":"es","@id":"https:\/\/www.covb.cat\/es\/actualitat\/noticies\/general\/informacion-general-sobre-la-vacuna-de-astrazeneca-para-personas-menores-de-60-anos\/#primaryimage","url":"https:\/\/www.covb.cat\/wp-content\/uploads\/2021\/05\/bgvacuna.jpg","contentUrl":"https:\/\/www.covb.cat\/wp-content\/uploads\/2021\/05\/bgvacuna.jpg","width":600,"height":247},{"@type":"BreadcrumbList","@id":"https:\/\/www.covb.cat\/es\/actualitat\/noticies\/general\/informacion-general-sobre-la-vacuna-de-astrazeneca-para-personas-menores-de-60-anos\/#breadcrumb","itemListElement":[{"@type":"ListItem","position":1,"name":"Inici","item":"https:\/\/www.covb.cat\/es\/"},{"@type":"ListItem","position":2,"name":"Informaci\u00f3n general sobre la vacuna de AstraZeneca para personas menores de 60 a\u00f1os"}]},{"@type":"WebSite","@id":"https:\/\/www.covb.cat\/es\/#website","url":"https:\/\/www.covb.cat\/es\/","name":"COVB","description":"Col\u00b7legi Oficial de Veterinaris de Barcelona","publisher":{"@id":"https:\/\/www.covb.cat\/es\/#organization"},"potentialAction":[{"@type":"SearchAction","target":{"@type":"EntryPoint","urlTemplate":"https:\/\/www.covb.cat\/es\/?s={search_term_string}"},"query-input":{"@type":"PropertyValueSpecification","valueRequired":true,"valueName":"search_term_string"}}],"inLanguage":"es"},{"@type":"Organization","@id":"https:\/\/www.covb.cat\/es\/#organization","name":"COVB","url":"https:\/\/www.covb.cat\/es\/","logo":{"@type":"ImageObject","inLanguage":"es","@id":"https:\/\/www.covb.cat\/es\/#\/schema\/logo\/image\/","url":"https:\/\/www.covb.cat\/wp-content\/uploads\/2018\/07\/favicon-covb.png","contentUrl":"https:\/\/www.covb.cat\/wp-content\/uploads\/2018\/07\/favicon-covb.png","width":512,"height":512,"caption":"COVB"},"image":{"@id":"https:\/\/www.covb.cat\/es\/#\/schema\/logo\/image\/"},"sameAs":["https:\/\/www.facebook.com\/COVBcat\/","https:\/\/x.com\/COVBcat","https:\/\/www.youtube.com\/user\/covbcn"]},{"@type":"Person","@id":""}]}},"jetpack_featured_media_url":"https:\/\/www.covb.cat\/wp-content\/uploads\/2021\/05\/bgvacuna.jpg","jetpack_sharing_enabled":true,"_links":{"self":[{"href":"https:\/\/www.covb.cat\/es\/wp-json\/wp\/v2\/posts\/8076","targetHints":{"allow":["GET"]}}],"collection":[{"href":"https:\/\/www.covb.cat\/es\/wp-json\/wp\/v2\/posts"}],"about":[{"href":"https:\/\/www.covb.cat\/es\/wp-json\/wp\/v2\/types\/post"}],"author":[{"embeddable":true,"href":"https:\/\/www.covb.cat\/es\/wp-json\/wp\/v2\/users\/106"}],"replies":[{"embeddable":true,"href":"https:\/\/www.covb.cat\/es\/wp-json\/wp\/v2\/comments?post=8076"}],"version-history":[{"count":0,"href":"https:\/\/www.covb.cat\/es\/wp-json\/wp\/v2\/posts\/8076\/revisions"}],"wp:featuredmedia":[{"embeddable":true,"href":"https:\/\/www.covb.cat\/es\/wp-json\/wp\/v2\/media\/8037"}],"wp:attachment":[{"href":"https:\/\/www.covb.cat\/es\/wp-json\/wp\/v2\/media?parent=8076"}],"wp:term":[{"taxonomy":"category","embeddable":true,"href":"https:\/\/www.covb.cat\/es\/wp-json\/wp\/v2\/categories?post=8076"},{"taxonomy":"post_tag","embeddable":true,"href":"https:\/\/www.covb.cat\/es\/wp-json\/wp\/v2\/tags?post=8076"}],"curies":[{"name":"wp","href":"https:\/\/api.w.org\/{rel}","templated":true}]}}