{"id":7941,"date":"2021-04-30T14:39:55","date_gmt":"2021-04-30T12:39:55","guid":{"rendered":"https:\/\/www.covb.cat\/?p=7941"},"modified":"2021-04-30T14:39:55","modified_gmt":"2021-04-30T12:39:55","slug":"el-covb-se-reune-con-el-presiente-en-funciones-el-molt-honorable-sr-pere-aragones","status":"publish","type":"post","link":"https:\/\/www.covb.cat\/es\/actualitat\/noticies\/general\/el-covb-se-reune-con-el-presiente-en-funciones-el-molt-honorable-sr-pere-aragones\/","title":{"rendered":"El COVB se re\u00fane con el presiente en funciones, el Molt Honorable Sr. Pere Aragon\u00e8s"},"content":{"rendered":"<p>Representantes de todas las profesiones sanitarias se reunieron hace unos d\u00edas con el Molt Honorable Sr. Pere Aragon\u00e8s, presidente en funciones de la Generalitat de Catalunya, para exponerle la situaci\u00f3n actual de la pandemia de la COVID-19.<\/p>\n<p>El COVB explico que la salud p\u00fablica y la pandemia han demostrado que es imprescindible que nos sumemos a la investigaci\u00f3n m\u00e9dica y veterinaria, tal y como recomienda la OMS (Organizaci\u00f3n Mundial de la Salud) impulsando el concepto One Health. Tambi\u00e9n se record\u00f3 la necesidad de que la vacunaci\u00f3n llegue a todos los veterinarios, sea cual sea su edad, y al resto de profesionales que trabajan en su entrono.<\/p>\n","protected":false},"excerpt":{"rendered":"<p>Representantes de todas las profesiones sanitarias se reunieron hace unos d\u00edas con el Molt Honorable Sr. Pere Aragon\u00e8s, presidente en funciones de la Generalitat de Catalunya, para exponerle la situaci\u00f3n actual de la pandemia de la COVID-19. El COVB explico que la salud p\u00fablica y la pandemia han demostrado que es imprescindible que nos sumemos [&hellip;]<\/p>\n","protected":false},"author":106,"featured_media":982,"comment_status":"closed","ping_status":"closed","sticky":false,"template":"","format":"standard","meta":{"_monsterinsights_skip_tracking":false,"_monsterinsights_sitenote_active":false,"_monsterinsights_sitenote_note":"","_monsterinsights_sitenote_category":0,"_jetpack_memberships_contains_paid_content":false,"footnotes":""},"categories":[138,17],"tags":[],"class_list":["post-7941","post","type-post","status-publish","format-standard","has-post-thumbnail","hentry","category-corporativo","category-general"],"yoast_head":"<!-- This site is optimized with the Yoast SEO plugin v27.0 - https:\/\/yoast.com\/product\/yoast-seo-wordpress\/ -->\n<title>El COVB se re\u00fane con el presiente en funciones, el Molt Honorable Sr. Pere Aragon\u00e8s - COVB - Col\u00b7legi Oficial de Veterinaris de Barcelona<\/title>\n<meta name=\"description\" content=\"Representantes de todas las profesiones sanitarias se reunieron hace unos d\u00edas con el Molt Honorable Sr. Pere Aragon\u00e8s, presidente en funciones de la\" \/>\n<meta name=\"robots\" content=\"index, follow, max-snippet:-1, max-image-preview:large, max-video-preview:-1\" \/>\n<link rel=\"canonical\" href=\"https:\/\/www.covb.cat\/es\/actualitat\/noticies\/general\/el-covb-se-reune-con-el-presiente-en-funciones-el-molt-honorable-sr-pere-aragones\/\" \/>\n<meta property=\"og:locale\" content=\"es_ES\" \/>\n<meta property=\"og:type\" content=\"article\" \/>\n<meta property=\"og:title\" content=\"El COVB se re\u00fane con el presiente en funciones, el Molt Honorable Sr. Pere Aragon\u00e8s - COVB - Col\u00b7legi Oficial de Veterinaris de Barcelona\" \/>\n<meta property=\"og:description\" content=\"Representantes de todas las profesiones sanitarias se reunieron hace unos d\u00edas con el Molt Honorable Sr. Pere Aragon\u00e8s, presidente en funciones de la\" \/>\n<meta property=\"og:url\" content=\"https:\/\/www.covb.cat\/es\/actualitat\/noticies\/general\/el-covb-se-reune-con-el-presiente-en-funciones-el-molt-honorable-sr-pere-aragones\/\" \/>\n<meta property=\"og:site_name\" content=\"COVB\" \/>\n<meta property=\"article:publisher\" content=\"https:\/\/www.facebook.com\/COVBcat\/\" \/>\n<meta property=\"article:published_time\" content=\"2021-04-30T12:39:55+00:00\" \/>\n<meta property=\"og:image\" content=\"https:\/\/www.covb.cat\/wp-content\/uploads\/2020\/04\/covb.jpg\" \/>\n\t<meta property=\"og:image:width\" content=\"992\" \/>\n\t<meta property=\"og:image:height\" content=\"558\" \/>\n\t<meta property=\"og:image:type\" content=\"image\/jpeg\" \/>\n<meta name=\"twitter:card\" content=\"summary_large_image\" \/>\n<meta name=\"twitter:creator\" content=\"@COVBcat\" \/>\n<meta name=\"twitter:site\" content=\"@COVBcat\" \/>\n<meta name=\"twitter:label1\" content=\"Escrito por\" \/>\n\t<meta name=\"twitter:data1\" content=\"\" \/>\n\t<meta name=\"twitter:label2\" content=\"Tiempo de lectura\" \/>\n\t<meta name=\"twitter:data2\" content=\"1 minuto\" \/>\n<script type=\"application\/ld+json\" class=\"yoast-schema-graph\">{\"@context\":\"https:\/\/schema.org\",\"@graph\":[{\"@type\":\"Article\",\"@id\":\"https:\/\/www.covb.cat\/es\/actualitat\/noticies\/general\/el-covb-se-reune-con-el-presiente-en-funciones-el-molt-honorable-sr-pere-aragones\/#article\",\"isPartOf\":{\"@id\":\"https:\/\/www.covb.cat\/es\/actualitat\/noticies\/general\/el-covb-se-reune-con-el-presiente-en-funciones-el-molt-honorable-sr-pere-aragones\/\"},\"author\":{\"name\":\"\",\"@id\":\"\"},\"headline\":\"El COVB se re\u00fane con el presiente en funciones, el Molt Honorable Sr. Pere Aragon\u00e8s\",\"datePublished\":\"2021-04-30T12:39:55+00:00\",\"mainEntityOfPage\":{\"@id\":\"https:\/\/www.covb.cat\/es\/actualitat\/noticies\/general\/el-covb-se-reune-con-el-presiente-en-funciones-el-molt-honorable-sr-pere-aragones\/\"},\"wordCount\":132,\"publisher\":{\"@id\":\"https:\/\/www.covb.cat\/es\/#organization\"},\"image\":{\"@id\":\"https:\/\/www.covb.cat\/es\/actualitat\/noticies\/general\/el-covb-se-reune-con-el-presiente-en-funciones-el-molt-honorable-sr-pere-aragones\/#primaryimage\"},\"thumbnailUrl\":\"https:\/\/www.covb.cat\/wp-content\/uploads\/2020\/04\/covb.jpg\",\"articleSection\":[\"Corporativo\",\"General\"],\"inLanguage\":\"es\"},{\"@type\":\"WebPage\",\"@id\":\"https:\/\/www.covb.cat\/es\/actualitat\/noticies\/general\/el-covb-se-reune-con-el-presiente-en-funciones-el-molt-honorable-sr-pere-aragones\/\",\"url\":\"https:\/\/www.covb.cat\/es\/actualitat\/noticies\/general\/el-covb-se-reune-con-el-presiente-en-funciones-el-molt-honorable-sr-pere-aragones\/\",\"name\":\"El COVB se re\u00fane con el presiente en funciones, el Molt Honorable Sr. Pere Aragon\u00e8s - COVB - Col\u00b7legi Oficial de Veterinaris de Barcelona\",\"isPartOf\":{\"@id\":\"https:\/\/www.covb.cat\/es\/#website\"},\"primaryImageOfPage\":{\"@id\":\"https:\/\/www.covb.cat\/es\/actualitat\/noticies\/general\/el-covb-se-reune-con-el-presiente-en-funciones-el-molt-honorable-sr-pere-aragones\/#primaryimage\"},\"image\":{\"@id\":\"https:\/\/www.covb.cat\/es\/actualitat\/noticies\/general\/el-covb-se-reune-con-el-presiente-en-funciones-el-molt-honorable-sr-pere-aragones\/#primaryimage\"},\"thumbnailUrl\":\"https:\/\/www.covb.cat\/wp-content\/uploads\/2020\/04\/covb.jpg\",\"datePublished\":\"2021-04-30T12:39:55+00:00\",\"description\":\"Representantes de todas las profesiones sanitarias se reunieron hace unos d\u00edas con el Molt Honorable Sr. Pere Aragon\u00e8s, presidente en funciones de la\",\"breadcrumb\":{\"@id\":\"https:\/\/www.covb.cat\/es\/actualitat\/noticies\/general\/el-covb-se-reune-con-el-presiente-en-funciones-el-molt-honorable-sr-pere-aragones\/#breadcrumb\"},\"inLanguage\":\"es\",\"potentialAction\":[{\"@type\":\"ReadAction\",\"target\":[\"https:\/\/www.covb.cat\/es\/actualitat\/noticies\/general\/el-covb-se-reune-con-el-presiente-en-funciones-el-molt-honorable-sr-pere-aragones\/\"]}]},{\"@type\":\"ImageObject\",\"inLanguage\":\"es\",\"@id\":\"https:\/\/www.covb.cat\/es\/actualitat\/noticies\/general\/el-covb-se-reune-con-el-presiente-en-funciones-el-molt-honorable-sr-pere-aragones\/#primaryimage\",\"url\":\"https:\/\/www.covb.cat\/wp-content\/uploads\/2020\/04\/covb.jpg\",\"contentUrl\":\"https:\/\/www.covb.cat\/wp-content\/uploads\/2020\/04\/covb.jpg\",\"width\":992,\"height\":558},{\"@type\":\"BreadcrumbList\",\"@id\":\"https:\/\/www.covb.cat\/es\/actualitat\/noticies\/general\/el-covb-se-reune-con-el-presiente-en-funciones-el-molt-honorable-sr-pere-aragones\/#breadcrumb\",\"itemListElement\":[{\"@type\":\"ListItem\",\"position\":1,\"name\":\"Inici\",\"item\":\"https:\/\/www.covb.cat\/es\/\"},{\"@type\":\"ListItem\",\"position\":2,\"name\":\"El COVB se re\u00fane con el presiente en funciones, el Molt Honorable Sr. Pere Aragon\u00e8s\"}]},{\"@type\":\"WebSite\",\"@id\":\"https:\/\/www.covb.cat\/es\/#website\",\"url\":\"https:\/\/www.covb.cat\/es\/\",\"name\":\"COVB\",\"description\":\"Col\u00b7legi Oficial de Veterinaris de Barcelona\",\"publisher\":{\"@id\":\"https:\/\/www.covb.cat\/es\/#organization\"},\"potentialAction\":[{\"@type\":\"SearchAction\",\"target\":{\"@type\":\"EntryPoint\",\"urlTemplate\":\"https:\/\/www.covb.cat\/es\/?s={search_term_string}\"},\"query-input\":{\"@type\":\"PropertyValueSpecification\",\"valueRequired\":true,\"valueName\":\"search_term_string\"}}],\"inLanguage\":\"es\"},{\"@type\":\"Organization\",\"@id\":\"https:\/\/www.covb.cat\/es\/#organization\",\"name\":\"COVB\",\"url\":\"https:\/\/www.covb.cat\/es\/\",\"logo\":{\"@type\":\"ImageObject\",\"inLanguage\":\"es\",\"@id\":\"https:\/\/www.covb.cat\/es\/#\/schema\/logo\/image\/\",\"url\":\"https:\/\/www.covb.cat\/wp-content\/uploads\/2018\/07\/favicon-covb.png\",\"contentUrl\":\"https:\/\/www.covb.cat\/wp-content\/uploads\/2018\/07\/favicon-covb.png\",\"width\":512,\"height\":512,\"caption\":\"COVB\"},\"image\":{\"@id\":\"https:\/\/www.covb.cat\/es\/#\/schema\/logo\/image\/\"},\"sameAs\":[\"https:\/\/www.facebook.com\/COVBcat\/\",\"https:\/\/x.com\/COVBcat\",\"https:\/\/www.youtube.com\/user\/covbcn\"]},{\"@type\":\"Person\",\"@id\":\"\"}]}<\/script>\n<!-- \/ Yoast SEO plugin. -->","yoast_head_json":{"title":"El COVB se re\u00fane con el presiente en funciones, el Molt Honorable Sr. Pere Aragon\u00e8s - COVB - Col\u00b7legi Oficial de Veterinaris de Barcelona","description":"Representantes de todas las profesiones sanitarias se reunieron hace unos d\u00edas con el Molt Honorable Sr. Pere Aragon\u00e8s, presidente en funciones de la","robots":{"index":"index","follow":"follow","max-snippet":"max-snippet:-1","max-image-preview":"max-image-preview:large","max-video-preview":"max-video-preview:-1"},"canonical":"https:\/\/www.covb.cat\/es\/actualitat\/noticies\/general\/el-covb-se-reune-con-el-presiente-en-funciones-el-molt-honorable-sr-pere-aragones\/","og_locale":"es_ES","og_type":"article","og_title":"El COVB se re\u00fane con el presiente en funciones, el Molt Honorable Sr. Pere Aragon\u00e8s - COVB - Col\u00b7legi Oficial de Veterinaris de Barcelona","og_description":"Representantes de todas las profesiones sanitarias se reunieron hace unos d\u00edas con el Molt Honorable Sr. Pere Aragon\u00e8s, presidente en funciones de la","og_url":"https:\/\/www.covb.cat\/es\/actualitat\/noticies\/general\/el-covb-se-reune-con-el-presiente-en-funciones-el-molt-honorable-sr-pere-aragones\/","og_site_name":"COVB","article_publisher":"https:\/\/www.facebook.com\/COVBcat\/","article_published_time":"2021-04-30T12:39:55+00:00","og_image":[{"width":992,"height":558,"url":"https:\/\/www.covb.cat\/wp-content\/uploads\/2020\/04\/covb.jpg","type":"image\/jpeg"}],"twitter_card":"summary_large_image","twitter_creator":"@COVBcat","twitter_site":"@COVBcat","twitter_misc":{"Escrito por":"","Tiempo de lectura":"1 minuto"},"schema":{"@context":"https:\/\/schema.org","@graph":[{"@type":"Article","@id":"https:\/\/www.covb.cat\/es\/actualitat\/noticies\/general\/el-covb-se-reune-con-el-presiente-en-funciones-el-molt-honorable-sr-pere-aragones\/#article","isPartOf":{"@id":"https:\/\/www.covb.cat\/es\/actualitat\/noticies\/general\/el-covb-se-reune-con-el-presiente-en-funciones-el-molt-honorable-sr-pere-aragones\/"},"author":{"name":"","@id":""},"headline":"El COVB se re\u00fane con el presiente en funciones, el Molt Honorable Sr. Pere Aragon\u00e8s","datePublished":"2021-04-30T12:39:55+00:00","mainEntityOfPage":{"@id":"https:\/\/www.covb.cat\/es\/actualitat\/noticies\/general\/el-covb-se-reune-con-el-presiente-en-funciones-el-molt-honorable-sr-pere-aragones\/"},"wordCount":132,"publisher":{"@id":"https:\/\/www.covb.cat\/es\/#organization"},"image":{"@id":"https:\/\/www.covb.cat\/es\/actualitat\/noticies\/general\/el-covb-se-reune-con-el-presiente-en-funciones-el-molt-honorable-sr-pere-aragones\/#primaryimage"},"thumbnailUrl":"https:\/\/www.covb.cat\/wp-content\/uploads\/2020\/04\/covb.jpg","articleSection":["Corporativo","General"],"inLanguage":"es"},{"@type":"WebPage","@id":"https:\/\/www.covb.cat\/es\/actualitat\/noticies\/general\/el-covb-se-reune-con-el-presiente-en-funciones-el-molt-honorable-sr-pere-aragones\/","url":"https:\/\/www.covb.cat\/es\/actualitat\/noticies\/general\/el-covb-se-reune-con-el-presiente-en-funciones-el-molt-honorable-sr-pere-aragones\/","name":"El COVB se re\u00fane con el presiente en funciones, el Molt Honorable Sr. Pere Aragon\u00e8s - COVB - Col\u00b7legi Oficial de Veterinaris de Barcelona","isPartOf":{"@id":"https:\/\/www.covb.cat\/es\/#website"},"primaryImageOfPage":{"@id":"https:\/\/www.covb.cat\/es\/actualitat\/noticies\/general\/el-covb-se-reune-con-el-presiente-en-funciones-el-molt-honorable-sr-pere-aragones\/#primaryimage"},"image":{"@id":"https:\/\/www.covb.cat\/es\/actualitat\/noticies\/general\/el-covb-se-reune-con-el-presiente-en-funciones-el-molt-honorable-sr-pere-aragones\/#primaryimage"},"thumbnailUrl":"https:\/\/www.covb.cat\/wp-content\/uploads\/2020\/04\/covb.jpg","datePublished":"2021-04-30T12:39:55+00:00","description":"Representantes de todas las profesiones sanitarias se reunieron hace unos d\u00edas con el Molt Honorable Sr. Pere Aragon\u00e8s, presidente en funciones de la","breadcrumb":{"@id":"https:\/\/www.covb.cat\/es\/actualitat\/noticies\/general\/el-covb-se-reune-con-el-presiente-en-funciones-el-molt-honorable-sr-pere-aragones\/#breadcrumb"},"inLanguage":"es","potentialAction":[{"@type":"ReadAction","target":["https:\/\/www.covb.cat\/es\/actualitat\/noticies\/general\/el-covb-se-reune-con-el-presiente-en-funciones-el-molt-honorable-sr-pere-aragones\/"]}]},{"@type":"ImageObject","inLanguage":"es","@id":"https:\/\/www.covb.cat\/es\/actualitat\/noticies\/general\/el-covb-se-reune-con-el-presiente-en-funciones-el-molt-honorable-sr-pere-aragones\/#primaryimage","url":"https:\/\/www.covb.cat\/wp-content\/uploads\/2020\/04\/covb.jpg","contentUrl":"https:\/\/www.covb.cat\/wp-content\/uploads\/2020\/04\/covb.jpg","width":992,"height":558},{"@type":"BreadcrumbList","@id":"https:\/\/www.covb.cat\/es\/actualitat\/noticies\/general\/el-covb-se-reune-con-el-presiente-en-funciones-el-molt-honorable-sr-pere-aragones\/#breadcrumb","itemListElement":[{"@type":"ListItem","position":1,"name":"Inici","item":"https:\/\/www.covb.cat\/es\/"},{"@type":"ListItem","position":2,"name":"El COVB se re\u00fane con el presiente en funciones, el Molt Honorable Sr. Pere Aragon\u00e8s"}]},{"@type":"WebSite","@id":"https:\/\/www.covb.cat\/es\/#website","url":"https:\/\/www.covb.cat\/es\/","name":"COVB","description":"Col\u00b7legi Oficial de Veterinaris de Barcelona","publisher":{"@id":"https:\/\/www.covb.cat\/es\/#organization"},"potentialAction":[{"@type":"SearchAction","target":{"@type":"EntryPoint","urlTemplate":"https:\/\/www.covb.cat\/es\/?s={search_term_string}"},"query-input":{"@type":"PropertyValueSpecification","valueRequired":true,"valueName":"search_term_string"}}],"inLanguage":"es"},{"@type":"Organization","@id":"https:\/\/www.covb.cat\/es\/#organization","name":"COVB","url":"https:\/\/www.covb.cat\/es\/","logo":{"@type":"ImageObject","inLanguage":"es","@id":"https:\/\/www.covb.cat\/es\/#\/schema\/logo\/image\/","url":"https:\/\/www.covb.cat\/wp-content\/uploads\/2018\/07\/favicon-covb.png","contentUrl":"https:\/\/www.covb.cat\/wp-content\/uploads\/2018\/07\/favicon-covb.png","width":512,"height":512,"caption":"COVB"},"image":{"@id":"https:\/\/www.covb.cat\/es\/#\/schema\/logo\/image\/"},"sameAs":["https:\/\/www.facebook.com\/COVBcat\/","https:\/\/x.com\/COVBcat","https:\/\/www.youtube.com\/user\/covbcn"]},{"@type":"Person","@id":""}]}},"jetpack_featured_media_url":"https:\/\/www.covb.cat\/wp-content\/uploads\/2020\/04\/covb.jpg","jetpack_sharing_enabled":true,"_links":{"self":[{"href":"https:\/\/www.covb.cat\/es\/wp-json\/wp\/v2\/posts\/7941","targetHints":{"allow":["GET"]}}],"collection":[{"href":"https:\/\/www.covb.cat\/es\/wp-json\/wp\/v2\/posts"}],"about":[{"href":"https:\/\/www.covb.cat\/es\/wp-json\/wp\/v2\/types\/post"}],"author":[{"embeddable":true,"href":"https:\/\/www.covb.cat\/es\/wp-json\/wp\/v2\/users\/106"}],"replies":[{"embeddable":true,"href":"https:\/\/www.covb.cat\/es\/wp-json\/wp\/v2\/comments?post=7941"}],"version-history":[{"count":0,"href":"https:\/\/www.covb.cat\/es\/wp-json\/wp\/v2\/posts\/7941\/revisions"}],"wp:featuredmedia":[{"embeddable":true,"href":"https:\/\/www.covb.cat\/es\/wp-json\/wp\/v2\/media\/982"}],"wp:attachment":[{"href":"https:\/\/www.covb.cat\/es\/wp-json\/wp\/v2\/media?parent=7941"}],"wp:term":[{"taxonomy":"category","embeddable":true,"href":"https:\/\/www.covb.cat\/es\/wp-json\/wp\/v2\/categories?post=7941"},{"taxonomy":"post_tag","embeddable":true,"href":"https:\/\/www.covb.cat\/es\/wp-json\/wp\/v2\/tags?post=7941"}],"curies":[{"name":"wp","href":"https:\/\/api.w.org\/{rel}","templated":true}]}}