{"id":7761,"date":"2021-04-23T15:43:29","date_gmt":"2021-04-23T13:43:29","guid":{"rendered":"https:\/\/www.covb.cat\/?p=7761"},"modified":"2022-01-12T21:33:27","modified_gmt":"2022-01-12T20:33:27","slug":"entrevista-a-helena-arce-en-la-xarxa-tv","status":"publish","type":"post","link":"https:\/\/www.covb.cat\/es\/actualitat\/noticies\/general\/entrevista-a-helena-arce-en-la-xarxa-tv\/","title":{"rendered":"Entrevista a Helena Arce en La Xarxa TV"},"content":{"rendered":"<p>Compartimos el enlace de la entrevista que Helena Arce, Presidenta del Comit\u00e9 de Veterinaria para la Protecci\u00f3n de los Animales del COVB dio en las noticias de La Xarxa Televisi\u00f3 para hablar de la necesidad de controlar y prevenir el maltrato animal en los laboratorios y la investigaci\u00f3n en general, as\u00ed como para valorar el convenio firmado por el COVB y el Col\u00b7legi de la Advocacia de Barcelona para trabajar juntos en temas de derecho, salud y bienestar animal.<\/p>\n<p><iframe loading=\"lazy\" title=\"YouTube video player\" src=\"https:\/\/www.youtube.com\/embed\/8hLiB1QidJc\" width=\"560\" height=\"315\" frameborder=\"0\" allowfullscreen=\"allowfullscreen\"><\/iframe><\/p>\n","protected":false},"excerpt":{"rendered":"<p>Compartimos el enlace de la entrevista que Helena Arce, Presidenta del Comit\u00e9 de Veterinaria para la Protecci\u00f3n de los Animales del COVB dio en las noticias de La Xarxa Televisi\u00f3 para hablar de la necesidad de controlar y prevenir el maltrato animal en los laboratorios y la investigaci\u00f3n en general, as\u00ed como para valorar el [&hellip;]<\/p>\n","protected":false},"author":106,"featured_media":7759,"comment_status":"closed","ping_status":"closed","sticky":false,"template":"","format":"standard","meta":{"_monsterinsights_skip_tracking":false,"_monsterinsights_sitenote_active":false,"_monsterinsights_sitenote_note":"","_monsterinsights_sitenote_category":0,"_jetpack_memberships_contains_paid_content":false,"footnotes":""},"categories":[138,17],"tags":[177],"class_list":["post-7761","post","type-post","status-publish","format-standard","has-post-thumbnail","hentry","category-corporativo","category-general","tag-prensa"],"yoast_head":"<!-- This site is optimized with the Yoast SEO plugin v27.0 - https:\/\/yoast.com\/product\/yoast-seo-wordpress\/ -->\n<title>Entrevista a Helena Arce en La Xarxa TV - COVB - Col\u00b7legi Oficial de Veterinaris de Barcelona<\/title>\n<meta name=\"description\" content=\"Compartimos el enlace de la entrevista que Helena Arce, Presidenta del Comit\u00e9 de Veterinaria para la Protecci\u00f3n de los Animales del COVB dio en las\" \/>\n<meta name=\"robots\" content=\"index, follow, max-snippet:-1, max-image-preview:large, max-video-preview:-1\" \/>\n<link rel=\"canonical\" href=\"https:\/\/www.covb.cat\/es\/actualitat\/noticies\/general\/entrevista-a-helena-arce-en-la-xarxa-tv\/\" \/>\n<meta property=\"og:locale\" content=\"es_ES\" \/>\n<meta property=\"og:type\" content=\"article\" \/>\n<meta property=\"og:title\" content=\"Entrevista a Helena Arce en La Xarxa TV - COVB - Col\u00b7legi Oficial de Veterinaris de Barcelona\" \/>\n<meta property=\"og:description\" content=\"Compartimos el enlace de la entrevista que Helena Arce, Presidenta del Comit\u00e9 de Veterinaria para la Protecci\u00f3n de los Animales del COVB dio en las\" \/>\n<meta property=\"og:url\" content=\"https:\/\/www.covb.cat\/es\/actualitat\/noticies\/general\/entrevista-a-helena-arce-en-la-xarxa-tv\/\" \/>\n<meta property=\"og:site_name\" content=\"COVB\" \/>\n<meta property=\"article:publisher\" content=\"https:\/\/www.facebook.com\/COVBcat\/\" \/>\n<meta property=\"article:published_time\" content=\"2021-04-23T13:43:29+00:00\" \/>\n<meta property=\"article:modified_time\" content=\"2022-01-12T20:33:27+00:00\" \/>\n<meta property=\"og:image\" content=\"https:\/\/www.covb.cat\/wp-content\/uploads\/2021\/04\/videoentrevista.png\" \/>\n\t<meta property=\"og:image:width\" content=\"667\" \/>\n\t<meta property=\"og:image:height\" content=\"372\" \/>\n\t<meta property=\"og:image:type\" content=\"image\/png\" \/>\n<meta name=\"twitter:card\" content=\"summary_large_image\" \/>\n<meta name=\"twitter:creator\" content=\"@COVBcat\" \/>\n<meta name=\"twitter:site\" content=\"@COVBcat\" \/>\n<meta name=\"twitter:label1\" content=\"Escrito por\" \/>\n\t<meta name=\"twitter:data1\" content=\"\" \/>\n\t<meta name=\"twitter:label2\" content=\"Tiempo de lectura\" \/>\n\t<meta name=\"twitter:data2\" content=\"1 minuto\" \/>\n<script type=\"application\/ld+json\" class=\"yoast-schema-graph\">{\"@context\":\"https:\/\/schema.org\",\"@graph\":[{\"@type\":\"Article\",\"@id\":\"https:\/\/www.covb.cat\/es\/actualitat\/noticies\/general\/entrevista-a-helena-arce-en-la-xarxa-tv\/#article\",\"isPartOf\":{\"@id\":\"https:\/\/www.covb.cat\/es\/actualitat\/noticies\/general\/entrevista-a-helena-arce-en-la-xarxa-tv\/\"},\"author\":{\"name\":\"\",\"@id\":\"\"},\"headline\":\"Entrevista a Helena Arce en La Xarxa TV\",\"datePublished\":\"2021-04-23T13:43:29+00:00\",\"dateModified\":\"2022-01-12T20:33:27+00:00\",\"mainEntityOfPage\":{\"@id\":\"https:\/\/www.covb.cat\/es\/actualitat\/noticies\/general\/entrevista-a-helena-arce-en-la-xarxa-tv\/\"},\"wordCount\":90,\"publisher\":{\"@id\":\"https:\/\/www.covb.cat\/es\/#organization\"},\"image\":{\"@id\":\"https:\/\/www.covb.cat\/es\/actualitat\/noticies\/general\/entrevista-a-helena-arce-en-la-xarxa-tv\/#primaryimage\"},\"thumbnailUrl\":\"https:\/\/www.covb.cat\/wp-content\/uploads\/2021\/04\/videoentrevista.png\",\"keywords\":[\"Prensa\"],\"articleSection\":[\"Corporativo\",\"General\"],\"inLanguage\":\"es\"},{\"@type\":\"WebPage\",\"@id\":\"https:\/\/www.covb.cat\/es\/actualitat\/noticies\/general\/entrevista-a-helena-arce-en-la-xarxa-tv\/\",\"url\":\"https:\/\/www.covb.cat\/es\/actualitat\/noticies\/general\/entrevista-a-helena-arce-en-la-xarxa-tv\/\",\"name\":\"Entrevista a Helena Arce en La Xarxa TV - COVB - Col\u00b7legi Oficial de Veterinaris de Barcelona\",\"isPartOf\":{\"@id\":\"https:\/\/www.covb.cat\/es\/#website\"},\"primaryImageOfPage\":{\"@id\":\"https:\/\/www.covb.cat\/es\/actualitat\/noticies\/general\/entrevista-a-helena-arce-en-la-xarxa-tv\/#primaryimage\"},\"image\":{\"@id\":\"https:\/\/www.covb.cat\/es\/actualitat\/noticies\/general\/entrevista-a-helena-arce-en-la-xarxa-tv\/#primaryimage\"},\"thumbnailUrl\":\"https:\/\/www.covb.cat\/wp-content\/uploads\/2021\/04\/videoentrevista.png\",\"datePublished\":\"2021-04-23T13:43:29+00:00\",\"dateModified\":\"2022-01-12T20:33:27+00:00\",\"description\":\"Compartimos el enlace de la entrevista que Helena Arce, Presidenta del Comit\u00e9 de Veterinaria para la Protecci\u00f3n de los Animales del COVB dio en las\",\"breadcrumb\":{\"@id\":\"https:\/\/www.covb.cat\/es\/actualitat\/noticies\/general\/entrevista-a-helena-arce-en-la-xarxa-tv\/#breadcrumb\"},\"inLanguage\":\"es\",\"potentialAction\":[{\"@type\":\"ReadAction\",\"target\":[\"https:\/\/www.covb.cat\/es\/actualitat\/noticies\/general\/entrevista-a-helena-arce-en-la-xarxa-tv\/\"]}]},{\"@type\":\"ImageObject\",\"inLanguage\":\"es\",\"@id\":\"https:\/\/www.covb.cat\/es\/actualitat\/noticies\/general\/entrevista-a-helena-arce-en-la-xarxa-tv\/#primaryimage\",\"url\":\"https:\/\/www.covb.cat\/wp-content\/uploads\/2021\/04\/videoentrevista.png\",\"contentUrl\":\"https:\/\/www.covb.cat\/wp-content\/uploads\/2021\/04\/videoentrevista.png\",\"width\":667,\"height\":372},{\"@type\":\"BreadcrumbList\",\"@id\":\"https:\/\/www.covb.cat\/es\/actualitat\/noticies\/general\/entrevista-a-helena-arce-en-la-xarxa-tv\/#breadcrumb\",\"itemListElement\":[{\"@type\":\"ListItem\",\"position\":1,\"name\":\"Inici\",\"item\":\"https:\/\/www.covb.cat\/es\/\"},{\"@type\":\"ListItem\",\"position\":2,\"name\":\"Entrevista a Helena Arce en La Xarxa TV\"}]},{\"@type\":\"WebSite\",\"@id\":\"https:\/\/www.covb.cat\/es\/#website\",\"url\":\"https:\/\/www.covb.cat\/es\/\",\"name\":\"COVB\",\"description\":\"Col\u00b7legi Oficial de Veterinaris de Barcelona\",\"publisher\":{\"@id\":\"https:\/\/www.covb.cat\/es\/#organization\"},\"potentialAction\":[{\"@type\":\"SearchAction\",\"target\":{\"@type\":\"EntryPoint\",\"urlTemplate\":\"https:\/\/www.covb.cat\/es\/?s={search_term_string}\"},\"query-input\":{\"@type\":\"PropertyValueSpecification\",\"valueRequired\":true,\"valueName\":\"search_term_string\"}}],\"inLanguage\":\"es\"},{\"@type\":\"Organization\",\"@id\":\"https:\/\/www.covb.cat\/es\/#organization\",\"name\":\"COVB\",\"url\":\"https:\/\/www.covb.cat\/es\/\",\"logo\":{\"@type\":\"ImageObject\",\"inLanguage\":\"es\",\"@id\":\"https:\/\/www.covb.cat\/es\/#\/schema\/logo\/image\/\",\"url\":\"https:\/\/www.covb.cat\/wp-content\/uploads\/2018\/07\/favicon-covb.png\",\"contentUrl\":\"https:\/\/www.covb.cat\/wp-content\/uploads\/2018\/07\/favicon-covb.png\",\"width\":512,\"height\":512,\"caption\":\"COVB\"},\"image\":{\"@id\":\"https:\/\/www.covb.cat\/es\/#\/schema\/logo\/image\/\"},\"sameAs\":[\"https:\/\/www.facebook.com\/COVBcat\/\",\"https:\/\/x.com\/COVBcat\",\"https:\/\/www.youtube.com\/user\/covbcn\"]},{\"@type\":\"Person\",\"@id\":\"\"}]}<\/script>\n<!-- \/ Yoast SEO plugin. -->","yoast_head_json":{"title":"Entrevista a Helena Arce en La Xarxa TV - COVB - Col\u00b7legi Oficial de Veterinaris de Barcelona","description":"Compartimos el enlace de la entrevista que Helena Arce, Presidenta del Comit\u00e9 de Veterinaria para la Protecci\u00f3n de los Animales del COVB dio en las","robots":{"index":"index","follow":"follow","max-snippet":"max-snippet:-1","max-image-preview":"max-image-preview:large","max-video-preview":"max-video-preview:-1"},"canonical":"https:\/\/www.covb.cat\/es\/actualitat\/noticies\/general\/entrevista-a-helena-arce-en-la-xarxa-tv\/","og_locale":"es_ES","og_type":"article","og_title":"Entrevista a Helena Arce en La Xarxa TV - COVB - Col\u00b7legi Oficial de Veterinaris de Barcelona","og_description":"Compartimos el enlace de la entrevista que Helena Arce, Presidenta del Comit\u00e9 de Veterinaria para la Protecci\u00f3n de los Animales del COVB dio en las","og_url":"https:\/\/www.covb.cat\/es\/actualitat\/noticies\/general\/entrevista-a-helena-arce-en-la-xarxa-tv\/","og_site_name":"COVB","article_publisher":"https:\/\/www.facebook.com\/COVBcat\/","article_published_time":"2021-04-23T13:43:29+00:00","article_modified_time":"2022-01-12T20:33:27+00:00","og_image":[{"width":667,"height":372,"url":"https:\/\/www.covb.cat\/wp-content\/uploads\/2021\/04\/videoentrevista.png","type":"image\/png"}],"twitter_card":"summary_large_image","twitter_creator":"@COVBcat","twitter_site":"@COVBcat","twitter_misc":{"Escrito por":"","Tiempo de lectura":"1 minuto"},"schema":{"@context":"https:\/\/schema.org","@graph":[{"@type":"Article","@id":"https:\/\/www.covb.cat\/es\/actualitat\/noticies\/general\/entrevista-a-helena-arce-en-la-xarxa-tv\/#article","isPartOf":{"@id":"https:\/\/www.covb.cat\/es\/actualitat\/noticies\/general\/entrevista-a-helena-arce-en-la-xarxa-tv\/"},"author":{"name":"","@id":""},"headline":"Entrevista a Helena Arce en La Xarxa TV","datePublished":"2021-04-23T13:43:29+00:00","dateModified":"2022-01-12T20:33:27+00:00","mainEntityOfPage":{"@id":"https:\/\/www.covb.cat\/es\/actualitat\/noticies\/general\/entrevista-a-helena-arce-en-la-xarxa-tv\/"},"wordCount":90,"publisher":{"@id":"https:\/\/www.covb.cat\/es\/#organization"},"image":{"@id":"https:\/\/www.covb.cat\/es\/actualitat\/noticies\/general\/entrevista-a-helena-arce-en-la-xarxa-tv\/#primaryimage"},"thumbnailUrl":"https:\/\/www.covb.cat\/wp-content\/uploads\/2021\/04\/videoentrevista.png","keywords":["Prensa"],"articleSection":["Corporativo","General"],"inLanguage":"es"},{"@type":"WebPage","@id":"https:\/\/www.covb.cat\/es\/actualitat\/noticies\/general\/entrevista-a-helena-arce-en-la-xarxa-tv\/","url":"https:\/\/www.covb.cat\/es\/actualitat\/noticies\/general\/entrevista-a-helena-arce-en-la-xarxa-tv\/","name":"Entrevista a Helena Arce en La Xarxa TV - COVB - Col\u00b7legi Oficial de Veterinaris de Barcelona","isPartOf":{"@id":"https:\/\/www.covb.cat\/es\/#website"},"primaryImageOfPage":{"@id":"https:\/\/www.covb.cat\/es\/actualitat\/noticies\/general\/entrevista-a-helena-arce-en-la-xarxa-tv\/#primaryimage"},"image":{"@id":"https:\/\/www.covb.cat\/es\/actualitat\/noticies\/general\/entrevista-a-helena-arce-en-la-xarxa-tv\/#primaryimage"},"thumbnailUrl":"https:\/\/www.covb.cat\/wp-content\/uploads\/2021\/04\/videoentrevista.png","datePublished":"2021-04-23T13:43:29+00:00","dateModified":"2022-01-12T20:33:27+00:00","description":"Compartimos el enlace de la entrevista que Helena Arce, Presidenta del Comit\u00e9 de Veterinaria para la Protecci\u00f3n de los Animales del COVB dio en las","breadcrumb":{"@id":"https:\/\/www.covb.cat\/es\/actualitat\/noticies\/general\/entrevista-a-helena-arce-en-la-xarxa-tv\/#breadcrumb"},"inLanguage":"es","potentialAction":[{"@type":"ReadAction","target":["https:\/\/www.covb.cat\/es\/actualitat\/noticies\/general\/entrevista-a-helena-arce-en-la-xarxa-tv\/"]}]},{"@type":"ImageObject","inLanguage":"es","@id":"https:\/\/www.covb.cat\/es\/actualitat\/noticies\/general\/entrevista-a-helena-arce-en-la-xarxa-tv\/#primaryimage","url":"https:\/\/www.covb.cat\/wp-content\/uploads\/2021\/04\/videoentrevista.png","contentUrl":"https:\/\/www.covb.cat\/wp-content\/uploads\/2021\/04\/videoentrevista.png","width":667,"height":372},{"@type":"BreadcrumbList","@id":"https:\/\/www.covb.cat\/es\/actualitat\/noticies\/general\/entrevista-a-helena-arce-en-la-xarxa-tv\/#breadcrumb","itemListElement":[{"@type":"ListItem","position":1,"name":"Inici","item":"https:\/\/www.covb.cat\/es\/"},{"@type":"ListItem","position":2,"name":"Entrevista a Helena Arce en La Xarxa TV"}]},{"@type":"WebSite","@id":"https:\/\/www.covb.cat\/es\/#website","url":"https:\/\/www.covb.cat\/es\/","name":"COVB","description":"Col\u00b7legi Oficial de Veterinaris de Barcelona","publisher":{"@id":"https:\/\/www.covb.cat\/es\/#organization"},"potentialAction":[{"@type":"SearchAction","target":{"@type":"EntryPoint","urlTemplate":"https:\/\/www.covb.cat\/es\/?s={search_term_string}"},"query-input":{"@type":"PropertyValueSpecification","valueRequired":true,"valueName":"search_term_string"}}],"inLanguage":"es"},{"@type":"Organization","@id":"https:\/\/www.covb.cat\/es\/#organization","name":"COVB","url":"https:\/\/www.covb.cat\/es\/","logo":{"@type":"ImageObject","inLanguage":"es","@id":"https:\/\/www.covb.cat\/es\/#\/schema\/logo\/image\/","url":"https:\/\/www.covb.cat\/wp-content\/uploads\/2018\/07\/favicon-covb.png","contentUrl":"https:\/\/www.covb.cat\/wp-content\/uploads\/2018\/07\/favicon-covb.png","width":512,"height":512,"caption":"COVB"},"image":{"@id":"https:\/\/www.covb.cat\/es\/#\/schema\/logo\/image\/"},"sameAs":["https:\/\/www.facebook.com\/COVBcat\/","https:\/\/x.com\/COVBcat","https:\/\/www.youtube.com\/user\/covbcn"]},{"@type":"Person","@id":""}]}},"jetpack_featured_media_url":"https:\/\/www.covb.cat\/wp-content\/uploads\/2021\/04\/videoentrevista.png","jetpack_sharing_enabled":true,"_links":{"self":[{"href":"https:\/\/www.covb.cat\/es\/wp-json\/wp\/v2\/posts\/7761","targetHints":{"allow":["GET"]}}],"collection":[{"href":"https:\/\/www.covb.cat\/es\/wp-json\/wp\/v2\/posts"}],"about":[{"href":"https:\/\/www.covb.cat\/es\/wp-json\/wp\/v2\/types\/post"}],"author":[{"embeddable":true,"href":"https:\/\/www.covb.cat\/es\/wp-json\/wp\/v2\/users\/106"}],"replies":[{"embeddable":true,"href":"https:\/\/www.covb.cat\/es\/wp-json\/wp\/v2\/comments?post=7761"}],"version-history":[{"count":0,"href":"https:\/\/www.covb.cat\/es\/wp-json\/wp\/v2\/posts\/7761\/revisions"}],"wp:featuredmedia":[{"embeddable":true,"href":"https:\/\/www.covb.cat\/es\/wp-json\/wp\/v2\/media\/7759"}],"wp:attachment":[{"href":"https:\/\/www.covb.cat\/es\/wp-json\/wp\/v2\/media?parent=7761"}],"wp:term":[{"taxonomy":"category","embeddable":true,"href":"https:\/\/www.covb.cat\/es\/wp-json\/wp\/v2\/categories?post=7761"},{"taxonomy":"post_tag","embeddable":true,"href":"https:\/\/www.covb.cat\/es\/wp-json\/wp\/v2\/tags?post=7761"}],"curies":[{"name":"wp","href":"https:\/\/api.w.org\/{rel}","templated":true}]}}