{"id":7740,"date":"2021-04-23T15:25:37","date_gmt":"2021-04-23T13:25:37","guid":{"rendered":"https:\/\/www.covb.cat\/?p=7740"},"modified":"2022-01-12T21:33:39","modified_gmt":"2022-01-12T20:33:39","slug":"el-colegio-oficial-de-veterinarios-de-barcelona-reivindica-el-papel-de-sus-colegiados-ante-la-crisis-de-la-covid-19-en-el-dia-mundial-de-la-veterinaria","status":"publish","type":"post","link":"https:\/\/www.covb.cat\/es\/actualitat\/noticies\/general\/el-colegio-oficial-de-veterinarios-de-barcelona-reivindica-el-papel-de-sus-colegiados-ante-la-crisis-de-la-covid-19-en-el-dia-mundial-de-la-veterinaria\/","title":{"rendered":"El Colegio Oficial de Veterinarios de Barcelona reivindica el papel de sus colegiados ante la crisis de la COVID-19 en el D\u00eda Mundial de la Veterinaria"},"content":{"rendered":"<p><u>24 de abril de 2021, D\u00eda Mundial de la Veterinaria<\/u><\/p>\n<p style=\"font-weight: 400;\">La Asociaci\u00f3n Mundial Veterinaria (WVA) celebrar\u00e1 el pr\u00f3ximo 24 de abril el D\u00eda Mundial de la Veterinaria, una iniciativa en la cual el Colegio Oficial de Veterinarios de Barcelona (COVB) participa, dando a conocer el trabajo que realizan sus colegiados. El lema de este a\u00f1o es \u201cRespuesta de los veterinarios a la crisis de la COVID-19\u201d. Puesto que, aunque los veterinarios han trabajado codo a codo en el cuidado de la salud p\u00fablica, su labor ha pasado pr\u00e1cticamente desapercibida. \u201cDe hecho, son aut\u00e9nticos h\u00e9roes an\u00f3nimos, puesto que su trabajo no solo ha sido esencial sino tambi\u00e9n un puntal en el cuidado de los animales y, tambi\u00e9n, de las personas\u201d, considera Ricard Par\u00e9s, Vicepresidente del COVB. \u201cSabemos que de los m\u00e1s de 1.400 pat\u00f3genos que hoy conocemos, un 60% son de origen animal. Adem\u00e1s, el 75% de las dolencias que provocan son emergentes, comenta Manel Oms, Presidente del Comit\u00e9 Asesor para la Cl\u00ednica de Animales de Compa\u00f1\u00eda y miembro de la Junta de Gobierno del COVB y, por eso nuestro papel en la gesti\u00f3n de la pandemia es completamente relevante, aunque pr\u00e1cticamente invisible para el gran p\u00fablico\u201d.<\/p>\n<p style=\"font-weight: 400;\">Los veterinarios, sin contar con que han mantenido abiertas las puertas de sus cl\u00ednicas para animales, han sido activos durante la crisis de la pandemia en todo momento, en la industria alimentaria. Adem\u00e1s, desde este sector esencial se dot\u00f3 a los servicios p\u00fablicos de salud con recursos como equipos de protecci\u00f3n para sanitarios y respiradores.<\/p>\n<p style=\"font-weight: 400;\"><a href=\"https:\/\/www.covb.cat\/wp-content\/uploads\/2021\/04\/COVB-NP-Dia-Mundial-Veterinaria-22-abril-21-CAST.pdf\">Descarga la Nota de Prensa<\/a><\/p>\n","protected":false},"excerpt":{"rendered":"<p>24 de abril de 2021, D\u00eda Mundial de la Veterinaria La Asociaci\u00f3n Mundial Veterinaria (WVA) celebrar\u00e1 el pr\u00f3ximo 24 de abril el D\u00eda Mundial de la Veterinaria, una iniciativa en la cual el Colegio Oficial de Veterinarios de Barcelona (COVB) participa, dando a conocer el trabajo que realizan sus colegiados. El lema de este a\u00f1o [&hellip;]<\/p>\n","protected":false},"author":106,"featured_media":6345,"comment_status":"closed","ping_status":"closed","sticky":false,"template":"","format":"standard","meta":{"_monsterinsights_skip_tracking":false,"_monsterinsights_sitenote_active":false,"_monsterinsights_sitenote_note":"","_monsterinsights_sitenote_category":0,"_jetpack_memberships_contains_paid_content":false,"footnotes":""},"categories":[138,17],"tags":[177],"class_list":["post-7740","post","type-post","status-publish","format-standard","has-post-thumbnail","hentry","category-corporativo","category-general","tag-prensa"],"yoast_head":"<!-- This site is optimized with the Yoast SEO plugin v27.0 - https:\/\/yoast.com\/product\/yoast-seo-wordpress\/ -->\n<title>El Colegio Oficial de Veterinarios de Barcelona reivindica el papel de sus colegiados ante la crisis de la COVID-19 en el D\u00eda Mundial de la Veterinaria - COVB - Col\u00b7legi Oficial de Veterinaris de Barcelona<\/title>\n<meta name=\"description\" content=\"24 de abril de 2021, D\u00eda Mundial de la Veterinaria La Asociaci\u00f3n Mundial Veterinaria (WVA) celebrar\u00e1 el pr\u00f3ximo 24 de abril el D\u00eda Mundial de la\" \/>\n<meta name=\"robots\" content=\"index, follow, max-snippet:-1, max-image-preview:large, max-video-preview:-1\" \/>\n<link rel=\"canonical\" href=\"https:\/\/www.covb.cat\/es\/actualitat\/noticies\/general\/el-colegio-oficial-de-veterinarios-de-barcelona-reivindica-el-papel-de-sus-colegiados-ante-la-crisis-de-la-covid-19-en-el-dia-mundial-de-la-veterinaria\/\" \/>\n<meta property=\"og:locale\" content=\"es_ES\" \/>\n<meta property=\"og:type\" content=\"article\" \/>\n<meta property=\"og:title\" content=\"El Colegio Oficial de Veterinarios de Barcelona reivindica el papel de sus colegiados ante la crisis de la COVID-19 en el D\u00eda Mundial de la Veterinaria - COVB - Col\u00b7legi Oficial de Veterinaris de Barcelona\" \/>\n<meta property=\"og:description\" content=\"24 de abril de 2021, D\u00eda Mundial de la Veterinaria La Asociaci\u00f3n Mundial Veterinaria (WVA) celebrar\u00e1 el pr\u00f3ximo 24 de abril el D\u00eda Mundial de la\" \/>\n<meta property=\"og:url\" content=\"https:\/\/www.covb.cat\/es\/actualitat\/noticies\/general\/el-colegio-oficial-de-veterinarios-de-barcelona-reivindica-el-papel-de-sus-colegiados-ante-la-crisis-de-la-covid-19-en-el-dia-mundial-de-la-veterinaria\/\" \/>\n<meta property=\"og:site_name\" content=\"COVB\" \/>\n<meta property=\"article:publisher\" content=\"https:\/\/www.facebook.com\/COVBcat\/\" \/>\n<meta property=\"article:published_time\" content=\"2021-04-23T13:25:37+00:00\" \/>\n<meta property=\"article:modified_time\" content=\"2022-01-12T20:33:39+00:00\" \/>\n<meta property=\"og:image\" content=\"https:\/\/www.covb.cat\/wp-content\/uploads\/2021\/03\/hiperadreno.png\" \/>\n\t<meta property=\"og:image:width\" content=\"585\" \/>\n\t<meta property=\"og:image:height\" content=\"408\" \/>\n\t<meta property=\"og:image:type\" content=\"image\/png\" \/>\n<meta name=\"twitter:card\" content=\"summary_large_image\" \/>\n<meta name=\"twitter:creator\" content=\"@COVBcat\" \/>\n<meta name=\"twitter:site\" content=\"@COVBcat\" \/>\n<meta name=\"twitter:label1\" content=\"Escrito por\" \/>\n\t<meta name=\"twitter:data1\" content=\"\" \/>\n\t<meta name=\"twitter:label2\" content=\"Tiempo de lectura\" \/>\n\t<meta name=\"twitter:data2\" content=\"2 minutos\" \/>\n<script type=\"application\/ld+json\" class=\"yoast-schema-graph\">{\"@context\":\"https:\/\/schema.org\",\"@graph\":[{\"@type\":\"Article\",\"@id\":\"https:\/\/www.covb.cat\/es\/actualitat\/noticies\/general\/el-colegio-oficial-de-veterinarios-de-barcelona-reivindica-el-papel-de-sus-colegiados-ante-la-crisis-de-la-covid-19-en-el-dia-mundial-de-la-veterinaria\/#article\",\"isPartOf\":{\"@id\":\"https:\/\/www.covb.cat\/es\/actualitat\/noticies\/general\/el-colegio-oficial-de-veterinarios-de-barcelona-reivindica-el-papel-de-sus-colegiados-ante-la-crisis-de-la-covid-19-en-el-dia-mundial-de-la-veterinaria\/\"},\"author\":{\"name\":\"\",\"@id\":\"\"},\"headline\":\"El Colegio Oficial de Veterinarios de Barcelona reivindica el papel de sus colegiados ante la crisis de la COVID-19 en el D\u00eda Mundial de la Veterinaria\",\"datePublished\":\"2021-04-23T13:25:37+00:00\",\"dateModified\":\"2022-01-12T20:33:39+00:00\",\"mainEntityOfPage\":{\"@id\":\"https:\/\/www.covb.cat\/es\/actualitat\/noticies\/general\/el-colegio-oficial-de-veterinarios-de-barcelona-reivindica-el-papel-de-sus-colegiados-ante-la-crisis-de-la-covid-19-en-el-dia-mundial-de-la-veterinaria\/\"},\"wordCount\":302,\"publisher\":{\"@id\":\"https:\/\/www.covb.cat\/es\/#organization\"},\"image\":{\"@id\":\"https:\/\/www.covb.cat\/es\/actualitat\/noticies\/general\/el-colegio-oficial-de-veterinarios-de-barcelona-reivindica-el-papel-de-sus-colegiados-ante-la-crisis-de-la-covid-19-en-el-dia-mundial-de-la-veterinaria\/#primaryimage\"},\"thumbnailUrl\":\"https:\/\/www.covb.cat\/wp-content\/uploads\/2021\/03\/hiperadreno.png\",\"keywords\":[\"Prensa\"],\"articleSection\":[\"Corporativo\",\"General\"],\"inLanguage\":\"es\"},{\"@type\":\"WebPage\",\"@id\":\"https:\/\/www.covb.cat\/es\/actualitat\/noticies\/general\/el-colegio-oficial-de-veterinarios-de-barcelona-reivindica-el-papel-de-sus-colegiados-ante-la-crisis-de-la-covid-19-en-el-dia-mundial-de-la-veterinaria\/\",\"url\":\"https:\/\/www.covb.cat\/es\/actualitat\/noticies\/general\/el-colegio-oficial-de-veterinarios-de-barcelona-reivindica-el-papel-de-sus-colegiados-ante-la-crisis-de-la-covid-19-en-el-dia-mundial-de-la-veterinaria\/\",\"name\":\"El Colegio Oficial de Veterinarios de Barcelona reivindica el papel de sus colegiados ante la crisis de la COVID-19 en el D\u00eda Mundial de la Veterinaria - COVB - Col\u00b7legi Oficial de Veterinaris de Barcelona\",\"isPartOf\":{\"@id\":\"https:\/\/www.covb.cat\/es\/#website\"},\"primaryImageOfPage\":{\"@id\":\"https:\/\/www.covb.cat\/es\/actualitat\/noticies\/general\/el-colegio-oficial-de-veterinarios-de-barcelona-reivindica-el-papel-de-sus-colegiados-ante-la-crisis-de-la-covid-19-en-el-dia-mundial-de-la-veterinaria\/#primaryimage\"},\"image\":{\"@id\":\"https:\/\/www.covb.cat\/es\/actualitat\/noticies\/general\/el-colegio-oficial-de-veterinarios-de-barcelona-reivindica-el-papel-de-sus-colegiados-ante-la-crisis-de-la-covid-19-en-el-dia-mundial-de-la-veterinaria\/#primaryimage\"},\"thumbnailUrl\":\"https:\/\/www.covb.cat\/wp-content\/uploads\/2021\/03\/hiperadreno.png\",\"datePublished\":\"2021-04-23T13:25:37+00:00\",\"dateModified\":\"2022-01-12T20:33:39+00:00\",\"description\":\"24 de abril de 2021, D\u00eda Mundial de la Veterinaria La Asociaci\u00f3n Mundial Veterinaria (WVA) celebrar\u00e1 el pr\u00f3ximo 24 de abril el D\u00eda Mundial de la\",\"breadcrumb\":{\"@id\":\"https:\/\/www.covb.cat\/es\/actualitat\/noticies\/general\/el-colegio-oficial-de-veterinarios-de-barcelona-reivindica-el-papel-de-sus-colegiados-ante-la-crisis-de-la-covid-19-en-el-dia-mundial-de-la-veterinaria\/#breadcrumb\"},\"inLanguage\":\"es\",\"potentialAction\":[{\"@type\":\"ReadAction\",\"target\":[\"https:\/\/www.covb.cat\/es\/actualitat\/noticies\/general\/el-colegio-oficial-de-veterinarios-de-barcelona-reivindica-el-papel-de-sus-colegiados-ante-la-crisis-de-la-covid-19-en-el-dia-mundial-de-la-veterinaria\/\"]}]},{\"@type\":\"ImageObject\",\"inLanguage\":\"es\",\"@id\":\"https:\/\/www.covb.cat\/es\/actualitat\/noticies\/general\/el-colegio-oficial-de-veterinarios-de-barcelona-reivindica-el-papel-de-sus-colegiados-ante-la-crisis-de-la-covid-19-en-el-dia-mundial-de-la-veterinaria\/#primaryimage\",\"url\":\"https:\/\/www.covb.cat\/wp-content\/uploads\/2021\/03\/hiperadreno.png\",\"contentUrl\":\"https:\/\/www.covb.cat\/wp-content\/uploads\/2021\/03\/hiperadreno.png\",\"width\":585,\"height\":408},{\"@type\":\"BreadcrumbList\",\"@id\":\"https:\/\/www.covb.cat\/es\/actualitat\/noticies\/general\/el-colegio-oficial-de-veterinarios-de-barcelona-reivindica-el-papel-de-sus-colegiados-ante-la-crisis-de-la-covid-19-en-el-dia-mundial-de-la-veterinaria\/#breadcrumb\",\"itemListElement\":[{\"@type\":\"ListItem\",\"position\":1,\"name\":\"Inici\",\"item\":\"https:\/\/www.covb.cat\/es\/\"},{\"@type\":\"ListItem\",\"position\":2,\"name\":\"El Colegio Oficial de Veterinarios de Barcelona reivindica el papel de sus colegiados ante la crisis de la COVID-19 en el D\u00eda Mundial de la Veterinaria\"}]},{\"@type\":\"WebSite\",\"@id\":\"https:\/\/www.covb.cat\/es\/#website\",\"url\":\"https:\/\/www.covb.cat\/es\/\",\"name\":\"COVB\",\"description\":\"Col\u00b7legi Oficial de Veterinaris de Barcelona\",\"publisher\":{\"@id\":\"https:\/\/www.covb.cat\/es\/#organization\"},\"potentialAction\":[{\"@type\":\"SearchAction\",\"target\":{\"@type\":\"EntryPoint\",\"urlTemplate\":\"https:\/\/www.covb.cat\/es\/?s={search_term_string}\"},\"query-input\":{\"@type\":\"PropertyValueSpecification\",\"valueRequired\":true,\"valueName\":\"search_term_string\"}}],\"inLanguage\":\"es\"},{\"@type\":\"Organization\",\"@id\":\"https:\/\/www.covb.cat\/es\/#organization\",\"name\":\"COVB\",\"url\":\"https:\/\/www.covb.cat\/es\/\",\"logo\":{\"@type\":\"ImageObject\",\"inLanguage\":\"es\",\"@id\":\"https:\/\/www.covb.cat\/es\/#\/schema\/logo\/image\/\",\"url\":\"https:\/\/www.covb.cat\/wp-content\/uploads\/2018\/07\/favicon-covb.png\",\"contentUrl\":\"https:\/\/www.covb.cat\/wp-content\/uploads\/2018\/07\/favicon-covb.png\",\"width\":512,\"height\":512,\"caption\":\"COVB\"},\"image\":{\"@id\":\"https:\/\/www.covb.cat\/es\/#\/schema\/logo\/image\/\"},\"sameAs\":[\"https:\/\/www.facebook.com\/COVBcat\/\",\"https:\/\/x.com\/COVBcat\",\"https:\/\/www.youtube.com\/user\/covbcn\"]},{\"@type\":\"Person\",\"@id\":\"\"}]}<\/script>\n<!-- \/ Yoast SEO plugin. -->","yoast_head_json":{"title":"El Colegio Oficial de Veterinarios de Barcelona reivindica el papel de sus colegiados ante la crisis de la COVID-19 en el D\u00eda Mundial de la Veterinaria - COVB - Col\u00b7legi Oficial de Veterinaris de Barcelona","description":"24 de abril de 2021, D\u00eda Mundial de la Veterinaria La Asociaci\u00f3n Mundial Veterinaria (WVA) celebrar\u00e1 el pr\u00f3ximo 24 de abril el D\u00eda Mundial de la","robots":{"index":"index","follow":"follow","max-snippet":"max-snippet:-1","max-image-preview":"max-image-preview:large","max-video-preview":"max-video-preview:-1"},"canonical":"https:\/\/www.covb.cat\/es\/actualitat\/noticies\/general\/el-colegio-oficial-de-veterinarios-de-barcelona-reivindica-el-papel-de-sus-colegiados-ante-la-crisis-de-la-covid-19-en-el-dia-mundial-de-la-veterinaria\/","og_locale":"es_ES","og_type":"article","og_title":"El Colegio Oficial de Veterinarios de Barcelona reivindica el papel de sus colegiados ante la crisis de la COVID-19 en el D\u00eda Mundial de la Veterinaria - COVB - Col\u00b7legi Oficial de Veterinaris de Barcelona","og_description":"24 de abril de 2021, D\u00eda Mundial de la Veterinaria La Asociaci\u00f3n Mundial Veterinaria (WVA) celebrar\u00e1 el pr\u00f3ximo 24 de abril el D\u00eda Mundial de la","og_url":"https:\/\/www.covb.cat\/es\/actualitat\/noticies\/general\/el-colegio-oficial-de-veterinarios-de-barcelona-reivindica-el-papel-de-sus-colegiados-ante-la-crisis-de-la-covid-19-en-el-dia-mundial-de-la-veterinaria\/","og_site_name":"COVB","article_publisher":"https:\/\/www.facebook.com\/COVBcat\/","article_published_time":"2021-04-23T13:25:37+00:00","article_modified_time":"2022-01-12T20:33:39+00:00","og_image":[{"width":585,"height":408,"url":"https:\/\/www.covb.cat\/wp-content\/uploads\/2021\/03\/hiperadreno.png","type":"image\/png"}],"twitter_card":"summary_large_image","twitter_creator":"@COVBcat","twitter_site":"@COVBcat","twitter_misc":{"Escrito por":"","Tiempo de lectura":"2 minutos"},"schema":{"@context":"https:\/\/schema.org","@graph":[{"@type":"Article","@id":"https:\/\/www.covb.cat\/es\/actualitat\/noticies\/general\/el-colegio-oficial-de-veterinarios-de-barcelona-reivindica-el-papel-de-sus-colegiados-ante-la-crisis-de-la-covid-19-en-el-dia-mundial-de-la-veterinaria\/#article","isPartOf":{"@id":"https:\/\/www.covb.cat\/es\/actualitat\/noticies\/general\/el-colegio-oficial-de-veterinarios-de-barcelona-reivindica-el-papel-de-sus-colegiados-ante-la-crisis-de-la-covid-19-en-el-dia-mundial-de-la-veterinaria\/"},"author":{"name":"","@id":""},"headline":"El Colegio Oficial de Veterinarios de Barcelona reivindica el papel de sus colegiados ante la crisis de la COVID-19 en el D\u00eda Mundial de la Veterinaria","datePublished":"2021-04-23T13:25:37+00:00","dateModified":"2022-01-12T20:33:39+00:00","mainEntityOfPage":{"@id":"https:\/\/www.covb.cat\/es\/actualitat\/noticies\/general\/el-colegio-oficial-de-veterinarios-de-barcelona-reivindica-el-papel-de-sus-colegiados-ante-la-crisis-de-la-covid-19-en-el-dia-mundial-de-la-veterinaria\/"},"wordCount":302,"publisher":{"@id":"https:\/\/www.covb.cat\/es\/#organization"},"image":{"@id":"https:\/\/www.covb.cat\/es\/actualitat\/noticies\/general\/el-colegio-oficial-de-veterinarios-de-barcelona-reivindica-el-papel-de-sus-colegiados-ante-la-crisis-de-la-covid-19-en-el-dia-mundial-de-la-veterinaria\/#primaryimage"},"thumbnailUrl":"https:\/\/www.covb.cat\/wp-content\/uploads\/2021\/03\/hiperadreno.png","keywords":["Prensa"],"articleSection":["Corporativo","General"],"inLanguage":"es"},{"@type":"WebPage","@id":"https:\/\/www.covb.cat\/es\/actualitat\/noticies\/general\/el-colegio-oficial-de-veterinarios-de-barcelona-reivindica-el-papel-de-sus-colegiados-ante-la-crisis-de-la-covid-19-en-el-dia-mundial-de-la-veterinaria\/","url":"https:\/\/www.covb.cat\/es\/actualitat\/noticies\/general\/el-colegio-oficial-de-veterinarios-de-barcelona-reivindica-el-papel-de-sus-colegiados-ante-la-crisis-de-la-covid-19-en-el-dia-mundial-de-la-veterinaria\/","name":"El Colegio Oficial de Veterinarios de Barcelona reivindica el papel de sus colegiados ante la crisis de la COVID-19 en el D\u00eda Mundial de la Veterinaria - COVB - Col\u00b7legi Oficial de Veterinaris de Barcelona","isPartOf":{"@id":"https:\/\/www.covb.cat\/es\/#website"},"primaryImageOfPage":{"@id":"https:\/\/www.covb.cat\/es\/actualitat\/noticies\/general\/el-colegio-oficial-de-veterinarios-de-barcelona-reivindica-el-papel-de-sus-colegiados-ante-la-crisis-de-la-covid-19-en-el-dia-mundial-de-la-veterinaria\/#primaryimage"},"image":{"@id":"https:\/\/www.covb.cat\/es\/actualitat\/noticies\/general\/el-colegio-oficial-de-veterinarios-de-barcelona-reivindica-el-papel-de-sus-colegiados-ante-la-crisis-de-la-covid-19-en-el-dia-mundial-de-la-veterinaria\/#primaryimage"},"thumbnailUrl":"https:\/\/www.covb.cat\/wp-content\/uploads\/2021\/03\/hiperadreno.png","datePublished":"2021-04-23T13:25:37+00:00","dateModified":"2022-01-12T20:33:39+00:00","description":"24 de abril de 2021, D\u00eda Mundial de la Veterinaria La Asociaci\u00f3n Mundial Veterinaria (WVA) celebrar\u00e1 el pr\u00f3ximo 24 de abril el D\u00eda Mundial de la","breadcrumb":{"@id":"https:\/\/www.covb.cat\/es\/actualitat\/noticies\/general\/el-colegio-oficial-de-veterinarios-de-barcelona-reivindica-el-papel-de-sus-colegiados-ante-la-crisis-de-la-covid-19-en-el-dia-mundial-de-la-veterinaria\/#breadcrumb"},"inLanguage":"es","potentialAction":[{"@type":"ReadAction","target":["https:\/\/www.covb.cat\/es\/actualitat\/noticies\/general\/el-colegio-oficial-de-veterinarios-de-barcelona-reivindica-el-papel-de-sus-colegiados-ante-la-crisis-de-la-covid-19-en-el-dia-mundial-de-la-veterinaria\/"]}]},{"@type":"ImageObject","inLanguage":"es","@id":"https:\/\/www.covb.cat\/es\/actualitat\/noticies\/general\/el-colegio-oficial-de-veterinarios-de-barcelona-reivindica-el-papel-de-sus-colegiados-ante-la-crisis-de-la-covid-19-en-el-dia-mundial-de-la-veterinaria\/#primaryimage","url":"https:\/\/www.covb.cat\/wp-content\/uploads\/2021\/03\/hiperadreno.png","contentUrl":"https:\/\/www.covb.cat\/wp-content\/uploads\/2021\/03\/hiperadreno.png","width":585,"height":408},{"@type":"BreadcrumbList","@id":"https:\/\/www.covb.cat\/es\/actualitat\/noticies\/general\/el-colegio-oficial-de-veterinarios-de-barcelona-reivindica-el-papel-de-sus-colegiados-ante-la-crisis-de-la-covid-19-en-el-dia-mundial-de-la-veterinaria\/#breadcrumb","itemListElement":[{"@type":"ListItem","position":1,"name":"Inici","item":"https:\/\/www.covb.cat\/es\/"},{"@type":"ListItem","position":2,"name":"El Colegio Oficial de Veterinarios de Barcelona reivindica el papel de sus colegiados ante la crisis de la COVID-19 en el D\u00eda Mundial de la Veterinaria"}]},{"@type":"WebSite","@id":"https:\/\/www.covb.cat\/es\/#website","url":"https:\/\/www.covb.cat\/es\/","name":"COVB","description":"Col\u00b7legi Oficial de Veterinaris de Barcelona","publisher":{"@id":"https:\/\/www.covb.cat\/es\/#organization"},"potentialAction":[{"@type":"SearchAction","target":{"@type":"EntryPoint","urlTemplate":"https:\/\/www.covb.cat\/es\/?s={search_term_string}"},"query-input":{"@type":"PropertyValueSpecification","valueRequired":true,"valueName":"search_term_string"}}],"inLanguage":"es"},{"@type":"Organization","@id":"https:\/\/www.covb.cat\/es\/#organization","name":"COVB","url":"https:\/\/www.covb.cat\/es\/","logo":{"@type":"ImageObject","inLanguage":"es","@id":"https:\/\/www.covb.cat\/es\/#\/schema\/logo\/image\/","url":"https:\/\/www.covb.cat\/wp-content\/uploads\/2018\/07\/favicon-covb.png","contentUrl":"https:\/\/www.covb.cat\/wp-content\/uploads\/2018\/07\/favicon-covb.png","width":512,"height":512,"caption":"COVB"},"image":{"@id":"https:\/\/www.covb.cat\/es\/#\/schema\/logo\/image\/"},"sameAs":["https:\/\/www.facebook.com\/COVBcat\/","https:\/\/x.com\/COVBcat","https:\/\/www.youtube.com\/user\/covbcn"]},{"@type":"Person","@id":""}]}},"jetpack_featured_media_url":"https:\/\/www.covb.cat\/wp-content\/uploads\/2021\/03\/hiperadreno.png","jetpack_sharing_enabled":true,"_links":{"self":[{"href":"https:\/\/www.covb.cat\/es\/wp-json\/wp\/v2\/posts\/7740","targetHints":{"allow":["GET"]}}],"collection":[{"href":"https:\/\/www.covb.cat\/es\/wp-json\/wp\/v2\/posts"}],"about":[{"href":"https:\/\/www.covb.cat\/es\/wp-json\/wp\/v2\/types\/post"}],"author":[{"embeddable":true,"href":"https:\/\/www.covb.cat\/es\/wp-json\/wp\/v2\/users\/106"}],"replies":[{"embeddable":true,"href":"https:\/\/www.covb.cat\/es\/wp-json\/wp\/v2\/comments?post=7740"}],"version-history":[{"count":0,"href":"https:\/\/www.covb.cat\/es\/wp-json\/wp\/v2\/posts\/7740\/revisions"}],"wp:featuredmedia":[{"embeddable":true,"href":"https:\/\/www.covb.cat\/es\/wp-json\/wp\/v2\/media\/6345"}],"wp:attachment":[{"href":"https:\/\/www.covb.cat\/es\/wp-json\/wp\/v2\/media?parent=7740"}],"wp:term":[{"taxonomy":"category","embeddable":true,"href":"https:\/\/www.covb.cat\/es\/wp-json\/wp\/v2\/categories?post=7740"},{"taxonomy":"post_tag","embeddable":true,"href":"https:\/\/www.covb.cat\/es\/wp-json\/wp\/v2\/tags?post=7740"}],"curies":[{"name":"wp","href":"https:\/\/api.w.org\/{rel}","templated":true}]}}