{"id":69464,"date":"2026-04-30T16:42:53","date_gmt":"2026-04-30T14:42:53","guid":{"rendered":"https:\/\/www.covb.cat\/?p=69464"},"modified":"2026-04-30T16:42:53","modified_gmt":"2026-04-30T14:42:53","slug":"actualizacion-de-la-ppa-en-cataluna-ampliacion-de-zonas-restringidas-y-recordatorio-clave-para-la-salud-publica","status":"publish","type":"post","link":"https:\/\/www.covb.cat\/es\/actualitat\/noticies\/general\/actualizacion-de-la-ppa-en-cataluna-ampliacion-de-zonas-restringidas-y-recordatorio-clave-para-la-salud-publica\/","title":{"rendered":"Actualizaci\u00f3n de la PPA en Catalu\u00f1a: ampliaci\u00f3n de zonas restringidas y recordatorio clave para la salud p\u00fablica"},"content":{"rendered":"<p>Las autoridades sanitarias han actualizado la situaci\u00f3n epidemiol\u00f3gica de la peste porcina africana (PPA) en Catalu\u00f1a tras la detecci\u00f3n de un nuevo caso en un jabal\u00ed en el municipio de Castellbisbal, a menos de 3 km de una zona previamente restringida. Esta detecci\u00f3n ha conllevado la <strong>modificaci\u00f3n de la regionalizaci\u00f3n y la ampliaci\u00f3n de las zonas restringidas I y II en la provincia de Barcelona<\/strong> .<\/p>\n<p>La nueva zonificaci\u00f3n ha sido aprobada a nivel europeo y publicada en el Diario Oficial de la Uni\u00f3n Europea, reforzando el marco de control y contenci\u00f3n de la enfermedad.<\/p>\n<h3><strong>Situaci\u00f3n actual<\/strong><\/h3>\n<p>La vigilancia se mantiene especialmente centrada en la fauna silvestre, principal reservorio del virus. En este contexto:<\/p>\n<ul>\n<li>No se han detectado casos en porcino dom\u00e9stico.<\/li>\n<li>Las explotaciones situadas dentro de las zonas restringidas contin\u00faan bajo controles estrictos de bioseguridad y vigilancia pasiva reforzada.<\/li>\n<li>Se mantiene un alto nivel de alerta tanto en Catalu\u00f1a como en el resto del Estado .<\/li>\n<\/ul>\n<h3><strong>Recordatorio clave: sin riesgo para la salud humana<\/strong><\/h3>\n<p>La Agencia Catalana de Seguridad Alimentaria (ACSA) ha reforzado la comunicaci\u00f3n sobre un aspecto esencial:<\/p>\n<ul>\n<li>La PPA <strong>no es una zoonosis<\/strong>.<\/li>\n<li>El virus <strong>no puede infectar a humanos<\/strong>.<\/li>\n<li><strong>No se transmite a trav\u00e9s de los alimentos<\/strong>.<\/li>\n<\/ul>\n<p>Por tanto, el consumo de carne de cerdo y sus derivados es completamente seguro.<\/p>\n<h3><strong>Transmisi\u00f3n y resistencia del virus<\/strong><\/h3>\n<p>La PPA es una enfermedad v\u00edrica grave que afecta exclusivamente a cerdos dom\u00e9sticos y jabal\u00edes, con una elevada mortalidad. Puede transmitirse por:<\/p>\n<ul>\n<li>contacto directo con animales infectados,<\/li>\n<li>contacto indirecto con materiales contaminados (veh\u00edculos, ropa, instalaciones),<\/li>\n<li>y, en algunos casos, mediante vectores como garrapatas.<\/li>\n<\/ul>\n<p>Uno de los principales factores de riesgo es la gran resistencia del virus, que puede sobrevivir durante largos periodos en carne cruda, productos c\u00e1rnicos o restos contaminados.<\/p>\n<h3><strong>Impacto y motivos de preocupaci\u00f3n<\/strong><\/h3>\n<p>Aunque no afecta a la salud humana, la PPA tiene un impacto muy relevante en:<\/p>\n<ul>\n<li>el sector porcino,<\/li>\n<li>la fauna silvestre,<\/li>\n<li>y la econom\u00eda agraria.<\/li>\n<\/ul>\n<p>Su presencia obliga a aplicar medidas estrictas de control, restricciones de movimiento y actuaciones de erradicaci\u00f3n.<\/p>\n<h3><strong>Medidas de prevenci\u00f3n y control<\/strong><\/h3>\n<p>Para reducir el riesgo de introducci\u00f3n y propagaci\u00f3n, las autoridades mantienen:<\/p>\n<ul>\n<li>protocolos estrictos de bioseguridad en explotaciones y transportes,<\/li>\n<li>vigilancia epidemiol\u00f3gica en cerdos y jabal\u00edes,<\/li>\n<li>restricciones de movimiento de animales y productos,<\/li>\n<li>campa\u00f1as informativas dirigidas a ganaderos, cazadores y viajeros.<\/li>\n<\/ul>\n<p>Ante el escenario actual, se recuerda la importancia de comunicar inmediatamente cualquier sospecha a los servicios veterinarios oficiales y de reforzar las medidas de bioseguridad en todas las explotaciones.<\/p>\n<p>Desde el COVB seguiremos informando puntualmente sobre la evoluci\u00f3n de la PPA y las medidas adoptadas para proteger al sector.<\/p>\n<p><a href=\"https:\/\/www.covb.cat\/wp-content\/uploads\/2026\/04\/nota-actualizaci-n-regionalizaci-n-ppa-28-4-26-.pdf\" target=\"_blank\" rel=\"noopener\">Nota-actualizaci\u00f3-regionalitzaci\u00f3-PPA&#8211;28-4-26 (PDF)<\/a><\/p>\n<p><a href=\"https:\/\/www.covb.cat\/wp-content\/uploads\/2026\/04\/Nota-Actualizacion-situacion-PPA_30.04.2026.pdf\" target=\"_blank\" rel=\"noopener\">Nota-actualizaci\u00f3-regionalitzaci\u00f3-PPA&#8211;30-4-26 (PDF)<\/a><\/p>\n","protected":false},"excerpt":{"rendered":"<p>Las autoridades sanitarias han actualizado la situaci\u00f3n epidemiol\u00f3gica de la peste porcina africana (PPA) en Catalu\u00f1a tras la detecci\u00f3n de un nuevo caso en un jabal\u00ed en el municipio de Castellbisbal, a menos de 3 km de una zona previamente restringida. Esta detecci\u00f3n ha conllevado la modificaci\u00f3n de la regionalizaci\u00f3n y la ampliaci\u00f3n de las [&hellip;]<\/p>\n","protected":false},"author":2985,"featured_media":69462,"comment_status":"closed","ping_status":"closed","sticky":false,"template":"","format":"standard","meta":{"_monsterinsights_skip_tracking":false,"_monsterinsights_sitenote_active":false,"_monsterinsights_sitenote_note":"","_monsterinsights_sitenote_category":0,"_jetpack_memberships_contains_paid_content":false,"footnotes":""},"categories":[156,17],"tags":[],"class_list":["post-69464","post","type-post","status-publish","format-standard","has-post-thumbnail","hentry","category-alertas","category-general"],"yoast_head":"<!-- This site is optimized with the Yoast SEO plugin v27.0 - https:\/\/yoast.com\/product\/yoast-seo-wordpress\/ -->\n<title>Actualizaci\u00f3n de la PPA en Catalu\u00f1a: ampliaci\u00f3n de zonas restringidas y recordatorio clave para la salud p\u00fablica - COVB - Col\u00b7legi Oficial de Veterinaris de Barcelona<\/title>\n<meta name=\"description\" content=\"Las autoridades sanitarias han actualizado la situaci\u00f3n epidemiol\u00f3gica de la peste porcina africana (PPA) en Catalu\u00f1a tras la detecci\u00f3n de un nuevo caso\" \/>\n<meta name=\"robots\" content=\"index, follow, max-snippet:-1, max-image-preview:large, max-video-preview:-1\" \/>\n<link rel=\"canonical\" href=\"https:\/\/www.covb.cat\/es\/actualitat\/noticies\/general\/actualizacion-de-la-ppa-en-cataluna-ampliacion-de-zonas-restringidas-y-recordatorio-clave-para-la-salud-publica\/\" \/>\n<meta property=\"og:locale\" content=\"es_ES\" \/>\n<meta property=\"og:type\" content=\"article\" \/>\n<meta property=\"og:title\" content=\"Actualizaci\u00f3n de la PPA en Catalu\u00f1a: ampliaci\u00f3n de zonas restringidas y recordatorio clave para la salud p\u00fablica - COVB - Col\u00b7legi Oficial de Veterinaris de Barcelona\" \/>\n<meta property=\"og:description\" content=\"Las autoridades sanitarias han actualizado la situaci\u00f3n epidemiol\u00f3gica de la peste porcina africana (PPA) en Catalu\u00f1a tras la detecci\u00f3n de un nuevo caso\" \/>\n<meta property=\"og:url\" content=\"https:\/\/www.covb.cat\/es\/actualitat\/noticies\/general\/actualizacion-de-la-ppa-en-cataluna-ampliacion-de-zonas-restringidas-y-recordatorio-clave-para-la-salud-publica\/\" \/>\n<meta property=\"og:site_name\" content=\"COVB\" \/>\n<meta property=\"article:publisher\" content=\"https:\/\/www.facebook.com\/COVBcat\/\" \/>\n<meta property=\"article:published_time\" content=\"2026-04-30T14:42:53+00:00\" \/>\n<meta property=\"og:image\" content=\"https:\/\/www.covb.cat\/wp-content\/uploads\/2026\/04\/Pesta-Porcina-WEB-2.jpg\" \/>\n\t<meta property=\"og:image:width\" content=\"1200\" \/>\n\t<meta property=\"og:image:height\" content=\"800\" \/>\n\t<meta property=\"og:image:type\" content=\"image\/jpeg\" \/>\n<meta name=\"author\" content=\"Ferran Alcaraz\" \/>\n<meta name=\"twitter:card\" content=\"summary_large_image\" \/>\n<meta name=\"twitter:creator\" content=\"@COVBcat\" \/>\n<meta name=\"twitter:site\" content=\"@COVBcat\" \/>\n<meta name=\"twitter:label1\" content=\"Escrito por\" \/>\n\t<meta name=\"twitter:data1\" content=\"Ferran Alcaraz\" \/>\n\t<meta name=\"twitter:label2\" content=\"Tiempo de lectura\" \/>\n\t<meta name=\"twitter:data2\" content=\"3 minutos\" \/>\n<script type=\"application\/ld+json\" class=\"yoast-schema-graph\">{\"@context\":\"https:\/\/schema.org\",\"@graph\":[{\"@type\":\"Article\",\"@id\":\"https:\/\/www.covb.cat\/es\/actualitat\/noticies\/general\/actualizacion-de-la-ppa-en-cataluna-ampliacion-de-zonas-restringidas-y-recordatorio-clave-para-la-salud-publica\/#article\",\"isPartOf\":{\"@id\":\"https:\/\/www.covb.cat\/es\/actualitat\/noticies\/general\/actualizacion-de-la-ppa-en-cataluna-ampliacion-de-zonas-restringidas-y-recordatorio-clave-para-la-salud-publica\/\"},\"author\":{\"name\":\"Ferran Alcaraz\",\"@id\":\"https:\/\/www.covb.cat\/es\/#\/schema\/person\/ddc9093bc091186c194bba72ca3be5e2\"},\"headline\":\"Actualizaci\u00f3n de la PPA en Catalu\u00f1a: ampliaci\u00f3n de zonas restringidas y recordatorio clave para la salud p\u00fablica\",\"datePublished\":\"2026-04-30T14:42:53+00:00\",\"mainEntityOfPage\":{\"@id\":\"https:\/\/www.covb.cat\/es\/actualitat\/noticies\/general\/actualizacion-de-la-ppa-en-cataluna-ampliacion-de-zonas-restringidas-y-recordatorio-clave-para-la-salud-publica\/\"},\"wordCount\":493,\"publisher\":{\"@id\":\"https:\/\/www.covb.cat\/es\/#organization\"},\"image\":{\"@id\":\"https:\/\/www.covb.cat\/es\/actualitat\/noticies\/general\/actualizacion-de-la-ppa-en-cataluna-ampliacion-de-zonas-restringidas-y-recordatorio-clave-para-la-salud-publica\/#primaryimage\"},\"thumbnailUrl\":\"https:\/\/www.covb.cat\/wp-content\/uploads\/2026\/04\/Pesta-Porcina-WEB-2.jpg\",\"articleSection\":[\"Alertas\",\"General\"],\"inLanguage\":\"es\"},{\"@type\":\"WebPage\",\"@id\":\"https:\/\/www.covb.cat\/es\/actualitat\/noticies\/general\/actualizacion-de-la-ppa-en-cataluna-ampliacion-de-zonas-restringidas-y-recordatorio-clave-para-la-salud-publica\/\",\"url\":\"https:\/\/www.covb.cat\/es\/actualitat\/noticies\/general\/actualizacion-de-la-ppa-en-cataluna-ampliacion-de-zonas-restringidas-y-recordatorio-clave-para-la-salud-publica\/\",\"name\":\"Actualizaci\u00f3n de la PPA en Catalu\u00f1a: ampliaci\u00f3n de zonas restringidas y recordatorio clave para la salud p\u00fablica - COVB - Col\u00b7legi Oficial de Veterinaris de Barcelona\",\"isPartOf\":{\"@id\":\"https:\/\/www.covb.cat\/es\/#website\"},\"primaryImageOfPage\":{\"@id\":\"https:\/\/www.covb.cat\/es\/actualitat\/noticies\/general\/actualizacion-de-la-ppa-en-cataluna-ampliacion-de-zonas-restringidas-y-recordatorio-clave-para-la-salud-publica\/#primaryimage\"},\"image\":{\"@id\":\"https:\/\/www.covb.cat\/es\/actualitat\/noticies\/general\/actualizacion-de-la-ppa-en-cataluna-ampliacion-de-zonas-restringidas-y-recordatorio-clave-para-la-salud-publica\/#primaryimage\"},\"thumbnailUrl\":\"https:\/\/www.covb.cat\/wp-content\/uploads\/2026\/04\/Pesta-Porcina-WEB-2.jpg\",\"datePublished\":\"2026-04-30T14:42:53+00:00\",\"description\":\"Las autoridades sanitarias han actualizado la situaci\u00f3n epidemiol\u00f3gica de la peste porcina africana (PPA) en Catalu\u00f1a tras la detecci\u00f3n de un nuevo caso\",\"breadcrumb\":{\"@id\":\"https:\/\/www.covb.cat\/es\/actualitat\/noticies\/general\/actualizacion-de-la-ppa-en-cataluna-ampliacion-de-zonas-restringidas-y-recordatorio-clave-para-la-salud-publica\/#breadcrumb\"},\"inLanguage\":\"es\",\"potentialAction\":[{\"@type\":\"ReadAction\",\"target\":[\"https:\/\/www.covb.cat\/es\/actualitat\/noticies\/general\/actualizacion-de-la-ppa-en-cataluna-ampliacion-de-zonas-restringidas-y-recordatorio-clave-para-la-salud-publica\/\"]}]},{\"@type\":\"ImageObject\",\"inLanguage\":\"es\",\"@id\":\"https:\/\/www.covb.cat\/es\/actualitat\/noticies\/general\/actualizacion-de-la-ppa-en-cataluna-ampliacion-de-zonas-restringidas-y-recordatorio-clave-para-la-salud-publica\/#primaryimage\",\"url\":\"https:\/\/www.covb.cat\/wp-content\/uploads\/2026\/04\/Pesta-Porcina-WEB-2.jpg\",\"contentUrl\":\"https:\/\/www.covb.cat\/wp-content\/uploads\/2026\/04\/Pesta-Porcina-WEB-2.jpg\",\"width\":1200,\"height\":800},{\"@type\":\"BreadcrumbList\",\"@id\":\"https:\/\/www.covb.cat\/es\/actualitat\/noticies\/general\/actualizacion-de-la-ppa-en-cataluna-ampliacion-de-zonas-restringidas-y-recordatorio-clave-para-la-salud-publica\/#breadcrumb\",\"itemListElement\":[{\"@type\":\"ListItem\",\"position\":1,\"name\":\"Inici\",\"item\":\"https:\/\/www.covb.cat\/es\/\"},{\"@type\":\"ListItem\",\"position\":2,\"name\":\"Actualizaci\u00f3n de la PPA en Catalu\u00f1a: ampliaci\u00f3n de zonas restringidas y recordatorio clave para la salud p\u00fablica\"}]},{\"@type\":\"WebSite\",\"@id\":\"https:\/\/www.covb.cat\/es\/#website\",\"url\":\"https:\/\/www.covb.cat\/es\/\",\"name\":\"COVB\",\"description\":\"Col\u00b7legi Oficial de Veterinaris de Barcelona\",\"publisher\":{\"@id\":\"https:\/\/www.covb.cat\/es\/#organization\"},\"potentialAction\":[{\"@type\":\"SearchAction\",\"target\":{\"@type\":\"EntryPoint\",\"urlTemplate\":\"https:\/\/www.covb.cat\/es\/?s={search_term_string}\"},\"query-input\":{\"@type\":\"PropertyValueSpecification\",\"valueRequired\":true,\"valueName\":\"search_term_string\"}}],\"inLanguage\":\"es\"},{\"@type\":\"Organization\",\"@id\":\"https:\/\/www.covb.cat\/es\/#organization\",\"name\":\"COVB\",\"url\":\"https:\/\/www.covb.cat\/es\/\",\"logo\":{\"@type\":\"ImageObject\",\"inLanguage\":\"es\",\"@id\":\"https:\/\/www.covb.cat\/es\/#\/schema\/logo\/image\/\",\"url\":\"https:\/\/www.covb.cat\/wp-content\/uploads\/2018\/07\/favicon-covb.png\",\"contentUrl\":\"https:\/\/www.covb.cat\/wp-content\/uploads\/2018\/07\/favicon-covb.png\",\"width\":512,\"height\":512,\"caption\":\"COVB\"},\"image\":{\"@id\":\"https:\/\/www.covb.cat\/es\/#\/schema\/logo\/image\/\"},\"sameAs\":[\"https:\/\/www.facebook.com\/COVBcat\/\",\"https:\/\/x.com\/COVBcat\",\"https:\/\/www.youtube.com\/user\/covbcn\"]},{\"@type\":\"Person\",\"@id\":\"https:\/\/www.covb.cat\/es\/#\/schema\/person\/ddc9093bc091186c194bba72ca3be5e2\",\"name\":\"Ferran Alcaraz\",\"image\":{\"@type\":\"ImageObject\",\"inLanguage\":\"es\",\"@id\":\"https:\/\/www.covb.cat\/es\/#\/schema\/person\/image\/\",\"url\":\"https:\/\/secure.gravatar.com\/avatar\/7a7bb9e48d880990c016f59db5a666fe7ad49e90723bdbdc0acfb756246ea192?s=96&d=mm&r=g\",\"contentUrl\":\"https:\/\/secure.gravatar.com\/avatar\/7a7bb9e48d880990c016f59db5a666fe7ad49e90723bdbdc0acfb756246ea192?s=96&d=mm&r=g\",\"caption\":\"Ferran Alcaraz\"}}]}<\/script>\n<!-- \/ Yoast SEO plugin. -->","yoast_head_json":{"title":"Actualizaci\u00f3n de la PPA en Catalu\u00f1a: ampliaci\u00f3n de zonas restringidas y recordatorio clave para la salud p\u00fablica - COVB - Col\u00b7legi Oficial de Veterinaris de Barcelona","description":"Las autoridades sanitarias han actualizado la situaci\u00f3n epidemiol\u00f3gica de la peste porcina africana (PPA) en Catalu\u00f1a tras la detecci\u00f3n de un nuevo caso","robots":{"index":"index","follow":"follow","max-snippet":"max-snippet:-1","max-image-preview":"max-image-preview:large","max-video-preview":"max-video-preview:-1"},"canonical":"https:\/\/www.covb.cat\/es\/actualitat\/noticies\/general\/actualizacion-de-la-ppa-en-cataluna-ampliacion-de-zonas-restringidas-y-recordatorio-clave-para-la-salud-publica\/","og_locale":"es_ES","og_type":"article","og_title":"Actualizaci\u00f3n de la PPA en Catalu\u00f1a: ampliaci\u00f3n de zonas restringidas y recordatorio clave para la salud p\u00fablica - COVB - Col\u00b7legi Oficial de Veterinaris de Barcelona","og_description":"Las autoridades sanitarias han actualizado la situaci\u00f3n epidemiol\u00f3gica de la peste porcina africana (PPA) en Catalu\u00f1a tras la detecci\u00f3n de un nuevo caso","og_url":"https:\/\/www.covb.cat\/es\/actualitat\/noticies\/general\/actualizacion-de-la-ppa-en-cataluna-ampliacion-de-zonas-restringidas-y-recordatorio-clave-para-la-salud-publica\/","og_site_name":"COVB","article_publisher":"https:\/\/www.facebook.com\/COVBcat\/","article_published_time":"2026-04-30T14:42:53+00:00","og_image":[{"width":1200,"height":800,"url":"https:\/\/www.covb.cat\/wp-content\/uploads\/2026\/04\/Pesta-Porcina-WEB-2.jpg","type":"image\/jpeg"}],"author":"Ferran Alcaraz","twitter_card":"summary_large_image","twitter_creator":"@COVBcat","twitter_site":"@COVBcat","twitter_misc":{"Escrito por":"Ferran Alcaraz","Tiempo de lectura":"3 minutos"},"schema":{"@context":"https:\/\/schema.org","@graph":[{"@type":"Article","@id":"https:\/\/www.covb.cat\/es\/actualitat\/noticies\/general\/actualizacion-de-la-ppa-en-cataluna-ampliacion-de-zonas-restringidas-y-recordatorio-clave-para-la-salud-publica\/#article","isPartOf":{"@id":"https:\/\/www.covb.cat\/es\/actualitat\/noticies\/general\/actualizacion-de-la-ppa-en-cataluna-ampliacion-de-zonas-restringidas-y-recordatorio-clave-para-la-salud-publica\/"},"author":{"name":"Ferran Alcaraz","@id":"https:\/\/www.covb.cat\/es\/#\/schema\/person\/ddc9093bc091186c194bba72ca3be5e2"},"headline":"Actualizaci\u00f3n de la PPA en Catalu\u00f1a: ampliaci\u00f3n de zonas restringidas y recordatorio clave para la salud p\u00fablica","datePublished":"2026-04-30T14:42:53+00:00","mainEntityOfPage":{"@id":"https:\/\/www.covb.cat\/es\/actualitat\/noticies\/general\/actualizacion-de-la-ppa-en-cataluna-ampliacion-de-zonas-restringidas-y-recordatorio-clave-para-la-salud-publica\/"},"wordCount":493,"publisher":{"@id":"https:\/\/www.covb.cat\/es\/#organization"},"image":{"@id":"https:\/\/www.covb.cat\/es\/actualitat\/noticies\/general\/actualizacion-de-la-ppa-en-cataluna-ampliacion-de-zonas-restringidas-y-recordatorio-clave-para-la-salud-publica\/#primaryimage"},"thumbnailUrl":"https:\/\/www.covb.cat\/wp-content\/uploads\/2026\/04\/Pesta-Porcina-WEB-2.jpg","articleSection":["Alertas","General"],"inLanguage":"es"},{"@type":"WebPage","@id":"https:\/\/www.covb.cat\/es\/actualitat\/noticies\/general\/actualizacion-de-la-ppa-en-cataluna-ampliacion-de-zonas-restringidas-y-recordatorio-clave-para-la-salud-publica\/","url":"https:\/\/www.covb.cat\/es\/actualitat\/noticies\/general\/actualizacion-de-la-ppa-en-cataluna-ampliacion-de-zonas-restringidas-y-recordatorio-clave-para-la-salud-publica\/","name":"Actualizaci\u00f3n de la PPA en Catalu\u00f1a: ampliaci\u00f3n de zonas restringidas y recordatorio clave para la salud p\u00fablica - COVB - Col\u00b7legi Oficial de Veterinaris de Barcelona","isPartOf":{"@id":"https:\/\/www.covb.cat\/es\/#website"},"primaryImageOfPage":{"@id":"https:\/\/www.covb.cat\/es\/actualitat\/noticies\/general\/actualizacion-de-la-ppa-en-cataluna-ampliacion-de-zonas-restringidas-y-recordatorio-clave-para-la-salud-publica\/#primaryimage"},"image":{"@id":"https:\/\/www.covb.cat\/es\/actualitat\/noticies\/general\/actualizacion-de-la-ppa-en-cataluna-ampliacion-de-zonas-restringidas-y-recordatorio-clave-para-la-salud-publica\/#primaryimage"},"thumbnailUrl":"https:\/\/www.covb.cat\/wp-content\/uploads\/2026\/04\/Pesta-Porcina-WEB-2.jpg","datePublished":"2026-04-30T14:42:53+00:00","description":"Las autoridades sanitarias han actualizado la situaci\u00f3n epidemiol\u00f3gica de la peste porcina africana (PPA) en Catalu\u00f1a tras la detecci\u00f3n de un nuevo caso","breadcrumb":{"@id":"https:\/\/www.covb.cat\/es\/actualitat\/noticies\/general\/actualizacion-de-la-ppa-en-cataluna-ampliacion-de-zonas-restringidas-y-recordatorio-clave-para-la-salud-publica\/#breadcrumb"},"inLanguage":"es","potentialAction":[{"@type":"ReadAction","target":["https:\/\/www.covb.cat\/es\/actualitat\/noticies\/general\/actualizacion-de-la-ppa-en-cataluna-ampliacion-de-zonas-restringidas-y-recordatorio-clave-para-la-salud-publica\/"]}]},{"@type":"ImageObject","inLanguage":"es","@id":"https:\/\/www.covb.cat\/es\/actualitat\/noticies\/general\/actualizacion-de-la-ppa-en-cataluna-ampliacion-de-zonas-restringidas-y-recordatorio-clave-para-la-salud-publica\/#primaryimage","url":"https:\/\/www.covb.cat\/wp-content\/uploads\/2026\/04\/Pesta-Porcina-WEB-2.jpg","contentUrl":"https:\/\/www.covb.cat\/wp-content\/uploads\/2026\/04\/Pesta-Porcina-WEB-2.jpg","width":1200,"height":800},{"@type":"BreadcrumbList","@id":"https:\/\/www.covb.cat\/es\/actualitat\/noticies\/general\/actualizacion-de-la-ppa-en-cataluna-ampliacion-de-zonas-restringidas-y-recordatorio-clave-para-la-salud-publica\/#breadcrumb","itemListElement":[{"@type":"ListItem","position":1,"name":"Inici","item":"https:\/\/www.covb.cat\/es\/"},{"@type":"ListItem","position":2,"name":"Actualizaci\u00f3n de la PPA en Catalu\u00f1a: ampliaci\u00f3n de zonas restringidas y recordatorio clave para la salud p\u00fablica"}]},{"@type":"WebSite","@id":"https:\/\/www.covb.cat\/es\/#website","url":"https:\/\/www.covb.cat\/es\/","name":"COVB","description":"Col\u00b7legi Oficial de Veterinaris de Barcelona","publisher":{"@id":"https:\/\/www.covb.cat\/es\/#organization"},"potentialAction":[{"@type":"SearchAction","target":{"@type":"EntryPoint","urlTemplate":"https:\/\/www.covb.cat\/es\/?s={search_term_string}"},"query-input":{"@type":"PropertyValueSpecification","valueRequired":true,"valueName":"search_term_string"}}],"inLanguage":"es"},{"@type":"Organization","@id":"https:\/\/www.covb.cat\/es\/#organization","name":"COVB","url":"https:\/\/www.covb.cat\/es\/","logo":{"@type":"ImageObject","inLanguage":"es","@id":"https:\/\/www.covb.cat\/es\/#\/schema\/logo\/image\/","url":"https:\/\/www.covb.cat\/wp-content\/uploads\/2018\/07\/favicon-covb.png","contentUrl":"https:\/\/www.covb.cat\/wp-content\/uploads\/2018\/07\/favicon-covb.png","width":512,"height":512,"caption":"COVB"},"image":{"@id":"https:\/\/www.covb.cat\/es\/#\/schema\/logo\/image\/"},"sameAs":["https:\/\/www.facebook.com\/COVBcat\/","https:\/\/x.com\/COVBcat","https:\/\/www.youtube.com\/user\/covbcn"]},{"@type":"Person","@id":"https:\/\/www.covb.cat\/es\/#\/schema\/person\/ddc9093bc091186c194bba72ca3be5e2","name":"Ferran Alcaraz","image":{"@type":"ImageObject","inLanguage":"es","@id":"https:\/\/www.covb.cat\/es\/#\/schema\/person\/image\/","url":"https:\/\/secure.gravatar.com\/avatar\/7a7bb9e48d880990c016f59db5a666fe7ad49e90723bdbdc0acfb756246ea192?s=96&d=mm&r=g","contentUrl":"https:\/\/secure.gravatar.com\/avatar\/7a7bb9e48d880990c016f59db5a666fe7ad49e90723bdbdc0acfb756246ea192?s=96&d=mm&r=g","caption":"Ferran Alcaraz"}}]}},"jetpack_featured_media_url":"https:\/\/www.covb.cat\/wp-content\/uploads\/2026\/04\/Pesta-Porcina-WEB-2.jpg","jetpack_sharing_enabled":true,"_links":{"self":[{"href":"https:\/\/www.covb.cat\/es\/wp-json\/wp\/v2\/posts\/69464","targetHints":{"allow":["GET"]}}],"collection":[{"href":"https:\/\/www.covb.cat\/es\/wp-json\/wp\/v2\/posts"}],"about":[{"href":"https:\/\/www.covb.cat\/es\/wp-json\/wp\/v2\/types\/post"}],"author":[{"embeddable":true,"href":"https:\/\/www.covb.cat\/es\/wp-json\/wp\/v2\/users\/2985"}],"replies":[{"embeddable":true,"href":"https:\/\/www.covb.cat\/es\/wp-json\/wp\/v2\/comments?post=69464"}],"version-history":[{"count":4,"href":"https:\/\/www.covb.cat\/es\/wp-json\/wp\/v2\/posts\/69464\/revisions"}],"predecessor-version":[{"id":69528,"href":"https:\/\/www.covb.cat\/es\/wp-json\/wp\/v2\/posts\/69464\/revisions\/69528"}],"wp:featuredmedia":[{"embeddable":true,"href":"https:\/\/www.covb.cat\/es\/wp-json\/wp\/v2\/media\/69462"}],"wp:attachment":[{"href":"https:\/\/www.covb.cat\/es\/wp-json\/wp\/v2\/media?parent=69464"}],"wp:term":[{"taxonomy":"category","embeddable":true,"href":"https:\/\/www.covb.cat\/es\/wp-json\/wp\/v2\/categories?post=69464"},{"taxonomy":"post_tag","embeddable":true,"href":"https:\/\/www.covb.cat\/es\/wp-json\/wp\/v2\/tags?post=69464"}],"curies":[{"name":"wp","href":"https:\/\/api.w.org\/{rel}","templated":true}]}}