{"id":69438,"date":"2026-04-29T16:58:49","date_gmt":"2026-04-29T14:58:49","guid":{"rendered":"https:\/\/www.covb.cat\/?p=69438"},"modified":"2026-04-29T16:58:49","modified_gmt":"2026-04-29T14:58:49","slug":"nace-frecuencia-galatea-el-nuevo-videopodcast-sobre-salud-y-bienestar-profesional","status":"publish","type":"post","link":"https:\/\/www.covb.cat\/es\/actualitat\/noticies\/general\/nace-frecuencia-galatea-el-nuevo-videopodcast-sobre-salud-y-bienestar-profesional\/","title":{"rendered":"Nace Frecuencia Galatea, el nuevo videopodcast sobre salud y bienestar profesional"},"content":{"rendered":"<p>La <strong>Fundaci\u00f3 Galatea<\/strong> ha estrenado este mes de abril <strong>Frecuencia Galatea<\/strong>, un nuevo videopodcast que nace con el objetivo de reflexionar y aportar herramientas pr\u00e1cticas para promover la salud y el bienestar de los profesionales sanitarios y de sus organizaciones.<\/p>\n<p>El proyecto est\u00e1 conducido por la periodista <strong>Gemma Bruna<\/strong> y cuenta con la participaci\u00f3n de <strong>Antoni Calvo<\/strong>, quienes conversan con expertos invitados en cada episodio.<\/p>\n<h3><strong>Una mirada integral al bienestar profesional<\/strong><\/h3>\n<p>El videopodcast plantea una visi\u00f3n sist\u00e9mica de la salud mental, que va m\u00e1s all\u00e1 del \u00e1mbito individual e incorpora factores colectivos, organizativos y culturales que influyen en el bienestar de los equipos.<\/p>\n<p>A trav\u00e9s de las distintas conversaciones, se comparten:<\/p>\n<ul>\n<li>Conocimiento riguroso<\/li>\n<li>Experiencias profesionales<\/li>\n<li>Propuestas pr\u00e1cticas aplicables<\/li>\n<\/ul>\n<p>Con el objetivo de avanzar hacia entornos de trabajo m\u00e1s saludables, sostenibles y humanos.<\/p>\n<h3><strong>Del conocimiento a la acci\u00f3n<\/strong><\/h3>\n<p>Cada episodio incluye la secci\u00f3n <strong>\u201cRecetario\u201d<\/strong>, donde los invitados aportan recomendaciones concretas para aplicar en el d\u00eda a d\u00eda profesional, tanto a nivel individual como organizativo.<\/p>\n<p>Este enfoque refuerza la idea de que la salud mental de los profesionales es un elemento clave para garantizar la calidad asistencial, la seguridad y el buen funcionamiento del sistema sanitario.<\/p>\n<h3>Acceso a los contenidos<\/h3>\n<p>El videopodcast est\u00e1 disponible en:<\/p>\n<ul>\n<li><a href=\"https:\/\/www.fgalatea.org\/ca\/frequencia-galatea\">Web<\/a> y App de Fundaci\u00f3 Galatea<\/li>\n<li>Plataformas como YouTube, Spotify, Apple Podcasts e iVoox<\/li>\n<\/ul>\n<p>Este nuevo espacio audiovisual ha sido producido con el apoyo de <strong>Ferrer for Good<\/strong>.<\/p>\n<p>Desde el COVB os animamos a descubrir este nuevo recurso e incorporar herramientas de cuidado y bienestar en la pr\u00e1ctica profesional.<\/p>\n","protected":false},"excerpt":{"rendered":"<p>La Fundaci\u00f3 Galatea ha estrenado este mes de abril Frecuencia Galatea, un nuevo videopodcast que nace con el objetivo de reflexionar y aportar herramientas pr\u00e1cticas para promover la salud y el bienestar de los profesionales sanitarios y de sus organizaciones. El proyecto est\u00e1 conducido por la periodista Gemma Bruna y cuenta con la participaci\u00f3n de [&hellip;]<\/p>\n","protected":false},"author":2985,"featured_media":0,"comment_status":"closed","ping_status":"closed","sticky":false,"template":"","format":"standard","meta":{"_monsterinsights_skip_tracking":false,"_monsterinsights_sitenote_active":false,"_monsterinsights_sitenote_note":"","_monsterinsights_sitenote_category":0,"_jetpack_memberships_contains_paid_content":false,"footnotes":""},"categories":[17,164],"tags":[],"class_list":["post-69438","post","type-post","status-publish","format-standard","hentry","category-general","category-profesional"],"yoast_head":"<!-- This site is optimized with the Yoast SEO plugin v27.0 - https:\/\/yoast.com\/product\/yoast-seo-wordpress\/ -->\n<title>Nace Frecuencia Galatea, el nuevo videopodcast sobre salud y bienestar profesional - COVB - Col\u00b7legi Oficial de Veterinaris de Barcelona<\/title>\n<meta name=\"description\" content=\"La Fundaci\u00f3 Galatea ha estrenado este mes de abril Frecuencia Galatea, un nuevo videopodcast que nace con el objetivo de reflexionar y aportar\" \/>\n<meta name=\"robots\" content=\"index, follow, max-snippet:-1, max-image-preview:large, max-video-preview:-1\" \/>\n<link rel=\"canonical\" href=\"https:\/\/www.covb.cat\/es\/actualitat\/noticies\/general\/nace-frecuencia-galatea-el-nuevo-videopodcast-sobre-salud-y-bienestar-profesional\/\" \/>\n<meta property=\"og:locale\" content=\"es_ES\" \/>\n<meta property=\"og:type\" content=\"article\" \/>\n<meta property=\"og:title\" content=\"Nace Frecuencia Galatea, el nuevo videopodcast sobre salud y bienestar profesional - COVB - Col\u00b7legi Oficial de Veterinaris de Barcelona\" \/>\n<meta property=\"og:description\" content=\"La Fundaci\u00f3 Galatea ha estrenado este mes de abril Frecuencia Galatea, un nuevo videopodcast que nace con el objetivo de reflexionar y aportar\" \/>\n<meta property=\"og:url\" content=\"https:\/\/www.covb.cat\/es\/actualitat\/noticies\/general\/nace-frecuencia-galatea-el-nuevo-videopodcast-sobre-salud-y-bienestar-profesional\/\" \/>\n<meta property=\"og:site_name\" content=\"COVB\" \/>\n<meta property=\"article:publisher\" content=\"https:\/\/www.facebook.com\/COVBcat\/\" \/>\n<meta property=\"article:published_time\" content=\"2026-04-29T14:58:49+00:00\" \/>\n<meta name=\"author\" content=\"Ferran Alcaraz\" \/>\n<meta name=\"twitter:card\" content=\"summary_large_image\" \/>\n<meta name=\"twitter:creator\" content=\"@COVBcat\" \/>\n<meta name=\"twitter:site\" content=\"@COVBcat\" \/>\n<meta name=\"twitter:label1\" content=\"Escrito por\" \/>\n\t<meta name=\"twitter:data1\" content=\"Ferran Alcaraz\" \/>\n\t<meta name=\"twitter:label2\" content=\"Tiempo de lectura\" \/>\n\t<meta name=\"twitter:data2\" content=\"2 minutos\" \/>\n<script type=\"application\/ld+json\" class=\"yoast-schema-graph\">{\"@context\":\"https:\/\/schema.org\",\"@graph\":[{\"@type\":\"Article\",\"@id\":\"https:\/\/www.covb.cat\/es\/actualitat\/noticies\/general\/nace-frecuencia-galatea-el-nuevo-videopodcast-sobre-salud-y-bienestar-profesional\/#article\",\"isPartOf\":{\"@id\":\"https:\/\/www.covb.cat\/es\/actualitat\/noticies\/general\/nace-frecuencia-galatea-el-nuevo-videopodcast-sobre-salud-y-bienestar-profesional\/\"},\"author\":{\"name\":\"Ferran Alcaraz\",\"@id\":\"https:\/\/www.covb.cat\/es\/#\/schema\/person\/ddc9093bc091186c194bba72ca3be5e2\"},\"headline\":\"Nace Frecuencia Galatea, el nuevo videopodcast sobre salud y bienestar profesional\",\"datePublished\":\"2026-04-29T14:58:49+00:00\",\"mainEntityOfPage\":{\"@id\":\"https:\/\/www.covb.cat\/es\/actualitat\/noticies\/general\/nace-frecuencia-galatea-el-nuevo-videopodcast-sobre-salud-y-bienestar-profesional\/\"},\"wordCount\":276,\"publisher\":{\"@id\":\"https:\/\/www.covb.cat\/es\/#organization\"},\"articleSection\":[\"General\",\"Profesi\u00f3n\"],\"inLanguage\":\"es\"},{\"@type\":\"WebPage\",\"@id\":\"https:\/\/www.covb.cat\/es\/actualitat\/noticies\/general\/nace-frecuencia-galatea-el-nuevo-videopodcast-sobre-salud-y-bienestar-profesional\/\",\"url\":\"https:\/\/www.covb.cat\/es\/actualitat\/noticies\/general\/nace-frecuencia-galatea-el-nuevo-videopodcast-sobre-salud-y-bienestar-profesional\/\",\"name\":\"Nace Frecuencia Galatea, el nuevo videopodcast sobre salud y bienestar profesional - COVB - Col\u00b7legi Oficial de Veterinaris de Barcelona\",\"isPartOf\":{\"@id\":\"https:\/\/www.covb.cat\/es\/#website\"},\"datePublished\":\"2026-04-29T14:58:49+00:00\",\"description\":\"La Fundaci\u00f3 Galatea ha estrenado este mes de abril Frecuencia Galatea, un nuevo videopodcast que nace con el objetivo de reflexionar y aportar\",\"breadcrumb\":{\"@id\":\"https:\/\/www.covb.cat\/es\/actualitat\/noticies\/general\/nace-frecuencia-galatea-el-nuevo-videopodcast-sobre-salud-y-bienestar-profesional\/#breadcrumb\"},\"inLanguage\":\"es\",\"potentialAction\":[{\"@type\":\"ReadAction\",\"target\":[\"https:\/\/www.covb.cat\/es\/actualitat\/noticies\/general\/nace-frecuencia-galatea-el-nuevo-videopodcast-sobre-salud-y-bienestar-profesional\/\"]}]},{\"@type\":\"BreadcrumbList\",\"@id\":\"https:\/\/www.covb.cat\/es\/actualitat\/noticies\/general\/nace-frecuencia-galatea-el-nuevo-videopodcast-sobre-salud-y-bienestar-profesional\/#breadcrumb\",\"itemListElement\":[{\"@type\":\"ListItem\",\"position\":1,\"name\":\"Inici\",\"item\":\"https:\/\/www.covb.cat\/es\/\"},{\"@type\":\"ListItem\",\"position\":2,\"name\":\"Nace Frecuencia Galatea, el nuevo videopodcast sobre salud y bienestar profesional\"}]},{\"@type\":\"WebSite\",\"@id\":\"https:\/\/www.covb.cat\/es\/#website\",\"url\":\"https:\/\/www.covb.cat\/es\/\",\"name\":\"COVB\",\"description\":\"Col\u00b7legi Oficial de Veterinaris de Barcelona\",\"publisher\":{\"@id\":\"https:\/\/www.covb.cat\/es\/#organization\"},\"potentialAction\":[{\"@type\":\"SearchAction\",\"target\":{\"@type\":\"EntryPoint\",\"urlTemplate\":\"https:\/\/www.covb.cat\/es\/?s={search_term_string}\"},\"query-input\":{\"@type\":\"PropertyValueSpecification\",\"valueRequired\":true,\"valueName\":\"search_term_string\"}}],\"inLanguage\":\"es\"},{\"@type\":\"Organization\",\"@id\":\"https:\/\/www.covb.cat\/es\/#organization\",\"name\":\"COVB\",\"url\":\"https:\/\/www.covb.cat\/es\/\",\"logo\":{\"@type\":\"ImageObject\",\"inLanguage\":\"es\",\"@id\":\"https:\/\/www.covb.cat\/es\/#\/schema\/logo\/image\/\",\"url\":\"https:\/\/www.covb.cat\/wp-content\/uploads\/2018\/07\/favicon-covb.png\",\"contentUrl\":\"https:\/\/www.covb.cat\/wp-content\/uploads\/2018\/07\/favicon-covb.png\",\"width\":512,\"height\":512,\"caption\":\"COVB\"},\"image\":{\"@id\":\"https:\/\/www.covb.cat\/es\/#\/schema\/logo\/image\/\"},\"sameAs\":[\"https:\/\/www.facebook.com\/COVBcat\/\",\"https:\/\/x.com\/COVBcat\",\"https:\/\/www.youtube.com\/user\/covbcn\"]},{\"@type\":\"Person\",\"@id\":\"https:\/\/www.covb.cat\/es\/#\/schema\/person\/ddc9093bc091186c194bba72ca3be5e2\",\"name\":\"Ferran Alcaraz\",\"image\":{\"@type\":\"ImageObject\",\"inLanguage\":\"es\",\"@id\":\"https:\/\/www.covb.cat\/es\/#\/schema\/person\/image\/\",\"url\":\"https:\/\/secure.gravatar.com\/avatar\/7a7bb9e48d880990c016f59db5a666fe7ad49e90723bdbdc0acfb756246ea192?s=96&d=mm&r=g\",\"contentUrl\":\"https:\/\/secure.gravatar.com\/avatar\/7a7bb9e48d880990c016f59db5a666fe7ad49e90723bdbdc0acfb756246ea192?s=96&d=mm&r=g\",\"caption\":\"Ferran Alcaraz\"}}]}<\/script>\n<!-- \/ Yoast SEO plugin. -->","yoast_head_json":{"title":"Nace Frecuencia Galatea, el nuevo videopodcast sobre salud y bienestar profesional - COVB - Col\u00b7legi Oficial de Veterinaris de Barcelona","description":"La Fundaci\u00f3 Galatea ha estrenado este mes de abril Frecuencia Galatea, un nuevo videopodcast que nace con el objetivo de reflexionar y aportar","robots":{"index":"index","follow":"follow","max-snippet":"max-snippet:-1","max-image-preview":"max-image-preview:large","max-video-preview":"max-video-preview:-1"},"canonical":"https:\/\/www.covb.cat\/es\/actualitat\/noticies\/general\/nace-frecuencia-galatea-el-nuevo-videopodcast-sobre-salud-y-bienestar-profesional\/","og_locale":"es_ES","og_type":"article","og_title":"Nace Frecuencia Galatea, el nuevo videopodcast sobre salud y bienestar profesional - COVB - Col\u00b7legi Oficial de Veterinaris de Barcelona","og_description":"La Fundaci\u00f3 Galatea ha estrenado este mes de abril Frecuencia Galatea, un nuevo videopodcast que nace con el objetivo de reflexionar y aportar","og_url":"https:\/\/www.covb.cat\/es\/actualitat\/noticies\/general\/nace-frecuencia-galatea-el-nuevo-videopodcast-sobre-salud-y-bienestar-profesional\/","og_site_name":"COVB","article_publisher":"https:\/\/www.facebook.com\/COVBcat\/","article_published_time":"2026-04-29T14:58:49+00:00","author":"Ferran Alcaraz","twitter_card":"summary_large_image","twitter_creator":"@COVBcat","twitter_site":"@COVBcat","twitter_misc":{"Escrito por":"Ferran Alcaraz","Tiempo de lectura":"2 minutos"},"schema":{"@context":"https:\/\/schema.org","@graph":[{"@type":"Article","@id":"https:\/\/www.covb.cat\/es\/actualitat\/noticies\/general\/nace-frecuencia-galatea-el-nuevo-videopodcast-sobre-salud-y-bienestar-profesional\/#article","isPartOf":{"@id":"https:\/\/www.covb.cat\/es\/actualitat\/noticies\/general\/nace-frecuencia-galatea-el-nuevo-videopodcast-sobre-salud-y-bienestar-profesional\/"},"author":{"name":"Ferran Alcaraz","@id":"https:\/\/www.covb.cat\/es\/#\/schema\/person\/ddc9093bc091186c194bba72ca3be5e2"},"headline":"Nace Frecuencia Galatea, el nuevo videopodcast sobre salud y bienestar profesional","datePublished":"2026-04-29T14:58:49+00:00","mainEntityOfPage":{"@id":"https:\/\/www.covb.cat\/es\/actualitat\/noticies\/general\/nace-frecuencia-galatea-el-nuevo-videopodcast-sobre-salud-y-bienestar-profesional\/"},"wordCount":276,"publisher":{"@id":"https:\/\/www.covb.cat\/es\/#organization"},"articleSection":["General","Profesi\u00f3n"],"inLanguage":"es"},{"@type":"WebPage","@id":"https:\/\/www.covb.cat\/es\/actualitat\/noticies\/general\/nace-frecuencia-galatea-el-nuevo-videopodcast-sobre-salud-y-bienestar-profesional\/","url":"https:\/\/www.covb.cat\/es\/actualitat\/noticies\/general\/nace-frecuencia-galatea-el-nuevo-videopodcast-sobre-salud-y-bienestar-profesional\/","name":"Nace Frecuencia Galatea, el nuevo videopodcast sobre salud y bienestar profesional - COVB - Col\u00b7legi Oficial de Veterinaris de Barcelona","isPartOf":{"@id":"https:\/\/www.covb.cat\/es\/#website"},"datePublished":"2026-04-29T14:58:49+00:00","description":"La Fundaci\u00f3 Galatea ha estrenado este mes de abril Frecuencia Galatea, un nuevo videopodcast que nace con el objetivo de reflexionar y aportar","breadcrumb":{"@id":"https:\/\/www.covb.cat\/es\/actualitat\/noticies\/general\/nace-frecuencia-galatea-el-nuevo-videopodcast-sobre-salud-y-bienestar-profesional\/#breadcrumb"},"inLanguage":"es","potentialAction":[{"@type":"ReadAction","target":["https:\/\/www.covb.cat\/es\/actualitat\/noticies\/general\/nace-frecuencia-galatea-el-nuevo-videopodcast-sobre-salud-y-bienestar-profesional\/"]}]},{"@type":"BreadcrumbList","@id":"https:\/\/www.covb.cat\/es\/actualitat\/noticies\/general\/nace-frecuencia-galatea-el-nuevo-videopodcast-sobre-salud-y-bienestar-profesional\/#breadcrumb","itemListElement":[{"@type":"ListItem","position":1,"name":"Inici","item":"https:\/\/www.covb.cat\/es\/"},{"@type":"ListItem","position":2,"name":"Nace Frecuencia Galatea, el nuevo videopodcast sobre salud y bienestar profesional"}]},{"@type":"WebSite","@id":"https:\/\/www.covb.cat\/es\/#website","url":"https:\/\/www.covb.cat\/es\/","name":"COVB","description":"Col\u00b7legi Oficial de Veterinaris de Barcelona","publisher":{"@id":"https:\/\/www.covb.cat\/es\/#organization"},"potentialAction":[{"@type":"SearchAction","target":{"@type":"EntryPoint","urlTemplate":"https:\/\/www.covb.cat\/es\/?s={search_term_string}"},"query-input":{"@type":"PropertyValueSpecification","valueRequired":true,"valueName":"search_term_string"}}],"inLanguage":"es"},{"@type":"Organization","@id":"https:\/\/www.covb.cat\/es\/#organization","name":"COVB","url":"https:\/\/www.covb.cat\/es\/","logo":{"@type":"ImageObject","inLanguage":"es","@id":"https:\/\/www.covb.cat\/es\/#\/schema\/logo\/image\/","url":"https:\/\/www.covb.cat\/wp-content\/uploads\/2018\/07\/favicon-covb.png","contentUrl":"https:\/\/www.covb.cat\/wp-content\/uploads\/2018\/07\/favicon-covb.png","width":512,"height":512,"caption":"COVB"},"image":{"@id":"https:\/\/www.covb.cat\/es\/#\/schema\/logo\/image\/"},"sameAs":["https:\/\/www.facebook.com\/COVBcat\/","https:\/\/x.com\/COVBcat","https:\/\/www.youtube.com\/user\/covbcn"]},{"@type":"Person","@id":"https:\/\/www.covb.cat\/es\/#\/schema\/person\/ddc9093bc091186c194bba72ca3be5e2","name":"Ferran Alcaraz","image":{"@type":"ImageObject","inLanguage":"es","@id":"https:\/\/www.covb.cat\/es\/#\/schema\/person\/image\/","url":"https:\/\/secure.gravatar.com\/avatar\/7a7bb9e48d880990c016f59db5a666fe7ad49e90723bdbdc0acfb756246ea192?s=96&d=mm&r=g","contentUrl":"https:\/\/secure.gravatar.com\/avatar\/7a7bb9e48d880990c016f59db5a666fe7ad49e90723bdbdc0acfb756246ea192?s=96&d=mm&r=g","caption":"Ferran Alcaraz"}}]}},"jetpack_featured_media_url":"","jetpack_sharing_enabled":true,"_links":{"self":[{"href":"https:\/\/www.covb.cat\/es\/wp-json\/wp\/v2\/posts\/69438","targetHints":{"allow":["GET"]}}],"collection":[{"href":"https:\/\/www.covb.cat\/es\/wp-json\/wp\/v2\/posts"}],"about":[{"href":"https:\/\/www.covb.cat\/es\/wp-json\/wp\/v2\/types\/post"}],"author":[{"embeddable":true,"href":"https:\/\/www.covb.cat\/es\/wp-json\/wp\/v2\/users\/2985"}],"replies":[{"embeddable":true,"href":"https:\/\/www.covb.cat\/es\/wp-json\/wp\/v2\/comments?post=69438"}],"version-history":[{"count":1,"href":"https:\/\/www.covb.cat\/es\/wp-json\/wp\/v2\/posts\/69438\/revisions"}],"predecessor-version":[{"id":69439,"href":"https:\/\/www.covb.cat\/es\/wp-json\/wp\/v2\/posts\/69438\/revisions\/69439"}],"wp:attachment":[{"href":"https:\/\/www.covb.cat\/es\/wp-json\/wp\/v2\/media?parent=69438"}],"wp:term":[{"taxonomy":"category","embeddable":true,"href":"https:\/\/www.covb.cat\/es\/wp-json\/wp\/v2\/categories?post=69438"},{"taxonomy":"post_tag","embeddable":true,"href":"https:\/\/www.covb.cat\/es\/wp-json\/wp\/v2\/tags?post=69438"}],"curies":[{"name":"wp","href":"https:\/\/api.w.org\/{rel}","templated":true}]}}