{"id":69424,"date":"2026-04-29T16:54:43","date_gmt":"2026-04-29T14:54:43","guid":{"rendered":"https:\/\/www.covb.cat\/?p=69424"},"modified":"2026-04-29T16:54:43","modified_gmt":"2026-04-29T14:54:43","slug":"semana-mundial-de-la-vacunacion-el-consejo-destaca-el-papel-clave-de-la-vacunacion-veterinaria","status":"publish","type":"post","link":"https:\/\/www.covb.cat\/es\/actualitat\/noticies\/general\/semana-mundial-de-la-vacunacion-el-consejo-destaca-el-papel-clave-de-la-vacunacion-veterinaria\/","title":{"rendered":"Semana Mundial de la Vacunaci\u00f3n: el Consejo destaca el papel clave de la vacunaci\u00f3n veterinaria"},"content":{"rendered":"<p>Con motivo de la <strong>Semana Mundial de la Vacunaci\u00f3n<\/strong>, la <strong>Organizaci\u00f3n Colegial Veterinaria<\/strong> ha elaborado un v\u00eddeo divulgativo para reforzar el papel de la vacunaci\u00f3n veterinaria como herramienta clave en la prevenci\u00f3n de enfermedades y la protecci\u00f3n de la salud p\u00fablica.<\/p>\n<p>El contenido pone en valor la importancia de la vacunaci\u00f3n en animales no solo para garantizar su bienestar y sanidad, sino tambi\u00e9n como elemento fundamental dentro del enfoque <strong>One Health<\/strong>, que integra la salud animal, humana y ambiental.<\/p>\n<p><strong>Una herramienta esencial para la prevenci\u00f3n<\/strong><\/p>\n<p>El v\u00eddeo subraya que la vacunaci\u00f3n veterinaria es una de las herramientas m\u00e1s eficaces para:<\/p>\n<ul>\n<li>Prevenir enfermedades infecciosas<\/li>\n<li>Reducir riesgos de transmisi\u00f3n zoon\u00f3tica<\/li>\n<li>Proteger la salud colectiva<\/li>\n<\/ul>\n<p>Adem\u00e1s, se destaca la necesidad de avanzar hacia una fiscalidad coherente con la funci\u00f3n sanitaria de las vacunas veterinarias, alineada con su impacto en la salud p\u00fablica.<\/p>\n<p><strong>Difusi\u00f3n del material<\/strong><\/p>\n<p>El Consejo pone este v\u00eddeo a disposici\u00f3n de colegios y profesionales para facilitar su difusi\u00f3n a trav\u00e9s de canales digitales y redes sociales, aprovechando esta efem\u00e9ride internacional.<\/p>\n<p>Enlace a Youtube:<\/p>\n<p><a href=\"https:\/\/youtube.com\/shorts\/bzXhdLfpuvc?feature=share\" target=\"_blank\" rel=\"noopener\">https:\/\/youtube.com\/shorts\/bzXhdLfpuvc?feature=share<\/a><\/p>\n<p>&nbsp;<\/p>\n<p>Enlace descarga:<\/p>\n<p><a href=\"https:\/\/drive.google.com\/file\/d\/1CuuvulaAuLo77nU8zz95tplSezuolKdV\/view?usp=sharing\" target=\"_blank\" rel=\"noopener\">https:\/\/drive.google.com\/file\/d\/1CuuvulaAuLo77nU8zz95tplSezuolKdV\/view?usp=sharing<\/a><\/p>\n<p>&nbsp;<\/p>\n<p>Desde el COVB os animamos a compartir este contenido y a contribuir a la sensibilizaci\u00f3n sobre la importancia de la vacunaci\u00f3n veterinaria en la protecci\u00f3n de la salud global.<\/p>\n","protected":false},"excerpt":{"rendered":"<p>Con motivo de la Semana Mundial de la Vacunaci\u00f3n, la Organizaci\u00f3n Colegial Veterinaria ha elaborado un v\u00eddeo divulgativo para reforzar el papel de la vacunaci\u00f3n veterinaria como herramienta clave en la prevenci\u00f3n de enfermedades y la protecci\u00f3n de la salud p\u00fablica. El contenido pone en valor la importancia de la vacunaci\u00f3n en animales no solo [&hellip;]<\/p>\n","protected":false},"author":2985,"featured_media":69422,"comment_status":"closed","ping_status":"closed","sticky":false,"template":"","format":"standard","meta":{"_monsterinsights_skip_tracking":false,"_monsterinsights_sitenote_active":false,"_monsterinsights_sitenote_note":"","_monsterinsights_sitenote_category":0,"_jetpack_memberships_contains_paid_content":false,"footnotes":""},"categories":[17,347],"tags":[],"class_list":["post-69424","post","type-post","status-publish","format-standard","has-post-thumbnail","hentry","category-general","category-salud-publica-2"],"yoast_head":"<!-- This site is optimized with the Yoast SEO plugin v27.0 - https:\/\/yoast.com\/product\/yoast-seo-wordpress\/ -->\n<title>Semana Mundial de la Vacunaci\u00f3n: el Consejo destaca el papel clave de la vacunaci\u00f3n veterinaria - COVB - Col\u00b7legi Oficial de Veterinaris de Barcelona<\/title>\n<meta name=\"description\" content=\"Con motivo de la Semana Mundial de la Vacunaci\u00f3n, la Organizaci\u00f3n Colegial Veterinaria ha elaborado un v\u00eddeo divulgativo para reforzar el papel de la\" \/>\n<meta name=\"robots\" content=\"index, follow, max-snippet:-1, max-image-preview:large, max-video-preview:-1\" \/>\n<link rel=\"canonical\" href=\"https:\/\/www.covb.cat\/es\/actualitat\/noticies\/general\/semana-mundial-de-la-vacunacion-el-consejo-destaca-el-papel-clave-de-la-vacunacion-veterinaria\/\" \/>\n<meta property=\"og:locale\" content=\"es_ES\" \/>\n<meta property=\"og:type\" content=\"article\" \/>\n<meta property=\"og:title\" content=\"Semana Mundial de la Vacunaci\u00f3n: el Consejo destaca el papel clave de la vacunaci\u00f3n veterinaria - COVB - Col\u00b7legi Oficial de Veterinaris de Barcelona\" \/>\n<meta property=\"og:description\" content=\"Con motivo de la Semana Mundial de la Vacunaci\u00f3n, la Organizaci\u00f3n Colegial Veterinaria ha elaborado un v\u00eddeo divulgativo para reforzar el papel de la\" \/>\n<meta property=\"og:url\" content=\"https:\/\/www.covb.cat\/es\/actualitat\/noticies\/general\/semana-mundial-de-la-vacunacion-el-consejo-destaca-el-papel-clave-de-la-vacunacion-veterinaria\/\" \/>\n<meta property=\"og:site_name\" content=\"COVB\" \/>\n<meta property=\"article:publisher\" content=\"https:\/\/www.facebook.com\/COVBcat\/\" \/>\n<meta property=\"article:published_time\" content=\"2026-04-29T14:54:43+00:00\" \/>\n<meta property=\"og:image\" content=\"https:\/\/www.covb.cat\/wp-content\/uploads\/2026\/04\/Setmana-mundial-vacunacio-WEB.jpg\" \/>\n\t<meta property=\"og:image:width\" content=\"1200\" \/>\n\t<meta property=\"og:image:height\" content=\"800\" \/>\n\t<meta property=\"og:image:type\" content=\"image\/jpeg\" \/>\n<meta name=\"author\" content=\"Ferran Alcaraz\" \/>\n<meta name=\"twitter:card\" content=\"summary_large_image\" \/>\n<meta name=\"twitter:creator\" content=\"@COVBcat\" \/>\n<meta name=\"twitter:site\" content=\"@COVBcat\" \/>\n<meta name=\"twitter:label1\" content=\"Escrito por\" \/>\n\t<meta name=\"twitter:data1\" content=\"Ferran Alcaraz\" \/>\n\t<meta name=\"twitter:label2\" content=\"Tiempo de lectura\" \/>\n\t<meta name=\"twitter:data2\" content=\"2 minutos\" \/>\n<script type=\"application\/ld+json\" class=\"yoast-schema-graph\">{\"@context\":\"https:\/\/schema.org\",\"@graph\":[{\"@type\":\"Article\",\"@id\":\"https:\/\/www.covb.cat\/es\/actualitat\/noticies\/general\/semana-mundial-de-la-vacunacion-el-consejo-destaca-el-papel-clave-de-la-vacunacion-veterinaria\/#article\",\"isPartOf\":{\"@id\":\"https:\/\/www.covb.cat\/es\/actualitat\/noticies\/general\/semana-mundial-de-la-vacunacion-el-consejo-destaca-el-papel-clave-de-la-vacunacion-veterinaria\/\"},\"author\":{\"name\":\"Ferran Alcaraz\",\"@id\":\"https:\/\/www.covb.cat\/es\/#\/schema\/person\/ddc9093bc091186c194bba72ca3be5e2\"},\"headline\":\"Semana Mundial de la Vacunaci\u00f3n: el Consejo destaca el papel clave de la vacunaci\u00f3n veterinaria\",\"datePublished\":\"2026-04-29T14:54:43+00:00\",\"mainEntityOfPage\":{\"@id\":\"https:\/\/www.covb.cat\/es\/actualitat\/noticies\/general\/semana-mundial-de-la-vacunacion-el-consejo-destaca-el-papel-clave-de-la-vacunacion-veterinaria\/\"},\"wordCount\":269,\"publisher\":{\"@id\":\"https:\/\/www.covb.cat\/es\/#organization\"},\"image\":{\"@id\":\"https:\/\/www.covb.cat\/es\/actualitat\/noticies\/general\/semana-mundial-de-la-vacunacion-el-consejo-destaca-el-papel-clave-de-la-vacunacion-veterinaria\/#primaryimage\"},\"thumbnailUrl\":\"https:\/\/www.covb.cat\/wp-content\/uploads\/2026\/04\/Setmana-mundial-vacunacio-WEB.jpg\",\"articleSection\":[\"General\",\"Salud p\u00fablica\"],\"inLanguage\":\"es\"},{\"@type\":\"WebPage\",\"@id\":\"https:\/\/www.covb.cat\/es\/actualitat\/noticies\/general\/semana-mundial-de-la-vacunacion-el-consejo-destaca-el-papel-clave-de-la-vacunacion-veterinaria\/\",\"url\":\"https:\/\/www.covb.cat\/es\/actualitat\/noticies\/general\/semana-mundial-de-la-vacunacion-el-consejo-destaca-el-papel-clave-de-la-vacunacion-veterinaria\/\",\"name\":\"Semana Mundial de la Vacunaci\u00f3n: el Consejo destaca el papel clave de la vacunaci\u00f3n veterinaria - COVB - Col\u00b7legi Oficial de Veterinaris de Barcelona\",\"isPartOf\":{\"@id\":\"https:\/\/www.covb.cat\/es\/#website\"},\"primaryImageOfPage\":{\"@id\":\"https:\/\/www.covb.cat\/es\/actualitat\/noticies\/general\/semana-mundial-de-la-vacunacion-el-consejo-destaca-el-papel-clave-de-la-vacunacion-veterinaria\/#primaryimage\"},\"image\":{\"@id\":\"https:\/\/www.covb.cat\/es\/actualitat\/noticies\/general\/semana-mundial-de-la-vacunacion-el-consejo-destaca-el-papel-clave-de-la-vacunacion-veterinaria\/#primaryimage\"},\"thumbnailUrl\":\"https:\/\/www.covb.cat\/wp-content\/uploads\/2026\/04\/Setmana-mundial-vacunacio-WEB.jpg\",\"datePublished\":\"2026-04-29T14:54:43+00:00\",\"description\":\"Con motivo de la Semana Mundial de la Vacunaci\u00f3n, la Organizaci\u00f3n Colegial Veterinaria ha elaborado un v\u00eddeo divulgativo para reforzar el papel de la\",\"breadcrumb\":{\"@id\":\"https:\/\/www.covb.cat\/es\/actualitat\/noticies\/general\/semana-mundial-de-la-vacunacion-el-consejo-destaca-el-papel-clave-de-la-vacunacion-veterinaria\/#breadcrumb\"},\"inLanguage\":\"es\",\"potentialAction\":[{\"@type\":\"ReadAction\",\"target\":[\"https:\/\/www.covb.cat\/es\/actualitat\/noticies\/general\/semana-mundial-de-la-vacunacion-el-consejo-destaca-el-papel-clave-de-la-vacunacion-veterinaria\/\"]}]},{\"@type\":\"ImageObject\",\"inLanguage\":\"es\",\"@id\":\"https:\/\/www.covb.cat\/es\/actualitat\/noticies\/general\/semana-mundial-de-la-vacunacion-el-consejo-destaca-el-papel-clave-de-la-vacunacion-veterinaria\/#primaryimage\",\"url\":\"https:\/\/www.covb.cat\/wp-content\/uploads\/2026\/04\/Setmana-mundial-vacunacio-WEB.jpg\",\"contentUrl\":\"https:\/\/www.covb.cat\/wp-content\/uploads\/2026\/04\/Setmana-mundial-vacunacio-WEB.jpg\",\"width\":1200,\"height\":800},{\"@type\":\"BreadcrumbList\",\"@id\":\"https:\/\/www.covb.cat\/es\/actualitat\/noticies\/general\/semana-mundial-de-la-vacunacion-el-consejo-destaca-el-papel-clave-de-la-vacunacion-veterinaria\/#breadcrumb\",\"itemListElement\":[{\"@type\":\"ListItem\",\"position\":1,\"name\":\"Inici\",\"item\":\"https:\/\/www.covb.cat\/es\/\"},{\"@type\":\"ListItem\",\"position\":2,\"name\":\"Semana Mundial de la Vacunaci\u00f3n: el Consejo destaca el papel clave de la vacunaci\u00f3n veterinaria\"}]},{\"@type\":\"WebSite\",\"@id\":\"https:\/\/www.covb.cat\/es\/#website\",\"url\":\"https:\/\/www.covb.cat\/es\/\",\"name\":\"COVB\",\"description\":\"Col\u00b7legi Oficial de Veterinaris de Barcelona\",\"publisher\":{\"@id\":\"https:\/\/www.covb.cat\/es\/#organization\"},\"potentialAction\":[{\"@type\":\"SearchAction\",\"target\":{\"@type\":\"EntryPoint\",\"urlTemplate\":\"https:\/\/www.covb.cat\/es\/?s={search_term_string}\"},\"query-input\":{\"@type\":\"PropertyValueSpecification\",\"valueRequired\":true,\"valueName\":\"search_term_string\"}}],\"inLanguage\":\"es\"},{\"@type\":\"Organization\",\"@id\":\"https:\/\/www.covb.cat\/es\/#organization\",\"name\":\"COVB\",\"url\":\"https:\/\/www.covb.cat\/es\/\",\"logo\":{\"@type\":\"ImageObject\",\"inLanguage\":\"es\",\"@id\":\"https:\/\/www.covb.cat\/es\/#\/schema\/logo\/image\/\",\"url\":\"https:\/\/www.covb.cat\/wp-content\/uploads\/2018\/07\/favicon-covb.png\",\"contentUrl\":\"https:\/\/www.covb.cat\/wp-content\/uploads\/2018\/07\/favicon-covb.png\",\"width\":512,\"height\":512,\"caption\":\"COVB\"},\"image\":{\"@id\":\"https:\/\/www.covb.cat\/es\/#\/schema\/logo\/image\/\"},\"sameAs\":[\"https:\/\/www.facebook.com\/COVBcat\/\",\"https:\/\/x.com\/COVBcat\",\"https:\/\/www.youtube.com\/user\/covbcn\"]},{\"@type\":\"Person\",\"@id\":\"https:\/\/www.covb.cat\/es\/#\/schema\/person\/ddc9093bc091186c194bba72ca3be5e2\",\"name\":\"Ferran Alcaraz\",\"image\":{\"@type\":\"ImageObject\",\"inLanguage\":\"es\",\"@id\":\"https:\/\/www.covb.cat\/es\/#\/schema\/person\/image\/\",\"url\":\"https:\/\/secure.gravatar.com\/avatar\/7a7bb9e48d880990c016f59db5a666fe7ad49e90723bdbdc0acfb756246ea192?s=96&d=mm&r=g\",\"contentUrl\":\"https:\/\/secure.gravatar.com\/avatar\/7a7bb9e48d880990c016f59db5a666fe7ad49e90723bdbdc0acfb756246ea192?s=96&d=mm&r=g\",\"caption\":\"Ferran Alcaraz\"}}]}<\/script>\n<!-- \/ Yoast SEO plugin. -->","yoast_head_json":{"title":"Semana Mundial de la Vacunaci\u00f3n: el Consejo destaca el papel clave de la vacunaci\u00f3n veterinaria - COVB - Col\u00b7legi Oficial de Veterinaris de Barcelona","description":"Con motivo de la Semana Mundial de la Vacunaci\u00f3n, la Organizaci\u00f3n Colegial Veterinaria ha elaborado un v\u00eddeo divulgativo para reforzar el papel de la","robots":{"index":"index","follow":"follow","max-snippet":"max-snippet:-1","max-image-preview":"max-image-preview:large","max-video-preview":"max-video-preview:-1"},"canonical":"https:\/\/www.covb.cat\/es\/actualitat\/noticies\/general\/semana-mundial-de-la-vacunacion-el-consejo-destaca-el-papel-clave-de-la-vacunacion-veterinaria\/","og_locale":"es_ES","og_type":"article","og_title":"Semana Mundial de la Vacunaci\u00f3n: el Consejo destaca el papel clave de la vacunaci\u00f3n veterinaria - COVB - Col\u00b7legi Oficial de Veterinaris de Barcelona","og_description":"Con motivo de la Semana Mundial de la Vacunaci\u00f3n, la Organizaci\u00f3n Colegial Veterinaria ha elaborado un v\u00eddeo divulgativo para reforzar el papel de la","og_url":"https:\/\/www.covb.cat\/es\/actualitat\/noticies\/general\/semana-mundial-de-la-vacunacion-el-consejo-destaca-el-papel-clave-de-la-vacunacion-veterinaria\/","og_site_name":"COVB","article_publisher":"https:\/\/www.facebook.com\/COVBcat\/","article_published_time":"2026-04-29T14:54:43+00:00","og_image":[{"width":1200,"height":800,"url":"https:\/\/www.covb.cat\/wp-content\/uploads\/2026\/04\/Setmana-mundial-vacunacio-WEB.jpg","type":"image\/jpeg"}],"author":"Ferran Alcaraz","twitter_card":"summary_large_image","twitter_creator":"@COVBcat","twitter_site":"@COVBcat","twitter_misc":{"Escrito por":"Ferran Alcaraz","Tiempo de lectura":"2 minutos"},"schema":{"@context":"https:\/\/schema.org","@graph":[{"@type":"Article","@id":"https:\/\/www.covb.cat\/es\/actualitat\/noticies\/general\/semana-mundial-de-la-vacunacion-el-consejo-destaca-el-papel-clave-de-la-vacunacion-veterinaria\/#article","isPartOf":{"@id":"https:\/\/www.covb.cat\/es\/actualitat\/noticies\/general\/semana-mundial-de-la-vacunacion-el-consejo-destaca-el-papel-clave-de-la-vacunacion-veterinaria\/"},"author":{"name":"Ferran Alcaraz","@id":"https:\/\/www.covb.cat\/es\/#\/schema\/person\/ddc9093bc091186c194bba72ca3be5e2"},"headline":"Semana Mundial de la Vacunaci\u00f3n: el Consejo destaca el papel clave de la vacunaci\u00f3n veterinaria","datePublished":"2026-04-29T14:54:43+00:00","mainEntityOfPage":{"@id":"https:\/\/www.covb.cat\/es\/actualitat\/noticies\/general\/semana-mundial-de-la-vacunacion-el-consejo-destaca-el-papel-clave-de-la-vacunacion-veterinaria\/"},"wordCount":269,"publisher":{"@id":"https:\/\/www.covb.cat\/es\/#organization"},"image":{"@id":"https:\/\/www.covb.cat\/es\/actualitat\/noticies\/general\/semana-mundial-de-la-vacunacion-el-consejo-destaca-el-papel-clave-de-la-vacunacion-veterinaria\/#primaryimage"},"thumbnailUrl":"https:\/\/www.covb.cat\/wp-content\/uploads\/2026\/04\/Setmana-mundial-vacunacio-WEB.jpg","articleSection":["General","Salud p\u00fablica"],"inLanguage":"es"},{"@type":"WebPage","@id":"https:\/\/www.covb.cat\/es\/actualitat\/noticies\/general\/semana-mundial-de-la-vacunacion-el-consejo-destaca-el-papel-clave-de-la-vacunacion-veterinaria\/","url":"https:\/\/www.covb.cat\/es\/actualitat\/noticies\/general\/semana-mundial-de-la-vacunacion-el-consejo-destaca-el-papel-clave-de-la-vacunacion-veterinaria\/","name":"Semana Mundial de la Vacunaci\u00f3n: el Consejo destaca el papel clave de la vacunaci\u00f3n veterinaria - COVB - Col\u00b7legi Oficial de Veterinaris de Barcelona","isPartOf":{"@id":"https:\/\/www.covb.cat\/es\/#website"},"primaryImageOfPage":{"@id":"https:\/\/www.covb.cat\/es\/actualitat\/noticies\/general\/semana-mundial-de-la-vacunacion-el-consejo-destaca-el-papel-clave-de-la-vacunacion-veterinaria\/#primaryimage"},"image":{"@id":"https:\/\/www.covb.cat\/es\/actualitat\/noticies\/general\/semana-mundial-de-la-vacunacion-el-consejo-destaca-el-papel-clave-de-la-vacunacion-veterinaria\/#primaryimage"},"thumbnailUrl":"https:\/\/www.covb.cat\/wp-content\/uploads\/2026\/04\/Setmana-mundial-vacunacio-WEB.jpg","datePublished":"2026-04-29T14:54:43+00:00","description":"Con motivo de la Semana Mundial de la Vacunaci\u00f3n, la Organizaci\u00f3n Colegial Veterinaria ha elaborado un v\u00eddeo divulgativo para reforzar el papel de la","breadcrumb":{"@id":"https:\/\/www.covb.cat\/es\/actualitat\/noticies\/general\/semana-mundial-de-la-vacunacion-el-consejo-destaca-el-papel-clave-de-la-vacunacion-veterinaria\/#breadcrumb"},"inLanguage":"es","potentialAction":[{"@type":"ReadAction","target":["https:\/\/www.covb.cat\/es\/actualitat\/noticies\/general\/semana-mundial-de-la-vacunacion-el-consejo-destaca-el-papel-clave-de-la-vacunacion-veterinaria\/"]}]},{"@type":"ImageObject","inLanguage":"es","@id":"https:\/\/www.covb.cat\/es\/actualitat\/noticies\/general\/semana-mundial-de-la-vacunacion-el-consejo-destaca-el-papel-clave-de-la-vacunacion-veterinaria\/#primaryimage","url":"https:\/\/www.covb.cat\/wp-content\/uploads\/2026\/04\/Setmana-mundial-vacunacio-WEB.jpg","contentUrl":"https:\/\/www.covb.cat\/wp-content\/uploads\/2026\/04\/Setmana-mundial-vacunacio-WEB.jpg","width":1200,"height":800},{"@type":"BreadcrumbList","@id":"https:\/\/www.covb.cat\/es\/actualitat\/noticies\/general\/semana-mundial-de-la-vacunacion-el-consejo-destaca-el-papel-clave-de-la-vacunacion-veterinaria\/#breadcrumb","itemListElement":[{"@type":"ListItem","position":1,"name":"Inici","item":"https:\/\/www.covb.cat\/es\/"},{"@type":"ListItem","position":2,"name":"Semana Mundial de la Vacunaci\u00f3n: el Consejo destaca el papel clave de la vacunaci\u00f3n veterinaria"}]},{"@type":"WebSite","@id":"https:\/\/www.covb.cat\/es\/#website","url":"https:\/\/www.covb.cat\/es\/","name":"COVB","description":"Col\u00b7legi Oficial de Veterinaris de Barcelona","publisher":{"@id":"https:\/\/www.covb.cat\/es\/#organization"},"potentialAction":[{"@type":"SearchAction","target":{"@type":"EntryPoint","urlTemplate":"https:\/\/www.covb.cat\/es\/?s={search_term_string}"},"query-input":{"@type":"PropertyValueSpecification","valueRequired":true,"valueName":"search_term_string"}}],"inLanguage":"es"},{"@type":"Organization","@id":"https:\/\/www.covb.cat\/es\/#organization","name":"COVB","url":"https:\/\/www.covb.cat\/es\/","logo":{"@type":"ImageObject","inLanguage":"es","@id":"https:\/\/www.covb.cat\/es\/#\/schema\/logo\/image\/","url":"https:\/\/www.covb.cat\/wp-content\/uploads\/2018\/07\/favicon-covb.png","contentUrl":"https:\/\/www.covb.cat\/wp-content\/uploads\/2018\/07\/favicon-covb.png","width":512,"height":512,"caption":"COVB"},"image":{"@id":"https:\/\/www.covb.cat\/es\/#\/schema\/logo\/image\/"},"sameAs":["https:\/\/www.facebook.com\/COVBcat\/","https:\/\/x.com\/COVBcat","https:\/\/www.youtube.com\/user\/covbcn"]},{"@type":"Person","@id":"https:\/\/www.covb.cat\/es\/#\/schema\/person\/ddc9093bc091186c194bba72ca3be5e2","name":"Ferran Alcaraz","image":{"@type":"ImageObject","inLanguage":"es","@id":"https:\/\/www.covb.cat\/es\/#\/schema\/person\/image\/","url":"https:\/\/secure.gravatar.com\/avatar\/7a7bb9e48d880990c016f59db5a666fe7ad49e90723bdbdc0acfb756246ea192?s=96&d=mm&r=g","contentUrl":"https:\/\/secure.gravatar.com\/avatar\/7a7bb9e48d880990c016f59db5a666fe7ad49e90723bdbdc0acfb756246ea192?s=96&d=mm&r=g","caption":"Ferran Alcaraz"}}]}},"jetpack_featured_media_url":"https:\/\/www.covb.cat\/wp-content\/uploads\/2026\/04\/Setmana-mundial-vacunacio-WEB.jpg","jetpack_sharing_enabled":true,"_links":{"self":[{"href":"https:\/\/www.covb.cat\/es\/wp-json\/wp\/v2\/posts\/69424","targetHints":{"allow":["GET"]}}],"collection":[{"href":"https:\/\/www.covb.cat\/es\/wp-json\/wp\/v2\/posts"}],"about":[{"href":"https:\/\/www.covb.cat\/es\/wp-json\/wp\/v2\/types\/post"}],"author":[{"embeddable":true,"href":"https:\/\/www.covb.cat\/es\/wp-json\/wp\/v2\/users\/2985"}],"replies":[{"embeddable":true,"href":"https:\/\/www.covb.cat\/es\/wp-json\/wp\/v2\/comments?post=69424"}],"version-history":[{"count":1,"href":"https:\/\/www.covb.cat\/es\/wp-json\/wp\/v2\/posts\/69424\/revisions"}],"predecessor-version":[{"id":69425,"href":"https:\/\/www.covb.cat\/es\/wp-json\/wp\/v2\/posts\/69424\/revisions\/69425"}],"wp:featuredmedia":[{"embeddable":true,"href":"https:\/\/www.covb.cat\/es\/wp-json\/wp\/v2\/media\/69422"}],"wp:attachment":[{"href":"https:\/\/www.covb.cat\/es\/wp-json\/wp\/v2\/media?parent=69424"}],"wp:term":[{"taxonomy":"category","embeddable":true,"href":"https:\/\/www.covb.cat\/es\/wp-json\/wp\/v2\/categories?post=69424"},{"taxonomy":"post_tag","embeddable":true,"href":"https:\/\/www.covb.cat\/es\/wp-json\/wp\/v2\/tags?post=69424"}],"curies":[{"name":"wp","href":"https:\/\/api.w.org\/{rel}","templated":true}]}}