{"id":69418,"date":"2026-04-29T16:42:55","date_gmt":"2026-04-29T14:42:55","guid":{"rendered":"https:\/\/www.covb.cat\/actualitat\/noticies\/general\/premis-aria-2026-convocatoria-oberta-i-jornada-informativa-el-13-de-maig\/"},"modified":"2026-04-29T16:44:23","modified_gmt":"2026-04-29T14:44:23","slug":"premios-aria-2026-convocatoria-abierta-y-jornada-informativa-el-13-de-mayo","status":"publish","type":"post","link":"https:\/\/www.covb.cat\/es\/actualitat\/noticies\/general\/premios-aria-2026-convocatoria-abierta-y-jornada-informativa-el-13-de-mayo\/","title":{"rendered":"Premios ARIA 2026: convocatoria abierta y jornada informativa el 13 de mayo"},"content":{"rendered":"<p>La <a href=\"https:\/\/www.redpac.es\/\"><strong>Red PAC<\/strong><\/a> ha abierto la convocatoria de los <a href=\"https:\/\/redpac.es\/evento\/jornada-promocion-los-premios-inspiracion-agraria-y-rural-aria-2026\"><strong>Premios de Inspiraci\u00f3n Agraria y Rural ARIA 2026<\/strong><\/a>, una iniciativa de la red europea de la PAC que reconoce proyectos innovadores desarrollados en el \u00e1mbito rural.<\/p>\n<p>Bajo el lema <em>\u201cCuando la igualdad impulsa a la pr\u00f3xima generaci\u00f3n\u201d<\/em>, esta edici\u00f3n pone el foco en la igualdad de g\u00e9nero y el relevo generacional como ejes clave del futuro del sector.<\/p>\n<p><strong>Categor\u00edas y enfoque de los premios<\/strong><\/p>\n<p>Los proyectos deben estar financiados por la PAC (FEADER o FEAGA) y encuadrarse en una de las cuatro categor\u00edas:<\/p>\n<ul>\n<li>Agricultura competitiva e inteligente<\/li>\n<li>Protecci\u00f3n del medio ambiente<\/li>\n<li>Tejido socioecon\u00f3mico rural<\/li>\n<li>Igualdad de g\u00e9nero<\/li>\n<\/ul>\n<p>Adem\u00e1s, se otorgar\u00e1n seis premios en total: cuatro por categor\u00eda, uno por votaci\u00f3n popular y un premio transversal al <strong>relevo generacional<\/strong>.<\/p>\n<p><strong>Qui\u00e9n puede participar y requisitos clave<\/strong><\/p>\n<p>Pueden presentar candidatura personas f\u00edsicas o jur\u00eddicas (profesionales, empresas, administraciones, asociaciones, GAL, etc.), siempre que el proyecto:<\/p>\n<ul>\n<li>Haya sido financiado por la PAC<\/li>\n<li>Est\u00e9 finalizado o suficientemente avanzado<\/li>\n<li>No haya sido finalista o ganador en ediciones anteriores<\/li>\n<li>Se presente en una \u00fanica categor\u00eda<\/li>\n<\/ul>\n<p>Las candidaturas pueden presentarse en castellano o en ingl\u00e9s.<\/p>\n<p><strong>Criterios de valoraci\u00f3n<\/strong><\/p>\n<p>El jurado valorar\u00e1 especialmente proyectos que:<\/p>\n<ul>\n<li>Generen impacto ambiental, econ\u00f3mico o social<\/li>\n<li>Sean innovadores y transferibles<\/li>\n<li>Fomenten el trabajo en red<\/li>\n<li>Impulsen la participaci\u00f3n de j\u00f3venes y la igualdad de g\u00e9nero<\/li>\n<\/ul>\n<p><strong>Beneficios de participar<\/strong><\/p>\n<p>M\u00e1s all\u00e1 del reconocimiento, los proyectos seleccionados obtendr\u00e1n visibilidad a nivel estatal y europeo, con difusi\u00f3n en publicaciones, webs y redes de la Red PAC y de la red europea.<\/p>\n<p>Los 24 finalistas europeos ser\u00e1n invitados a la gala final en Bruselas con gastos cubiertos, donde se anunciar\u00e1n los proyectos ganadores.<\/p>\n<p><strong>Jornada informativa<\/strong><\/p>\n<p>\ud83d\udcc5 <strong>13 de mayo de 2026<\/strong><br \/>\n\ud83d\udd53 <strong>10:00 \u2013 12:00 h<\/strong><br \/>\n\ud83d\udcbb <strong>Formato online<\/strong><\/p>\n<p><a href=\"https:\/\/redpac.es\/evento\/jornada-promocion-los-premios-inspiracion-agraria-y-rural-aria-2026\">Inscripci\u00f3n previa<\/a> obligatoria antes del <strong>12 de mayo a las 11:00 h<\/strong>.<\/p>\n<p><strong>Presentaci\u00f3n de candidaturas<\/strong><\/p>\n<ul>\n<li>\ud83d\udcc5 <strong>Plazo:<\/strong> hasta el 21 de junio de 2026 (23:59 h)<\/li>\n<li>\ud83d\udce9 <strong>Env\u00edo:<\/strong> <a href=\"mailto:redpac@mapa.es\">redpac@mapa.es<\/a> o antenas territoriales<\/li>\n<li>\ud83d\udcc4 <strong>Formato:<\/strong> formulario Word + material gr\u00e1fico<\/li>\n<\/ul>\n<p>Las candidaturas deben tramitarse obligatoriamente a trav\u00e9s de la <a href=\"https:\/\/www.redpac.es\/\">Red PAC<\/a> espa\u00f1ola.<\/p>\n<p>Desde el COVB animamos a difundir esta convocatoria y a identificar proyectos del \u00e1mbito agroalimentario y rural con potencial para posicionarse como referentes a nivel europeo.<\/p>\n<p><a href=\"https:\/\/www.covb.cat\/wp-content\/uploads\/2026\/04\/preguntas-frecuentes-premios-aria-2026.pdf\" target=\"_blank\" rel=\"noopener\">Descarregar PDF<\/a><\/p>\n","protected":false},"excerpt":{"rendered":"<p>La Red PAC ha abierto la convocatoria de los Premios de Inspiraci\u00f3n Agraria y Rural ARIA 2026, una iniciativa de la red europea de la PAC que reconoce proyectos innovadores desarrollados en el \u00e1mbito rural. Bajo el lema \u201cCuando la igualdad impulsa a la pr\u00f3xima generaci\u00f3n\u201d, esta edici\u00f3n pone el foco en la igualdad de [&hellip;]<\/p>\n","protected":false},"author":2985,"featured_media":0,"comment_status":"closed","ping_status":"closed","sticky":false,"template":"","format":"standard","meta":{"_monsterinsights_skip_tracking":false,"_monsterinsights_sitenote_active":false,"_monsterinsights_sitenote_note":"","_monsterinsights_sitenote_category":0,"_jetpack_memberships_contains_paid_content":false,"footnotes":""},"categories":[17,399],"tags":[],"class_list":["post-69418","post","type-post","status-publish","format-standard","hentry","category-general","category-medi-rural-es"],"yoast_head":"<!-- This site is optimized with the Yoast SEO plugin v27.0 - https:\/\/yoast.com\/product\/yoast-seo-wordpress\/ -->\n<title>Premios ARIA 2026: convocatoria abierta y jornada informativa el 13 de mayo - COVB - Col\u00b7legi Oficial de Veterinaris de Barcelona<\/title>\n<meta name=\"description\" content=\"La Red PAC ha abierto la convocatoria de los Premios de Inspiraci\u00f3n Agraria y Rural ARIA 2026, una iniciativa de la red europea de la PAC que reconoce\" \/>\n<meta name=\"robots\" content=\"index, follow, max-snippet:-1, max-image-preview:large, max-video-preview:-1\" \/>\n<link rel=\"canonical\" href=\"https:\/\/www.covb.cat\/es\/actualitat\/noticies\/general\/premios-aria-2026-convocatoria-abierta-y-jornada-informativa-el-13-de-mayo\/\" \/>\n<meta property=\"og:locale\" content=\"es_ES\" \/>\n<meta property=\"og:type\" content=\"article\" \/>\n<meta property=\"og:title\" content=\"Premios ARIA 2026: convocatoria abierta y jornada informativa el 13 de mayo - COVB - Col\u00b7legi Oficial de Veterinaris de Barcelona\" \/>\n<meta property=\"og:description\" content=\"La Red PAC ha abierto la convocatoria de los Premios de Inspiraci\u00f3n Agraria y Rural ARIA 2026, una iniciativa de la red europea de la PAC que reconoce\" \/>\n<meta property=\"og:url\" content=\"https:\/\/www.covb.cat\/es\/actualitat\/noticies\/general\/premios-aria-2026-convocatoria-abierta-y-jornada-informativa-el-13-de-mayo\/\" \/>\n<meta property=\"og:site_name\" content=\"COVB\" \/>\n<meta property=\"article:publisher\" content=\"https:\/\/www.facebook.com\/COVBcat\/\" \/>\n<meta property=\"article:published_time\" content=\"2026-04-29T14:42:55+00:00\" \/>\n<meta property=\"article:modified_time\" content=\"2026-04-29T14:44:23+00:00\" \/>\n<meta name=\"author\" content=\"Ferran Alcaraz\" \/>\n<meta name=\"twitter:card\" content=\"summary_large_image\" \/>\n<meta name=\"twitter:creator\" content=\"@COVBcat\" \/>\n<meta name=\"twitter:site\" content=\"@COVBcat\" \/>\n<meta name=\"twitter:label1\" content=\"Escrito por\" \/>\n\t<meta name=\"twitter:data1\" content=\"Ferran Alcaraz\" \/>\n\t<meta name=\"twitter:label2\" content=\"Tiempo de lectura\" \/>\n\t<meta name=\"twitter:data2\" content=\"2 minutos\" \/>\n<script type=\"application\/ld+json\" class=\"yoast-schema-graph\">{\"@context\":\"https:\/\/schema.org\",\"@graph\":[{\"@type\":\"Article\",\"@id\":\"https:\/\/www.covb.cat\/es\/actualitat\/noticies\/general\/premios-aria-2026-convocatoria-abierta-y-jornada-informativa-el-13-de-mayo\/#article\",\"isPartOf\":{\"@id\":\"https:\/\/www.covb.cat\/es\/actualitat\/noticies\/general\/premios-aria-2026-convocatoria-abierta-y-jornada-informativa-el-13-de-mayo\/\"},\"author\":{\"name\":\"Ferran Alcaraz\",\"@id\":\"https:\/\/www.covb.cat\/es\/#\/schema\/person\/ddc9093bc091186c194bba72ca3be5e2\"},\"headline\":\"Premios ARIA 2026: convocatoria abierta y jornada informativa el 13 de mayo\",\"datePublished\":\"2026-04-29T14:42:55+00:00\",\"dateModified\":\"2026-04-29T14:44:23+00:00\",\"mainEntityOfPage\":{\"@id\":\"https:\/\/www.covb.cat\/es\/actualitat\/noticies\/general\/premios-aria-2026-convocatoria-abierta-y-jornada-informativa-el-13-de-mayo\/\"},\"wordCount\":396,\"publisher\":{\"@id\":\"https:\/\/www.covb.cat\/es\/#organization\"},\"articleSection\":[\"General\",\"Medi rural\"],\"inLanguage\":\"es\"},{\"@type\":\"WebPage\",\"@id\":\"https:\/\/www.covb.cat\/es\/actualitat\/noticies\/general\/premios-aria-2026-convocatoria-abierta-y-jornada-informativa-el-13-de-mayo\/\",\"url\":\"https:\/\/www.covb.cat\/es\/actualitat\/noticies\/general\/premios-aria-2026-convocatoria-abierta-y-jornada-informativa-el-13-de-mayo\/\",\"name\":\"Premios ARIA 2026: convocatoria abierta y jornada informativa el 13 de mayo - COVB - Col\u00b7legi Oficial de Veterinaris de Barcelona\",\"isPartOf\":{\"@id\":\"https:\/\/www.covb.cat\/es\/#website\"},\"datePublished\":\"2026-04-29T14:42:55+00:00\",\"dateModified\":\"2026-04-29T14:44:23+00:00\",\"description\":\"La Red PAC ha abierto la convocatoria de los Premios de Inspiraci\u00f3n Agraria y Rural ARIA 2026, una iniciativa de la red europea de la PAC que reconoce\",\"breadcrumb\":{\"@id\":\"https:\/\/www.covb.cat\/es\/actualitat\/noticies\/general\/premios-aria-2026-convocatoria-abierta-y-jornada-informativa-el-13-de-mayo\/#breadcrumb\"},\"inLanguage\":\"es\",\"potentialAction\":[{\"@type\":\"ReadAction\",\"target\":[\"https:\/\/www.covb.cat\/es\/actualitat\/noticies\/general\/premios-aria-2026-convocatoria-abierta-y-jornada-informativa-el-13-de-mayo\/\"]}]},{\"@type\":\"BreadcrumbList\",\"@id\":\"https:\/\/www.covb.cat\/es\/actualitat\/noticies\/general\/premios-aria-2026-convocatoria-abierta-y-jornada-informativa-el-13-de-mayo\/#breadcrumb\",\"itemListElement\":[{\"@type\":\"ListItem\",\"position\":1,\"name\":\"Inici\",\"item\":\"https:\/\/www.covb.cat\/es\/\"},{\"@type\":\"ListItem\",\"position\":2,\"name\":\"Premios ARIA 2026: convocatoria abierta y jornada informativa el 13 de mayo\"}]},{\"@type\":\"WebSite\",\"@id\":\"https:\/\/www.covb.cat\/es\/#website\",\"url\":\"https:\/\/www.covb.cat\/es\/\",\"name\":\"COVB\",\"description\":\"Col\u00b7legi Oficial de Veterinaris de Barcelona\",\"publisher\":{\"@id\":\"https:\/\/www.covb.cat\/es\/#organization\"},\"potentialAction\":[{\"@type\":\"SearchAction\",\"target\":{\"@type\":\"EntryPoint\",\"urlTemplate\":\"https:\/\/www.covb.cat\/es\/?s={search_term_string}\"},\"query-input\":{\"@type\":\"PropertyValueSpecification\",\"valueRequired\":true,\"valueName\":\"search_term_string\"}}],\"inLanguage\":\"es\"},{\"@type\":\"Organization\",\"@id\":\"https:\/\/www.covb.cat\/es\/#organization\",\"name\":\"COVB\",\"url\":\"https:\/\/www.covb.cat\/es\/\",\"logo\":{\"@type\":\"ImageObject\",\"inLanguage\":\"es\",\"@id\":\"https:\/\/www.covb.cat\/es\/#\/schema\/logo\/image\/\",\"url\":\"https:\/\/www.covb.cat\/wp-content\/uploads\/2018\/07\/favicon-covb.png\",\"contentUrl\":\"https:\/\/www.covb.cat\/wp-content\/uploads\/2018\/07\/favicon-covb.png\",\"width\":512,\"height\":512,\"caption\":\"COVB\"},\"image\":{\"@id\":\"https:\/\/www.covb.cat\/es\/#\/schema\/logo\/image\/\"},\"sameAs\":[\"https:\/\/www.facebook.com\/COVBcat\/\",\"https:\/\/x.com\/COVBcat\",\"https:\/\/www.youtube.com\/user\/covbcn\"]},{\"@type\":\"Person\",\"@id\":\"https:\/\/www.covb.cat\/es\/#\/schema\/person\/ddc9093bc091186c194bba72ca3be5e2\",\"name\":\"Ferran Alcaraz\",\"image\":{\"@type\":\"ImageObject\",\"inLanguage\":\"es\",\"@id\":\"https:\/\/www.covb.cat\/es\/#\/schema\/person\/image\/\",\"url\":\"https:\/\/secure.gravatar.com\/avatar\/7a7bb9e48d880990c016f59db5a666fe7ad49e90723bdbdc0acfb756246ea192?s=96&d=mm&r=g\",\"contentUrl\":\"https:\/\/secure.gravatar.com\/avatar\/7a7bb9e48d880990c016f59db5a666fe7ad49e90723bdbdc0acfb756246ea192?s=96&d=mm&r=g\",\"caption\":\"Ferran Alcaraz\"}}]}<\/script>\n<!-- \/ Yoast SEO plugin. -->","yoast_head_json":{"title":"Premios ARIA 2026: convocatoria abierta y jornada informativa el 13 de mayo - COVB - Col\u00b7legi Oficial de Veterinaris de Barcelona","description":"La Red PAC ha abierto la convocatoria de los Premios de Inspiraci\u00f3n Agraria y Rural ARIA 2026, una iniciativa de la red europea de la PAC que reconoce","robots":{"index":"index","follow":"follow","max-snippet":"max-snippet:-1","max-image-preview":"max-image-preview:large","max-video-preview":"max-video-preview:-1"},"canonical":"https:\/\/www.covb.cat\/es\/actualitat\/noticies\/general\/premios-aria-2026-convocatoria-abierta-y-jornada-informativa-el-13-de-mayo\/","og_locale":"es_ES","og_type":"article","og_title":"Premios ARIA 2026: convocatoria abierta y jornada informativa el 13 de mayo - COVB - Col\u00b7legi Oficial de Veterinaris de Barcelona","og_description":"La Red PAC ha abierto la convocatoria de los Premios de Inspiraci\u00f3n Agraria y Rural ARIA 2026, una iniciativa de la red europea de la PAC que reconoce","og_url":"https:\/\/www.covb.cat\/es\/actualitat\/noticies\/general\/premios-aria-2026-convocatoria-abierta-y-jornada-informativa-el-13-de-mayo\/","og_site_name":"COVB","article_publisher":"https:\/\/www.facebook.com\/COVBcat\/","article_published_time":"2026-04-29T14:42:55+00:00","article_modified_time":"2026-04-29T14:44:23+00:00","author":"Ferran Alcaraz","twitter_card":"summary_large_image","twitter_creator":"@COVBcat","twitter_site":"@COVBcat","twitter_misc":{"Escrito por":"Ferran Alcaraz","Tiempo de lectura":"2 minutos"},"schema":{"@context":"https:\/\/schema.org","@graph":[{"@type":"Article","@id":"https:\/\/www.covb.cat\/es\/actualitat\/noticies\/general\/premios-aria-2026-convocatoria-abierta-y-jornada-informativa-el-13-de-mayo\/#article","isPartOf":{"@id":"https:\/\/www.covb.cat\/es\/actualitat\/noticies\/general\/premios-aria-2026-convocatoria-abierta-y-jornada-informativa-el-13-de-mayo\/"},"author":{"name":"Ferran Alcaraz","@id":"https:\/\/www.covb.cat\/es\/#\/schema\/person\/ddc9093bc091186c194bba72ca3be5e2"},"headline":"Premios ARIA 2026: convocatoria abierta y jornada informativa el 13 de mayo","datePublished":"2026-04-29T14:42:55+00:00","dateModified":"2026-04-29T14:44:23+00:00","mainEntityOfPage":{"@id":"https:\/\/www.covb.cat\/es\/actualitat\/noticies\/general\/premios-aria-2026-convocatoria-abierta-y-jornada-informativa-el-13-de-mayo\/"},"wordCount":396,"publisher":{"@id":"https:\/\/www.covb.cat\/es\/#organization"},"articleSection":["General","Medi rural"],"inLanguage":"es"},{"@type":"WebPage","@id":"https:\/\/www.covb.cat\/es\/actualitat\/noticies\/general\/premios-aria-2026-convocatoria-abierta-y-jornada-informativa-el-13-de-mayo\/","url":"https:\/\/www.covb.cat\/es\/actualitat\/noticies\/general\/premios-aria-2026-convocatoria-abierta-y-jornada-informativa-el-13-de-mayo\/","name":"Premios ARIA 2026: convocatoria abierta y jornada informativa el 13 de mayo - COVB - Col\u00b7legi Oficial de Veterinaris de Barcelona","isPartOf":{"@id":"https:\/\/www.covb.cat\/es\/#website"},"datePublished":"2026-04-29T14:42:55+00:00","dateModified":"2026-04-29T14:44:23+00:00","description":"La Red PAC ha abierto la convocatoria de los Premios de Inspiraci\u00f3n Agraria y Rural ARIA 2026, una iniciativa de la red europea de la PAC que reconoce","breadcrumb":{"@id":"https:\/\/www.covb.cat\/es\/actualitat\/noticies\/general\/premios-aria-2026-convocatoria-abierta-y-jornada-informativa-el-13-de-mayo\/#breadcrumb"},"inLanguage":"es","potentialAction":[{"@type":"ReadAction","target":["https:\/\/www.covb.cat\/es\/actualitat\/noticies\/general\/premios-aria-2026-convocatoria-abierta-y-jornada-informativa-el-13-de-mayo\/"]}]},{"@type":"BreadcrumbList","@id":"https:\/\/www.covb.cat\/es\/actualitat\/noticies\/general\/premios-aria-2026-convocatoria-abierta-y-jornada-informativa-el-13-de-mayo\/#breadcrumb","itemListElement":[{"@type":"ListItem","position":1,"name":"Inici","item":"https:\/\/www.covb.cat\/es\/"},{"@type":"ListItem","position":2,"name":"Premios ARIA 2026: convocatoria abierta y jornada informativa el 13 de mayo"}]},{"@type":"WebSite","@id":"https:\/\/www.covb.cat\/es\/#website","url":"https:\/\/www.covb.cat\/es\/","name":"COVB","description":"Col\u00b7legi Oficial de Veterinaris de Barcelona","publisher":{"@id":"https:\/\/www.covb.cat\/es\/#organization"},"potentialAction":[{"@type":"SearchAction","target":{"@type":"EntryPoint","urlTemplate":"https:\/\/www.covb.cat\/es\/?s={search_term_string}"},"query-input":{"@type":"PropertyValueSpecification","valueRequired":true,"valueName":"search_term_string"}}],"inLanguage":"es"},{"@type":"Organization","@id":"https:\/\/www.covb.cat\/es\/#organization","name":"COVB","url":"https:\/\/www.covb.cat\/es\/","logo":{"@type":"ImageObject","inLanguage":"es","@id":"https:\/\/www.covb.cat\/es\/#\/schema\/logo\/image\/","url":"https:\/\/www.covb.cat\/wp-content\/uploads\/2018\/07\/favicon-covb.png","contentUrl":"https:\/\/www.covb.cat\/wp-content\/uploads\/2018\/07\/favicon-covb.png","width":512,"height":512,"caption":"COVB"},"image":{"@id":"https:\/\/www.covb.cat\/es\/#\/schema\/logo\/image\/"},"sameAs":["https:\/\/www.facebook.com\/COVBcat\/","https:\/\/x.com\/COVBcat","https:\/\/www.youtube.com\/user\/covbcn"]},{"@type":"Person","@id":"https:\/\/www.covb.cat\/es\/#\/schema\/person\/ddc9093bc091186c194bba72ca3be5e2","name":"Ferran Alcaraz","image":{"@type":"ImageObject","inLanguage":"es","@id":"https:\/\/www.covb.cat\/es\/#\/schema\/person\/image\/","url":"https:\/\/secure.gravatar.com\/avatar\/7a7bb9e48d880990c016f59db5a666fe7ad49e90723bdbdc0acfb756246ea192?s=96&d=mm&r=g","contentUrl":"https:\/\/secure.gravatar.com\/avatar\/7a7bb9e48d880990c016f59db5a666fe7ad49e90723bdbdc0acfb756246ea192?s=96&d=mm&r=g","caption":"Ferran Alcaraz"}}]}},"jetpack_featured_media_url":"","jetpack_sharing_enabled":true,"_links":{"self":[{"href":"https:\/\/www.covb.cat\/es\/wp-json\/wp\/v2\/posts\/69418","targetHints":{"allow":["GET"]}}],"collection":[{"href":"https:\/\/www.covb.cat\/es\/wp-json\/wp\/v2\/posts"}],"about":[{"href":"https:\/\/www.covb.cat\/es\/wp-json\/wp\/v2\/types\/post"}],"author":[{"embeddable":true,"href":"https:\/\/www.covb.cat\/es\/wp-json\/wp\/v2\/users\/2985"}],"replies":[{"embeddable":true,"href":"https:\/\/www.covb.cat\/es\/wp-json\/wp\/v2\/comments?post=69418"}],"version-history":[{"count":1,"href":"https:\/\/www.covb.cat\/es\/wp-json\/wp\/v2\/posts\/69418\/revisions"}],"predecessor-version":[{"id":69419,"href":"https:\/\/www.covb.cat\/es\/wp-json\/wp\/v2\/posts\/69418\/revisions\/69419"}],"wp:attachment":[{"href":"https:\/\/www.covb.cat\/es\/wp-json\/wp\/v2\/media?parent=69418"}],"wp:term":[{"taxonomy":"category","embeddable":true,"href":"https:\/\/www.covb.cat\/es\/wp-json\/wp\/v2\/categories?post=69418"},{"taxonomy":"post_tag","embeddable":true,"href":"https:\/\/www.covb.cat\/es\/wp-json\/wp\/v2\/tags?post=69418"}],"curies":[{"name":"wp","href":"https:\/\/api.w.org\/{rel}","templated":true}]}}