{"id":67978,"date":"2026-03-12T16:57:48","date_gmt":"2026-03-12T15:57:48","guid":{"rendered":"https:\/\/www.covb.cat\/actualitat\/noticies\/general\/nou-reglament-europeu-actualitza-les-mesures-de-control-de-la-pesta-porcina-africana\/"},"modified":"2026-03-12T16:58:32","modified_gmt":"2026-03-12T15:58:32","slug":"nuevo-reglamento-europeo-actualiza-las-medidas-de-control-de-la-peste-porcina-africana","status":"publish","type":"post","link":"https:\/\/www.covb.cat\/es\/actualitat\/noticies\/general\/nuevo-reglamento-europeo-actualiza-las-medidas-de-control-de-la-peste-porcina-africana\/","title":{"rendered":"Nuevo reglamento europeo actualiza las medidas de control de la peste porcina africana"},"content":{"rendered":"<p>La Comisi\u00f3n Europea ha publicado en el <em>Diario Oficial de la Uni\u00f3n Europea<\/em> el <strong>Reglamento de Ejecuci\u00f3n (UE) 2026\/568, de 10 de marzo de 2026<\/strong>, que modifica y corrige los anexos I y II del Reglamento de Ejecuci\u00f3n (UE) 2023\/594 relativo a las medidas especiales de control de la peste porcina africana (PPA).<\/p>\n<p>Este reglamento forma parte del marco normativo europeo de sanidad animal y tiene como objetivo <strong>adaptar las medidas de control a la evoluci\u00f3n epidemiol\u00f3gica de la enfermedad en la Uni\u00f3n Europea<\/strong>.<\/p>\n<p><strong>Actualizaci\u00f3n de zonas restringidas<\/strong><\/p>\n<p>La norma actualiza la clasificaci\u00f3n de <strong>zonas restringidas I, II y III<\/strong> establecidas en el Reglamento (UE) 2023\/594, que determinan las medidas de control aplicables en funci\u00f3n del riesgo de propagaci\u00f3n de la enfermedad.<\/p>\n<p>Estas modificaciones se basan en:<\/p>\n<ul>\n<li>la evoluci\u00f3n epidemiol\u00f3gica reciente de la peste porcina africana en varios Estados miembros<\/li>\n<li>el nivel de riesgo de propagaci\u00f3n de la enfermedad<\/li>\n<li>los criterios cient\u00edficos de zonificaci\u00f3n utilizados en la Uni\u00f3n Europea<\/li>\n<li>las recomendaciones y est\u00e1ndares internacionales de la Organizaci\u00f3n Mundial de Sanidad Animal (OMSA)<\/li>\n<\/ul>\n<p>Entre otros cambios, el reglamento incorpora ajustes en la zonificaci\u00f3n de <strong>Polonia, Hungr\u00eda y Croacia<\/strong>, tras la detecci\u00f3n de nuevos focos en jabal\u00edes silvestres, as\u00ed como modificaciones en las zonas afectadas.<\/p>\n<p><strong>Correcci\u00f3n de errores en zonas de Espa\u00f1a<\/strong><\/p>\n<p>El reglamento tambi\u00e9n incluye <strong>correcciones t\u00e9cnicas en el anexo I relativas a Espa\u00f1a<\/strong>, derivadas de un error detectado en una modificaci\u00f3n anterior del reglamento que afectaba a determinadas zonas de Catalu\u00f1a, que hab\u00edan sido incluidas incorrectamente como zona restringida I.<\/p>\n<p>Estas correcciones permiten <strong>ajustar adecuadamente la clasificaci\u00f3n de las zonas seg\u00fan la situaci\u00f3n epidemiol\u00f3gica real<\/strong>.<\/p>\n<p><strong>Entrada en vigor inmediata<\/strong><\/p>\n<p>Ante el riesgo de propagaci\u00f3n de la enfermedad y la necesidad de adaptar r\u00e1pidamente las medidas de control, el reglamento establece que <strong>entrar\u00e1 en vigor al d\u00eda siguiente de su publicaci\u00f3n en el DOUE<\/strong>.<\/p>\n<p>La peste porcina africana es una <strong>enfermedad v\u00edrica altamente contagiosa que afecta a cerdos dom\u00e9sticos y jabal\u00edes<\/strong>, con un impacto significativo en la producci\u00f3n porcina y en el comercio de animales y productos de origen porcino.<\/p>\n<p>Desde el COVB continuaremos informando al colectivo veterinario de cualquier actualizaci\u00f3n normativa o epidemiol\u00f3gica relacionada con la peste porcina africana.<\/p>\n<p><a href=\"https:\/\/www.covb.cat\/wp-content\/uploads\/2026\/03\/DOUE-11.03.2026.pdf\">DOUE 11.03.2026<\/a><\/p>\n","protected":false},"excerpt":{"rendered":"<p>La Comisi\u00f3n Europea ha publicado en el Diario Oficial de la Uni\u00f3n Europea el Reglamento de Ejecuci\u00f3n (UE) 2026\/568, de 10 de marzo de 2026, que modifica y corrige los anexos I y II del Reglamento de Ejecuci\u00f3n (UE) 2023\/594 relativo a las medidas especiales de control de la peste porcina africana (PPA). Este reglamento [&hellip;]<\/p>\n","protected":false},"author":2985,"featured_media":67975,"comment_status":"closed","ping_status":"closed","sticky":false,"template":"","format":"standard","meta":{"_monsterinsights_skip_tracking":false,"_monsterinsights_sitenote_active":false,"_monsterinsights_sitenote_note":"","_monsterinsights_sitenote_category":0,"_jetpack_memberships_contains_paid_content":false,"footnotes":""},"categories":[156,17],"tags":[],"class_list":["post-67978","post","type-post","status-publish","format-standard","has-post-thumbnail","hentry","category-alertas","category-general"],"yoast_head":"<!-- This site is optimized with the Yoast SEO plugin v27.0 - https:\/\/yoast.com\/product\/yoast-seo-wordpress\/ -->\n<title>Nuevo reglamento europeo actualiza las medidas de control de la peste porcina africana - COVB - Col\u00b7legi Oficial de Veterinaris de Barcelona<\/title>\n<meta name=\"description\" content=\"La Comisi\u00f3n Europea ha publicado en el Diario Oficial de la Uni\u00f3n Europea el Reglamento de Ejecuci\u00f3n (UE) 2026\/568, de 10 de marzo de 2026, que modifica y\" \/>\n<meta name=\"robots\" content=\"index, follow, max-snippet:-1, max-image-preview:large, max-video-preview:-1\" \/>\n<link rel=\"canonical\" href=\"https:\/\/www.covb.cat\/es\/actualitat\/noticies\/general\/nuevo-reglamento-europeo-actualiza-las-medidas-de-control-de-la-peste-porcina-africana\/\" \/>\n<meta property=\"og:locale\" content=\"es_ES\" \/>\n<meta property=\"og:type\" content=\"article\" \/>\n<meta property=\"og:title\" content=\"Nuevo reglamento europeo actualiza las medidas de control de la peste porcina africana - COVB - Col\u00b7legi Oficial de Veterinaris de Barcelona\" \/>\n<meta property=\"og:description\" content=\"La Comisi\u00f3n Europea ha publicado en el Diario Oficial de la Uni\u00f3n Europea el Reglamento de Ejecuci\u00f3n (UE) 2026\/568, de 10 de marzo de 2026, que modifica y\" \/>\n<meta property=\"og:url\" content=\"https:\/\/www.covb.cat\/es\/actualitat\/noticies\/general\/nuevo-reglamento-europeo-actualiza-las-medidas-de-control-de-la-peste-porcina-africana\/\" \/>\n<meta property=\"og:site_name\" content=\"COVB\" \/>\n<meta property=\"article:publisher\" content=\"https:\/\/www.facebook.com\/COVBcat\/\" \/>\n<meta property=\"article:published_time\" content=\"2026-03-12T15:57:48+00:00\" \/>\n<meta property=\"article:modified_time\" content=\"2026-03-12T15:58:32+00:00\" \/>\n<meta property=\"og:image\" content=\"https:\/\/www.covb.cat\/wp-content\/uploads\/2026\/03\/Reglament-PPA-al-DOUE-WEB.jpg\" \/>\n\t<meta property=\"og:image:width\" content=\"1200\" \/>\n\t<meta property=\"og:image:height\" content=\"800\" \/>\n\t<meta property=\"og:image:type\" content=\"image\/jpeg\" \/>\n<meta name=\"author\" content=\"Ferran Alcaraz\" \/>\n<meta name=\"twitter:card\" content=\"summary_large_image\" \/>\n<meta name=\"twitter:creator\" content=\"@COVBcat\" \/>\n<meta name=\"twitter:site\" content=\"@COVBcat\" \/>\n<meta name=\"twitter:label1\" content=\"Escrito por\" \/>\n\t<meta name=\"twitter:data1\" content=\"Ferran Alcaraz\" \/>\n\t<meta name=\"twitter:label2\" content=\"Tiempo de lectura\" \/>\n\t<meta name=\"twitter:data2\" content=\"3 minutos\" \/>\n<script type=\"application\/ld+json\" class=\"yoast-schema-graph\">{\"@context\":\"https:\/\/schema.org\",\"@graph\":[{\"@type\":\"Article\",\"@id\":\"https:\/\/www.covb.cat\/es\/actualitat\/noticies\/general\/nuevo-reglamento-europeo-actualiza-las-medidas-de-control-de-la-peste-porcina-africana\/#article\",\"isPartOf\":{\"@id\":\"https:\/\/www.covb.cat\/es\/actualitat\/noticies\/general\/nuevo-reglamento-europeo-actualiza-las-medidas-de-control-de-la-peste-porcina-africana\/\"},\"author\":{\"name\":\"Ferran Alcaraz\",\"@id\":\"https:\/\/www.covb.cat\/es\/#\/schema\/person\/ddc9093bc091186c194bba72ca3be5e2\"},\"headline\":\"Nuevo reglamento europeo actualiza las medidas de control de la peste porcina africana\",\"datePublished\":\"2026-03-12T15:57:48+00:00\",\"dateModified\":\"2026-03-12T15:58:32+00:00\",\"mainEntityOfPage\":{\"@id\":\"https:\/\/www.covb.cat\/es\/actualitat\/noticies\/general\/nuevo-reglamento-europeo-actualiza-las-medidas-de-control-de-la-peste-porcina-africana\/\"},\"wordCount\":413,\"publisher\":{\"@id\":\"https:\/\/www.covb.cat\/es\/#organization\"},\"image\":{\"@id\":\"https:\/\/www.covb.cat\/es\/actualitat\/noticies\/general\/nuevo-reglamento-europeo-actualiza-las-medidas-de-control-de-la-peste-porcina-africana\/#primaryimage\"},\"thumbnailUrl\":\"https:\/\/www.covb.cat\/wp-content\/uploads\/2026\/03\/Reglament-PPA-al-DOUE-WEB.jpg\",\"articleSection\":[\"Alertas\",\"General\"],\"inLanguage\":\"es\"},{\"@type\":\"WebPage\",\"@id\":\"https:\/\/www.covb.cat\/es\/actualitat\/noticies\/general\/nuevo-reglamento-europeo-actualiza-las-medidas-de-control-de-la-peste-porcina-africana\/\",\"url\":\"https:\/\/www.covb.cat\/es\/actualitat\/noticies\/general\/nuevo-reglamento-europeo-actualiza-las-medidas-de-control-de-la-peste-porcina-africana\/\",\"name\":\"Nuevo reglamento europeo actualiza las medidas de control de la peste porcina africana - COVB - Col\u00b7legi Oficial de Veterinaris de Barcelona\",\"isPartOf\":{\"@id\":\"https:\/\/www.covb.cat\/es\/#website\"},\"primaryImageOfPage\":{\"@id\":\"https:\/\/www.covb.cat\/es\/actualitat\/noticies\/general\/nuevo-reglamento-europeo-actualiza-las-medidas-de-control-de-la-peste-porcina-africana\/#primaryimage\"},\"image\":{\"@id\":\"https:\/\/www.covb.cat\/es\/actualitat\/noticies\/general\/nuevo-reglamento-europeo-actualiza-las-medidas-de-control-de-la-peste-porcina-africana\/#primaryimage\"},\"thumbnailUrl\":\"https:\/\/www.covb.cat\/wp-content\/uploads\/2026\/03\/Reglament-PPA-al-DOUE-WEB.jpg\",\"datePublished\":\"2026-03-12T15:57:48+00:00\",\"dateModified\":\"2026-03-12T15:58:32+00:00\",\"description\":\"La Comisi\u00f3n Europea ha publicado en el Diario Oficial de la Uni\u00f3n Europea el Reglamento de Ejecuci\u00f3n (UE) 2026\/568, de 10 de marzo de 2026, que modifica y\",\"breadcrumb\":{\"@id\":\"https:\/\/www.covb.cat\/es\/actualitat\/noticies\/general\/nuevo-reglamento-europeo-actualiza-las-medidas-de-control-de-la-peste-porcina-africana\/#breadcrumb\"},\"inLanguage\":\"es\",\"potentialAction\":[{\"@type\":\"ReadAction\",\"target\":[\"https:\/\/www.covb.cat\/es\/actualitat\/noticies\/general\/nuevo-reglamento-europeo-actualiza-las-medidas-de-control-de-la-peste-porcina-africana\/\"]}]},{\"@type\":\"ImageObject\",\"inLanguage\":\"es\",\"@id\":\"https:\/\/www.covb.cat\/es\/actualitat\/noticies\/general\/nuevo-reglamento-europeo-actualiza-las-medidas-de-control-de-la-peste-porcina-africana\/#primaryimage\",\"url\":\"https:\/\/www.covb.cat\/wp-content\/uploads\/2026\/03\/Reglament-PPA-al-DOUE-WEB.jpg\",\"contentUrl\":\"https:\/\/www.covb.cat\/wp-content\/uploads\/2026\/03\/Reglament-PPA-al-DOUE-WEB.jpg\",\"width\":1200,\"height\":800},{\"@type\":\"BreadcrumbList\",\"@id\":\"https:\/\/www.covb.cat\/es\/actualitat\/noticies\/general\/nuevo-reglamento-europeo-actualiza-las-medidas-de-control-de-la-peste-porcina-africana\/#breadcrumb\",\"itemListElement\":[{\"@type\":\"ListItem\",\"position\":1,\"name\":\"Inici\",\"item\":\"https:\/\/www.covb.cat\/es\/\"},{\"@type\":\"ListItem\",\"position\":2,\"name\":\"Nuevo reglamento europeo actualiza las medidas de control de la peste porcina africana\"}]},{\"@type\":\"WebSite\",\"@id\":\"https:\/\/www.covb.cat\/es\/#website\",\"url\":\"https:\/\/www.covb.cat\/es\/\",\"name\":\"COVB\",\"description\":\"Col\u00b7legi Oficial de Veterinaris de Barcelona\",\"publisher\":{\"@id\":\"https:\/\/www.covb.cat\/es\/#organization\"},\"potentialAction\":[{\"@type\":\"SearchAction\",\"target\":{\"@type\":\"EntryPoint\",\"urlTemplate\":\"https:\/\/www.covb.cat\/es\/?s={search_term_string}\"},\"query-input\":{\"@type\":\"PropertyValueSpecification\",\"valueRequired\":true,\"valueName\":\"search_term_string\"}}],\"inLanguage\":\"es\"},{\"@type\":\"Organization\",\"@id\":\"https:\/\/www.covb.cat\/es\/#organization\",\"name\":\"COVB\",\"url\":\"https:\/\/www.covb.cat\/es\/\",\"logo\":{\"@type\":\"ImageObject\",\"inLanguage\":\"es\",\"@id\":\"https:\/\/www.covb.cat\/es\/#\/schema\/logo\/image\/\",\"url\":\"https:\/\/www.covb.cat\/wp-content\/uploads\/2018\/07\/favicon-covb.png\",\"contentUrl\":\"https:\/\/www.covb.cat\/wp-content\/uploads\/2018\/07\/favicon-covb.png\",\"width\":512,\"height\":512,\"caption\":\"COVB\"},\"image\":{\"@id\":\"https:\/\/www.covb.cat\/es\/#\/schema\/logo\/image\/\"},\"sameAs\":[\"https:\/\/www.facebook.com\/COVBcat\/\",\"https:\/\/x.com\/COVBcat\",\"https:\/\/www.youtube.com\/user\/covbcn\"]},{\"@type\":\"Person\",\"@id\":\"https:\/\/www.covb.cat\/es\/#\/schema\/person\/ddc9093bc091186c194bba72ca3be5e2\",\"name\":\"Ferran Alcaraz\",\"image\":{\"@type\":\"ImageObject\",\"inLanguage\":\"es\",\"@id\":\"https:\/\/www.covb.cat\/es\/#\/schema\/person\/image\/\",\"url\":\"https:\/\/secure.gravatar.com\/avatar\/7a7bb9e48d880990c016f59db5a666fe7ad49e90723bdbdc0acfb756246ea192?s=96&d=mm&r=g\",\"contentUrl\":\"https:\/\/secure.gravatar.com\/avatar\/7a7bb9e48d880990c016f59db5a666fe7ad49e90723bdbdc0acfb756246ea192?s=96&d=mm&r=g\",\"caption\":\"Ferran Alcaraz\"}}]}<\/script>\n<!-- \/ Yoast SEO plugin. -->","yoast_head_json":{"title":"Nuevo reglamento europeo actualiza las medidas de control de la peste porcina africana - COVB - Col\u00b7legi Oficial de Veterinaris de Barcelona","description":"La Comisi\u00f3n Europea ha publicado en el Diario Oficial de la Uni\u00f3n Europea el Reglamento de Ejecuci\u00f3n (UE) 2026\/568, de 10 de marzo de 2026, que modifica y","robots":{"index":"index","follow":"follow","max-snippet":"max-snippet:-1","max-image-preview":"max-image-preview:large","max-video-preview":"max-video-preview:-1"},"canonical":"https:\/\/www.covb.cat\/es\/actualitat\/noticies\/general\/nuevo-reglamento-europeo-actualiza-las-medidas-de-control-de-la-peste-porcina-africana\/","og_locale":"es_ES","og_type":"article","og_title":"Nuevo reglamento europeo actualiza las medidas de control de la peste porcina africana - COVB - Col\u00b7legi Oficial de Veterinaris de Barcelona","og_description":"La Comisi\u00f3n Europea ha publicado en el Diario Oficial de la Uni\u00f3n Europea el Reglamento de Ejecuci\u00f3n (UE) 2026\/568, de 10 de marzo de 2026, que modifica y","og_url":"https:\/\/www.covb.cat\/es\/actualitat\/noticies\/general\/nuevo-reglamento-europeo-actualiza-las-medidas-de-control-de-la-peste-porcina-africana\/","og_site_name":"COVB","article_publisher":"https:\/\/www.facebook.com\/COVBcat\/","article_published_time":"2026-03-12T15:57:48+00:00","article_modified_time":"2026-03-12T15:58:32+00:00","og_image":[{"width":1200,"height":800,"url":"https:\/\/www.covb.cat\/wp-content\/uploads\/2026\/03\/Reglament-PPA-al-DOUE-WEB.jpg","type":"image\/jpeg"}],"author":"Ferran Alcaraz","twitter_card":"summary_large_image","twitter_creator":"@COVBcat","twitter_site":"@COVBcat","twitter_misc":{"Escrito por":"Ferran Alcaraz","Tiempo de lectura":"3 minutos"},"schema":{"@context":"https:\/\/schema.org","@graph":[{"@type":"Article","@id":"https:\/\/www.covb.cat\/es\/actualitat\/noticies\/general\/nuevo-reglamento-europeo-actualiza-las-medidas-de-control-de-la-peste-porcina-africana\/#article","isPartOf":{"@id":"https:\/\/www.covb.cat\/es\/actualitat\/noticies\/general\/nuevo-reglamento-europeo-actualiza-las-medidas-de-control-de-la-peste-porcina-africana\/"},"author":{"name":"Ferran Alcaraz","@id":"https:\/\/www.covb.cat\/es\/#\/schema\/person\/ddc9093bc091186c194bba72ca3be5e2"},"headline":"Nuevo reglamento europeo actualiza las medidas de control de la peste porcina africana","datePublished":"2026-03-12T15:57:48+00:00","dateModified":"2026-03-12T15:58:32+00:00","mainEntityOfPage":{"@id":"https:\/\/www.covb.cat\/es\/actualitat\/noticies\/general\/nuevo-reglamento-europeo-actualiza-las-medidas-de-control-de-la-peste-porcina-africana\/"},"wordCount":413,"publisher":{"@id":"https:\/\/www.covb.cat\/es\/#organization"},"image":{"@id":"https:\/\/www.covb.cat\/es\/actualitat\/noticies\/general\/nuevo-reglamento-europeo-actualiza-las-medidas-de-control-de-la-peste-porcina-africana\/#primaryimage"},"thumbnailUrl":"https:\/\/www.covb.cat\/wp-content\/uploads\/2026\/03\/Reglament-PPA-al-DOUE-WEB.jpg","articleSection":["Alertas","General"],"inLanguage":"es"},{"@type":"WebPage","@id":"https:\/\/www.covb.cat\/es\/actualitat\/noticies\/general\/nuevo-reglamento-europeo-actualiza-las-medidas-de-control-de-la-peste-porcina-africana\/","url":"https:\/\/www.covb.cat\/es\/actualitat\/noticies\/general\/nuevo-reglamento-europeo-actualiza-las-medidas-de-control-de-la-peste-porcina-africana\/","name":"Nuevo reglamento europeo actualiza las medidas de control de la peste porcina africana - COVB - Col\u00b7legi Oficial de Veterinaris de Barcelona","isPartOf":{"@id":"https:\/\/www.covb.cat\/es\/#website"},"primaryImageOfPage":{"@id":"https:\/\/www.covb.cat\/es\/actualitat\/noticies\/general\/nuevo-reglamento-europeo-actualiza-las-medidas-de-control-de-la-peste-porcina-africana\/#primaryimage"},"image":{"@id":"https:\/\/www.covb.cat\/es\/actualitat\/noticies\/general\/nuevo-reglamento-europeo-actualiza-las-medidas-de-control-de-la-peste-porcina-africana\/#primaryimage"},"thumbnailUrl":"https:\/\/www.covb.cat\/wp-content\/uploads\/2026\/03\/Reglament-PPA-al-DOUE-WEB.jpg","datePublished":"2026-03-12T15:57:48+00:00","dateModified":"2026-03-12T15:58:32+00:00","description":"La Comisi\u00f3n Europea ha publicado en el Diario Oficial de la Uni\u00f3n Europea el Reglamento de Ejecuci\u00f3n (UE) 2026\/568, de 10 de marzo de 2026, que modifica y","breadcrumb":{"@id":"https:\/\/www.covb.cat\/es\/actualitat\/noticies\/general\/nuevo-reglamento-europeo-actualiza-las-medidas-de-control-de-la-peste-porcina-africana\/#breadcrumb"},"inLanguage":"es","potentialAction":[{"@type":"ReadAction","target":["https:\/\/www.covb.cat\/es\/actualitat\/noticies\/general\/nuevo-reglamento-europeo-actualiza-las-medidas-de-control-de-la-peste-porcina-africana\/"]}]},{"@type":"ImageObject","inLanguage":"es","@id":"https:\/\/www.covb.cat\/es\/actualitat\/noticies\/general\/nuevo-reglamento-europeo-actualiza-las-medidas-de-control-de-la-peste-porcina-africana\/#primaryimage","url":"https:\/\/www.covb.cat\/wp-content\/uploads\/2026\/03\/Reglament-PPA-al-DOUE-WEB.jpg","contentUrl":"https:\/\/www.covb.cat\/wp-content\/uploads\/2026\/03\/Reglament-PPA-al-DOUE-WEB.jpg","width":1200,"height":800},{"@type":"BreadcrumbList","@id":"https:\/\/www.covb.cat\/es\/actualitat\/noticies\/general\/nuevo-reglamento-europeo-actualiza-las-medidas-de-control-de-la-peste-porcina-africana\/#breadcrumb","itemListElement":[{"@type":"ListItem","position":1,"name":"Inici","item":"https:\/\/www.covb.cat\/es\/"},{"@type":"ListItem","position":2,"name":"Nuevo reglamento europeo actualiza las medidas de control de la peste porcina africana"}]},{"@type":"WebSite","@id":"https:\/\/www.covb.cat\/es\/#website","url":"https:\/\/www.covb.cat\/es\/","name":"COVB","description":"Col\u00b7legi Oficial de Veterinaris de Barcelona","publisher":{"@id":"https:\/\/www.covb.cat\/es\/#organization"},"potentialAction":[{"@type":"SearchAction","target":{"@type":"EntryPoint","urlTemplate":"https:\/\/www.covb.cat\/es\/?s={search_term_string}"},"query-input":{"@type":"PropertyValueSpecification","valueRequired":true,"valueName":"search_term_string"}}],"inLanguage":"es"},{"@type":"Organization","@id":"https:\/\/www.covb.cat\/es\/#organization","name":"COVB","url":"https:\/\/www.covb.cat\/es\/","logo":{"@type":"ImageObject","inLanguage":"es","@id":"https:\/\/www.covb.cat\/es\/#\/schema\/logo\/image\/","url":"https:\/\/www.covb.cat\/wp-content\/uploads\/2018\/07\/favicon-covb.png","contentUrl":"https:\/\/www.covb.cat\/wp-content\/uploads\/2018\/07\/favicon-covb.png","width":512,"height":512,"caption":"COVB"},"image":{"@id":"https:\/\/www.covb.cat\/es\/#\/schema\/logo\/image\/"},"sameAs":["https:\/\/www.facebook.com\/COVBcat\/","https:\/\/x.com\/COVBcat","https:\/\/www.youtube.com\/user\/covbcn"]},{"@type":"Person","@id":"https:\/\/www.covb.cat\/es\/#\/schema\/person\/ddc9093bc091186c194bba72ca3be5e2","name":"Ferran Alcaraz","image":{"@type":"ImageObject","inLanguage":"es","@id":"https:\/\/www.covb.cat\/es\/#\/schema\/person\/image\/","url":"https:\/\/secure.gravatar.com\/avatar\/7a7bb9e48d880990c016f59db5a666fe7ad49e90723bdbdc0acfb756246ea192?s=96&d=mm&r=g","contentUrl":"https:\/\/secure.gravatar.com\/avatar\/7a7bb9e48d880990c016f59db5a666fe7ad49e90723bdbdc0acfb756246ea192?s=96&d=mm&r=g","caption":"Ferran Alcaraz"}}]}},"jetpack_featured_media_url":"https:\/\/www.covb.cat\/wp-content\/uploads\/2026\/03\/Reglament-PPA-al-DOUE-WEB.jpg","jetpack_sharing_enabled":true,"_links":{"self":[{"href":"https:\/\/www.covb.cat\/es\/wp-json\/wp\/v2\/posts\/67978","targetHints":{"allow":["GET"]}}],"collection":[{"href":"https:\/\/www.covb.cat\/es\/wp-json\/wp\/v2\/posts"}],"about":[{"href":"https:\/\/www.covb.cat\/es\/wp-json\/wp\/v2\/types\/post"}],"author":[{"embeddable":true,"href":"https:\/\/www.covb.cat\/es\/wp-json\/wp\/v2\/users\/2985"}],"replies":[{"embeddable":true,"href":"https:\/\/www.covb.cat\/es\/wp-json\/wp\/v2\/comments?post=67978"}],"version-history":[{"count":1,"href":"https:\/\/www.covb.cat\/es\/wp-json\/wp\/v2\/posts\/67978\/revisions"}],"predecessor-version":[{"id":67979,"href":"https:\/\/www.covb.cat\/es\/wp-json\/wp\/v2\/posts\/67978\/revisions\/67979"}],"wp:featuredmedia":[{"embeddable":true,"href":"https:\/\/www.covb.cat\/es\/wp-json\/wp\/v2\/media\/67975"}],"wp:attachment":[{"href":"https:\/\/www.covb.cat\/es\/wp-json\/wp\/v2\/media?parent=67978"}],"wp:term":[{"taxonomy":"category","embeddable":true,"href":"https:\/\/www.covb.cat\/es\/wp-json\/wp\/v2\/categories?post=67978"},{"taxonomy":"post_tag","embeddable":true,"href":"https:\/\/www.covb.cat\/es\/wp-json\/wp\/v2\/tags?post=67978"}],"curies":[{"name":"wp","href":"https:\/\/api.w.org\/{rel}","templated":true}]}}