{"id":67969,"date":"2026-03-12T16:52:53","date_gmt":"2026-03-12T15:52:53","guid":{"rendered":"https:\/\/www.covb.cat\/actualitat\/noticies\/general\/actualitzacio-de-la-pesta-porcina-africana-a-catalunya-38-focus-detectats-en-senglars\/"},"modified":"2026-03-12T16:53:48","modified_gmt":"2026-03-12T15:53:48","slug":"actualizacion-de-la-peste-porcina-africana-en-cataluna-38-focos-detectados-en-jabalies","status":"publish","type":"post","link":"https:\/\/www.covb.cat\/es\/actualitat\/noticies\/general\/actualizacion-de-la-peste-porcina-africana-en-cataluna-38-focos-detectados-en-jabalies\/","title":{"rendered":"Actualizaci\u00f3n de la peste porcina africana en Catalu\u00f1a: 38 focos detectados en jabal\u00edes"},"content":{"rendered":"<p>El Ministerio de Agricultura, Pesca y Alimentaci\u00f3n ha publicado una nueva actualizaci\u00f3n sobre la situaci\u00f3n de la <strong>peste porcina africana (PPA)<\/strong> en jabal\u00edes silvestres en Catalu\u00f1a. Desde la \u00faltima comunicaci\u00f3n del 5 de marzo de 2026, los Servicios Veterinarios Oficiales de la Generalitat han notificado <strong>11 nuevos casos en jabal\u00edes encontrados muertos o restos localizados en el medio natural<\/strong> dentro de la zona restringida II.<\/p>\n<p>Con estas nuevas detecciones, el n\u00famero total de focos notificados asciende a <strong>38<\/strong>, de los cuales <strong>3 son focos primarios y 35 secundarios<\/strong>, lo que corresponde a <strong>227 jabal\u00edes positivos<\/strong>.<\/p>\n<p>Los casos se han detectado en <strong>nueve municipios<\/strong> del \u00e1rea metropolitana de Barcelona:<\/p>\n<ul>\n<li>Cerdanyola del Vall\u00e8s<\/li>\n<li>Sant Cugat del Vall\u00e8s<\/li>\n<li>Sant Quirze del Vall\u00e8s<\/li>\n<li>Terrassa<\/li>\n<li>Rub\u00ed<\/li>\n<li>Molins de Rei<\/li>\n<li>Sant Feliu de Llobregat<\/li>\n<li>Sant Just Desvern<\/li>\n<li>Barcelona<\/li>\n<\/ul>\n<p>Seg\u00fan la informaci\u00f3n publicada por el ministerio, <strong>Barcelona registra el primer caso detectado hasta ahora en este municipio<\/strong>.<\/p>\n<p><strong>VIGILANCIA EPIDEMIOL\u00d3GICA Y CONTROL DE POBLACIONES<\/strong><\/p>\n<p>En el marco de las actuaciones de vigilancia, se han analizado <strong>1.971 animales<\/strong>, que han resultado negativos a la enfermedad. De estos, <strong>1.408 corresponden a animales capturados o abatidos sin sintomatolog\u00eda<\/strong>, mientras que <strong>563 se han investigado dentro de la vigilancia pasiva<\/strong>, a partir de cad\u00e1veres o restos hallados en el medio natural.<\/p>\n<p>Paralelamente, contin\u00faan las labores de <strong>b\u00fasqueda de cad\u00e1veres de jabal\u00edes y control poblacional<\/strong>, principalmente mediante trampas y capturas gestionadas por agentes rurales y cazadores formados, bajo la supervisi\u00f3n de la autoridad competente.<\/p>\n<p>Tambi\u00e9n se est\u00e1 trabajando en la <strong>instalaci\u00f3n y supervisi\u00f3n de medidas de aislamiento y vallados<\/strong>, especialmente en corredores de paso habituales de los jabal\u00edes, con el objetivo de limitar la dispersi\u00f3n del virus.<\/p>\n<p><strong>SITUACI\u00d3N EN EXPLOTACIONES PORCINAS<\/strong><\/p>\n<p>En cuanto a las explotaciones porcinas situadas en las zonas I y II, los servicios veterinarios mantienen los <strong>controles e inspecciones de bioseguridad<\/strong> y la vigilancia pasiva reforzada establecida por la normativa comunitaria en <strong>45 explotaciones comerciales<\/strong>.<\/p>\n<p>Hasta el momento <strong>no se ha detectado ning\u00fan caso positivo en cerdo dom\u00e9stico<\/strong>.<\/p>\n<p>Las autoridades recuerdan que la <strong>peste porcina africana no es una zoonosis<\/strong>, por lo que <strong>no afecta a las personas ni se transmite por el consumo de productos derivados del cerdo<\/strong>. No obstante, insisten en la necesidad de extremar las medidas de bioseguridad en explotaciones porcinas, en el transporte de animales y en cualquier actividad relacionada con esta especie.<\/p>\n<p>Tambi\u00e9n se recuerda la obligaci\u00f3n de <strong>notificar inmediatamente cualquier sospecha<\/strong> a los Servicios Veterinarios Oficiales, tanto en jabal\u00edes silvestres como en explotaciones porcinas.<\/p>\n<p>Desde el COVB continuaremos informando de cualquier novedad relevante para el colectivo veterinario y de la evoluci\u00f3n de la situaci\u00f3n sanitaria.<\/p>\n<p><a href=\"https:\/\/www.covb.cat\/wp-content\/uploads\/2026\/03\/nota-actualizacion-situaci-n-ppa_12-03-2026.pdf\">Nota-actualizacion-situaci-n-ppa_12-03-2026<\/a><\/p>\n","protected":false},"excerpt":{"rendered":"<p>El Ministerio de Agricultura, Pesca y Alimentaci\u00f3n ha publicado una nueva actualizaci\u00f3n sobre la situaci\u00f3n de la peste porcina africana (PPA) en jabal\u00edes silvestres en Catalu\u00f1a. Desde la \u00faltima comunicaci\u00f3n del 5 de marzo de 2026, los Servicios Veterinarios Oficiales de la Generalitat han notificado 11 nuevos casos en jabal\u00edes encontrados muertos o restos localizados [&hellip;]<\/p>\n","protected":false},"author":2985,"featured_media":67966,"comment_status":"closed","ping_status":"closed","sticky":false,"template":"","format":"standard","meta":{"_monsterinsights_skip_tracking":false,"_monsterinsights_sitenote_active":false,"_monsterinsights_sitenote_note":"","_monsterinsights_sitenote_category":0,"_jetpack_memberships_contains_paid_content":false,"footnotes":""},"categories":[156,17],"tags":[],"class_list":["post-67969","post","type-post","status-publish","format-standard","has-post-thumbnail","hentry","category-alertas","category-general"],"yoast_head":"<!-- This site is optimized with the Yoast SEO plugin v27.0 - https:\/\/yoast.com\/product\/yoast-seo-wordpress\/ -->\n<title>Actualizaci\u00f3n de la peste porcina africana en Catalu\u00f1a: 38 focos detectados en jabal\u00edes - COVB - Col\u00b7legi Oficial de Veterinaris de Barcelona<\/title>\n<meta name=\"description\" content=\"El Ministerio de Agricultura, Pesca y Alimentaci\u00f3n ha publicado una nueva actualizaci\u00f3n sobre la situaci\u00f3n de la peste porcina africana (PPA) en jabal\u00edes\" \/>\n<meta name=\"robots\" content=\"index, follow, max-snippet:-1, max-image-preview:large, max-video-preview:-1\" \/>\n<link rel=\"canonical\" href=\"https:\/\/www.covb.cat\/es\/actualitat\/noticies\/general\/actualizacion-de-la-peste-porcina-africana-en-cataluna-38-focos-detectados-en-jabalies\/\" \/>\n<meta property=\"og:locale\" content=\"es_ES\" \/>\n<meta property=\"og:type\" content=\"article\" \/>\n<meta property=\"og:title\" content=\"Actualizaci\u00f3n de la peste porcina africana en Catalu\u00f1a: 38 focos detectados en jabal\u00edes - COVB - Col\u00b7legi Oficial de Veterinaris de Barcelona\" \/>\n<meta property=\"og:description\" content=\"El Ministerio de Agricultura, Pesca y Alimentaci\u00f3n ha publicado una nueva actualizaci\u00f3n sobre la situaci\u00f3n de la peste porcina africana (PPA) en jabal\u00edes\" \/>\n<meta property=\"og:url\" content=\"https:\/\/www.covb.cat\/es\/actualitat\/noticies\/general\/actualizacion-de-la-peste-porcina-africana-en-cataluna-38-focos-detectados-en-jabalies\/\" \/>\n<meta property=\"og:site_name\" content=\"COVB\" \/>\n<meta property=\"article:publisher\" content=\"https:\/\/www.facebook.com\/COVBcat\/\" \/>\n<meta property=\"article:published_time\" content=\"2026-03-12T15:52:53+00:00\" \/>\n<meta property=\"article:modified_time\" content=\"2026-03-12T15:53:48+00:00\" \/>\n<meta property=\"og:image\" content=\"https:\/\/www.covb.cat\/wp-content\/uploads\/2026\/03\/Pesta-Porcina-WEB-1.jpg\" \/>\n\t<meta property=\"og:image:width\" content=\"1200\" \/>\n\t<meta property=\"og:image:height\" content=\"800\" \/>\n\t<meta property=\"og:image:type\" content=\"image\/jpeg\" \/>\n<meta name=\"author\" content=\"Ferran Alcaraz\" \/>\n<meta name=\"twitter:card\" content=\"summary_large_image\" \/>\n<meta name=\"twitter:creator\" content=\"@COVBcat\" \/>\n<meta name=\"twitter:site\" content=\"@COVBcat\" \/>\n<meta name=\"twitter:label1\" content=\"Escrito por\" \/>\n\t<meta name=\"twitter:data1\" content=\"Ferran Alcaraz\" \/>\n\t<meta name=\"twitter:label2\" content=\"Tiempo de lectura\" \/>\n\t<meta name=\"twitter:data2\" content=\"3 minutos\" \/>\n<script type=\"application\/ld+json\" class=\"yoast-schema-graph\">{\"@context\":\"https:\/\/schema.org\",\"@graph\":[{\"@type\":\"Article\",\"@id\":\"https:\/\/www.covb.cat\/es\/actualitat\/noticies\/general\/actualizacion-de-la-peste-porcina-africana-en-cataluna-38-focos-detectados-en-jabalies\/#article\",\"isPartOf\":{\"@id\":\"https:\/\/www.covb.cat\/es\/actualitat\/noticies\/general\/actualizacion-de-la-peste-porcina-africana-en-cataluna-38-focos-detectados-en-jabalies\/\"},\"author\":{\"name\":\"Ferran Alcaraz\",\"@id\":\"https:\/\/www.covb.cat\/es\/#\/schema\/person\/ddc9093bc091186c194bba72ca3be5e2\"},\"headline\":\"Actualizaci\u00f3n de la peste porcina africana en Catalu\u00f1a: 38 focos detectados en jabal\u00edes\",\"datePublished\":\"2026-03-12T15:52:53+00:00\",\"dateModified\":\"2026-03-12T15:53:48+00:00\",\"mainEntityOfPage\":{\"@id\":\"https:\/\/www.covb.cat\/es\/actualitat\/noticies\/general\/actualizacion-de-la-peste-porcina-africana-en-cataluna-38-focos-detectados-en-jabalies\/\"},\"wordCount\":473,\"publisher\":{\"@id\":\"https:\/\/www.covb.cat\/es\/#organization\"},\"image\":{\"@id\":\"https:\/\/www.covb.cat\/es\/actualitat\/noticies\/general\/actualizacion-de-la-peste-porcina-africana-en-cataluna-38-focos-detectados-en-jabalies\/#primaryimage\"},\"thumbnailUrl\":\"https:\/\/www.covb.cat\/wp-content\/uploads\/2026\/03\/Pesta-Porcina-WEB-1.jpg\",\"articleSection\":[\"Alertas\",\"General\"],\"inLanguage\":\"es\"},{\"@type\":\"WebPage\",\"@id\":\"https:\/\/www.covb.cat\/es\/actualitat\/noticies\/general\/actualizacion-de-la-peste-porcina-africana-en-cataluna-38-focos-detectados-en-jabalies\/\",\"url\":\"https:\/\/www.covb.cat\/es\/actualitat\/noticies\/general\/actualizacion-de-la-peste-porcina-africana-en-cataluna-38-focos-detectados-en-jabalies\/\",\"name\":\"Actualizaci\u00f3n de la peste porcina africana en Catalu\u00f1a: 38 focos detectados en jabal\u00edes - COVB - Col\u00b7legi Oficial de Veterinaris de Barcelona\",\"isPartOf\":{\"@id\":\"https:\/\/www.covb.cat\/es\/#website\"},\"primaryImageOfPage\":{\"@id\":\"https:\/\/www.covb.cat\/es\/actualitat\/noticies\/general\/actualizacion-de-la-peste-porcina-africana-en-cataluna-38-focos-detectados-en-jabalies\/#primaryimage\"},\"image\":{\"@id\":\"https:\/\/www.covb.cat\/es\/actualitat\/noticies\/general\/actualizacion-de-la-peste-porcina-africana-en-cataluna-38-focos-detectados-en-jabalies\/#primaryimage\"},\"thumbnailUrl\":\"https:\/\/www.covb.cat\/wp-content\/uploads\/2026\/03\/Pesta-Porcina-WEB-1.jpg\",\"datePublished\":\"2026-03-12T15:52:53+00:00\",\"dateModified\":\"2026-03-12T15:53:48+00:00\",\"description\":\"El Ministerio de Agricultura, Pesca y Alimentaci\u00f3n ha publicado una nueva actualizaci\u00f3n sobre la situaci\u00f3n de la peste porcina africana (PPA) en jabal\u00edes\",\"breadcrumb\":{\"@id\":\"https:\/\/www.covb.cat\/es\/actualitat\/noticies\/general\/actualizacion-de-la-peste-porcina-africana-en-cataluna-38-focos-detectados-en-jabalies\/#breadcrumb\"},\"inLanguage\":\"es\",\"potentialAction\":[{\"@type\":\"ReadAction\",\"target\":[\"https:\/\/www.covb.cat\/es\/actualitat\/noticies\/general\/actualizacion-de-la-peste-porcina-africana-en-cataluna-38-focos-detectados-en-jabalies\/\"]}]},{\"@type\":\"ImageObject\",\"inLanguage\":\"es\",\"@id\":\"https:\/\/www.covb.cat\/es\/actualitat\/noticies\/general\/actualizacion-de-la-peste-porcina-africana-en-cataluna-38-focos-detectados-en-jabalies\/#primaryimage\",\"url\":\"https:\/\/www.covb.cat\/wp-content\/uploads\/2026\/03\/Pesta-Porcina-WEB-1.jpg\",\"contentUrl\":\"https:\/\/www.covb.cat\/wp-content\/uploads\/2026\/03\/Pesta-Porcina-WEB-1.jpg\",\"width\":1200,\"height\":800},{\"@type\":\"BreadcrumbList\",\"@id\":\"https:\/\/www.covb.cat\/es\/actualitat\/noticies\/general\/actualizacion-de-la-peste-porcina-africana-en-cataluna-38-focos-detectados-en-jabalies\/#breadcrumb\",\"itemListElement\":[{\"@type\":\"ListItem\",\"position\":1,\"name\":\"Inici\",\"item\":\"https:\/\/www.covb.cat\/es\/\"},{\"@type\":\"ListItem\",\"position\":2,\"name\":\"Actualizaci\u00f3n de la peste porcina africana en Catalu\u00f1a: 38 focos detectados en jabal\u00edes\"}]},{\"@type\":\"WebSite\",\"@id\":\"https:\/\/www.covb.cat\/es\/#website\",\"url\":\"https:\/\/www.covb.cat\/es\/\",\"name\":\"COVB\",\"description\":\"Col\u00b7legi Oficial de Veterinaris de Barcelona\",\"publisher\":{\"@id\":\"https:\/\/www.covb.cat\/es\/#organization\"},\"potentialAction\":[{\"@type\":\"SearchAction\",\"target\":{\"@type\":\"EntryPoint\",\"urlTemplate\":\"https:\/\/www.covb.cat\/es\/?s={search_term_string}\"},\"query-input\":{\"@type\":\"PropertyValueSpecification\",\"valueRequired\":true,\"valueName\":\"search_term_string\"}}],\"inLanguage\":\"es\"},{\"@type\":\"Organization\",\"@id\":\"https:\/\/www.covb.cat\/es\/#organization\",\"name\":\"COVB\",\"url\":\"https:\/\/www.covb.cat\/es\/\",\"logo\":{\"@type\":\"ImageObject\",\"inLanguage\":\"es\",\"@id\":\"https:\/\/www.covb.cat\/es\/#\/schema\/logo\/image\/\",\"url\":\"https:\/\/www.covb.cat\/wp-content\/uploads\/2018\/07\/favicon-covb.png\",\"contentUrl\":\"https:\/\/www.covb.cat\/wp-content\/uploads\/2018\/07\/favicon-covb.png\",\"width\":512,\"height\":512,\"caption\":\"COVB\"},\"image\":{\"@id\":\"https:\/\/www.covb.cat\/es\/#\/schema\/logo\/image\/\"},\"sameAs\":[\"https:\/\/www.facebook.com\/COVBcat\/\",\"https:\/\/x.com\/COVBcat\",\"https:\/\/www.youtube.com\/user\/covbcn\"]},{\"@type\":\"Person\",\"@id\":\"https:\/\/www.covb.cat\/es\/#\/schema\/person\/ddc9093bc091186c194bba72ca3be5e2\",\"name\":\"Ferran Alcaraz\",\"image\":{\"@type\":\"ImageObject\",\"inLanguage\":\"es\",\"@id\":\"https:\/\/www.covb.cat\/es\/#\/schema\/person\/image\/\",\"url\":\"https:\/\/secure.gravatar.com\/avatar\/7a7bb9e48d880990c016f59db5a666fe7ad49e90723bdbdc0acfb756246ea192?s=96&d=mm&r=g\",\"contentUrl\":\"https:\/\/secure.gravatar.com\/avatar\/7a7bb9e48d880990c016f59db5a666fe7ad49e90723bdbdc0acfb756246ea192?s=96&d=mm&r=g\",\"caption\":\"Ferran Alcaraz\"}}]}<\/script>\n<!-- \/ Yoast SEO plugin. -->","yoast_head_json":{"title":"Actualizaci\u00f3n de la peste porcina africana en Catalu\u00f1a: 38 focos detectados en jabal\u00edes - COVB - Col\u00b7legi Oficial de Veterinaris de Barcelona","description":"El Ministerio de Agricultura, Pesca y Alimentaci\u00f3n ha publicado una nueva actualizaci\u00f3n sobre la situaci\u00f3n de la peste porcina africana (PPA) en jabal\u00edes","robots":{"index":"index","follow":"follow","max-snippet":"max-snippet:-1","max-image-preview":"max-image-preview:large","max-video-preview":"max-video-preview:-1"},"canonical":"https:\/\/www.covb.cat\/es\/actualitat\/noticies\/general\/actualizacion-de-la-peste-porcina-africana-en-cataluna-38-focos-detectados-en-jabalies\/","og_locale":"es_ES","og_type":"article","og_title":"Actualizaci\u00f3n de la peste porcina africana en Catalu\u00f1a: 38 focos detectados en jabal\u00edes - COVB - Col\u00b7legi Oficial de Veterinaris de Barcelona","og_description":"El Ministerio de Agricultura, Pesca y Alimentaci\u00f3n ha publicado una nueva actualizaci\u00f3n sobre la situaci\u00f3n de la peste porcina africana (PPA) en jabal\u00edes","og_url":"https:\/\/www.covb.cat\/es\/actualitat\/noticies\/general\/actualizacion-de-la-peste-porcina-africana-en-cataluna-38-focos-detectados-en-jabalies\/","og_site_name":"COVB","article_publisher":"https:\/\/www.facebook.com\/COVBcat\/","article_published_time":"2026-03-12T15:52:53+00:00","article_modified_time":"2026-03-12T15:53:48+00:00","og_image":[{"width":1200,"height":800,"url":"https:\/\/www.covb.cat\/wp-content\/uploads\/2026\/03\/Pesta-Porcina-WEB-1.jpg","type":"image\/jpeg"}],"author":"Ferran Alcaraz","twitter_card":"summary_large_image","twitter_creator":"@COVBcat","twitter_site":"@COVBcat","twitter_misc":{"Escrito por":"Ferran Alcaraz","Tiempo de lectura":"3 minutos"},"schema":{"@context":"https:\/\/schema.org","@graph":[{"@type":"Article","@id":"https:\/\/www.covb.cat\/es\/actualitat\/noticies\/general\/actualizacion-de-la-peste-porcina-africana-en-cataluna-38-focos-detectados-en-jabalies\/#article","isPartOf":{"@id":"https:\/\/www.covb.cat\/es\/actualitat\/noticies\/general\/actualizacion-de-la-peste-porcina-africana-en-cataluna-38-focos-detectados-en-jabalies\/"},"author":{"name":"Ferran Alcaraz","@id":"https:\/\/www.covb.cat\/es\/#\/schema\/person\/ddc9093bc091186c194bba72ca3be5e2"},"headline":"Actualizaci\u00f3n de la peste porcina africana en Catalu\u00f1a: 38 focos detectados en jabal\u00edes","datePublished":"2026-03-12T15:52:53+00:00","dateModified":"2026-03-12T15:53:48+00:00","mainEntityOfPage":{"@id":"https:\/\/www.covb.cat\/es\/actualitat\/noticies\/general\/actualizacion-de-la-peste-porcina-africana-en-cataluna-38-focos-detectados-en-jabalies\/"},"wordCount":473,"publisher":{"@id":"https:\/\/www.covb.cat\/es\/#organization"},"image":{"@id":"https:\/\/www.covb.cat\/es\/actualitat\/noticies\/general\/actualizacion-de-la-peste-porcina-africana-en-cataluna-38-focos-detectados-en-jabalies\/#primaryimage"},"thumbnailUrl":"https:\/\/www.covb.cat\/wp-content\/uploads\/2026\/03\/Pesta-Porcina-WEB-1.jpg","articleSection":["Alertas","General"],"inLanguage":"es"},{"@type":"WebPage","@id":"https:\/\/www.covb.cat\/es\/actualitat\/noticies\/general\/actualizacion-de-la-peste-porcina-africana-en-cataluna-38-focos-detectados-en-jabalies\/","url":"https:\/\/www.covb.cat\/es\/actualitat\/noticies\/general\/actualizacion-de-la-peste-porcina-africana-en-cataluna-38-focos-detectados-en-jabalies\/","name":"Actualizaci\u00f3n de la peste porcina africana en Catalu\u00f1a: 38 focos detectados en jabal\u00edes - COVB - Col\u00b7legi Oficial de Veterinaris de Barcelona","isPartOf":{"@id":"https:\/\/www.covb.cat\/es\/#website"},"primaryImageOfPage":{"@id":"https:\/\/www.covb.cat\/es\/actualitat\/noticies\/general\/actualizacion-de-la-peste-porcina-africana-en-cataluna-38-focos-detectados-en-jabalies\/#primaryimage"},"image":{"@id":"https:\/\/www.covb.cat\/es\/actualitat\/noticies\/general\/actualizacion-de-la-peste-porcina-africana-en-cataluna-38-focos-detectados-en-jabalies\/#primaryimage"},"thumbnailUrl":"https:\/\/www.covb.cat\/wp-content\/uploads\/2026\/03\/Pesta-Porcina-WEB-1.jpg","datePublished":"2026-03-12T15:52:53+00:00","dateModified":"2026-03-12T15:53:48+00:00","description":"El Ministerio de Agricultura, Pesca y Alimentaci\u00f3n ha publicado una nueva actualizaci\u00f3n sobre la situaci\u00f3n de la peste porcina africana (PPA) en jabal\u00edes","breadcrumb":{"@id":"https:\/\/www.covb.cat\/es\/actualitat\/noticies\/general\/actualizacion-de-la-peste-porcina-africana-en-cataluna-38-focos-detectados-en-jabalies\/#breadcrumb"},"inLanguage":"es","potentialAction":[{"@type":"ReadAction","target":["https:\/\/www.covb.cat\/es\/actualitat\/noticies\/general\/actualizacion-de-la-peste-porcina-africana-en-cataluna-38-focos-detectados-en-jabalies\/"]}]},{"@type":"ImageObject","inLanguage":"es","@id":"https:\/\/www.covb.cat\/es\/actualitat\/noticies\/general\/actualizacion-de-la-peste-porcina-africana-en-cataluna-38-focos-detectados-en-jabalies\/#primaryimage","url":"https:\/\/www.covb.cat\/wp-content\/uploads\/2026\/03\/Pesta-Porcina-WEB-1.jpg","contentUrl":"https:\/\/www.covb.cat\/wp-content\/uploads\/2026\/03\/Pesta-Porcina-WEB-1.jpg","width":1200,"height":800},{"@type":"BreadcrumbList","@id":"https:\/\/www.covb.cat\/es\/actualitat\/noticies\/general\/actualizacion-de-la-peste-porcina-africana-en-cataluna-38-focos-detectados-en-jabalies\/#breadcrumb","itemListElement":[{"@type":"ListItem","position":1,"name":"Inici","item":"https:\/\/www.covb.cat\/es\/"},{"@type":"ListItem","position":2,"name":"Actualizaci\u00f3n de la peste porcina africana en Catalu\u00f1a: 38 focos detectados en jabal\u00edes"}]},{"@type":"WebSite","@id":"https:\/\/www.covb.cat\/es\/#website","url":"https:\/\/www.covb.cat\/es\/","name":"COVB","description":"Col\u00b7legi Oficial de Veterinaris de Barcelona","publisher":{"@id":"https:\/\/www.covb.cat\/es\/#organization"},"potentialAction":[{"@type":"SearchAction","target":{"@type":"EntryPoint","urlTemplate":"https:\/\/www.covb.cat\/es\/?s={search_term_string}"},"query-input":{"@type":"PropertyValueSpecification","valueRequired":true,"valueName":"search_term_string"}}],"inLanguage":"es"},{"@type":"Organization","@id":"https:\/\/www.covb.cat\/es\/#organization","name":"COVB","url":"https:\/\/www.covb.cat\/es\/","logo":{"@type":"ImageObject","inLanguage":"es","@id":"https:\/\/www.covb.cat\/es\/#\/schema\/logo\/image\/","url":"https:\/\/www.covb.cat\/wp-content\/uploads\/2018\/07\/favicon-covb.png","contentUrl":"https:\/\/www.covb.cat\/wp-content\/uploads\/2018\/07\/favicon-covb.png","width":512,"height":512,"caption":"COVB"},"image":{"@id":"https:\/\/www.covb.cat\/es\/#\/schema\/logo\/image\/"},"sameAs":["https:\/\/www.facebook.com\/COVBcat\/","https:\/\/x.com\/COVBcat","https:\/\/www.youtube.com\/user\/covbcn"]},{"@type":"Person","@id":"https:\/\/www.covb.cat\/es\/#\/schema\/person\/ddc9093bc091186c194bba72ca3be5e2","name":"Ferran Alcaraz","image":{"@type":"ImageObject","inLanguage":"es","@id":"https:\/\/www.covb.cat\/es\/#\/schema\/person\/image\/","url":"https:\/\/secure.gravatar.com\/avatar\/7a7bb9e48d880990c016f59db5a666fe7ad49e90723bdbdc0acfb756246ea192?s=96&d=mm&r=g","contentUrl":"https:\/\/secure.gravatar.com\/avatar\/7a7bb9e48d880990c016f59db5a666fe7ad49e90723bdbdc0acfb756246ea192?s=96&d=mm&r=g","caption":"Ferran Alcaraz"}}]}},"jetpack_featured_media_url":"https:\/\/www.covb.cat\/wp-content\/uploads\/2026\/03\/Pesta-Porcina-WEB-1.jpg","jetpack_sharing_enabled":true,"_links":{"self":[{"href":"https:\/\/www.covb.cat\/es\/wp-json\/wp\/v2\/posts\/67969","targetHints":{"allow":["GET"]}}],"collection":[{"href":"https:\/\/www.covb.cat\/es\/wp-json\/wp\/v2\/posts"}],"about":[{"href":"https:\/\/www.covb.cat\/es\/wp-json\/wp\/v2\/types\/post"}],"author":[{"embeddable":true,"href":"https:\/\/www.covb.cat\/es\/wp-json\/wp\/v2\/users\/2985"}],"replies":[{"embeddable":true,"href":"https:\/\/www.covb.cat\/es\/wp-json\/wp\/v2\/comments?post=67969"}],"version-history":[{"count":1,"href":"https:\/\/www.covb.cat\/es\/wp-json\/wp\/v2\/posts\/67969\/revisions"}],"predecessor-version":[{"id":67970,"href":"https:\/\/www.covb.cat\/es\/wp-json\/wp\/v2\/posts\/67969\/revisions\/67970"}],"wp:featuredmedia":[{"embeddable":true,"href":"https:\/\/www.covb.cat\/es\/wp-json\/wp\/v2\/media\/67966"}],"wp:attachment":[{"href":"https:\/\/www.covb.cat\/es\/wp-json\/wp\/v2\/media?parent=67969"}],"wp:term":[{"taxonomy":"category","embeddable":true,"href":"https:\/\/www.covb.cat\/es\/wp-json\/wp\/v2\/categories?post=67969"},{"taxonomy":"post_tag","embeddable":true,"href":"https:\/\/www.covb.cat\/es\/wp-json\/wp\/v2\/tags?post=67969"}],"curies":[{"name":"wp","href":"https:\/\/api.w.org\/{rel}","templated":true}]}}