{"id":67929,"date":"2026-03-12T08:51:11","date_gmt":"2026-03-12T07:51:11","guid":{"rendered":"https:\/\/www.covb.cat\/?p=67929"},"modified":"2026-03-12T08:51:11","modified_gmt":"2026-03-12T07:51:11","slug":"el-ccvc-refuerza-ante-el-darpa-el-papel-del-veterinario-de-campo-en-la-sanidad-animal","status":"publish","type":"post","link":"https:\/\/www.covb.cat\/es\/actualitat\/noticies\/general\/el-ccvc-refuerza-ante-el-darpa-el-papel-del-veterinario-de-campo-en-la-sanidad-animal\/","title":{"rendered":"El CCVC refuerza ante el DARPA el papel del veterinario de campo en la sanidad animal"},"content":{"rendered":"<p>Una representaci\u00f3n del Consell de Col\u00b7legis Veterinaris de Catalunya (CCVC) se reuni\u00f3 el pasado 9 de marzo con la directora general de Agricultura y Ganader\u00eda, <em>Rosa Altisent<\/em>, y la secretaria de Alimentaci\u00f3n, <em>Rosa Maria Cubel<\/em>, para analizar la situaci\u00f3n sanitaria actual y reforzar la coordinaci\u00f3n institucional ante los principales retos del sector.<\/p>\n<p>Durante el encuentro, el Consell traslad\u00f3 el posicionamiento del colectivo veterinario en relaci\u00f3n con el contexto sanitario actual y puso a disposici\u00f3n de la Administraci\u00f3n la <strong>capacidad t\u00e9cnica de los veterinarios de campo para contribuir a la vigilancia, prevenci\u00f3n y gesti\u00f3n de enfermedades emergentes<\/strong>.<\/p>\n<p>En este marco, el CCVC present\u00f3 el seguimiento que se est\u00e1 realizando de diferentes <strong>enfermedades de alto impacto sanitario y econ\u00f3mico<\/strong>, como la peste porcina africana (PPA), la dermatosis nodular contagiosa (DNC) y la influenza aviar. Tambi\u00e9n se inform\u00f3 del trabajo desarrollado por los grupos de trabajo del Consell, formados por veterinarios especializados en estas patolog\u00edas, que se ponen a disposici\u00f3n del Departamento para ofrecer asesoramiento t\u00e9cnico y participar en espacios de coordinaci\u00f3n con la administraci\u00f3n.<\/p>\n<p>El Consell subray\u00f3 que <strong>la figura del veterinario es un elemento clave dentro del sistema de vigilancia sanitaria<\/strong>. Su presencia en los espacios de toma de decisiones permite garantizar que las medidas adoptadas sean t\u00e9cnicamente adecuadas y aplicables sobre el terreno.<\/p>\n<p>Por su parte, las representantes del Departamento destacaron la labor realizada por los veterinarios de rumiantes en el despliegue de la vacunaci\u00f3n contra la dermatosis nodular contagiosa, as\u00ed como la importancia de mantener una colaboraci\u00f3n estrecha entre la administraci\u00f3n y los profesionales del sector.<\/p>\n<p>En representaci\u00f3n del Consell asistieron la presidenta, <em>Ver\u00f3nica Araunabe\u00f1a<\/em>; el vicepresidente del CCVC y presidente del COVB, <em>Joan Mesi\u00e0<\/em>; el vocal por Girona, <em>Ramon Ced\u00f3<\/em>; el vocal por Lleida, <em>Miquel Molins<\/em>, y la directora del Departamento de Gesti\u00f3n T\u00e9cnica, <em>Anna Vil\u00e0<\/em>.<\/p>\n<p>Desde el COVB seguiremos trabajando para reforzar la coordinaci\u00f3n institucional y <strong>poner en valor el papel de los profesionales veterinarios<\/strong> en la protecci\u00f3n de la sanidad animal, la seguridad alimentaria y la salud p\u00fablica.<\/p>\n","protected":false},"excerpt":{"rendered":"<p>Una representaci\u00f3n del Consell de Col\u00b7legis Veterinaris de Catalunya (CCVC) se reuni\u00f3 el pasado 9 de marzo con la directora general de Agricultura y Ganader\u00eda, Rosa Altisent, y la secretaria de Alimentaci\u00f3n, Rosa Maria Cubel, para analizar la situaci\u00f3n sanitaria actual y reforzar la coordinaci\u00f3n institucional ante los principales retos del sector. Durante el encuentro, [&hellip;]<\/p>\n","protected":false},"author":2985,"featured_media":67927,"comment_status":"closed","ping_status":"closed","sticky":false,"template":"","format":"standard","meta":{"_monsterinsights_skip_tracking":false,"_monsterinsights_sitenote_active":false,"_monsterinsights_sitenote_note":"","_monsterinsights_sitenote_category":0,"_jetpack_memberships_contains_paid_content":false,"footnotes":""},"categories":[17,164],"tags":[],"class_list":["post-67929","post","type-post","status-publish","format-standard","has-post-thumbnail","hentry","category-general","category-profesional"],"yoast_head":"<!-- This site is optimized with the Yoast SEO plugin v27.0 - https:\/\/yoast.com\/product\/yoast-seo-wordpress\/ -->\n<title>El CCVC refuerza ante el DARPA el papel del veterinario de campo en la sanidad animal - COVB - Col\u00b7legi Oficial de Veterinaris de Barcelona<\/title>\n<meta name=\"description\" content=\"Una representaci\u00f3n del Consell de Col\u00b7legis Veterinaris de Catalunya (CCVC) se reuni\u00f3 el pasado 9 de marzo con la directora general de Agricultura y\" \/>\n<meta name=\"robots\" content=\"index, follow, max-snippet:-1, max-image-preview:large, max-video-preview:-1\" \/>\n<link rel=\"canonical\" href=\"https:\/\/www.covb.cat\/es\/actualitat\/noticies\/general\/el-ccvc-refuerza-ante-el-darpa-el-papel-del-veterinario-de-campo-en-la-sanidad-animal\/\" \/>\n<meta property=\"og:locale\" content=\"es_ES\" \/>\n<meta property=\"og:type\" content=\"article\" \/>\n<meta property=\"og:title\" content=\"El CCVC refuerza ante el DARPA el papel del veterinario de campo en la sanidad animal - COVB - Col\u00b7legi Oficial de Veterinaris de Barcelona\" \/>\n<meta property=\"og:description\" content=\"Una representaci\u00f3n del Consell de Col\u00b7legis Veterinaris de Catalunya (CCVC) se reuni\u00f3 el pasado 9 de marzo con la directora general de Agricultura y\" \/>\n<meta property=\"og:url\" content=\"https:\/\/www.covb.cat\/es\/actualitat\/noticies\/general\/el-ccvc-refuerza-ante-el-darpa-el-papel-del-veterinario-de-campo-en-la-sanidad-animal\/\" \/>\n<meta property=\"og:site_name\" content=\"COVB\" \/>\n<meta property=\"article:publisher\" content=\"https:\/\/www.facebook.com\/COVBcat\/\" \/>\n<meta property=\"article:published_time\" content=\"2026-03-12T07:51:11+00:00\" \/>\n<meta property=\"og:image\" content=\"https:\/\/www.covb.cat\/wp-content\/uploads\/2026\/03\/Reunio-DARPA-WEB.jpg\" \/>\n\t<meta property=\"og:image:width\" content=\"1200\" \/>\n\t<meta property=\"og:image:height\" content=\"800\" \/>\n\t<meta property=\"og:image:type\" content=\"image\/jpeg\" \/>\n<meta name=\"author\" content=\"Ferran Alcaraz\" \/>\n<meta name=\"twitter:card\" content=\"summary_large_image\" \/>\n<meta name=\"twitter:creator\" content=\"@COVBcat\" \/>\n<meta name=\"twitter:site\" content=\"@COVBcat\" \/>\n<meta name=\"twitter:label1\" content=\"Escrito por\" \/>\n\t<meta name=\"twitter:data1\" content=\"Ferran Alcaraz\" \/>\n\t<meta name=\"twitter:label2\" content=\"Tiempo de lectura\" \/>\n\t<meta name=\"twitter:data2\" content=\"2 minutos\" \/>\n<script type=\"application\/ld+json\" class=\"yoast-schema-graph\">{\"@context\":\"https:\/\/schema.org\",\"@graph\":[{\"@type\":\"Article\",\"@id\":\"https:\/\/www.covb.cat\/es\/actualitat\/noticies\/general\/el-ccvc-refuerza-ante-el-darpa-el-papel-del-veterinario-de-campo-en-la-sanidad-animal\/#article\",\"isPartOf\":{\"@id\":\"https:\/\/www.covb.cat\/es\/actualitat\/noticies\/general\/el-ccvc-refuerza-ante-el-darpa-el-papel-del-veterinario-de-campo-en-la-sanidad-animal\/\"},\"author\":{\"name\":\"Ferran Alcaraz\",\"@id\":\"https:\/\/www.covb.cat\/es\/#\/schema\/person\/ddc9093bc091186c194bba72ca3be5e2\"},\"headline\":\"El CCVC refuerza ante el DARPA el papel del veterinario de campo en la sanidad animal\",\"datePublished\":\"2026-03-12T07:51:11+00:00\",\"mainEntityOfPage\":{\"@id\":\"https:\/\/www.covb.cat\/es\/actualitat\/noticies\/general\/el-ccvc-refuerza-ante-el-darpa-el-papel-del-veterinario-de-campo-en-la-sanidad-animal\/\"},\"wordCount\":378,\"publisher\":{\"@id\":\"https:\/\/www.covb.cat\/es\/#organization\"},\"image\":{\"@id\":\"https:\/\/www.covb.cat\/es\/actualitat\/noticies\/general\/el-ccvc-refuerza-ante-el-darpa-el-papel-del-veterinario-de-campo-en-la-sanidad-animal\/#primaryimage\"},\"thumbnailUrl\":\"https:\/\/www.covb.cat\/wp-content\/uploads\/2026\/03\/Reunio-DARPA-WEB.jpg\",\"articleSection\":[\"General\",\"Profesi\u00f3n\"],\"inLanguage\":\"es\"},{\"@type\":\"WebPage\",\"@id\":\"https:\/\/www.covb.cat\/es\/actualitat\/noticies\/general\/el-ccvc-refuerza-ante-el-darpa-el-papel-del-veterinario-de-campo-en-la-sanidad-animal\/\",\"url\":\"https:\/\/www.covb.cat\/es\/actualitat\/noticies\/general\/el-ccvc-refuerza-ante-el-darpa-el-papel-del-veterinario-de-campo-en-la-sanidad-animal\/\",\"name\":\"El CCVC refuerza ante el DARPA el papel del veterinario de campo en la sanidad animal - COVB - Col\u00b7legi Oficial de Veterinaris de Barcelona\",\"isPartOf\":{\"@id\":\"https:\/\/www.covb.cat\/es\/#website\"},\"primaryImageOfPage\":{\"@id\":\"https:\/\/www.covb.cat\/es\/actualitat\/noticies\/general\/el-ccvc-refuerza-ante-el-darpa-el-papel-del-veterinario-de-campo-en-la-sanidad-animal\/#primaryimage\"},\"image\":{\"@id\":\"https:\/\/www.covb.cat\/es\/actualitat\/noticies\/general\/el-ccvc-refuerza-ante-el-darpa-el-papel-del-veterinario-de-campo-en-la-sanidad-animal\/#primaryimage\"},\"thumbnailUrl\":\"https:\/\/www.covb.cat\/wp-content\/uploads\/2026\/03\/Reunio-DARPA-WEB.jpg\",\"datePublished\":\"2026-03-12T07:51:11+00:00\",\"description\":\"Una representaci\u00f3n del Consell de Col\u00b7legis Veterinaris de Catalunya (CCVC) se reuni\u00f3 el pasado 9 de marzo con la directora general de Agricultura y\",\"breadcrumb\":{\"@id\":\"https:\/\/www.covb.cat\/es\/actualitat\/noticies\/general\/el-ccvc-refuerza-ante-el-darpa-el-papel-del-veterinario-de-campo-en-la-sanidad-animal\/#breadcrumb\"},\"inLanguage\":\"es\",\"potentialAction\":[{\"@type\":\"ReadAction\",\"target\":[\"https:\/\/www.covb.cat\/es\/actualitat\/noticies\/general\/el-ccvc-refuerza-ante-el-darpa-el-papel-del-veterinario-de-campo-en-la-sanidad-animal\/\"]}]},{\"@type\":\"ImageObject\",\"inLanguage\":\"es\",\"@id\":\"https:\/\/www.covb.cat\/es\/actualitat\/noticies\/general\/el-ccvc-refuerza-ante-el-darpa-el-papel-del-veterinario-de-campo-en-la-sanidad-animal\/#primaryimage\",\"url\":\"https:\/\/www.covb.cat\/wp-content\/uploads\/2026\/03\/Reunio-DARPA-WEB.jpg\",\"contentUrl\":\"https:\/\/www.covb.cat\/wp-content\/uploads\/2026\/03\/Reunio-DARPA-WEB.jpg\",\"width\":1200,\"height\":800},{\"@type\":\"BreadcrumbList\",\"@id\":\"https:\/\/www.covb.cat\/es\/actualitat\/noticies\/general\/el-ccvc-refuerza-ante-el-darpa-el-papel-del-veterinario-de-campo-en-la-sanidad-animal\/#breadcrumb\",\"itemListElement\":[{\"@type\":\"ListItem\",\"position\":1,\"name\":\"Inici\",\"item\":\"https:\/\/www.covb.cat\/es\/\"},{\"@type\":\"ListItem\",\"position\":2,\"name\":\"El CCVC refuerza ante el DARPA el papel del veterinario de campo en la sanidad animal\"}]},{\"@type\":\"WebSite\",\"@id\":\"https:\/\/www.covb.cat\/es\/#website\",\"url\":\"https:\/\/www.covb.cat\/es\/\",\"name\":\"COVB\",\"description\":\"Col\u00b7legi Oficial de Veterinaris de Barcelona\",\"publisher\":{\"@id\":\"https:\/\/www.covb.cat\/es\/#organization\"},\"potentialAction\":[{\"@type\":\"SearchAction\",\"target\":{\"@type\":\"EntryPoint\",\"urlTemplate\":\"https:\/\/www.covb.cat\/es\/?s={search_term_string}\"},\"query-input\":{\"@type\":\"PropertyValueSpecification\",\"valueRequired\":true,\"valueName\":\"search_term_string\"}}],\"inLanguage\":\"es\"},{\"@type\":\"Organization\",\"@id\":\"https:\/\/www.covb.cat\/es\/#organization\",\"name\":\"COVB\",\"url\":\"https:\/\/www.covb.cat\/es\/\",\"logo\":{\"@type\":\"ImageObject\",\"inLanguage\":\"es\",\"@id\":\"https:\/\/www.covb.cat\/es\/#\/schema\/logo\/image\/\",\"url\":\"https:\/\/www.covb.cat\/wp-content\/uploads\/2018\/07\/favicon-covb.png\",\"contentUrl\":\"https:\/\/www.covb.cat\/wp-content\/uploads\/2018\/07\/favicon-covb.png\",\"width\":512,\"height\":512,\"caption\":\"COVB\"},\"image\":{\"@id\":\"https:\/\/www.covb.cat\/es\/#\/schema\/logo\/image\/\"},\"sameAs\":[\"https:\/\/www.facebook.com\/COVBcat\/\",\"https:\/\/x.com\/COVBcat\",\"https:\/\/www.youtube.com\/user\/covbcn\"]},{\"@type\":\"Person\",\"@id\":\"https:\/\/www.covb.cat\/es\/#\/schema\/person\/ddc9093bc091186c194bba72ca3be5e2\",\"name\":\"Ferran Alcaraz\",\"image\":{\"@type\":\"ImageObject\",\"inLanguage\":\"es\",\"@id\":\"https:\/\/www.covb.cat\/es\/#\/schema\/person\/image\/\",\"url\":\"https:\/\/secure.gravatar.com\/avatar\/7a7bb9e48d880990c016f59db5a666fe7ad49e90723bdbdc0acfb756246ea192?s=96&d=mm&r=g\",\"contentUrl\":\"https:\/\/secure.gravatar.com\/avatar\/7a7bb9e48d880990c016f59db5a666fe7ad49e90723bdbdc0acfb756246ea192?s=96&d=mm&r=g\",\"caption\":\"Ferran Alcaraz\"}}]}<\/script>\n<!-- \/ Yoast SEO plugin. -->","yoast_head_json":{"title":"El CCVC refuerza ante el DARPA el papel del veterinario de campo en la sanidad animal - COVB - Col\u00b7legi Oficial de Veterinaris de Barcelona","description":"Una representaci\u00f3n del Consell de Col\u00b7legis Veterinaris de Catalunya (CCVC) se reuni\u00f3 el pasado 9 de marzo con la directora general de Agricultura y","robots":{"index":"index","follow":"follow","max-snippet":"max-snippet:-1","max-image-preview":"max-image-preview:large","max-video-preview":"max-video-preview:-1"},"canonical":"https:\/\/www.covb.cat\/es\/actualitat\/noticies\/general\/el-ccvc-refuerza-ante-el-darpa-el-papel-del-veterinario-de-campo-en-la-sanidad-animal\/","og_locale":"es_ES","og_type":"article","og_title":"El CCVC refuerza ante el DARPA el papel del veterinario de campo en la sanidad animal - COVB - Col\u00b7legi Oficial de Veterinaris de Barcelona","og_description":"Una representaci\u00f3n del Consell de Col\u00b7legis Veterinaris de Catalunya (CCVC) se reuni\u00f3 el pasado 9 de marzo con la directora general de Agricultura y","og_url":"https:\/\/www.covb.cat\/es\/actualitat\/noticies\/general\/el-ccvc-refuerza-ante-el-darpa-el-papel-del-veterinario-de-campo-en-la-sanidad-animal\/","og_site_name":"COVB","article_publisher":"https:\/\/www.facebook.com\/COVBcat\/","article_published_time":"2026-03-12T07:51:11+00:00","og_image":[{"width":1200,"height":800,"url":"https:\/\/www.covb.cat\/wp-content\/uploads\/2026\/03\/Reunio-DARPA-WEB.jpg","type":"image\/jpeg"}],"author":"Ferran Alcaraz","twitter_card":"summary_large_image","twitter_creator":"@COVBcat","twitter_site":"@COVBcat","twitter_misc":{"Escrito por":"Ferran Alcaraz","Tiempo de lectura":"2 minutos"},"schema":{"@context":"https:\/\/schema.org","@graph":[{"@type":"Article","@id":"https:\/\/www.covb.cat\/es\/actualitat\/noticies\/general\/el-ccvc-refuerza-ante-el-darpa-el-papel-del-veterinario-de-campo-en-la-sanidad-animal\/#article","isPartOf":{"@id":"https:\/\/www.covb.cat\/es\/actualitat\/noticies\/general\/el-ccvc-refuerza-ante-el-darpa-el-papel-del-veterinario-de-campo-en-la-sanidad-animal\/"},"author":{"name":"Ferran Alcaraz","@id":"https:\/\/www.covb.cat\/es\/#\/schema\/person\/ddc9093bc091186c194bba72ca3be5e2"},"headline":"El CCVC refuerza ante el DARPA el papel del veterinario de campo en la sanidad animal","datePublished":"2026-03-12T07:51:11+00:00","mainEntityOfPage":{"@id":"https:\/\/www.covb.cat\/es\/actualitat\/noticies\/general\/el-ccvc-refuerza-ante-el-darpa-el-papel-del-veterinario-de-campo-en-la-sanidad-animal\/"},"wordCount":378,"publisher":{"@id":"https:\/\/www.covb.cat\/es\/#organization"},"image":{"@id":"https:\/\/www.covb.cat\/es\/actualitat\/noticies\/general\/el-ccvc-refuerza-ante-el-darpa-el-papel-del-veterinario-de-campo-en-la-sanidad-animal\/#primaryimage"},"thumbnailUrl":"https:\/\/www.covb.cat\/wp-content\/uploads\/2026\/03\/Reunio-DARPA-WEB.jpg","articleSection":["General","Profesi\u00f3n"],"inLanguage":"es"},{"@type":"WebPage","@id":"https:\/\/www.covb.cat\/es\/actualitat\/noticies\/general\/el-ccvc-refuerza-ante-el-darpa-el-papel-del-veterinario-de-campo-en-la-sanidad-animal\/","url":"https:\/\/www.covb.cat\/es\/actualitat\/noticies\/general\/el-ccvc-refuerza-ante-el-darpa-el-papel-del-veterinario-de-campo-en-la-sanidad-animal\/","name":"El CCVC refuerza ante el DARPA el papel del veterinario de campo en la sanidad animal - COVB - Col\u00b7legi Oficial de Veterinaris de Barcelona","isPartOf":{"@id":"https:\/\/www.covb.cat\/es\/#website"},"primaryImageOfPage":{"@id":"https:\/\/www.covb.cat\/es\/actualitat\/noticies\/general\/el-ccvc-refuerza-ante-el-darpa-el-papel-del-veterinario-de-campo-en-la-sanidad-animal\/#primaryimage"},"image":{"@id":"https:\/\/www.covb.cat\/es\/actualitat\/noticies\/general\/el-ccvc-refuerza-ante-el-darpa-el-papel-del-veterinario-de-campo-en-la-sanidad-animal\/#primaryimage"},"thumbnailUrl":"https:\/\/www.covb.cat\/wp-content\/uploads\/2026\/03\/Reunio-DARPA-WEB.jpg","datePublished":"2026-03-12T07:51:11+00:00","description":"Una representaci\u00f3n del Consell de Col\u00b7legis Veterinaris de Catalunya (CCVC) se reuni\u00f3 el pasado 9 de marzo con la directora general de Agricultura y","breadcrumb":{"@id":"https:\/\/www.covb.cat\/es\/actualitat\/noticies\/general\/el-ccvc-refuerza-ante-el-darpa-el-papel-del-veterinario-de-campo-en-la-sanidad-animal\/#breadcrumb"},"inLanguage":"es","potentialAction":[{"@type":"ReadAction","target":["https:\/\/www.covb.cat\/es\/actualitat\/noticies\/general\/el-ccvc-refuerza-ante-el-darpa-el-papel-del-veterinario-de-campo-en-la-sanidad-animal\/"]}]},{"@type":"ImageObject","inLanguage":"es","@id":"https:\/\/www.covb.cat\/es\/actualitat\/noticies\/general\/el-ccvc-refuerza-ante-el-darpa-el-papel-del-veterinario-de-campo-en-la-sanidad-animal\/#primaryimage","url":"https:\/\/www.covb.cat\/wp-content\/uploads\/2026\/03\/Reunio-DARPA-WEB.jpg","contentUrl":"https:\/\/www.covb.cat\/wp-content\/uploads\/2026\/03\/Reunio-DARPA-WEB.jpg","width":1200,"height":800},{"@type":"BreadcrumbList","@id":"https:\/\/www.covb.cat\/es\/actualitat\/noticies\/general\/el-ccvc-refuerza-ante-el-darpa-el-papel-del-veterinario-de-campo-en-la-sanidad-animal\/#breadcrumb","itemListElement":[{"@type":"ListItem","position":1,"name":"Inici","item":"https:\/\/www.covb.cat\/es\/"},{"@type":"ListItem","position":2,"name":"El CCVC refuerza ante el DARPA el papel del veterinario de campo en la sanidad animal"}]},{"@type":"WebSite","@id":"https:\/\/www.covb.cat\/es\/#website","url":"https:\/\/www.covb.cat\/es\/","name":"COVB","description":"Col\u00b7legi Oficial de Veterinaris de Barcelona","publisher":{"@id":"https:\/\/www.covb.cat\/es\/#organization"},"potentialAction":[{"@type":"SearchAction","target":{"@type":"EntryPoint","urlTemplate":"https:\/\/www.covb.cat\/es\/?s={search_term_string}"},"query-input":{"@type":"PropertyValueSpecification","valueRequired":true,"valueName":"search_term_string"}}],"inLanguage":"es"},{"@type":"Organization","@id":"https:\/\/www.covb.cat\/es\/#organization","name":"COVB","url":"https:\/\/www.covb.cat\/es\/","logo":{"@type":"ImageObject","inLanguage":"es","@id":"https:\/\/www.covb.cat\/es\/#\/schema\/logo\/image\/","url":"https:\/\/www.covb.cat\/wp-content\/uploads\/2018\/07\/favicon-covb.png","contentUrl":"https:\/\/www.covb.cat\/wp-content\/uploads\/2018\/07\/favicon-covb.png","width":512,"height":512,"caption":"COVB"},"image":{"@id":"https:\/\/www.covb.cat\/es\/#\/schema\/logo\/image\/"},"sameAs":["https:\/\/www.facebook.com\/COVBcat\/","https:\/\/x.com\/COVBcat","https:\/\/www.youtube.com\/user\/covbcn"]},{"@type":"Person","@id":"https:\/\/www.covb.cat\/es\/#\/schema\/person\/ddc9093bc091186c194bba72ca3be5e2","name":"Ferran Alcaraz","image":{"@type":"ImageObject","inLanguage":"es","@id":"https:\/\/www.covb.cat\/es\/#\/schema\/person\/image\/","url":"https:\/\/secure.gravatar.com\/avatar\/7a7bb9e48d880990c016f59db5a666fe7ad49e90723bdbdc0acfb756246ea192?s=96&d=mm&r=g","contentUrl":"https:\/\/secure.gravatar.com\/avatar\/7a7bb9e48d880990c016f59db5a666fe7ad49e90723bdbdc0acfb756246ea192?s=96&d=mm&r=g","caption":"Ferran Alcaraz"}}]}},"jetpack_featured_media_url":"https:\/\/www.covb.cat\/wp-content\/uploads\/2026\/03\/Reunio-DARPA-WEB.jpg","jetpack_sharing_enabled":true,"_links":{"self":[{"href":"https:\/\/www.covb.cat\/es\/wp-json\/wp\/v2\/posts\/67929","targetHints":{"allow":["GET"]}}],"collection":[{"href":"https:\/\/www.covb.cat\/es\/wp-json\/wp\/v2\/posts"}],"about":[{"href":"https:\/\/www.covb.cat\/es\/wp-json\/wp\/v2\/types\/post"}],"author":[{"embeddable":true,"href":"https:\/\/www.covb.cat\/es\/wp-json\/wp\/v2\/users\/2985"}],"replies":[{"embeddable":true,"href":"https:\/\/www.covb.cat\/es\/wp-json\/wp\/v2\/comments?post=67929"}],"version-history":[{"count":1,"href":"https:\/\/www.covb.cat\/es\/wp-json\/wp\/v2\/posts\/67929\/revisions"}],"predecessor-version":[{"id":67930,"href":"https:\/\/www.covb.cat\/es\/wp-json\/wp\/v2\/posts\/67929\/revisions\/67930"}],"wp:featuredmedia":[{"embeddable":true,"href":"https:\/\/www.covb.cat\/es\/wp-json\/wp\/v2\/media\/67927"}],"wp:attachment":[{"href":"https:\/\/www.covb.cat\/es\/wp-json\/wp\/v2\/media?parent=67929"}],"wp:term":[{"taxonomy":"category","embeddable":true,"href":"https:\/\/www.covb.cat\/es\/wp-json\/wp\/v2\/categories?post=67929"},{"taxonomy":"post_tag","embeddable":true,"href":"https:\/\/www.covb.cat\/es\/wp-json\/wp\/v2\/tags?post=67929"}],"curies":[{"name":"wp","href":"https:\/\/api.w.org\/{rel}","templated":true}]}}