{"id":67905,"date":"2026-03-11T16:24:25","date_gmt":"2026-03-11T15:24:25","guid":{"rendered":"https:\/\/www.covb.cat\/actualitat\/noticies\/general\/detectat-un-nou-focus-de-malaltia-de-newcastle-en-una-granja-avicola-de-valencia\/"},"modified":"2026-03-11T16:25:18","modified_gmt":"2026-03-11T15:25:18","slug":"detectado-un-nuevo-foco-de-enfermedad-de-newcastle-en-una-granja-avicola-de-valencia","status":"publish","type":"post","link":"https:\/\/www.covb.cat\/es\/actualitat\/noticies\/alertas\/detectado-un-nuevo-foco-de-enfermedad-de-newcastle-en-una-granja-avicola-de-valencia\/","title":{"rendered":"Detectado un nuevo foco de enfermedad de Newcastle en una granja av\u00edcola de Valencia"},"content":{"rendered":"<p>Las autoridades veterinarias de la Comunidad Valenciana han notificado un foco de <strong>enfermedad de Newcastle<\/strong> en una granja de gallinas ponedoras situada en el municipio de Terrateig, en la comarca de la Vall d\u2019Albaida (provincia de Valencia).<\/p>\n<p>Se trata del <strong>sexto foco detectado en Espa\u00f1a durante la presente temporada<\/strong>. La explotaci\u00f3n afectada se encuentra dentro del radio de 10 km de los focos detectados el pasado mes de diciembre, cuyas medidas ya hab\u00edan sido levantadas durante el mes de febrero.<\/p>\n<p>La sospecha de la enfermedad se origin\u00f3 tras detectarse <strong>una baja mortalidad en una de las cinco naves de la granja<\/strong>, que alberga aproximadamente 27.000 gallinas ponedoras de 23 semanas de edad. Las muestras recogidas por los Servicios Veterinarios Oficiales de la Generalitat Valenciana fueron analizadas en el Laboratorio Central de Veterinaria de Algete, donde se confirm\u00f3 mediante PCR la presencia de una <strong>cepa velog\u00e9nica del virus de Newcastle<\/strong>.<\/p>\n<p>De acuerdo con el Reglamento Delegado (UE) 2020\/687, se han adoptado varias medidas sanitarias:<\/p>\n<ul>\n<li>Inmovilizaci\u00f3n inmediata de la granja afectada.<\/li>\n<li>Realizaci\u00f3n de una investigaci\u00f3n epidemiol\u00f3gica para determinar el origen del foco y posibles explotaciones en riesgo.<\/li>\n<li>Aplicaci\u00f3n de medidas de erradicaci\u00f3n en la nave afectada, incluyendo el vac\u00edo sanitario y la destrucci\u00f3n de materiales potencialmente contaminados.<\/li>\n<li>Establecimiento de una zona de restricci\u00f3n alrededor del foco.<\/li>\n<\/ul>\n<p>Seg\u00fan la informaci\u00f3n disponible, <strong>no existen explotaciones comerciales en el radio de 3 km<\/strong>, mientras que <strong>en el radio de 3 a 10 km se encuentran 21 explotaciones av\u00edcolas comerciales<\/strong>.<\/p>\n<p>La granja afectada se encontraba correctamente vacunada frente a la enfermedad, con cuatro dosis administradas a las aves. No obstante, la vacunaci\u00f3n no ha evitado la introducci\u00f3n del virus en una de las naves, mientras que el resto se han mantenido libres de infecci\u00f3n.<\/p>\n<p>Desde el Ministerio de Agricultura, Pesca y Alimentaci\u00f3n (MAPA) se recomienda <strong>reforzar las medidas de bioseguridad en las explotaciones av\u00edcolas<\/strong>, especialmente aquellas destinadas a evitar el contacto con aves silvestres. Asimismo, se insiste en la importancia de reforzar la <strong>vigilancia pasiva<\/strong> tanto en explotaciones av\u00edcolas como en fauna silvestre y notificar cualquier sospecha a los servicios veterinarios oficiales.<\/p>\n<p>M\u00e1s informaci\u00f3n sobre la enfermedad <a href=\"https:\/\/www.mapa.gob.es\/es\/ganaderia\/temas\/sanidad-animal-higiene-ganadera\/sanidad-animal\/enfermedades\/newcastle\/\">aqu\u00ed<\/a>.<\/p>\n<p><a href=\"https:\/\/www.covb.cat\/wp-content\/uploads\/2026\/03\/Nota-actualizacion-Newcastle-09_03_26-rev.pdf\" target=\"_blank\" rel=\"noopener\">Nota actualizaci\u00f3n Newcastle 09_03_26<\/a><\/p>\n","protected":false},"excerpt":{"rendered":"<p>Las autoridades veterinarias de la Comunidad Valenciana han notificado un foco de enfermedad de Newcastle en una granja de gallinas ponedoras situada en el municipio de Terrateig, en la comarca de la Vall d\u2019Albaida (provincia de Valencia). Se trata del sexto foco detectado en Espa\u00f1a durante la presente temporada. La explotaci\u00f3n afectada se encuentra dentro [&hellip;]<\/p>\n","protected":false},"author":2985,"featured_media":67902,"comment_status":"closed","ping_status":"closed","sticky":false,"template":"","format":"standard","meta":{"_monsterinsights_skip_tracking":false,"_monsterinsights_sitenote_active":false,"_monsterinsights_sitenote_note":"","_monsterinsights_sitenote_category":0,"_jetpack_memberships_contains_paid_content":false,"footnotes":""},"categories":[156,409,17],"tags":[],"class_list":["post-67905","post","type-post","status-publish","format-standard","has-post-thumbnail","hentry","category-alertas","category-alertes-es","category-general"],"yoast_head":"<!-- This site is optimized with the Yoast SEO plugin v27.0 - https:\/\/yoast.com\/product\/yoast-seo-wordpress\/ -->\n<title>Detectado un nuevo foco de enfermedad de Newcastle en una granja av\u00edcola de Valencia - COVB - Col\u00b7legi Oficial de Veterinaris de Barcelona<\/title>\n<meta name=\"description\" content=\"Las autoridades veterinarias de la Comunidad Valenciana han notificado un foco de enfermedad de Newcastle en una granja de gallinas ponedoras situada en\" \/>\n<meta name=\"robots\" content=\"index, follow, max-snippet:-1, max-image-preview:large, max-video-preview:-1\" \/>\n<link rel=\"canonical\" href=\"https:\/\/www.covb.cat\/es\/actualitat\/noticies\/alertas\/detectado-un-nuevo-foco-de-enfermedad-de-newcastle-en-una-granja-avicola-de-valencia\/\" \/>\n<meta property=\"og:locale\" content=\"es_ES\" \/>\n<meta property=\"og:type\" content=\"article\" \/>\n<meta property=\"og:title\" content=\"Detectado un nuevo foco de enfermedad de Newcastle en una granja av\u00edcola de Valencia - COVB - Col\u00b7legi Oficial de Veterinaris de Barcelona\" \/>\n<meta property=\"og:description\" content=\"Las autoridades veterinarias de la Comunidad Valenciana han notificado un foco de enfermedad de Newcastle en una granja de gallinas ponedoras situada en\" \/>\n<meta property=\"og:url\" content=\"https:\/\/www.covb.cat\/es\/actualitat\/noticies\/alertas\/detectado-un-nuevo-foco-de-enfermedad-de-newcastle-en-una-granja-avicola-de-valencia\/\" \/>\n<meta property=\"og:site_name\" content=\"COVB\" \/>\n<meta property=\"article:publisher\" content=\"https:\/\/www.facebook.com\/COVBcat\/\" \/>\n<meta property=\"article:published_time\" content=\"2026-03-11T15:24:25+00:00\" \/>\n<meta property=\"article:modified_time\" content=\"2026-03-11T15:25:18+00:00\" \/>\n<meta property=\"og:image\" content=\"https:\/\/www.covb.cat\/wp-content\/uploads\/2026\/03\/Malaltia-Newcastle-WEB.jpg\" \/>\n\t<meta property=\"og:image:width\" content=\"1200\" \/>\n\t<meta property=\"og:image:height\" content=\"800\" \/>\n\t<meta property=\"og:image:type\" content=\"image\/jpeg\" \/>\n<meta name=\"author\" content=\"Ferran Alcaraz\" \/>\n<meta name=\"twitter:card\" content=\"summary_large_image\" \/>\n<meta name=\"twitter:creator\" content=\"@COVBcat\" \/>\n<meta name=\"twitter:site\" content=\"@COVBcat\" \/>\n<meta name=\"twitter:label1\" content=\"Escrito por\" \/>\n\t<meta name=\"twitter:data1\" content=\"Ferran Alcaraz\" \/>\n\t<meta name=\"twitter:label2\" content=\"Tiempo de lectura\" \/>\n\t<meta name=\"twitter:data2\" content=\"3 minutos\" \/>\n<script type=\"application\/ld+json\" class=\"yoast-schema-graph\">{\"@context\":\"https:\/\/schema.org\",\"@graph\":[{\"@type\":\"Article\",\"@id\":\"https:\/\/www.covb.cat\/es\/actualitat\/noticies\/alertas\/detectado-un-nuevo-foco-de-enfermedad-de-newcastle-en-una-granja-avicola-de-valencia\/#article\",\"isPartOf\":{\"@id\":\"https:\/\/www.covb.cat\/es\/actualitat\/noticies\/alertas\/detectado-un-nuevo-foco-de-enfermedad-de-newcastle-en-una-granja-avicola-de-valencia\/\"},\"author\":{\"name\":\"Ferran Alcaraz\",\"@id\":\"https:\/\/www.covb.cat\/es\/#\/schema\/person\/ddc9093bc091186c194bba72ca3be5e2\"},\"headline\":\"Detectado un nuevo foco de enfermedad de Newcastle en una granja av\u00edcola de Valencia\",\"datePublished\":\"2026-03-11T15:24:25+00:00\",\"dateModified\":\"2026-03-11T15:25:18+00:00\",\"mainEntityOfPage\":{\"@id\":\"https:\/\/www.covb.cat\/es\/actualitat\/noticies\/alertas\/detectado-un-nuevo-foco-de-enfermedad-de-newcastle-en-una-granja-avicola-de-valencia\/\"},\"wordCount\":388,\"publisher\":{\"@id\":\"https:\/\/www.covb.cat\/es\/#organization\"},\"image\":{\"@id\":\"https:\/\/www.covb.cat\/es\/actualitat\/noticies\/alertas\/detectado-un-nuevo-foco-de-enfermedad-de-newcastle-en-una-granja-avicola-de-valencia\/#primaryimage\"},\"thumbnailUrl\":\"https:\/\/www.covb.cat\/wp-content\/uploads\/2026\/03\/Malaltia-Newcastle-WEB.jpg\",\"articleSection\":[\"Alertas\",\"Alertes\",\"General\"],\"inLanguage\":\"es\"},{\"@type\":\"WebPage\",\"@id\":\"https:\/\/www.covb.cat\/es\/actualitat\/noticies\/alertas\/detectado-un-nuevo-foco-de-enfermedad-de-newcastle-en-una-granja-avicola-de-valencia\/\",\"url\":\"https:\/\/www.covb.cat\/es\/actualitat\/noticies\/alertas\/detectado-un-nuevo-foco-de-enfermedad-de-newcastle-en-una-granja-avicola-de-valencia\/\",\"name\":\"Detectado un nuevo foco de enfermedad de Newcastle en una granja av\u00edcola de Valencia - COVB - Col\u00b7legi Oficial de Veterinaris de Barcelona\",\"isPartOf\":{\"@id\":\"https:\/\/www.covb.cat\/es\/#website\"},\"primaryImageOfPage\":{\"@id\":\"https:\/\/www.covb.cat\/es\/actualitat\/noticies\/alertas\/detectado-un-nuevo-foco-de-enfermedad-de-newcastle-en-una-granja-avicola-de-valencia\/#primaryimage\"},\"image\":{\"@id\":\"https:\/\/www.covb.cat\/es\/actualitat\/noticies\/alertas\/detectado-un-nuevo-foco-de-enfermedad-de-newcastle-en-una-granja-avicola-de-valencia\/#primaryimage\"},\"thumbnailUrl\":\"https:\/\/www.covb.cat\/wp-content\/uploads\/2026\/03\/Malaltia-Newcastle-WEB.jpg\",\"datePublished\":\"2026-03-11T15:24:25+00:00\",\"dateModified\":\"2026-03-11T15:25:18+00:00\",\"description\":\"Las autoridades veterinarias de la Comunidad Valenciana han notificado un foco de enfermedad de Newcastle en una granja de gallinas ponedoras situada en\",\"breadcrumb\":{\"@id\":\"https:\/\/www.covb.cat\/es\/actualitat\/noticies\/alertas\/detectado-un-nuevo-foco-de-enfermedad-de-newcastle-en-una-granja-avicola-de-valencia\/#breadcrumb\"},\"inLanguage\":\"es\",\"potentialAction\":[{\"@type\":\"ReadAction\",\"target\":[\"https:\/\/www.covb.cat\/es\/actualitat\/noticies\/alertas\/detectado-un-nuevo-foco-de-enfermedad-de-newcastle-en-una-granja-avicola-de-valencia\/\"]}]},{\"@type\":\"ImageObject\",\"inLanguage\":\"es\",\"@id\":\"https:\/\/www.covb.cat\/es\/actualitat\/noticies\/alertas\/detectado-un-nuevo-foco-de-enfermedad-de-newcastle-en-una-granja-avicola-de-valencia\/#primaryimage\",\"url\":\"https:\/\/www.covb.cat\/wp-content\/uploads\/2026\/03\/Malaltia-Newcastle-WEB.jpg\",\"contentUrl\":\"https:\/\/www.covb.cat\/wp-content\/uploads\/2026\/03\/Malaltia-Newcastle-WEB.jpg\",\"width\":1200,\"height\":800},{\"@type\":\"BreadcrumbList\",\"@id\":\"https:\/\/www.covb.cat\/es\/actualitat\/noticies\/alertas\/detectado-un-nuevo-foco-de-enfermedad-de-newcastle-en-una-granja-avicola-de-valencia\/#breadcrumb\",\"itemListElement\":[{\"@type\":\"ListItem\",\"position\":1,\"name\":\"Inici\",\"item\":\"https:\/\/www.covb.cat\/es\/\"},{\"@type\":\"ListItem\",\"position\":2,\"name\":\"Detectado un nuevo foco de enfermedad de Newcastle en una granja av\u00edcola de Valencia\"}]},{\"@type\":\"WebSite\",\"@id\":\"https:\/\/www.covb.cat\/es\/#website\",\"url\":\"https:\/\/www.covb.cat\/es\/\",\"name\":\"COVB\",\"description\":\"Col\u00b7legi Oficial de Veterinaris de Barcelona\",\"publisher\":{\"@id\":\"https:\/\/www.covb.cat\/es\/#organization\"},\"potentialAction\":[{\"@type\":\"SearchAction\",\"target\":{\"@type\":\"EntryPoint\",\"urlTemplate\":\"https:\/\/www.covb.cat\/es\/?s={search_term_string}\"},\"query-input\":{\"@type\":\"PropertyValueSpecification\",\"valueRequired\":true,\"valueName\":\"search_term_string\"}}],\"inLanguage\":\"es\"},{\"@type\":\"Organization\",\"@id\":\"https:\/\/www.covb.cat\/es\/#organization\",\"name\":\"COVB\",\"url\":\"https:\/\/www.covb.cat\/es\/\",\"logo\":{\"@type\":\"ImageObject\",\"inLanguage\":\"es\",\"@id\":\"https:\/\/www.covb.cat\/es\/#\/schema\/logo\/image\/\",\"url\":\"https:\/\/www.covb.cat\/wp-content\/uploads\/2018\/07\/favicon-covb.png\",\"contentUrl\":\"https:\/\/www.covb.cat\/wp-content\/uploads\/2018\/07\/favicon-covb.png\",\"width\":512,\"height\":512,\"caption\":\"COVB\"},\"image\":{\"@id\":\"https:\/\/www.covb.cat\/es\/#\/schema\/logo\/image\/\"},\"sameAs\":[\"https:\/\/www.facebook.com\/COVBcat\/\",\"https:\/\/x.com\/COVBcat\",\"https:\/\/www.youtube.com\/user\/covbcn\"]},{\"@type\":\"Person\",\"@id\":\"https:\/\/www.covb.cat\/es\/#\/schema\/person\/ddc9093bc091186c194bba72ca3be5e2\",\"name\":\"Ferran Alcaraz\",\"image\":{\"@type\":\"ImageObject\",\"inLanguage\":\"es\",\"@id\":\"https:\/\/www.covb.cat\/es\/#\/schema\/person\/image\/\",\"url\":\"https:\/\/secure.gravatar.com\/avatar\/7a7bb9e48d880990c016f59db5a666fe7ad49e90723bdbdc0acfb756246ea192?s=96&d=mm&r=g\",\"contentUrl\":\"https:\/\/secure.gravatar.com\/avatar\/7a7bb9e48d880990c016f59db5a666fe7ad49e90723bdbdc0acfb756246ea192?s=96&d=mm&r=g\",\"caption\":\"Ferran Alcaraz\"}}]}<\/script>\n<!-- \/ Yoast SEO plugin. -->","yoast_head_json":{"title":"Detectado un nuevo foco de enfermedad de Newcastle en una granja av\u00edcola de Valencia - COVB - Col\u00b7legi Oficial de Veterinaris de Barcelona","description":"Las autoridades veterinarias de la Comunidad Valenciana han notificado un foco de enfermedad de Newcastle en una granja de gallinas ponedoras situada en","robots":{"index":"index","follow":"follow","max-snippet":"max-snippet:-1","max-image-preview":"max-image-preview:large","max-video-preview":"max-video-preview:-1"},"canonical":"https:\/\/www.covb.cat\/es\/actualitat\/noticies\/alertas\/detectado-un-nuevo-foco-de-enfermedad-de-newcastle-en-una-granja-avicola-de-valencia\/","og_locale":"es_ES","og_type":"article","og_title":"Detectado un nuevo foco de enfermedad de Newcastle en una granja av\u00edcola de Valencia - COVB - Col\u00b7legi Oficial de Veterinaris de Barcelona","og_description":"Las autoridades veterinarias de la Comunidad Valenciana han notificado un foco de enfermedad de Newcastle en una granja de gallinas ponedoras situada en","og_url":"https:\/\/www.covb.cat\/es\/actualitat\/noticies\/alertas\/detectado-un-nuevo-foco-de-enfermedad-de-newcastle-en-una-granja-avicola-de-valencia\/","og_site_name":"COVB","article_publisher":"https:\/\/www.facebook.com\/COVBcat\/","article_published_time":"2026-03-11T15:24:25+00:00","article_modified_time":"2026-03-11T15:25:18+00:00","og_image":[{"width":1200,"height":800,"url":"https:\/\/www.covb.cat\/wp-content\/uploads\/2026\/03\/Malaltia-Newcastle-WEB.jpg","type":"image\/jpeg"}],"author":"Ferran Alcaraz","twitter_card":"summary_large_image","twitter_creator":"@COVBcat","twitter_site":"@COVBcat","twitter_misc":{"Escrito por":"Ferran Alcaraz","Tiempo de lectura":"3 minutos"},"schema":{"@context":"https:\/\/schema.org","@graph":[{"@type":"Article","@id":"https:\/\/www.covb.cat\/es\/actualitat\/noticies\/alertas\/detectado-un-nuevo-foco-de-enfermedad-de-newcastle-en-una-granja-avicola-de-valencia\/#article","isPartOf":{"@id":"https:\/\/www.covb.cat\/es\/actualitat\/noticies\/alertas\/detectado-un-nuevo-foco-de-enfermedad-de-newcastle-en-una-granja-avicola-de-valencia\/"},"author":{"name":"Ferran Alcaraz","@id":"https:\/\/www.covb.cat\/es\/#\/schema\/person\/ddc9093bc091186c194bba72ca3be5e2"},"headline":"Detectado un nuevo foco de enfermedad de Newcastle en una granja av\u00edcola de Valencia","datePublished":"2026-03-11T15:24:25+00:00","dateModified":"2026-03-11T15:25:18+00:00","mainEntityOfPage":{"@id":"https:\/\/www.covb.cat\/es\/actualitat\/noticies\/alertas\/detectado-un-nuevo-foco-de-enfermedad-de-newcastle-en-una-granja-avicola-de-valencia\/"},"wordCount":388,"publisher":{"@id":"https:\/\/www.covb.cat\/es\/#organization"},"image":{"@id":"https:\/\/www.covb.cat\/es\/actualitat\/noticies\/alertas\/detectado-un-nuevo-foco-de-enfermedad-de-newcastle-en-una-granja-avicola-de-valencia\/#primaryimage"},"thumbnailUrl":"https:\/\/www.covb.cat\/wp-content\/uploads\/2026\/03\/Malaltia-Newcastle-WEB.jpg","articleSection":["Alertas","Alertes","General"],"inLanguage":"es"},{"@type":"WebPage","@id":"https:\/\/www.covb.cat\/es\/actualitat\/noticies\/alertas\/detectado-un-nuevo-foco-de-enfermedad-de-newcastle-en-una-granja-avicola-de-valencia\/","url":"https:\/\/www.covb.cat\/es\/actualitat\/noticies\/alertas\/detectado-un-nuevo-foco-de-enfermedad-de-newcastle-en-una-granja-avicola-de-valencia\/","name":"Detectado un nuevo foco de enfermedad de Newcastle en una granja av\u00edcola de Valencia - COVB - Col\u00b7legi Oficial de Veterinaris de Barcelona","isPartOf":{"@id":"https:\/\/www.covb.cat\/es\/#website"},"primaryImageOfPage":{"@id":"https:\/\/www.covb.cat\/es\/actualitat\/noticies\/alertas\/detectado-un-nuevo-foco-de-enfermedad-de-newcastle-en-una-granja-avicola-de-valencia\/#primaryimage"},"image":{"@id":"https:\/\/www.covb.cat\/es\/actualitat\/noticies\/alertas\/detectado-un-nuevo-foco-de-enfermedad-de-newcastle-en-una-granja-avicola-de-valencia\/#primaryimage"},"thumbnailUrl":"https:\/\/www.covb.cat\/wp-content\/uploads\/2026\/03\/Malaltia-Newcastle-WEB.jpg","datePublished":"2026-03-11T15:24:25+00:00","dateModified":"2026-03-11T15:25:18+00:00","description":"Las autoridades veterinarias de la Comunidad Valenciana han notificado un foco de enfermedad de Newcastle en una granja de gallinas ponedoras situada en","breadcrumb":{"@id":"https:\/\/www.covb.cat\/es\/actualitat\/noticies\/alertas\/detectado-un-nuevo-foco-de-enfermedad-de-newcastle-en-una-granja-avicola-de-valencia\/#breadcrumb"},"inLanguage":"es","potentialAction":[{"@type":"ReadAction","target":["https:\/\/www.covb.cat\/es\/actualitat\/noticies\/alertas\/detectado-un-nuevo-foco-de-enfermedad-de-newcastle-en-una-granja-avicola-de-valencia\/"]}]},{"@type":"ImageObject","inLanguage":"es","@id":"https:\/\/www.covb.cat\/es\/actualitat\/noticies\/alertas\/detectado-un-nuevo-foco-de-enfermedad-de-newcastle-en-una-granja-avicola-de-valencia\/#primaryimage","url":"https:\/\/www.covb.cat\/wp-content\/uploads\/2026\/03\/Malaltia-Newcastle-WEB.jpg","contentUrl":"https:\/\/www.covb.cat\/wp-content\/uploads\/2026\/03\/Malaltia-Newcastle-WEB.jpg","width":1200,"height":800},{"@type":"BreadcrumbList","@id":"https:\/\/www.covb.cat\/es\/actualitat\/noticies\/alertas\/detectado-un-nuevo-foco-de-enfermedad-de-newcastle-en-una-granja-avicola-de-valencia\/#breadcrumb","itemListElement":[{"@type":"ListItem","position":1,"name":"Inici","item":"https:\/\/www.covb.cat\/es\/"},{"@type":"ListItem","position":2,"name":"Detectado un nuevo foco de enfermedad de Newcastle en una granja av\u00edcola de Valencia"}]},{"@type":"WebSite","@id":"https:\/\/www.covb.cat\/es\/#website","url":"https:\/\/www.covb.cat\/es\/","name":"COVB","description":"Col\u00b7legi Oficial de Veterinaris de Barcelona","publisher":{"@id":"https:\/\/www.covb.cat\/es\/#organization"},"potentialAction":[{"@type":"SearchAction","target":{"@type":"EntryPoint","urlTemplate":"https:\/\/www.covb.cat\/es\/?s={search_term_string}"},"query-input":{"@type":"PropertyValueSpecification","valueRequired":true,"valueName":"search_term_string"}}],"inLanguage":"es"},{"@type":"Organization","@id":"https:\/\/www.covb.cat\/es\/#organization","name":"COVB","url":"https:\/\/www.covb.cat\/es\/","logo":{"@type":"ImageObject","inLanguage":"es","@id":"https:\/\/www.covb.cat\/es\/#\/schema\/logo\/image\/","url":"https:\/\/www.covb.cat\/wp-content\/uploads\/2018\/07\/favicon-covb.png","contentUrl":"https:\/\/www.covb.cat\/wp-content\/uploads\/2018\/07\/favicon-covb.png","width":512,"height":512,"caption":"COVB"},"image":{"@id":"https:\/\/www.covb.cat\/es\/#\/schema\/logo\/image\/"},"sameAs":["https:\/\/www.facebook.com\/COVBcat\/","https:\/\/x.com\/COVBcat","https:\/\/www.youtube.com\/user\/covbcn"]},{"@type":"Person","@id":"https:\/\/www.covb.cat\/es\/#\/schema\/person\/ddc9093bc091186c194bba72ca3be5e2","name":"Ferran Alcaraz","image":{"@type":"ImageObject","inLanguage":"es","@id":"https:\/\/www.covb.cat\/es\/#\/schema\/person\/image\/","url":"https:\/\/secure.gravatar.com\/avatar\/7a7bb9e48d880990c016f59db5a666fe7ad49e90723bdbdc0acfb756246ea192?s=96&d=mm&r=g","contentUrl":"https:\/\/secure.gravatar.com\/avatar\/7a7bb9e48d880990c016f59db5a666fe7ad49e90723bdbdc0acfb756246ea192?s=96&d=mm&r=g","caption":"Ferran Alcaraz"}}]}},"jetpack_featured_media_url":"https:\/\/www.covb.cat\/wp-content\/uploads\/2026\/03\/Malaltia-Newcastle-WEB.jpg","jetpack_sharing_enabled":true,"_links":{"self":[{"href":"https:\/\/www.covb.cat\/es\/wp-json\/wp\/v2\/posts\/67905","targetHints":{"allow":["GET"]}}],"collection":[{"href":"https:\/\/www.covb.cat\/es\/wp-json\/wp\/v2\/posts"}],"about":[{"href":"https:\/\/www.covb.cat\/es\/wp-json\/wp\/v2\/types\/post"}],"author":[{"embeddable":true,"href":"https:\/\/www.covb.cat\/es\/wp-json\/wp\/v2\/users\/2985"}],"replies":[{"embeddable":true,"href":"https:\/\/www.covb.cat\/es\/wp-json\/wp\/v2\/comments?post=67905"}],"version-history":[{"count":1,"href":"https:\/\/www.covb.cat\/es\/wp-json\/wp\/v2\/posts\/67905\/revisions"}],"predecessor-version":[{"id":67907,"href":"https:\/\/www.covb.cat\/es\/wp-json\/wp\/v2\/posts\/67905\/revisions\/67907"}],"wp:featuredmedia":[{"embeddable":true,"href":"https:\/\/www.covb.cat\/es\/wp-json\/wp\/v2\/media\/67902"}],"wp:attachment":[{"href":"https:\/\/www.covb.cat\/es\/wp-json\/wp\/v2\/media?parent=67905"}],"wp:term":[{"taxonomy":"category","embeddable":true,"href":"https:\/\/www.covb.cat\/es\/wp-json\/wp\/v2\/categories?post=67905"},{"taxonomy":"post_tag","embeddable":true,"href":"https:\/\/www.covb.cat\/es\/wp-json\/wp\/v2\/tags?post=67905"}],"curies":[{"name":"wp","href":"https:\/\/api.w.org\/{rel}","templated":true}]}}