{"id":67896,"date":"2026-03-11T16:21:49","date_gmt":"2026-03-11T15:21:49","guid":{"rendered":"https:\/\/www.covb.cat\/?p=67896"},"modified":"2026-03-13T12:43:45","modified_gmt":"2026-03-13T11:43:45","slug":"recordatorio-es-imprescindible-actualizar-la-situacion-colegial-antes-de-comenzar-a-ejercer","status":"publish","type":"post","link":"https:\/\/www.covb.cat\/es\/actualitat\/noticies\/general\/recordatorio-es-imprescindible-actualizar-la-situacion-colegial-antes-de-comenzar-a-ejercer\/","title":{"rendered":"Recordatorio: es imprescindible actualizar la situaci\u00f3n colegial antes de comenzar a ejercer"},"content":{"rendered":"<p style=\"font-weight: 400;\">En las \u00faltimas semanas se han detectado algunos casos de veterinarios que est\u00e1n trabajando en cl\u00ednica pero que constan en el Colegio Oficial de Veterinarios de Barcelona (COVB) con la situaci\u00f3n colegial de <strong>no ejerciente<\/strong>.<\/p>\n<p style=\"font-weight: 400;\">Desde el COVB recordamos la importancia de <strong>actualizar vuestra situaci\u00f3n colegial<\/strong> cuando empez\u00e1is <strong>a trabajar.<\/strong><\/p>\n<p style=\"font-weight: 400;\">Es habitual que os colegi\u00e9is como <strong>no ejercientes<\/strong> si todav\u00eda no hab\u00e9is empezado a trabajar. No obstante, <strong>en el momento en que inici\u00e9is el ejercicio profesional, es imprescindible que tramit\u00e9is el cambio a la modalidad de ejerciente<\/strong>.<\/p>\n<p style=\"font-weight: 400;\">Adem\u00e1s, hay que tener en cuenta que es obligatorio disponer de un seguro de responsabilidad civil profesional<strong> (<\/strong><strong>RCP<\/strong><strong>) si se ejerce la profesi\u00f3n veterinaria. Las personas colegiadas en la categor\u00eda de no ejercientes no est\u00e1n dadas de alta en la p\u00f3liza colectiva de RCP colegial.<\/strong><\/p>\n<p style=\"font-weight: 400;\">Por lo tanto, hacemos un llamamiento a que revis\u00e9is vuestra situaci\u00f3n colegial.<\/p>\n<p>Pod\u00e9is consultar la informaci\u00f3n y tramitar el cambio de situaci\u00f3n <a href=\"https:\/\/www.covb.cat\/es\/serveis-a-veterinaris\/servei\/cambio-de-situacion-de-no-ejerciente-a-ejerciente\/\">aqu\u00ed<\/a> .<\/p>\n","protected":false},"excerpt":{"rendered":"<p>En las \u00faltimas semanas se han detectado algunos casos de veterinarios que est\u00e1n trabajando en cl\u00ednica pero que constan en el Colegio Oficial de Veterinarios de Barcelona (COVB) con la situaci\u00f3n colegial de no ejerciente. Desde el COVB recordamos la importancia de actualizar vuestra situaci\u00f3n colegial cuando empez\u00e1is a trabajar. Es habitual que os colegi\u00e9is [&hellip;]<\/p>\n","protected":false},"author":2985,"featured_media":67894,"comment_status":"closed","ping_status":"closed","sticky":false,"template":"","format":"standard","meta":{"_monsterinsights_skip_tracking":false,"_monsterinsights_sitenote_active":false,"_monsterinsights_sitenote_note":"","_monsterinsights_sitenote_category":0,"_jetpack_memberships_contains_paid_content":false,"footnotes":""},"categories":[17,164,393],"tags":[],"class_list":["post-67896","post","type-post","status-publish","format-standard","has-post-thumbnail","hentry","category-general","category-profesional","category-professional-es"],"yoast_head":"<!-- This site is optimized with the Yoast SEO plugin v27.0 - https:\/\/yoast.com\/product\/yoast-seo-wordpress\/ -->\n<title>Recordatorio: es imprescindible actualizar la situaci\u00f3n colegial antes de comenzar a ejercer - COVB - Col\u00b7legi Oficial de Veterinaris de Barcelona<\/title>\n<meta name=\"description\" content=\"En las \u00faltimas semanas se han detectado algunos casos de veterinarios que est\u00e1n trabajando en cl\u00ednica pero que constan en el Colegio Oficial de\" \/>\n<meta name=\"robots\" content=\"index, follow, max-snippet:-1, max-image-preview:large, max-video-preview:-1\" \/>\n<link rel=\"canonical\" href=\"https:\/\/www.covb.cat\/es\/actualitat\/noticies\/general\/recordatorio-es-imprescindible-actualizar-la-situacion-colegial-antes-de-comenzar-a-ejercer\/\" \/>\n<meta property=\"og:locale\" content=\"es_ES\" \/>\n<meta property=\"og:type\" content=\"article\" \/>\n<meta property=\"og:title\" content=\"Recordatorio: es imprescindible actualizar la situaci\u00f3n colegial antes de comenzar a ejercer - COVB - Col\u00b7legi Oficial de Veterinaris de Barcelona\" \/>\n<meta property=\"og:description\" content=\"En las \u00faltimas semanas se han detectado algunos casos de veterinarios que est\u00e1n trabajando en cl\u00ednica pero que constan en el Colegio Oficial de\" \/>\n<meta property=\"og:url\" content=\"https:\/\/www.covb.cat\/es\/actualitat\/noticies\/general\/recordatorio-es-imprescindible-actualizar-la-situacion-colegial-antes-de-comenzar-a-ejercer\/\" \/>\n<meta property=\"og:site_name\" content=\"COVB\" \/>\n<meta property=\"article:publisher\" content=\"https:\/\/www.facebook.com\/COVBcat\/\" \/>\n<meta property=\"article:published_time\" content=\"2026-03-11T15:21:49+00:00\" \/>\n<meta property=\"article:modified_time\" content=\"2026-03-13T11:43:45+00:00\" \/>\n<meta property=\"og:image\" content=\"https:\/\/www.covb.cat\/wp-content\/uploads\/2026\/03\/Situacio-col.legial-WEB.jpg\" \/>\n\t<meta property=\"og:image:width\" content=\"1200\" \/>\n\t<meta property=\"og:image:height\" content=\"800\" \/>\n\t<meta property=\"og:image:type\" content=\"image\/jpeg\" \/>\n<meta name=\"author\" content=\"Ferran Alcaraz\" \/>\n<meta name=\"twitter:card\" content=\"summary_large_image\" \/>\n<meta name=\"twitter:creator\" content=\"@COVBcat\" \/>\n<meta name=\"twitter:site\" content=\"@COVBcat\" \/>\n<meta name=\"twitter:label1\" content=\"Escrito por\" \/>\n\t<meta name=\"twitter:data1\" content=\"Ferran Alcaraz\" \/>\n\t<meta name=\"twitter:label2\" content=\"Tiempo de lectura\" \/>\n\t<meta name=\"twitter:data2\" content=\"2 minutos\" \/>\n<script type=\"application\/ld+json\" class=\"yoast-schema-graph\">{\"@context\":\"https:\/\/schema.org\",\"@graph\":[{\"@type\":\"Article\",\"@id\":\"https:\/\/www.covb.cat\/es\/actualitat\/noticies\/general\/recordatorio-es-imprescindible-actualizar-la-situacion-colegial-antes-de-comenzar-a-ejercer\/#article\",\"isPartOf\":{\"@id\":\"https:\/\/www.covb.cat\/es\/actualitat\/noticies\/general\/recordatorio-es-imprescindible-actualizar-la-situacion-colegial-antes-de-comenzar-a-ejercer\/\"},\"author\":{\"name\":\"Ferran Alcaraz\",\"@id\":\"https:\/\/www.covb.cat\/es\/#\/schema\/person\/ddc9093bc091186c194bba72ca3be5e2\"},\"headline\":\"Recordatorio: es imprescindible actualizar la situaci\u00f3n colegial antes de comenzar a ejercer\",\"datePublished\":\"2026-03-11T15:21:49+00:00\",\"dateModified\":\"2026-03-13T11:43:45+00:00\",\"mainEntityOfPage\":{\"@id\":\"https:\/\/www.covb.cat\/es\/actualitat\/noticies\/general\/recordatorio-es-imprescindible-actualizar-la-situacion-colegial-antes-de-comenzar-a-ejercer\/\"},\"wordCount\":188,\"publisher\":{\"@id\":\"https:\/\/www.covb.cat\/es\/#organization\"},\"image\":{\"@id\":\"https:\/\/www.covb.cat\/es\/actualitat\/noticies\/general\/recordatorio-es-imprescindible-actualizar-la-situacion-colegial-antes-de-comenzar-a-ejercer\/#primaryimage\"},\"thumbnailUrl\":\"https:\/\/www.covb.cat\/wp-content\/uploads\/2026\/03\/Situacio-col.legial-WEB.jpg\",\"articleSection\":[\"General\",\"Profesi\u00f3n\",\"Professi\u00f3\"],\"inLanguage\":\"es\"},{\"@type\":\"WebPage\",\"@id\":\"https:\/\/www.covb.cat\/es\/actualitat\/noticies\/general\/recordatorio-es-imprescindible-actualizar-la-situacion-colegial-antes-de-comenzar-a-ejercer\/\",\"url\":\"https:\/\/www.covb.cat\/es\/actualitat\/noticies\/general\/recordatorio-es-imprescindible-actualizar-la-situacion-colegial-antes-de-comenzar-a-ejercer\/\",\"name\":\"Recordatorio: es imprescindible actualizar la situaci\u00f3n colegial antes de comenzar a ejercer - COVB - Col\u00b7legi Oficial de Veterinaris de Barcelona\",\"isPartOf\":{\"@id\":\"https:\/\/www.covb.cat\/es\/#website\"},\"primaryImageOfPage\":{\"@id\":\"https:\/\/www.covb.cat\/es\/actualitat\/noticies\/general\/recordatorio-es-imprescindible-actualizar-la-situacion-colegial-antes-de-comenzar-a-ejercer\/#primaryimage\"},\"image\":{\"@id\":\"https:\/\/www.covb.cat\/es\/actualitat\/noticies\/general\/recordatorio-es-imprescindible-actualizar-la-situacion-colegial-antes-de-comenzar-a-ejercer\/#primaryimage\"},\"thumbnailUrl\":\"https:\/\/www.covb.cat\/wp-content\/uploads\/2026\/03\/Situacio-col.legial-WEB.jpg\",\"datePublished\":\"2026-03-11T15:21:49+00:00\",\"dateModified\":\"2026-03-13T11:43:45+00:00\",\"description\":\"En las \u00faltimas semanas se han detectado algunos casos de veterinarios que est\u00e1n trabajando en cl\u00ednica pero que constan en el Colegio Oficial de\",\"breadcrumb\":{\"@id\":\"https:\/\/www.covb.cat\/es\/actualitat\/noticies\/general\/recordatorio-es-imprescindible-actualizar-la-situacion-colegial-antes-de-comenzar-a-ejercer\/#breadcrumb\"},\"inLanguage\":\"es\",\"potentialAction\":[{\"@type\":\"ReadAction\",\"target\":[\"https:\/\/www.covb.cat\/es\/actualitat\/noticies\/general\/recordatorio-es-imprescindible-actualizar-la-situacion-colegial-antes-de-comenzar-a-ejercer\/\"]}]},{\"@type\":\"ImageObject\",\"inLanguage\":\"es\",\"@id\":\"https:\/\/www.covb.cat\/es\/actualitat\/noticies\/general\/recordatorio-es-imprescindible-actualizar-la-situacion-colegial-antes-de-comenzar-a-ejercer\/#primaryimage\",\"url\":\"https:\/\/www.covb.cat\/wp-content\/uploads\/2026\/03\/Situacio-col.legial-WEB.jpg\",\"contentUrl\":\"https:\/\/www.covb.cat\/wp-content\/uploads\/2026\/03\/Situacio-col.legial-WEB.jpg\",\"width\":1200,\"height\":800},{\"@type\":\"BreadcrumbList\",\"@id\":\"https:\/\/www.covb.cat\/es\/actualitat\/noticies\/general\/recordatorio-es-imprescindible-actualizar-la-situacion-colegial-antes-de-comenzar-a-ejercer\/#breadcrumb\",\"itemListElement\":[{\"@type\":\"ListItem\",\"position\":1,\"name\":\"Inici\",\"item\":\"https:\/\/www.covb.cat\/es\/\"},{\"@type\":\"ListItem\",\"position\":2,\"name\":\"Recordatorio: es imprescindible actualizar la situaci\u00f3n colegial antes de comenzar a ejercer\"}]},{\"@type\":\"WebSite\",\"@id\":\"https:\/\/www.covb.cat\/es\/#website\",\"url\":\"https:\/\/www.covb.cat\/es\/\",\"name\":\"COVB\",\"description\":\"Col\u00b7legi Oficial de Veterinaris de Barcelona\",\"publisher\":{\"@id\":\"https:\/\/www.covb.cat\/es\/#organization\"},\"potentialAction\":[{\"@type\":\"SearchAction\",\"target\":{\"@type\":\"EntryPoint\",\"urlTemplate\":\"https:\/\/www.covb.cat\/es\/?s={search_term_string}\"},\"query-input\":{\"@type\":\"PropertyValueSpecification\",\"valueRequired\":true,\"valueName\":\"search_term_string\"}}],\"inLanguage\":\"es\"},{\"@type\":\"Organization\",\"@id\":\"https:\/\/www.covb.cat\/es\/#organization\",\"name\":\"COVB\",\"url\":\"https:\/\/www.covb.cat\/es\/\",\"logo\":{\"@type\":\"ImageObject\",\"inLanguage\":\"es\",\"@id\":\"https:\/\/www.covb.cat\/es\/#\/schema\/logo\/image\/\",\"url\":\"https:\/\/www.covb.cat\/wp-content\/uploads\/2018\/07\/favicon-covb.png\",\"contentUrl\":\"https:\/\/www.covb.cat\/wp-content\/uploads\/2018\/07\/favicon-covb.png\",\"width\":512,\"height\":512,\"caption\":\"COVB\"},\"image\":{\"@id\":\"https:\/\/www.covb.cat\/es\/#\/schema\/logo\/image\/\"},\"sameAs\":[\"https:\/\/www.facebook.com\/COVBcat\/\",\"https:\/\/x.com\/COVBcat\",\"https:\/\/www.youtube.com\/user\/covbcn\"]},{\"@type\":\"Person\",\"@id\":\"https:\/\/www.covb.cat\/es\/#\/schema\/person\/ddc9093bc091186c194bba72ca3be5e2\",\"name\":\"Ferran Alcaraz\",\"image\":{\"@type\":\"ImageObject\",\"inLanguage\":\"es\",\"@id\":\"https:\/\/www.covb.cat\/es\/#\/schema\/person\/image\/\",\"url\":\"https:\/\/secure.gravatar.com\/avatar\/7a7bb9e48d880990c016f59db5a666fe7ad49e90723bdbdc0acfb756246ea192?s=96&d=mm&r=g\",\"contentUrl\":\"https:\/\/secure.gravatar.com\/avatar\/7a7bb9e48d880990c016f59db5a666fe7ad49e90723bdbdc0acfb756246ea192?s=96&d=mm&r=g\",\"caption\":\"Ferran Alcaraz\"}}]}<\/script>\n<!-- \/ Yoast SEO plugin. -->","yoast_head_json":{"title":"Recordatorio: es imprescindible actualizar la situaci\u00f3n colegial antes de comenzar a ejercer - COVB - Col\u00b7legi Oficial de Veterinaris de Barcelona","description":"En las \u00faltimas semanas se han detectado algunos casos de veterinarios que est\u00e1n trabajando en cl\u00ednica pero que constan en el Colegio Oficial de","robots":{"index":"index","follow":"follow","max-snippet":"max-snippet:-1","max-image-preview":"max-image-preview:large","max-video-preview":"max-video-preview:-1"},"canonical":"https:\/\/www.covb.cat\/es\/actualitat\/noticies\/general\/recordatorio-es-imprescindible-actualizar-la-situacion-colegial-antes-de-comenzar-a-ejercer\/","og_locale":"es_ES","og_type":"article","og_title":"Recordatorio: es imprescindible actualizar la situaci\u00f3n colegial antes de comenzar a ejercer - COVB - Col\u00b7legi Oficial de Veterinaris de Barcelona","og_description":"En las \u00faltimas semanas se han detectado algunos casos de veterinarios que est\u00e1n trabajando en cl\u00ednica pero que constan en el Colegio Oficial de","og_url":"https:\/\/www.covb.cat\/es\/actualitat\/noticies\/general\/recordatorio-es-imprescindible-actualizar-la-situacion-colegial-antes-de-comenzar-a-ejercer\/","og_site_name":"COVB","article_publisher":"https:\/\/www.facebook.com\/COVBcat\/","article_published_time":"2026-03-11T15:21:49+00:00","article_modified_time":"2026-03-13T11:43:45+00:00","og_image":[{"width":1200,"height":800,"url":"https:\/\/www.covb.cat\/wp-content\/uploads\/2026\/03\/Situacio-col.legial-WEB.jpg","type":"image\/jpeg"}],"author":"Ferran Alcaraz","twitter_card":"summary_large_image","twitter_creator":"@COVBcat","twitter_site":"@COVBcat","twitter_misc":{"Escrito por":"Ferran Alcaraz","Tiempo de lectura":"2 minutos"},"schema":{"@context":"https:\/\/schema.org","@graph":[{"@type":"Article","@id":"https:\/\/www.covb.cat\/es\/actualitat\/noticies\/general\/recordatorio-es-imprescindible-actualizar-la-situacion-colegial-antes-de-comenzar-a-ejercer\/#article","isPartOf":{"@id":"https:\/\/www.covb.cat\/es\/actualitat\/noticies\/general\/recordatorio-es-imprescindible-actualizar-la-situacion-colegial-antes-de-comenzar-a-ejercer\/"},"author":{"name":"Ferran Alcaraz","@id":"https:\/\/www.covb.cat\/es\/#\/schema\/person\/ddc9093bc091186c194bba72ca3be5e2"},"headline":"Recordatorio: es imprescindible actualizar la situaci\u00f3n colegial antes de comenzar a ejercer","datePublished":"2026-03-11T15:21:49+00:00","dateModified":"2026-03-13T11:43:45+00:00","mainEntityOfPage":{"@id":"https:\/\/www.covb.cat\/es\/actualitat\/noticies\/general\/recordatorio-es-imprescindible-actualizar-la-situacion-colegial-antes-de-comenzar-a-ejercer\/"},"wordCount":188,"publisher":{"@id":"https:\/\/www.covb.cat\/es\/#organization"},"image":{"@id":"https:\/\/www.covb.cat\/es\/actualitat\/noticies\/general\/recordatorio-es-imprescindible-actualizar-la-situacion-colegial-antes-de-comenzar-a-ejercer\/#primaryimage"},"thumbnailUrl":"https:\/\/www.covb.cat\/wp-content\/uploads\/2026\/03\/Situacio-col.legial-WEB.jpg","articleSection":["General","Profesi\u00f3n","Professi\u00f3"],"inLanguage":"es"},{"@type":"WebPage","@id":"https:\/\/www.covb.cat\/es\/actualitat\/noticies\/general\/recordatorio-es-imprescindible-actualizar-la-situacion-colegial-antes-de-comenzar-a-ejercer\/","url":"https:\/\/www.covb.cat\/es\/actualitat\/noticies\/general\/recordatorio-es-imprescindible-actualizar-la-situacion-colegial-antes-de-comenzar-a-ejercer\/","name":"Recordatorio: es imprescindible actualizar la situaci\u00f3n colegial antes de comenzar a ejercer - COVB - Col\u00b7legi Oficial de Veterinaris de Barcelona","isPartOf":{"@id":"https:\/\/www.covb.cat\/es\/#website"},"primaryImageOfPage":{"@id":"https:\/\/www.covb.cat\/es\/actualitat\/noticies\/general\/recordatorio-es-imprescindible-actualizar-la-situacion-colegial-antes-de-comenzar-a-ejercer\/#primaryimage"},"image":{"@id":"https:\/\/www.covb.cat\/es\/actualitat\/noticies\/general\/recordatorio-es-imprescindible-actualizar-la-situacion-colegial-antes-de-comenzar-a-ejercer\/#primaryimage"},"thumbnailUrl":"https:\/\/www.covb.cat\/wp-content\/uploads\/2026\/03\/Situacio-col.legial-WEB.jpg","datePublished":"2026-03-11T15:21:49+00:00","dateModified":"2026-03-13T11:43:45+00:00","description":"En las \u00faltimas semanas se han detectado algunos casos de veterinarios que est\u00e1n trabajando en cl\u00ednica pero que constan en el Colegio Oficial de","breadcrumb":{"@id":"https:\/\/www.covb.cat\/es\/actualitat\/noticies\/general\/recordatorio-es-imprescindible-actualizar-la-situacion-colegial-antes-de-comenzar-a-ejercer\/#breadcrumb"},"inLanguage":"es","potentialAction":[{"@type":"ReadAction","target":["https:\/\/www.covb.cat\/es\/actualitat\/noticies\/general\/recordatorio-es-imprescindible-actualizar-la-situacion-colegial-antes-de-comenzar-a-ejercer\/"]}]},{"@type":"ImageObject","inLanguage":"es","@id":"https:\/\/www.covb.cat\/es\/actualitat\/noticies\/general\/recordatorio-es-imprescindible-actualizar-la-situacion-colegial-antes-de-comenzar-a-ejercer\/#primaryimage","url":"https:\/\/www.covb.cat\/wp-content\/uploads\/2026\/03\/Situacio-col.legial-WEB.jpg","contentUrl":"https:\/\/www.covb.cat\/wp-content\/uploads\/2026\/03\/Situacio-col.legial-WEB.jpg","width":1200,"height":800},{"@type":"BreadcrumbList","@id":"https:\/\/www.covb.cat\/es\/actualitat\/noticies\/general\/recordatorio-es-imprescindible-actualizar-la-situacion-colegial-antes-de-comenzar-a-ejercer\/#breadcrumb","itemListElement":[{"@type":"ListItem","position":1,"name":"Inici","item":"https:\/\/www.covb.cat\/es\/"},{"@type":"ListItem","position":2,"name":"Recordatorio: es imprescindible actualizar la situaci\u00f3n colegial antes de comenzar a ejercer"}]},{"@type":"WebSite","@id":"https:\/\/www.covb.cat\/es\/#website","url":"https:\/\/www.covb.cat\/es\/","name":"COVB","description":"Col\u00b7legi Oficial de Veterinaris de Barcelona","publisher":{"@id":"https:\/\/www.covb.cat\/es\/#organization"},"potentialAction":[{"@type":"SearchAction","target":{"@type":"EntryPoint","urlTemplate":"https:\/\/www.covb.cat\/es\/?s={search_term_string}"},"query-input":{"@type":"PropertyValueSpecification","valueRequired":true,"valueName":"search_term_string"}}],"inLanguage":"es"},{"@type":"Organization","@id":"https:\/\/www.covb.cat\/es\/#organization","name":"COVB","url":"https:\/\/www.covb.cat\/es\/","logo":{"@type":"ImageObject","inLanguage":"es","@id":"https:\/\/www.covb.cat\/es\/#\/schema\/logo\/image\/","url":"https:\/\/www.covb.cat\/wp-content\/uploads\/2018\/07\/favicon-covb.png","contentUrl":"https:\/\/www.covb.cat\/wp-content\/uploads\/2018\/07\/favicon-covb.png","width":512,"height":512,"caption":"COVB"},"image":{"@id":"https:\/\/www.covb.cat\/es\/#\/schema\/logo\/image\/"},"sameAs":["https:\/\/www.facebook.com\/COVBcat\/","https:\/\/x.com\/COVBcat","https:\/\/www.youtube.com\/user\/covbcn"]},{"@type":"Person","@id":"https:\/\/www.covb.cat\/es\/#\/schema\/person\/ddc9093bc091186c194bba72ca3be5e2","name":"Ferran Alcaraz","image":{"@type":"ImageObject","inLanguage":"es","@id":"https:\/\/www.covb.cat\/es\/#\/schema\/person\/image\/","url":"https:\/\/secure.gravatar.com\/avatar\/7a7bb9e48d880990c016f59db5a666fe7ad49e90723bdbdc0acfb756246ea192?s=96&d=mm&r=g","contentUrl":"https:\/\/secure.gravatar.com\/avatar\/7a7bb9e48d880990c016f59db5a666fe7ad49e90723bdbdc0acfb756246ea192?s=96&d=mm&r=g","caption":"Ferran Alcaraz"}}]}},"jetpack_featured_media_url":"https:\/\/www.covb.cat\/wp-content\/uploads\/2026\/03\/Situacio-col.legial-WEB.jpg","jetpack_sharing_enabled":true,"_links":{"self":[{"href":"https:\/\/www.covb.cat\/es\/wp-json\/wp\/v2\/posts\/67896","targetHints":{"allow":["GET"]}}],"collection":[{"href":"https:\/\/www.covb.cat\/es\/wp-json\/wp\/v2\/posts"}],"about":[{"href":"https:\/\/www.covb.cat\/es\/wp-json\/wp\/v2\/types\/post"}],"author":[{"embeddable":true,"href":"https:\/\/www.covb.cat\/es\/wp-json\/wp\/v2\/users\/2985"}],"replies":[{"embeddable":true,"href":"https:\/\/www.covb.cat\/es\/wp-json\/wp\/v2\/comments?post=67896"}],"version-history":[{"count":2,"href":"https:\/\/www.covb.cat\/es\/wp-json\/wp\/v2\/posts\/67896\/revisions"}],"predecessor-version":[{"id":68012,"href":"https:\/\/www.covb.cat\/es\/wp-json\/wp\/v2\/posts\/67896\/revisions\/68012"}],"wp:featuredmedia":[{"embeddable":true,"href":"https:\/\/www.covb.cat\/es\/wp-json\/wp\/v2\/media\/67894"}],"wp:attachment":[{"href":"https:\/\/www.covb.cat\/es\/wp-json\/wp\/v2\/media?parent=67896"}],"wp:term":[{"taxonomy":"category","embeddable":true,"href":"https:\/\/www.covb.cat\/es\/wp-json\/wp\/v2\/categories?post=67896"},{"taxonomy":"post_tag","embeddable":true,"href":"https:\/\/www.covb.cat\/es\/wp-json\/wp\/v2\/tags?post=67896"}],"curies":[{"name":"wp","href":"https:\/\/api.w.org\/{rel}","templated":true}]}}