{"id":67883,"date":"2026-03-11T16:16:12","date_gmt":"2026-03-11T15:16:12","guid":{"rendered":"https:\/\/www.covb.cat\/?p=67883"},"modified":"2026-03-11T16:16:55","modified_gmt":"2026-03-11T15:16:55","slug":"la-veterinaria-espanola-impulsa-un-modelo-de-especializacion-basado-en-rigor-cientifico-y-alineado-con-europa","status":"publish","type":"post","link":"https:\/\/www.covb.cat\/es\/actualitat\/noticies\/general\/la-veterinaria-espanola-impulsa-un-modelo-de-especializacion-basado-en-rigor-cientifico-y-alineado-con-europa\/","title":{"rendered":"La veterinaria espa\u00f1ola impulsa un modelo de especializaci\u00f3n basado en rigor cient\u00edfico y alineado con Europa"},"content":{"rendered":"<p>La profesi\u00f3n veterinaria espa\u00f1ola ha expresado su respaldo al modelo de especializaci\u00f3n impulsado por la Organizaci\u00f3n Colegial Veterinaria (OCV), una iniciativa que tiene como objetivo establecer un sistema estructurado de especializaci\u00f3n veterinaria alineado con los est\u00e1ndares europeos de formaci\u00f3n y cualificaci\u00f3n profesional.<\/p>\n<p>Este proyecto se desarrolla con la participaci\u00f3n de universidades y diferentes asociaciones del sector veterinario, entre ellas la Asociaci\u00f3n de Veterinarios Especialistas en \u00c9quidos (AVEE), la Asociaci\u00f3n de Veterinarios Espa\u00f1oles Especialistas en Peque\u00f1os Animales (AVEPA), la Asociaci\u00f3n Nacional de Veterinarios de Porcino (ANAVEPOR), la Asociaci\u00f3n Nacional de Veterinarios de Porcino Ib\u00e9rico (ANVEPI), la Asociaci\u00f3n de Veterinarios Especialistas Diplomados de Espa\u00f1a (AVEDE), la Conferencia de Decanos y Decanas de las Facultades de Veterinaria de Espa\u00f1a (CDVE) y el European Board of Veterinary Specialisation (EBVS).<\/p>\n<p>Actualmente, la Uni\u00f3n Europea no dispone de un sistema \u00fanico de especializaci\u00f3n veterinaria reconocido oficialmente en todos los estados miembros. No obstante, las instituciones europeas trabajan en la creaci\u00f3n de mecanismos de reconocimiento autom\u00e1tico de cualificaciones profesionales mediante las denominadas <strong>Common Training Frameworks (CTF)<\/strong>.<\/p>\n<p>El modelo impulsado por la OCV establece un sistema de cualificaci\u00f3n progresiva alineado con el <strong>Marco Europeo de Cualificaciones (EQF\/MEC)<\/strong>:<\/p>\n<ul>\n<li>Graduado en Veterinaria (nivel MEC 6)<\/li>\n<li>Certificados OCV por especies (nivel MEC 7)<\/li>\n<li>Diplomados OCV por especialidad (nivel MEC 8)<\/li>\n<\/ul>\n<p>Los <strong>Certificados OCV<\/strong> se basan en el sistema europeo de acreditaci\u00f3n VetCEE y en el reconocimiento de cr\u00e9ditos ECTS, mientras que los <strong>Diplomados OCV<\/strong> corresponden a las especialidades reconocidas por el European Board of Veterinary Specialisation (EBVS), considerado el est\u00e1ndar internacional de especializaci\u00f3n veterinaria.<\/p>\n<p>El modelo propuesto incorpora competencias definidas basadas en resultados de aprendizaje, un enfoque formativo armonizado y mecanismos de evaluaci\u00f3n y acreditaci\u00f3n externa que garantizan la calidad y la comparabilidad internacional de las cualificaciones.<\/p>\n<p>Este sistema permitir\u00eda situar a la veterinaria espa\u00f1ola en un nivel equiparable al de otras profesiones sanitarias que ya cuentan con v\u00edas regladas de especializaci\u00f3n.<\/p>\n<p>Una vez consolidado el modelo de <strong>Certificados y Diplomados OCV<\/strong>, el siguiente paso ser\u00e1 trasladarlo a las autoridades competentes para iniciar el proceso de reconocimiento oficial.<\/p>\n<p>Este reconocimiento ser\u00e1 clave para garantizar seguridad jur\u00eddica, proteger a los consumidores frente a posibles pr\u00e1cticas enga\u00f1osas y reforzar la calidad asistencial veterinaria en todo el territorio nacional.<\/p>\n<p><a href=\"https:\/\/www.covb.cat\/wp-content\/uploads\/2026\/03\/090326_Nota-Posicionamiento-Especialidades-Veterinarias.pdf\">090326_Nota Posicionamiento Especialidades Veterinarias<\/a><\/p>\n","protected":false},"excerpt":{"rendered":"<p>La profesi\u00f3n veterinaria espa\u00f1ola ha expresado su respaldo al modelo de especializaci\u00f3n impulsado por la Organizaci\u00f3n Colegial Veterinaria (OCV), una iniciativa que tiene como objetivo establecer un sistema estructurado de especializaci\u00f3n veterinaria alineado con los est\u00e1ndares europeos de formaci\u00f3n y cualificaci\u00f3n profesional. Este proyecto se desarrolla con la participaci\u00f3n de universidades y diferentes asociaciones del [&hellip;]<\/p>\n","protected":false},"author":2985,"featured_media":67881,"comment_status":"closed","ping_status":"closed","sticky":false,"template":"","format":"standard","meta":{"_monsterinsights_skip_tracking":false,"_monsterinsights_sitenote_active":false,"_monsterinsights_sitenote_note":"","_monsterinsights_sitenote_category":0,"_jetpack_memberships_contains_paid_content":false,"footnotes":""},"categories":[17,164],"tags":[],"class_list":["post-67883","post","type-post","status-publish","format-standard","has-post-thumbnail","hentry","category-general","category-profesional"],"yoast_head":"<!-- This site is optimized with the Yoast SEO plugin v27.0 - https:\/\/yoast.com\/product\/yoast-seo-wordpress\/ -->\n<title>La veterinaria espa\u00f1ola impulsa un modelo de especializaci\u00f3n basado en rigor cient\u00edfico y alineado con Europa - COVB - Col\u00b7legi Oficial de Veterinaris de Barcelona<\/title>\n<meta name=\"description\" content=\"La profesi\u00f3n veterinaria espa\u00f1ola ha expresado su respaldo al modelo de especializaci\u00f3n impulsado por la Organizaci\u00f3n Colegial Veterinaria (OCV), una\" \/>\n<meta name=\"robots\" content=\"index, follow, max-snippet:-1, max-image-preview:large, max-video-preview:-1\" \/>\n<link rel=\"canonical\" href=\"https:\/\/www.covb.cat\/es\/actualitat\/noticies\/general\/la-veterinaria-espanola-impulsa-un-modelo-de-especializacion-basado-en-rigor-cientifico-y-alineado-con-europa\/\" \/>\n<meta property=\"og:locale\" content=\"es_ES\" \/>\n<meta property=\"og:type\" content=\"article\" \/>\n<meta property=\"og:title\" content=\"La veterinaria espa\u00f1ola impulsa un modelo de especializaci\u00f3n basado en rigor cient\u00edfico y alineado con Europa - COVB - Col\u00b7legi Oficial de Veterinaris de Barcelona\" \/>\n<meta property=\"og:description\" content=\"La profesi\u00f3n veterinaria espa\u00f1ola ha expresado su respaldo al modelo de especializaci\u00f3n impulsado por la Organizaci\u00f3n Colegial Veterinaria (OCV), una\" \/>\n<meta property=\"og:url\" content=\"https:\/\/www.covb.cat\/es\/actualitat\/noticies\/general\/la-veterinaria-espanola-impulsa-un-modelo-de-especializacion-basado-en-rigor-cientifico-y-alineado-con-europa\/\" \/>\n<meta property=\"og:site_name\" content=\"COVB\" \/>\n<meta property=\"article:publisher\" content=\"https:\/\/www.facebook.com\/COVBcat\/\" \/>\n<meta property=\"article:published_time\" content=\"2026-03-11T15:16:12+00:00\" \/>\n<meta property=\"article:modified_time\" content=\"2026-03-11T15:16:55+00:00\" \/>\n<meta property=\"og:image\" content=\"https:\/\/www.covb.cat\/wp-content\/uploads\/2026\/03\/Especialitat-veterinaria-WEB.jpg\" \/>\n\t<meta property=\"og:image:width\" content=\"1200\" \/>\n\t<meta property=\"og:image:height\" content=\"800\" \/>\n\t<meta property=\"og:image:type\" content=\"image\/jpeg\" \/>\n<meta name=\"author\" content=\"Ferran Alcaraz\" \/>\n<meta name=\"twitter:card\" content=\"summary_large_image\" \/>\n<meta name=\"twitter:creator\" content=\"@COVBcat\" \/>\n<meta name=\"twitter:site\" content=\"@COVBcat\" \/>\n<meta name=\"twitter:label1\" content=\"Escrito por\" \/>\n\t<meta name=\"twitter:data1\" content=\"Ferran Alcaraz\" \/>\n\t<meta name=\"twitter:label2\" content=\"Tiempo de lectura\" \/>\n\t<meta name=\"twitter:data2\" content=\"3 minutos\" \/>\n<script type=\"application\/ld+json\" class=\"yoast-schema-graph\">{\"@context\":\"https:\/\/schema.org\",\"@graph\":[{\"@type\":\"Article\",\"@id\":\"https:\/\/www.covb.cat\/es\/actualitat\/noticies\/general\/la-veterinaria-espanola-impulsa-un-modelo-de-especializacion-basado-en-rigor-cientifico-y-alineado-con-europa\/#article\",\"isPartOf\":{\"@id\":\"https:\/\/www.covb.cat\/es\/actualitat\/noticies\/general\/la-veterinaria-espanola-impulsa-un-modelo-de-especializacion-basado-en-rigor-cientifico-y-alineado-con-europa\/\"},\"author\":{\"name\":\"Ferran Alcaraz\",\"@id\":\"https:\/\/www.covb.cat\/es\/#\/schema\/person\/ddc9093bc091186c194bba72ca3be5e2\"},\"headline\":\"La veterinaria espa\u00f1ola impulsa un modelo de especializaci\u00f3n basado en rigor cient\u00edfico y alineado con Europa\",\"datePublished\":\"2026-03-11T15:16:12+00:00\",\"dateModified\":\"2026-03-11T15:16:55+00:00\",\"mainEntityOfPage\":{\"@id\":\"https:\/\/www.covb.cat\/es\/actualitat\/noticies\/general\/la-veterinaria-espanola-impulsa-un-modelo-de-especializacion-basado-en-rigor-cientifico-y-alineado-con-europa\/\"},\"wordCount\":423,\"publisher\":{\"@id\":\"https:\/\/www.covb.cat\/es\/#organization\"},\"image\":{\"@id\":\"https:\/\/www.covb.cat\/es\/actualitat\/noticies\/general\/la-veterinaria-espanola-impulsa-un-modelo-de-especializacion-basado-en-rigor-cientifico-y-alineado-con-europa\/#primaryimage\"},\"thumbnailUrl\":\"https:\/\/www.covb.cat\/wp-content\/uploads\/2026\/03\/Especialitat-veterinaria-WEB.jpg\",\"articleSection\":[\"General\",\"Profesi\u00f3n\"],\"inLanguage\":\"es\"},{\"@type\":\"WebPage\",\"@id\":\"https:\/\/www.covb.cat\/es\/actualitat\/noticies\/general\/la-veterinaria-espanola-impulsa-un-modelo-de-especializacion-basado-en-rigor-cientifico-y-alineado-con-europa\/\",\"url\":\"https:\/\/www.covb.cat\/es\/actualitat\/noticies\/general\/la-veterinaria-espanola-impulsa-un-modelo-de-especializacion-basado-en-rigor-cientifico-y-alineado-con-europa\/\",\"name\":\"La veterinaria espa\u00f1ola impulsa un modelo de especializaci\u00f3n basado en rigor cient\u00edfico y alineado con Europa - COVB - Col\u00b7legi Oficial de Veterinaris de Barcelona\",\"isPartOf\":{\"@id\":\"https:\/\/www.covb.cat\/es\/#website\"},\"primaryImageOfPage\":{\"@id\":\"https:\/\/www.covb.cat\/es\/actualitat\/noticies\/general\/la-veterinaria-espanola-impulsa-un-modelo-de-especializacion-basado-en-rigor-cientifico-y-alineado-con-europa\/#primaryimage\"},\"image\":{\"@id\":\"https:\/\/www.covb.cat\/es\/actualitat\/noticies\/general\/la-veterinaria-espanola-impulsa-un-modelo-de-especializacion-basado-en-rigor-cientifico-y-alineado-con-europa\/#primaryimage\"},\"thumbnailUrl\":\"https:\/\/www.covb.cat\/wp-content\/uploads\/2026\/03\/Especialitat-veterinaria-WEB.jpg\",\"datePublished\":\"2026-03-11T15:16:12+00:00\",\"dateModified\":\"2026-03-11T15:16:55+00:00\",\"description\":\"La profesi\u00f3n veterinaria espa\u00f1ola ha expresado su respaldo al modelo de especializaci\u00f3n impulsado por la Organizaci\u00f3n Colegial Veterinaria (OCV), una\",\"breadcrumb\":{\"@id\":\"https:\/\/www.covb.cat\/es\/actualitat\/noticies\/general\/la-veterinaria-espanola-impulsa-un-modelo-de-especializacion-basado-en-rigor-cientifico-y-alineado-con-europa\/#breadcrumb\"},\"inLanguage\":\"es\",\"potentialAction\":[{\"@type\":\"ReadAction\",\"target\":[\"https:\/\/www.covb.cat\/es\/actualitat\/noticies\/general\/la-veterinaria-espanola-impulsa-un-modelo-de-especializacion-basado-en-rigor-cientifico-y-alineado-con-europa\/\"]}]},{\"@type\":\"ImageObject\",\"inLanguage\":\"es\",\"@id\":\"https:\/\/www.covb.cat\/es\/actualitat\/noticies\/general\/la-veterinaria-espanola-impulsa-un-modelo-de-especializacion-basado-en-rigor-cientifico-y-alineado-con-europa\/#primaryimage\",\"url\":\"https:\/\/www.covb.cat\/wp-content\/uploads\/2026\/03\/Especialitat-veterinaria-WEB.jpg\",\"contentUrl\":\"https:\/\/www.covb.cat\/wp-content\/uploads\/2026\/03\/Especialitat-veterinaria-WEB.jpg\",\"width\":1200,\"height\":800},{\"@type\":\"BreadcrumbList\",\"@id\":\"https:\/\/www.covb.cat\/es\/actualitat\/noticies\/general\/la-veterinaria-espanola-impulsa-un-modelo-de-especializacion-basado-en-rigor-cientifico-y-alineado-con-europa\/#breadcrumb\",\"itemListElement\":[{\"@type\":\"ListItem\",\"position\":1,\"name\":\"Inici\",\"item\":\"https:\/\/www.covb.cat\/es\/\"},{\"@type\":\"ListItem\",\"position\":2,\"name\":\"La veterinaria espa\u00f1ola impulsa un modelo de especializaci\u00f3n basado en rigor cient\u00edfico y alineado con Europa\"}]},{\"@type\":\"WebSite\",\"@id\":\"https:\/\/www.covb.cat\/es\/#website\",\"url\":\"https:\/\/www.covb.cat\/es\/\",\"name\":\"COVB\",\"description\":\"Col\u00b7legi Oficial de Veterinaris de Barcelona\",\"publisher\":{\"@id\":\"https:\/\/www.covb.cat\/es\/#organization\"},\"potentialAction\":[{\"@type\":\"SearchAction\",\"target\":{\"@type\":\"EntryPoint\",\"urlTemplate\":\"https:\/\/www.covb.cat\/es\/?s={search_term_string}\"},\"query-input\":{\"@type\":\"PropertyValueSpecification\",\"valueRequired\":true,\"valueName\":\"search_term_string\"}}],\"inLanguage\":\"es\"},{\"@type\":\"Organization\",\"@id\":\"https:\/\/www.covb.cat\/es\/#organization\",\"name\":\"COVB\",\"url\":\"https:\/\/www.covb.cat\/es\/\",\"logo\":{\"@type\":\"ImageObject\",\"inLanguage\":\"es\",\"@id\":\"https:\/\/www.covb.cat\/es\/#\/schema\/logo\/image\/\",\"url\":\"https:\/\/www.covb.cat\/wp-content\/uploads\/2018\/07\/favicon-covb.png\",\"contentUrl\":\"https:\/\/www.covb.cat\/wp-content\/uploads\/2018\/07\/favicon-covb.png\",\"width\":512,\"height\":512,\"caption\":\"COVB\"},\"image\":{\"@id\":\"https:\/\/www.covb.cat\/es\/#\/schema\/logo\/image\/\"},\"sameAs\":[\"https:\/\/www.facebook.com\/COVBcat\/\",\"https:\/\/x.com\/COVBcat\",\"https:\/\/www.youtube.com\/user\/covbcn\"]},{\"@type\":\"Person\",\"@id\":\"https:\/\/www.covb.cat\/es\/#\/schema\/person\/ddc9093bc091186c194bba72ca3be5e2\",\"name\":\"Ferran Alcaraz\",\"image\":{\"@type\":\"ImageObject\",\"inLanguage\":\"es\",\"@id\":\"https:\/\/www.covb.cat\/es\/#\/schema\/person\/image\/\",\"url\":\"https:\/\/secure.gravatar.com\/avatar\/7a7bb9e48d880990c016f59db5a666fe7ad49e90723bdbdc0acfb756246ea192?s=96&d=mm&r=g\",\"contentUrl\":\"https:\/\/secure.gravatar.com\/avatar\/7a7bb9e48d880990c016f59db5a666fe7ad49e90723bdbdc0acfb756246ea192?s=96&d=mm&r=g\",\"caption\":\"Ferran Alcaraz\"}}]}<\/script>\n<!-- \/ Yoast SEO plugin. -->","yoast_head_json":{"title":"La veterinaria espa\u00f1ola impulsa un modelo de especializaci\u00f3n basado en rigor cient\u00edfico y alineado con Europa - COVB - Col\u00b7legi Oficial de Veterinaris de Barcelona","description":"La profesi\u00f3n veterinaria espa\u00f1ola ha expresado su respaldo al modelo de especializaci\u00f3n impulsado por la Organizaci\u00f3n Colegial Veterinaria (OCV), una","robots":{"index":"index","follow":"follow","max-snippet":"max-snippet:-1","max-image-preview":"max-image-preview:large","max-video-preview":"max-video-preview:-1"},"canonical":"https:\/\/www.covb.cat\/es\/actualitat\/noticies\/general\/la-veterinaria-espanola-impulsa-un-modelo-de-especializacion-basado-en-rigor-cientifico-y-alineado-con-europa\/","og_locale":"es_ES","og_type":"article","og_title":"La veterinaria espa\u00f1ola impulsa un modelo de especializaci\u00f3n basado en rigor cient\u00edfico y alineado con Europa - COVB - Col\u00b7legi Oficial de Veterinaris de Barcelona","og_description":"La profesi\u00f3n veterinaria espa\u00f1ola ha expresado su respaldo al modelo de especializaci\u00f3n impulsado por la Organizaci\u00f3n Colegial Veterinaria (OCV), una","og_url":"https:\/\/www.covb.cat\/es\/actualitat\/noticies\/general\/la-veterinaria-espanola-impulsa-un-modelo-de-especializacion-basado-en-rigor-cientifico-y-alineado-con-europa\/","og_site_name":"COVB","article_publisher":"https:\/\/www.facebook.com\/COVBcat\/","article_published_time":"2026-03-11T15:16:12+00:00","article_modified_time":"2026-03-11T15:16:55+00:00","og_image":[{"width":1200,"height":800,"url":"https:\/\/www.covb.cat\/wp-content\/uploads\/2026\/03\/Especialitat-veterinaria-WEB.jpg","type":"image\/jpeg"}],"author":"Ferran Alcaraz","twitter_card":"summary_large_image","twitter_creator":"@COVBcat","twitter_site":"@COVBcat","twitter_misc":{"Escrito por":"Ferran Alcaraz","Tiempo de lectura":"3 minutos"},"schema":{"@context":"https:\/\/schema.org","@graph":[{"@type":"Article","@id":"https:\/\/www.covb.cat\/es\/actualitat\/noticies\/general\/la-veterinaria-espanola-impulsa-un-modelo-de-especializacion-basado-en-rigor-cientifico-y-alineado-con-europa\/#article","isPartOf":{"@id":"https:\/\/www.covb.cat\/es\/actualitat\/noticies\/general\/la-veterinaria-espanola-impulsa-un-modelo-de-especializacion-basado-en-rigor-cientifico-y-alineado-con-europa\/"},"author":{"name":"Ferran Alcaraz","@id":"https:\/\/www.covb.cat\/es\/#\/schema\/person\/ddc9093bc091186c194bba72ca3be5e2"},"headline":"La veterinaria espa\u00f1ola impulsa un modelo de especializaci\u00f3n basado en rigor cient\u00edfico y alineado con Europa","datePublished":"2026-03-11T15:16:12+00:00","dateModified":"2026-03-11T15:16:55+00:00","mainEntityOfPage":{"@id":"https:\/\/www.covb.cat\/es\/actualitat\/noticies\/general\/la-veterinaria-espanola-impulsa-un-modelo-de-especializacion-basado-en-rigor-cientifico-y-alineado-con-europa\/"},"wordCount":423,"publisher":{"@id":"https:\/\/www.covb.cat\/es\/#organization"},"image":{"@id":"https:\/\/www.covb.cat\/es\/actualitat\/noticies\/general\/la-veterinaria-espanola-impulsa-un-modelo-de-especializacion-basado-en-rigor-cientifico-y-alineado-con-europa\/#primaryimage"},"thumbnailUrl":"https:\/\/www.covb.cat\/wp-content\/uploads\/2026\/03\/Especialitat-veterinaria-WEB.jpg","articleSection":["General","Profesi\u00f3n"],"inLanguage":"es"},{"@type":"WebPage","@id":"https:\/\/www.covb.cat\/es\/actualitat\/noticies\/general\/la-veterinaria-espanola-impulsa-un-modelo-de-especializacion-basado-en-rigor-cientifico-y-alineado-con-europa\/","url":"https:\/\/www.covb.cat\/es\/actualitat\/noticies\/general\/la-veterinaria-espanola-impulsa-un-modelo-de-especializacion-basado-en-rigor-cientifico-y-alineado-con-europa\/","name":"La veterinaria espa\u00f1ola impulsa un modelo de especializaci\u00f3n basado en rigor cient\u00edfico y alineado con Europa - COVB - Col\u00b7legi Oficial de Veterinaris de Barcelona","isPartOf":{"@id":"https:\/\/www.covb.cat\/es\/#website"},"primaryImageOfPage":{"@id":"https:\/\/www.covb.cat\/es\/actualitat\/noticies\/general\/la-veterinaria-espanola-impulsa-un-modelo-de-especializacion-basado-en-rigor-cientifico-y-alineado-con-europa\/#primaryimage"},"image":{"@id":"https:\/\/www.covb.cat\/es\/actualitat\/noticies\/general\/la-veterinaria-espanola-impulsa-un-modelo-de-especializacion-basado-en-rigor-cientifico-y-alineado-con-europa\/#primaryimage"},"thumbnailUrl":"https:\/\/www.covb.cat\/wp-content\/uploads\/2026\/03\/Especialitat-veterinaria-WEB.jpg","datePublished":"2026-03-11T15:16:12+00:00","dateModified":"2026-03-11T15:16:55+00:00","description":"La profesi\u00f3n veterinaria espa\u00f1ola ha expresado su respaldo al modelo de especializaci\u00f3n impulsado por la Organizaci\u00f3n Colegial Veterinaria (OCV), una","breadcrumb":{"@id":"https:\/\/www.covb.cat\/es\/actualitat\/noticies\/general\/la-veterinaria-espanola-impulsa-un-modelo-de-especializacion-basado-en-rigor-cientifico-y-alineado-con-europa\/#breadcrumb"},"inLanguage":"es","potentialAction":[{"@type":"ReadAction","target":["https:\/\/www.covb.cat\/es\/actualitat\/noticies\/general\/la-veterinaria-espanola-impulsa-un-modelo-de-especializacion-basado-en-rigor-cientifico-y-alineado-con-europa\/"]}]},{"@type":"ImageObject","inLanguage":"es","@id":"https:\/\/www.covb.cat\/es\/actualitat\/noticies\/general\/la-veterinaria-espanola-impulsa-un-modelo-de-especializacion-basado-en-rigor-cientifico-y-alineado-con-europa\/#primaryimage","url":"https:\/\/www.covb.cat\/wp-content\/uploads\/2026\/03\/Especialitat-veterinaria-WEB.jpg","contentUrl":"https:\/\/www.covb.cat\/wp-content\/uploads\/2026\/03\/Especialitat-veterinaria-WEB.jpg","width":1200,"height":800},{"@type":"BreadcrumbList","@id":"https:\/\/www.covb.cat\/es\/actualitat\/noticies\/general\/la-veterinaria-espanola-impulsa-un-modelo-de-especializacion-basado-en-rigor-cientifico-y-alineado-con-europa\/#breadcrumb","itemListElement":[{"@type":"ListItem","position":1,"name":"Inici","item":"https:\/\/www.covb.cat\/es\/"},{"@type":"ListItem","position":2,"name":"La veterinaria espa\u00f1ola impulsa un modelo de especializaci\u00f3n basado en rigor cient\u00edfico y alineado con Europa"}]},{"@type":"WebSite","@id":"https:\/\/www.covb.cat\/es\/#website","url":"https:\/\/www.covb.cat\/es\/","name":"COVB","description":"Col\u00b7legi Oficial de Veterinaris de Barcelona","publisher":{"@id":"https:\/\/www.covb.cat\/es\/#organization"},"potentialAction":[{"@type":"SearchAction","target":{"@type":"EntryPoint","urlTemplate":"https:\/\/www.covb.cat\/es\/?s={search_term_string}"},"query-input":{"@type":"PropertyValueSpecification","valueRequired":true,"valueName":"search_term_string"}}],"inLanguage":"es"},{"@type":"Organization","@id":"https:\/\/www.covb.cat\/es\/#organization","name":"COVB","url":"https:\/\/www.covb.cat\/es\/","logo":{"@type":"ImageObject","inLanguage":"es","@id":"https:\/\/www.covb.cat\/es\/#\/schema\/logo\/image\/","url":"https:\/\/www.covb.cat\/wp-content\/uploads\/2018\/07\/favicon-covb.png","contentUrl":"https:\/\/www.covb.cat\/wp-content\/uploads\/2018\/07\/favicon-covb.png","width":512,"height":512,"caption":"COVB"},"image":{"@id":"https:\/\/www.covb.cat\/es\/#\/schema\/logo\/image\/"},"sameAs":["https:\/\/www.facebook.com\/COVBcat\/","https:\/\/x.com\/COVBcat","https:\/\/www.youtube.com\/user\/covbcn"]},{"@type":"Person","@id":"https:\/\/www.covb.cat\/es\/#\/schema\/person\/ddc9093bc091186c194bba72ca3be5e2","name":"Ferran Alcaraz","image":{"@type":"ImageObject","inLanguage":"es","@id":"https:\/\/www.covb.cat\/es\/#\/schema\/person\/image\/","url":"https:\/\/secure.gravatar.com\/avatar\/7a7bb9e48d880990c016f59db5a666fe7ad49e90723bdbdc0acfb756246ea192?s=96&d=mm&r=g","contentUrl":"https:\/\/secure.gravatar.com\/avatar\/7a7bb9e48d880990c016f59db5a666fe7ad49e90723bdbdc0acfb756246ea192?s=96&d=mm&r=g","caption":"Ferran Alcaraz"}}]}},"jetpack_featured_media_url":"https:\/\/www.covb.cat\/wp-content\/uploads\/2026\/03\/Especialitat-veterinaria-WEB.jpg","jetpack_sharing_enabled":true,"_links":{"self":[{"href":"https:\/\/www.covb.cat\/es\/wp-json\/wp\/v2\/posts\/67883","targetHints":{"allow":["GET"]}}],"collection":[{"href":"https:\/\/www.covb.cat\/es\/wp-json\/wp\/v2\/posts"}],"about":[{"href":"https:\/\/www.covb.cat\/es\/wp-json\/wp\/v2\/types\/post"}],"author":[{"embeddable":true,"href":"https:\/\/www.covb.cat\/es\/wp-json\/wp\/v2\/users\/2985"}],"replies":[{"embeddable":true,"href":"https:\/\/www.covb.cat\/es\/wp-json\/wp\/v2\/comments?post=67883"}],"version-history":[{"count":2,"href":"https:\/\/www.covb.cat\/es\/wp-json\/wp\/v2\/posts\/67883\/revisions"}],"predecessor-version":[{"id":67885,"href":"https:\/\/www.covb.cat\/es\/wp-json\/wp\/v2\/posts\/67883\/revisions\/67885"}],"wp:featuredmedia":[{"embeddable":true,"href":"https:\/\/www.covb.cat\/es\/wp-json\/wp\/v2\/media\/67881"}],"wp:attachment":[{"href":"https:\/\/www.covb.cat\/es\/wp-json\/wp\/v2\/media?parent=67883"}],"wp:term":[{"taxonomy":"category","embeddable":true,"href":"https:\/\/www.covb.cat\/es\/wp-json\/wp\/v2\/categories?post=67883"},{"taxonomy":"post_tag","embeddable":true,"href":"https:\/\/www.covb.cat\/es\/wp-json\/wp\/v2\/tags?post=67883"}],"curies":[{"name":"wp","href":"https:\/\/api.w.org\/{rel}","templated":true}]}}