{"id":67688,"date":"2026-03-05T18:59:03","date_gmt":"2026-03-05T17:59:03","guid":{"rendered":"https:\/\/www.covb.cat\/?p=67688"},"modified":"2026-03-05T18:59:03","modified_gmt":"2026-03-05T17:59:03","slug":"peste-porcina-africana-en-cataluna-detectados-tres-nuevos-focos-en-jabalies","status":"publish","type":"post","link":"https:\/\/www.covb.cat\/es\/actualitat\/noticies\/alertas\/peste-porcina-africana-en-cataluna-detectados-tres-nuevos-focos-en-jabalies\/","title":{"rendered":"Peste porcina africana en Catalu\u00f1a: detectados tres nuevos focos en jabal\u00edes"},"content":{"rendered":"<p>El Ministerio de Agricultura, Pesca y Alimentaci\u00f3n (MAPA) ha actualizado la situaci\u00f3n de la peste porcina africana (PPA) en jabal\u00edes en Catalu\u00f1a con fecha <strong>5 de marzo de 2026<\/strong>. Seg\u00fan la informaci\u00f3n comunicada por los Servicios Veterinarios Oficiales de la Generalitat, desde la \u00faltima actualizaci\u00f3n del 26 de febrero se han detectado <strong>tres nuevos focos en jabal\u00edes silvestres<\/strong> dentro de la zona restringida II.<\/p>\n<p>Con estas detecciones, el n\u00famero total de focos notificados asciende a <strong>37 (3 primarios y 34 secundarios)<\/strong> y el n\u00famero acumulado de jabal\u00edes positivos alcanza los <strong>216 casos<\/strong>.<\/p>\n<p><strong>MUNICIPIOS AFECTADOS<\/strong><\/p>\n<p>Los casos se han detectado en jabal\u00edes hallados muertos, restos encontrados en el medio natural o animales abatidos en municipios incluidos en la zona restringida. Hasta el momento se han registrado casos en <strong>ocho municipios<\/strong>:<\/p>\n<ul>\n<li>Cerdanyola del Vall\u00e8s<\/li>\n<li>Sant Cugat del Vall\u00e8s<\/li>\n<li>Sant Quirze del Vall\u00e8s<\/li>\n<li>Terrassa<\/li>\n<li>Rub\u00ed<\/li>\n<li>Molins de Rei<\/li>\n<li>Sant Feliu de Llobregat<\/li>\n<li>Sant Just Desvern (primer caso detectado en este municipio)<\/li>\n<\/ul>\n<p>Paralelamente, se han analizado <strong>1.708 jabal\u00edes con resultado negativo<\/strong>, dentro de los programas de vigilancia activa y pasiva desplegados en la zona afectada.<\/p>\n<p><strong>CONTROL POBLACIONAL Y VIGILANCIA REFORZADA<\/strong><\/p>\n<p>Las autoridades contin\u00faan con las labores intensivas de control poblacional de jabal\u00edes y b\u00fasqueda de cad\u00e1veres para limitar la propagaci\u00f3n del virus. En las tres primeras semanas desde el refuerzo del control poblacional en la zona I se han abatido <strong>217 jabal\u00edes<\/strong>, todos ellos con resultado negativo por PCR.<\/p>\n<p>Tambi\u00e9n se han reforzado las medidas de aislamiento y las barreras f\u00edsicas para limitar los movimientos de los animales. Actualmente existen <strong>222 puntos de control con vallados y pasos espec\u00edficos<\/strong> instalados en zonas de riesgo de paso de jabal\u00edes.<\/p>\n<p><strong>SITUACI\u00d3N EN LAS EXPLOTACIONES PORCINAS<\/strong><\/p>\n<p>Los Servicios Veterinarios Oficiales mantienen la vigilancia en las explotaciones situadas dentro de las zonas restringidas. Hasta el momento se han inspeccionado <strong>45 explotaciones porcinas comerciales y 15 establecimientos no comerciales<\/strong>, sin detectarse signos cl\u00ednicos ni lesiones compatibles con la enfermedad.<\/p>\n<p>Ante esta situaci\u00f3n, las autoridades recuerdan la necesidad de extremar las medidas de <strong>bioseguridad en explotaciones porcinas y en el transporte de animales<\/strong>, as\u00ed como de comunicar de forma inmediata cualquier sospecha a los servicios veterinarios oficiales.<\/p>\n<p>Cabe recordar que la <strong>peste porcina africana no es una enfermedad zoon\u00f3sica<\/strong>, por lo que no afecta a las personas ni se transmite a trav\u00e9s del consumo de productos porcinos.<\/p>\n<p>Desde el COVB continuaremos informando a los colegiados y colegiadas sobre la evoluci\u00f3n de la situaci\u00f3n epidemiol\u00f3gica y las medidas adoptadas por las autoridades sanitarias.<\/p>\n<p><a href=\"https:\/\/www.covb.cat\/wp-content\/uploads\/2026\/03\/Agricultura_Actualizacion_Peste_porcina_africana_PPA_Cataluna_5_03_2026.pdf\" target=\"_blank\" rel=\"noopener\">Agricultura_Actualizacion_Peste_porcina_africana_PPA_Cataluna_5_03_2026 (Descargar PDF)<\/a><\/p>\n","protected":false},"excerpt":{"rendered":"<p>El Ministerio de Agricultura, Pesca y Alimentaci\u00f3n (MAPA) ha actualizado la situaci\u00f3n de la peste porcina africana (PPA) en jabal\u00edes en Catalu\u00f1a con fecha 5 de marzo de 2026. Seg\u00fan la informaci\u00f3n comunicada por los Servicios Veterinarios Oficiales de la Generalitat, desde la \u00faltima actualizaci\u00f3n del 26 de febrero se han detectado tres nuevos focos [&hellip;]<\/p>\n","protected":false},"author":2985,"featured_media":67686,"comment_status":"closed","ping_status":"closed","sticky":false,"template":"","format":"standard","meta":{"_monsterinsights_skip_tracking":false,"_monsterinsights_sitenote_active":false,"_monsterinsights_sitenote_note":"","_monsterinsights_sitenote_category":0,"_jetpack_memberships_contains_paid_content":false,"footnotes":""},"categories":[156,17],"tags":[],"class_list":["post-67688","post","type-post","status-publish","format-standard","has-post-thumbnail","hentry","category-alertas","category-general"],"yoast_head":"<!-- This site is optimized with the Yoast SEO plugin v27.0 - https:\/\/yoast.com\/product\/yoast-seo-wordpress\/ -->\n<title>Peste porcina africana en Catalu\u00f1a: detectados tres nuevos focos en jabal\u00edes - COVB - Col\u00b7legi Oficial de Veterinaris de Barcelona<\/title>\n<meta name=\"description\" content=\"El Ministerio de Agricultura, Pesca y Alimentaci\u00f3n (MAPA) ha actualizado la situaci\u00f3n de la peste porcina africana (PPA) en jabal\u00edes en Catalu\u00f1a con fecha\" \/>\n<meta name=\"robots\" content=\"index, follow, max-snippet:-1, max-image-preview:large, max-video-preview:-1\" \/>\n<link rel=\"canonical\" href=\"https:\/\/www.covb.cat\/es\/actualitat\/noticies\/alertas\/peste-porcina-africana-en-cataluna-detectados-tres-nuevos-focos-en-jabalies\/\" \/>\n<meta property=\"og:locale\" content=\"es_ES\" \/>\n<meta property=\"og:type\" content=\"article\" \/>\n<meta property=\"og:title\" content=\"Peste porcina africana en Catalu\u00f1a: detectados tres nuevos focos en jabal\u00edes - COVB - Col\u00b7legi Oficial de Veterinaris de Barcelona\" \/>\n<meta property=\"og:description\" content=\"El Ministerio de Agricultura, Pesca y Alimentaci\u00f3n (MAPA) ha actualizado la situaci\u00f3n de la peste porcina africana (PPA) en jabal\u00edes en Catalu\u00f1a con fecha\" \/>\n<meta property=\"og:url\" content=\"https:\/\/www.covb.cat\/es\/actualitat\/noticies\/alertas\/peste-porcina-africana-en-cataluna-detectados-tres-nuevos-focos-en-jabalies\/\" \/>\n<meta property=\"og:site_name\" content=\"COVB\" \/>\n<meta property=\"article:publisher\" content=\"https:\/\/www.facebook.com\/COVBcat\/\" \/>\n<meta property=\"article:published_time\" content=\"2026-03-05T17:59:03+00:00\" \/>\n<meta property=\"og:image\" content=\"https:\/\/www.covb.cat\/wp-content\/uploads\/2026\/03\/Pesta-Porcina-WEB.jpg\" \/>\n\t<meta property=\"og:image:width\" content=\"1200\" \/>\n\t<meta property=\"og:image:height\" content=\"800\" \/>\n\t<meta property=\"og:image:type\" content=\"image\/jpeg\" \/>\n<meta name=\"author\" content=\"Ferran Alcaraz\" \/>\n<meta name=\"twitter:card\" content=\"summary_large_image\" \/>\n<meta name=\"twitter:creator\" content=\"@COVBcat\" \/>\n<meta name=\"twitter:site\" content=\"@COVBcat\" \/>\n<meta name=\"twitter:label1\" content=\"Escrito por\" \/>\n\t<meta name=\"twitter:data1\" content=\"Ferran Alcaraz\" \/>\n\t<meta name=\"twitter:label2\" content=\"Tiempo de lectura\" \/>\n\t<meta name=\"twitter:data2\" content=\"3 minutos\" \/>\n<script type=\"application\/ld+json\" class=\"yoast-schema-graph\">{\"@context\":\"https:\/\/schema.org\",\"@graph\":[{\"@type\":\"Article\",\"@id\":\"https:\/\/www.covb.cat\/es\/actualitat\/noticies\/alertas\/peste-porcina-africana-en-cataluna-detectados-tres-nuevos-focos-en-jabalies\/#article\",\"isPartOf\":{\"@id\":\"https:\/\/www.covb.cat\/es\/actualitat\/noticies\/alertas\/peste-porcina-africana-en-cataluna-detectados-tres-nuevos-focos-en-jabalies\/\"},\"author\":{\"name\":\"Ferran Alcaraz\",\"@id\":\"https:\/\/www.covb.cat\/es\/#\/schema\/person\/ddc9093bc091186c194bba72ca3be5e2\"},\"headline\":\"Peste porcina africana en Catalu\u00f1a: detectados tres nuevos focos en jabal\u00edes\",\"datePublished\":\"2026-03-05T17:59:03+00:00\",\"mainEntityOfPage\":{\"@id\":\"https:\/\/www.covb.cat\/es\/actualitat\/noticies\/alertas\/peste-porcina-africana-en-cataluna-detectados-tres-nuevos-focos-en-jabalies\/\"},\"wordCount\":456,\"publisher\":{\"@id\":\"https:\/\/www.covb.cat\/es\/#organization\"},\"image\":{\"@id\":\"https:\/\/www.covb.cat\/es\/actualitat\/noticies\/alertas\/peste-porcina-africana-en-cataluna-detectados-tres-nuevos-focos-en-jabalies\/#primaryimage\"},\"thumbnailUrl\":\"https:\/\/www.covb.cat\/wp-content\/uploads\/2026\/03\/Pesta-Porcina-WEB.jpg\",\"articleSection\":[\"Alertas\",\"General\"],\"inLanguage\":\"es\"},{\"@type\":\"WebPage\",\"@id\":\"https:\/\/www.covb.cat\/es\/actualitat\/noticies\/alertas\/peste-porcina-africana-en-cataluna-detectados-tres-nuevos-focos-en-jabalies\/\",\"url\":\"https:\/\/www.covb.cat\/es\/actualitat\/noticies\/alertas\/peste-porcina-africana-en-cataluna-detectados-tres-nuevos-focos-en-jabalies\/\",\"name\":\"Peste porcina africana en Catalu\u00f1a: detectados tres nuevos focos en jabal\u00edes - COVB - Col\u00b7legi Oficial de Veterinaris de Barcelona\",\"isPartOf\":{\"@id\":\"https:\/\/www.covb.cat\/es\/#website\"},\"primaryImageOfPage\":{\"@id\":\"https:\/\/www.covb.cat\/es\/actualitat\/noticies\/alertas\/peste-porcina-africana-en-cataluna-detectados-tres-nuevos-focos-en-jabalies\/#primaryimage\"},\"image\":{\"@id\":\"https:\/\/www.covb.cat\/es\/actualitat\/noticies\/alertas\/peste-porcina-africana-en-cataluna-detectados-tres-nuevos-focos-en-jabalies\/#primaryimage\"},\"thumbnailUrl\":\"https:\/\/www.covb.cat\/wp-content\/uploads\/2026\/03\/Pesta-Porcina-WEB.jpg\",\"datePublished\":\"2026-03-05T17:59:03+00:00\",\"description\":\"El Ministerio de Agricultura, Pesca y Alimentaci\u00f3n (MAPA) ha actualizado la situaci\u00f3n de la peste porcina africana (PPA) en jabal\u00edes en Catalu\u00f1a con fecha\",\"breadcrumb\":{\"@id\":\"https:\/\/www.covb.cat\/es\/actualitat\/noticies\/alertas\/peste-porcina-africana-en-cataluna-detectados-tres-nuevos-focos-en-jabalies\/#breadcrumb\"},\"inLanguage\":\"es\",\"potentialAction\":[{\"@type\":\"ReadAction\",\"target\":[\"https:\/\/www.covb.cat\/es\/actualitat\/noticies\/alertas\/peste-porcina-africana-en-cataluna-detectados-tres-nuevos-focos-en-jabalies\/\"]}]},{\"@type\":\"ImageObject\",\"inLanguage\":\"es\",\"@id\":\"https:\/\/www.covb.cat\/es\/actualitat\/noticies\/alertas\/peste-porcina-africana-en-cataluna-detectados-tres-nuevos-focos-en-jabalies\/#primaryimage\",\"url\":\"https:\/\/www.covb.cat\/wp-content\/uploads\/2026\/03\/Pesta-Porcina-WEB.jpg\",\"contentUrl\":\"https:\/\/www.covb.cat\/wp-content\/uploads\/2026\/03\/Pesta-Porcina-WEB.jpg\",\"width\":1200,\"height\":800},{\"@type\":\"BreadcrumbList\",\"@id\":\"https:\/\/www.covb.cat\/es\/actualitat\/noticies\/alertas\/peste-porcina-africana-en-cataluna-detectados-tres-nuevos-focos-en-jabalies\/#breadcrumb\",\"itemListElement\":[{\"@type\":\"ListItem\",\"position\":1,\"name\":\"Inici\",\"item\":\"https:\/\/www.covb.cat\/es\/\"},{\"@type\":\"ListItem\",\"position\":2,\"name\":\"Peste porcina africana en Catalu\u00f1a: detectados tres nuevos focos en jabal\u00edes\"}]},{\"@type\":\"WebSite\",\"@id\":\"https:\/\/www.covb.cat\/es\/#website\",\"url\":\"https:\/\/www.covb.cat\/es\/\",\"name\":\"COVB\",\"description\":\"Col\u00b7legi Oficial de Veterinaris de Barcelona\",\"publisher\":{\"@id\":\"https:\/\/www.covb.cat\/es\/#organization\"},\"potentialAction\":[{\"@type\":\"SearchAction\",\"target\":{\"@type\":\"EntryPoint\",\"urlTemplate\":\"https:\/\/www.covb.cat\/es\/?s={search_term_string}\"},\"query-input\":{\"@type\":\"PropertyValueSpecification\",\"valueRequired\":true,\"valueName\":\"search_term_string\"}}],\"inLanguage\":\"es\"},{\"@type\":\"Organization\",\"@id\":\"https:\/\/www.covb.cat\/es\/#organization\",\"name\":\"COVB\",\"url\":\"https:\/\/www.covb.cat\/es\/\",\"logo\":{\"@type\":\"ImageObject\",\"inLanguage\":\"es\",\"@id\":\"https:\/\/www.covb.cat\/es\/#\/schema\/logo\/image\/\",\"url\":\"https:\/\/www.covb.cat\/wp-content\/uploads\/2018\/07\/favicon-covb.png\",\"contentUrl\":\"https:\/\/www.covb.cat\/wp-content\/uploads\/2018\/07\/favicon-covb.png\",\"width\":512,\"height\":512,\"caption\":\"COVB\"},\"image\":{\"@id\":\"https:\/\/www.covb.cat\/es\/#\/schema\/logo\/image\/\"},\"sameAs\":[\"https:\/\/www.facebook.com\/COVBcat\/\",\"https:\/\/x.com\/COVBcat\",\"https:\/\/www.youtube.com\/user\/covbcn\"]},{\"@type\":\"Person\",\"@id\":\"https:\/\/www.covb.cat\/es\/#\/schema\/person\/ddc9093bc091186c194bba72ca3be5e2\",\"name\":\"Ferran Alcaraz\",\"image\":{\"@type\":\"ImageObject\",\"inLanguage\":\"es\",\"@id\":\"https:\/\/www.covb.cat\/es\/#\/schema\/person\/image\/\",\"url\":\"https:\/\/secure.gravatar.com\/avatar\/7a7bb9e48d880990c016f59db5a666fe7ad49e90723bdbdc0acfb756246ea192?s=96&d=mm&r=g\",\"contentUrl\":\"https:\/\/secure.gravatar.com\/avatar\/7a7bb9e48d880990c016f59db5a666fe7ad49e90723bdbdc0acfb756246ea192?s=96&d=mm&r=g\",\"caption\":\"Ferran Alcaraz\"}}]}<\/script>\n<!-- \/ Yoast SEO plugin. -->","yoast_head_json":{"title":"Peste porcina africana en Catalu\u00f1a: detectados tres nuevos focos en jabal\u00edes - COVB - Col\u00b7legi Oficial de Veterinaris de Barcelona","description":"El Ministerio de Agricultura, Pesca y Alimentaci\u00f3n (MAPA) ha actualizado la situaci\u00f3n de la peste porcina africana (PPA) en jabal\u00edes en Catalu\u00f1a con fecha","robots":{"index":"index","follow":"follow","max-snippet":"max-snippet:-1","max-image-preview":"max-image-preview:large","max-video-preview":"max-video-preview:-1"},"canonical":"https:\/\/www.covb.cat\/es\/actualitat\/noticies\/alertas\/peste-porcina-africana-en-cataluna-detectados-tres-nuevos-focos-en-jabalies\/","og_locale":"es_ES","og_type":"article","og_title":"Peste porcina africana en Catalu\u00f1a: detectados tres nuevos focos en jabal\u00edes - COVB - Col\u00b7legi Oficial de Veterinaris de Barcelona","og_description":"El Ministerio de Agricultura, Pesca y Alimentaci\u00f3n (MAPA) ha actualizado la situaci\u00f3n de la peste porcina africana (PPA) en jabal\u00edes en Catalu\u00f1a con fecha","og_url":"https:\/\/www.covb.cat\/es\/actualitat\/noticies\/alertas\/peste-porcina-africana-en-cataluna-detectados-tres-nuevos-focos-en-jabalies\/","og_site_name":"COVB","article_publisher":"https:\/\/www.facebook.com\/COVBcat\/","article_published_time":"2026-03-05T17:59:03+00:00","og_image":[{"width":1200,"height":800,"url":"https:\/\/www.covb.cat\/wp-content\/uploads\/2026\/03\/Pesta-Porcina-WEB.jpg","type":"image\/jpeg"}],"author":"Ferran Alcaraz","twitter_card":"summary_large_image","twitter_creator":"@COVBcat","twitter_site":"@COVBcat","twitter_misc":{"Escrito por":"Ferran Alcaraz","Tiempo de lectura":"3 minutos"},"schema":{"@context":"https:\/\/schema.org","@graph":[{"@type":"Article","@id":"https:\/\/www.covb.cat\/es\/actualitat\/noticies\/alertas\/peste-porcina-africana-en-cataluna-detectados-tres-nuevos-focos-en-jabalies\/#article","isPartOf":{"@id":"https:\/\/www.covb.cat\/es\/actualitat\/noticies\/alertas\/peste-porcina-africana-en-cataluna-detectados-tres-nuevos-focos-en-jabalies\/"},"author":{"name":"Ferran Alcaraz","@id":"https:\/\/www.covb.cat\/es\/#\/schema\/person\/ddc9093bc091186c194bba72ca3be5e2"},"headline":"Peste porcina africana en Catalu\u00f1a: detectados tres nuevos focos en jabal\u00edes","datePublished":"2026-03-05T17:59:03+00:00","mainEntityOfPage":{"@id":"https:\/\/www.covb.cat\/es\/actualitat\/noticies\/alertas\/peste-porcina-africana-en-cataluna-detectados-tres-nuevos-focos-en-jabalies\/"},"wordCount":456,"publisher":{"@id":"https:\/\/www.covb.cat\/es\/#organization"},"image":{"@id":"https:\/\/www.covb.cat\/es\/actualitat\/noticies\/alertas\/peste-porcina-africana-en-cataluna-detectados-tres-nuevos-focos-en-jabalies\/#primaryimage"},"thumbnailUrl":"https:\/\/www.covb.cat\/wp-content\/uploads\/2026\/03\/Pesta-Porcina-WEB.jpg","articleSection":["Alertas","General"],"inLanguage":"es"},{"@type":"WebPage","@id":"https:\/\/www.covb.cat\/es\/actualitat\/noticies\/alertas\/peste-porcina-africana-en-cataluna-detectados-tres-nuevos-focos-en-jabalies\/","url":"https:\/\/www.covb.cat\/es\/actualitat\/noticies\/alertas\/peste-porcina-africana-en-cataluna-detectados-tres-nuevos-focos-en-jabalies\/","name":"Peste porcina africana en Catalu\u00f1a: detectados tres nuevos focos en jabal\u00edes - COVB - Col\u00b7legi Oficial de Veterinaris de Barcelona","isPartOf":{"@id":"https:\/\/www.covb.cat\/es\/#website"},"primaryImageOfPage":{"@id":"https:\/\/www.covb.cat\/es\/actualitat\/noticies\/alertas\/peste-porcina-africana-en-cataluna-detectados-tres-nuevos-focos-en-jabalies\/#primaryimage"},"image":{"@id":"https:\/\/www.covb.cat\/es\/actualitat\/noticies\/alertas\/peste-porcina-africana-en-cataluna-detectados-tres-nuevos-focos-en-jabalies\/#primaryimage"},"thumbnailUrl":"https:\/\/www.covb.cat\/wp-content\/uploads\/2026\/03\/Pesta-Porcina-WEB.jpg","datePublished":"2026-03-05T17:59:03+00:00","description":"El Ministerio de Agricultura, Pesca y Alimentaci\u00f3n (MAPA) ha actualizado la situaci\u00f3n de la peste porcina africana (PPA) en jabal\u00edes en Catalu\u00f1a con fecha","breadcrumb":{"@id":"https:\/\/www.covb.cat\/es\/actualitat\/noticies\/alertas\/peste-porcina-africana-en-cataluna-detectados-tres-nuevos-focos-en-jabalies\/#breadcrumb"},"inLanguage":"es","potentialAction":[{"@type":"ReadAction","target":["https:\/\/www.covb.cat\/es\/actualitat\/noticies\/alertas\/peste-porcina-africana-en-cataluna-detectados-tres-nuevos-focos-en-jabalies\/"]}]},{"@type":"ImageObject","inLanguage":"es","@id":"https:\/\/www.covb.cat\/es\/actualitat\/noticies\/alertas\/peste-porcina-africana-en-cataluna-detectados-tres-nuevos-focos-en-jabalies\/#primaryimage","url":"https:\/\/www.covb.cat\/wp-content\/uploads\/2026\/03\/Pesta-Porcina-WEB.jpg","contentUrl":"https:\/\/www.covb.cat\/wp-content\/uploads\/2026\/03\/Pesta-Porcina-WEB.jpg","width":1200,"height":800},{"@type":"BreadcrumbList","@id":"https:\/\/www.covb.cat\/es\/actualitat\/noticies\/alertas\/peste-porcina-africana-en-cataluna-detectados-tres-nuevos-focos-en-jabalies\/#breadcrumb","itemListElement":[{"@type":"ListItem","position":1,"name":"Inici","item":"https:\/\/www.covb.cat\/es\/"},{"@type":"ListItem","position":2,"name":"Peste porcina africana en Catalu\u00f1a: detectados tres nuevos focos en jabal\u00edes"}]},{"@type":"WebSite","@id":"https:\/\/www.covb.cat\/es\/#website","url":"https:\/\/www.covb.cat\/es\/","name":"COVB","description":"Col\u00b7legi Oficial de Veterinaris de Barcelona","publisher":{"@id":"https:\/\/www.covb.cat\/es\/#organization"},"potentialAction":[{"@type":"SearchAction","target":{"@type":"EntryPoint","urlTemplate":"https:\/\/www.covb.cat\/es\/?s={search_term_string}"},"query-input":{"@type":"PropertyValueSpecification","valueRequired":true,"valueName":"search_term_string"}}],"inLanguage":"es"},{"@type":"Organization","@id":"https:\/\/www.covb.cat\/es\/#organization","name":"COVB","url":"https:\/\/www.covb.cat\/es\/","logo":{"@type":"ImageObject","inLanguage":"es","@id":"https:\/\/www.covb.cat\/es\/#\/schema\/logo\/image\/","url":"https:\/\/www.covb.cat\/wp-content\/uploads\/2018\/07\/favicon-covb.png","contentUrl":"https:\/\/www.covb.cat\/wp-content\/uploads\/2018\/07\/favicon-covb.png","width":512,"height":512,"caption":"COVB"},"image":{"@id":"https:\/\/www.covb.cat\/es\/#\/schema\/logo\/image\/"},"sameAs":["https:\/\/www.facebook.com\/COVBcat\/","https:\/\/x.com\/COVBcat","https:\/\/www.youtube.com\/user\/covbcn"]},{"@type":"Person","@id":"https:\/\/www.covb.cat\/es\/#\/schema\/person\/ddc9093bc091186c194bba72ca3be5e2","name":"Ferran Alcaraz","image":{"@type":"ImageObject","inLanguage":"es","@id":"https:\/\/www.covb.cat\/es\/#\/schema\/person\/image\/","url":"https:\/\/secure.gravatar.com\/avatar\/7a7bb9e48d880990c016f59db5a666fe7ad49e90723bdbdc0acfb756246ea192?s=96&d=mm&r=g","contentUrl":"https:\/\/secure.gravatar.com\/avatar\/7a7bb9e48d880990c016f59db5a666fe7ad49e90723bdbdc0acfb756246ea192?s=96&d=mm&r=g","caption":"Ferran Alcaraz"}}]}},"jetpack_featured_media_url":"https:\/\/www.covb.cat\/wp-content\/uploads\/2026\/03\/Pesta-Porcina-WEB.jpg","jetpack_sharing_enabled":true,"_links":{"self":[{"href":"https:\/\/www.covb.cat\/es\/wp-json\/wp\/v2\/posts\/67688","targetHints":{"allow":["GET"]}}],"collection":[{"href":"https:\/\/www.covb.cat\/es\/wp-json\/wp\/v2\/posts"}],"about":[{"href":"https:\/\/www.covb.cat\/es\/wp-json\/wp\/v2\/types\/post"}],"author":[{"embeddable":true,"href":"https:\/\/www.covb.cat\/es\/wp-json\/wp\/v2\/users\/2985"}],"replies":[{"embeddable":true,"href":"https:\/\/www.covb.cat\/es\/wp-json\/wp\/v2\/comments?post=67688"}],"version-history":[{"count":1,"href":"https:\/\/www.covb.cat\/es\/wp-json\/wp\/v2\/posts\/67688\/revisions"}],"predecessor-version":[{"id":67689,"href":"https:\/\/www.covb.cat\/es\/wp-json\/wp\/v2\/posts\/67688\/revisions\/67689"}],"wp:featuredmedia":[{"embeddable":true,"href":"https:\/\/www.covb.cat\/es\/wp-json\/wp\/v2\/media\/67686"}],"wp:attachment":[{"href":"https:\/\/www.covb.cat\/es\/wp-json\/wp\/v2\/media?parent=67688"}],"wp:term":[{"taxonomy":"category","embeddable":true,"href":"https:\/\/www.covb.cat\/es\/wp-json\/wp\/v2\/categories?post=67688"},{"taxonomy":"post_tag","embeddable":true,"href":"https:\/\/www.covb.cat\/es\/wp-json\/wp\/v2\/tags?post=67688"}],"curies":[{"name":"wp","href":"https:\/\/api.w.org\/{rel}","templated":true}]}}