{"id":67680,"date":"2026-03-05T18:56:30","date_gmt":"2026-03-05T17:56:30","guid":{"rendered":"https:\/\/www.covb.cat\/?p=67680"},"modified":"2026-03-05T18:56:30","modified_gmt":"2026-03-05T17:56:30","slug":"la-profesion-veterinaria-reclama-revisar-el-iva-de-los-servicios-veterinarios-para-adecuarlo-a-su-funcion-sanitaria","status":"publish","type":"post","link":"https:\/\/www.covb.cat\/es\/actualitat\/noticies\/general\/la-profesion-veterinaria-reclama-revisar-el-iva-de-los-servicios-veterinarios-para-adecuarlo-a-su-funcion-sanitaria\/","title":{"rendered":"La profesi\u00f3n veterinaria reclama revisar el IVA de los servicios veterinarios para adecuarlo a su funci\u00f3n sanitaria"},"content":{"rendered":"<p>La fiscalidad aplicada a los servicios veterinarios vuelve a situarse en el centro del debate profesional. Una delegaci\u00f3n de la <strong>Organizaci\u00f3n Colegial Veterinaria (OCV)<\/strong> ha mantenido una reuni\u00f3n con responsables del Ministerio de Hacienda para trasladar la posici\u00f3n del sector sobre el IVA veterinario y analizar posibles v\u00edas de avance dentro del marco normativo vigente.<\/p>\n<p>Durante el encuentro, la OCV destac\u00f3 que la sanidad veterinaria no puede interpretarse \u00fanicamente como un servicio de consumo. Se trata de una actividad sanitaria con un impacto directo en la salud p\u00fablica, la seguridad alimentaria y el bienestar animal, en l\u00ednea con el enfoque <strong><em>One Health<\/em><\/strong><em>.<\/em><\/p>\n<p><strong>IMPACTO DE LA FISCALIDAD EN EL ACCESO A LA MEDICINA VETERINARIA<\/strong><\/p>\n<p>La OCV expuso que una fiscalidad elevada aplicada a los servicios veterinarios puede dificultar el acceso a la medicina preventiva y retrasar decisiones sanitarias relevantes. Esta situaci\u00f3n puede afectar especialmente a los hogares con mayor vulnerabilidad econ\u00f3mica y limitar el acceso a una atenci\u00f3n veterinaria b\u00e1sica.<\/p>\n<p>Tambi\u00e9n se subray\u00f3 que la medicina veterinaria preventiva contribuye a evitar riesgos sanitarios que pueden tener consecuencias en la salud p\u00fablica, as\u00ed como en el control de enfermedades y la protecci\u00f3n del bienestar animal.<\/p>\n<p><strong>UN DEBATE PRESENTE EN DISTINTOS \u00c1MBITOS INSTITUCIONALES<\/strong><\/p>\n<p>La revisi\u00f3n de la fiscalidad de los servicios veterinarios ha estado presente en el debate pol\u00edtico de los \u00faltimos a\u00f1os y ha aparecido en diversos programas electorales e iniciativas parlamentarias.<\/p>\n<p>Durante la reuni\u00f3n tambi\u00e9n se compartieron referencias t\u00e9cnicas y experiencias comparadas de otros territorios, con el objetivo de abrir espacios de an\u00e1lisis sobre posibles mecanismos fiscales que favorezcan el acceso a la atenci\u00f3n veterinaria sin comprometer la seguridad jur\u00eddica ni el equilibrio presupuestario.<\/p>\n<p><strong>DI\u00c1LOGO INSTITUCIONAL SOBRE EL FUTURO DEL SECTOR<\/strong><\/p>\n<p>Este contacto institucional se enmarca en la l\u00ednea de trabajo que la profesi\u00f3n veterinaria mantiene con las administraciones para abordar los principales retos estructurales del sector, entre ellos el reconocimiento de la veterinaria como actividad sanitaria y el acceso a la atenci\u00f3n veterinaria.<\/p>\n<p>Este debate tambi\u00e9n se desarrolla en paralelo a los trabajos de la Subcomisi\u00f3n relativa al Estudio de la Situaci\u00f3n del Sector Veterinario en el Congreso de los Diputados, creada para analizar los principales desaf\u00edos que afronta la profesi\u00f3n en Espa\u00f1a.<\/p>\n<p>Desde la OCV se ha reiterado la voluntad de seguir aportando evidencia y propuestas t\u00e9cnicas que permitan avanzar hacia una fiscalidad m\u00e1s coherente con la funci\u00f3n sanitaria y preventiva de la veterinaria.<\/p>\n<p>Desde el COVB continuaremos trabajando e informando a los colegiados y colegiadas sobre las iniciativas y debates institucionales que afectan al presente y al futuro de la profesi\u00f3n veterinaria.<\/p>\n","protected":false},"excerpt":{"rendered":"<p>La fiscalidad aplicada a los servicios veterinarios vuelve a situarse en el centro del debate profesional. Una delegaci\u00f3n de la Organizaci\u00f3n Colegial Veterinaria (OCV) ha mantenido una reuni\u00f3n con responsables del Ministerio de Hacienda para trasladar la posici\u00f3n del sector sobre el IVA veterinario y analizar posibles v\u00edas de avance dentro del marco normativo vigente. [&hellip;]<\/p>\n","protected":false},"author":2985,"featured_media":67678,"comment_status":"closed","ping_status":"closed","sticky":false,"template":"","format":"standard","meta":{"_monsterinsights_skip_tracking":false,"_monsterinsights_sitenote_active":false,"_monsterinsights_sitenote_note":"","_monsterinsights_sitenote_category":0,"_jetpack_memberships_contains_paid_content":false,"footnotes":""},"categories":[17,164],"tags":[],"class_list":["post-67680","post","type-post","status-publish","format-standard","has-post-thumbnail","hentry","category-general","category-profesional"],"yoast_head":"<!-- This site is optimized with the Yoast SEO plugin v27.0 - https:\/\/yoast.com\/product\/yoast-seo-wordpress\/ -->\n<title>La profesi\u00f3n veterinaria reclama revisar el IVA de los servicios veterinarios para adecuarlo a su funci\u00f3n sanitaria - COVB - Col\u00b7legi Oficial de Veterinaris de Barcelona<\/title>\n<meta name=\"description\" content=\"La fiscalidad aplicada a los servicios veterinarios vuelve a situarse en el centro del debate profesional. Una delegaci\u00f3n de la Organizaci\u00f3n Colegial\" \/>\n<meta name=\"robots\" content=\"index, follow, max-snippet:-1, max-image-preview:large, max-video-preview:-1\" \/>\n<link rel=\"canonical\" href=\"https:\/\/www.covb.cat\/es\/actualitat\/noticies\/general\/la-profesion-veterinaria-reclama-revisar-el-iva-de-los-servicios-veterinarios-para-adecuarlo-a-su-funcion-sanitaria\/\" \/>\n<meta property=\"og:locale\" content=\"es_ES\" \/>\n<meta property=\"og:type\" content=\"article\" \/>\n<meta property=\"og:title\" content=\"La profesi\u00f3n veterinaria reclama revisar el IVA de los servicios veterinarios para adecuarlo a su funci\u00f3n sanitaria - COVB - Col\u00b7legi Oficial de Veterinaris de Barcelona\" \/>\n<meta property=\"og:description\" content=\"La fiscalidad aplicada a los servicios veterinarios vuelve a situarse en el centro del debate profesional. Una delegaci\u00f3n de la Organizaci\u00f3n Colegial\" \/>\n<meta property=\"og:url\" content=\"https:\/\/www.covb.cat\/es\/actualitat\/noticies\/general\/la-profesion-veterinaria-reclama-revisar-el-iva-de-los-servicios-veterinarios-para-adecuarlo-a-su-funcion-sanitaria\/\" \/>\n<meta property=\"og:site_name\" content=\"COVB\" \/>\n<meta property=\"article:publisher\" content=\"https:\/\/www.facebook.com\/COVBcat\/\" \/>\n<meta property=\"article:published_time\" content=\"2026-03-05T17:56:30+00:00\" \/>\n<meta property=\"og:image\" content=\"https:\/\/www.covb.cat\/wp-content\/uploads\/2026\/03\/Reunio-OCV-amb-hisenda-WEB.jpg\" \/>\n\t<meta property=\"og:image:width\" content=\"1200\" \/>\n\t<meta property=\"og:image:height\" content=\"800\" \/>\n\t<meta property=\"og:image:type\" content=\"image\/jpeg\" \/>\n<meta name=\"author\" content=\"Ferran Alcaraz\" \/>\n<meta name=\"twitter:card\" content=\"summary_large_image\" \/>\n<meta name=\"twitter:creator\" content=\"@COVBcat\" \/>\n<meta name=\"twitter:site\" content=\"@COVBcat\" \/>\n<meta name=\"twitter:label1\" content=\"Escrito por\" \/>\n\t<meta name=\"twitter:data1\" content=\"Ferran Alcaraz\" \/>\n\t<meta name=\"twitter:label2\" content=\"Tiempo de lectura\" \/>\n\t<meta name=\"twitter:data2\" content=\"3 minutos\" \/>\n<script type=\"application\/ld+json\" class=\"yoast-schema-graph\">{\"@context\":\"https:\/\/schema.org\",\"@graph\":[{\"@type\":\"Article\",\"@id\":\"https:\/\/www.covb.cat\/es\/actualitat\/noticies\/general\/la-profesion-veterinaria-reclama-revisar-el-iva-de-los-servicios-veterinarios-para-adecuarlo-a-su-funcion-sanitaria\/#article\",\"isPartOf\":{\"@id\":\"https:\/\/www.covb.cat\/es\/actualitat\/noticies\/general\/la-profesion-veterinaria-reclama-revisar-el-iva-de-los-servicios-veterinarios-para-adecuarlo-a-su-funcion-sanitaria\/\"},\"author\":{\"name\":\"Ferran Alcaraz\",\"@id\":\"https:\/\/www.covb.cat\/es\/#\/schema\/person\/ddc9093bc091186c194bba72ca3be5e2\"},\"headline\":\"La profesi\u00f3n veterinaria reclama revisar el IVA de los servicios veterinarios para adecuarlo a su funci\u00f3n sanitaria\",\"datePublished\":\"2026-03-05T17:56:30+00:00\",\"mainEntityOfPage\":{\"@id\":\"https:\/\/www.covb.cat\/es\/actualitat\/noticies\/general\/la-profesion-veterinaria-reclama-revisar-el-iva-de-los-servicios-veterinarios-para-adecuarlo-a-su-funcion-sanitaria\/\"},\"wordCount\":480,\"publisher\":{\"@id\":\"https:\/\/www.covb.cat\/es\/#organization\"},\"image\":{\"@id\":\"https:\/\/www.covb.cat\/es\/actualitat\/noticies\/general\/la-profesion-veterinaria-reclama-revisar-el-iva-de-los-servicios-veterinarios-para-adecuarlo-a-su-funcion-sanitaria\/#primaryimage\"},\"thumbnailUrl\":\"https:\/\/www.covb.cat\/wp-content\/uploads\/2026\/03\/Reunio-OCV-amb-hisenda-WEB.jpg\",\"articleSection\":[\"General\",\"Profesi\u00f3n\"],\"inLanguage\":\"es\"},{\"@type\":\"WebPage\",\"@id\":\"https:\/\/www.covb.cat\/es\/actualitat\/noticies\/general\/la-profesion-veterinaria-reclama-revisar-el-iva-de-los-servicios-veterinarios-para-adecuarlo-a-su-funcion-sanitaria\/\",\"url\":\"https:\/\/www.covb.cat\/es\/actualitat\/noticies\/general\/la-profesion-veterinaria-reclama-revisar-el-iva-de-los-servicios-veterinarios-para-adecuarlo-a-su-funcion-sanitaria\/\",\"name\":\"La profesi\u00f3n veterinaria reclama revisar el IVA de los servicios veterinarios para adecuarlo a su funci\u00f3n sanitaria - COVB - Col\u00b7legi Oficial de Veterinaris de Barcelona\",\"isPartOf\":{\"@id\":\"https:\/\/www.covb.cat\/es\/#website\"},\"primaryImageOfPage\":{\"@id\":\"https:\/\/www.covb.cat\/es\/actualitat\/noticies\/general\/la-profesion-veterinaria-reclama-revisar-el-iva-de-los-servicios-veterinarios-para-adecuarlo-a-su-funcion-sanitaria\/#primaryimage\"},\"image\":{\"@id\":\"https:\/\/www.covb.cat\/es\/actualitat\/noticies\/general\/la-profesion-veterinaria-reclama-revisar-el-iva-de-los-servicios-veterinarios-para-adecuarlo-a-su-funcion-sanitaria\/#primaryimage\"},\"thumbnailUrl\":\"https:\/\/www.covb.cat\/wp-content\/uploads\/2026\/03\/Reunio-OCV-amb-hisenda-WEB.jpg\",\"datePublished\":\"2026-03-05T17:56:30+00:00\",\"description\":\"La fiscalidad aplicada a los servicios veterinarios vuelve a situarse en el centro del debate profesional. Una delegaci\u00f3n de la Organizaci\u00f3n Colegial\",\"breadcrumb\":{\"@id\":\"https:\/\/www.covb.cat\/es\/actualitat\/noticies\/general\/la-profesion-veterinaria-reclama-revisar-el-iva-de-los-servicios-veterinarios-para-adecuarlo-a-su-funcion-sanitaria\/#breadcrumb\"},\"inLanguage\":\"es\",\"potentialAction\":[{\"@type\":\"ReadAction\",\"target\":[\"https:\/\/www.covb.cat\/es\/actualitat\/noticies\/general\/la-profesion-veterinaria-reclama-revisar-el-iva-de-los-servicios-veterinarios-para-adecuarlo-a-su-funcion-sanitaria\/\"]}]},{\"@type\":\"ImageObject\",\"inLanguage\":\"es\",\"@id\":\"https:\/\/www.covb.cat\/es\/actualitat\/noticies\/general\/la-profesion-veterinaria-reclama-revisar-el-iva-de-los-servicios-veterinarios-para-adecuarlo-a-su-funcion-sanitaria\/#primaryimage\",\"url\":\"https:\/\/www.covb.cat\/wp-content\/uploads\/2026\/03\/Reunio-OCV-amb-hisenda-WEB.jpg\",\"contentUrl\":\"https:\/\/www.covb.cat\/wp-content\/uploads\/2026\/03\/Reunio-OCV-amb-hisenda-WEB.jpg\",\"width\":1200,\"height\":800},{\"@type\":\"BreadcrumbList\",\"@id\":\"https:\/\/www.covb.cat\/es\/actualitat\/noticies\/general\/la-profesion-veterinaria-reclama-revisar-el-iva-de-los-servicios-veterinarios-para-adecuarlo-a-su-funcion-sanitaria\/#breadcrumb\",\"itemListElement\":[{\"@type\":\"ListItem\",\"position\":1,\"name\":\"Inici\",\"item\":\"https:\/\/www.covb.cat\/es\/\"},{\"@type\":\"ListItem\",\"position\":2,\"name\":\"La profesi\u00f3n veterinaria reclama revisar el IVA de los servicios veterinarios para adecuarlo a su funci\u00f3n sanitaria\"}]},{\"@type\":\"WebSite\",\"@id\":\"https:\/\/www.covb.cat\/es\/#website\",\"url\":\"https:\/\/www.covb.cat\/es\/\",\"name\":\"COVB\",\"description\":\"Col\u00b7legi Oficial de Veterinaris de Barcelona\",\"publisher\":{\"@id\":\"https:\/\/www.covb.cat\/es\/#organization\"},\"potentialAction\":[{\"@type\":\"SearchAction\",\"target\":{\"@type\":\"EntryPoint\",\"urlTemplate\":\"https:\/\/www.covb.cat\/es\/?s={search_term_string}\"},\"query-input\":{\"@type\":\"PropertyValueSpecification\",\"valueRequired\":true,\"valueName\":\"search_term_string\"}}],\"inLanguage\":\"es\"},{\"@type\":\"Organization\",\"@id\":\"https:\/\/www.covb.cat\/es\/#organization\",\"name\":\"COVB\",\"url\":\"https:\/\/www.covb.cat\/es\/\",\"logo\":{\"@type\":\"ImageObject\",\"inLanguage\":\"es\",\"@id\":\"https:\/\/www.covb.cat\/es\/#\/schema\/logo\/image\/\",\"url\":\"https:\/\/www.covb.cat\/wp-content\/uploads\/2018\/07\/favicon-covb.png\",\"contentUrl\":\"https:\/\/www.covb.cat\/wp-content\/uploads\/2018\/07\/favicon-covb.png\",\"width\":512,\"height\":512,\"caption\":\"COVB\"},\"image\":{\"@id\":\"https:\/\/www.covb.cat\/es\/#\/schema\/logo\/image\/\"},\"sameAs\":[\"https:\/\/www.facebook.com\/COVBcat\/\",\"https:\/\/x.com\/COVBcat\",\"https:\/\/www.youtube.com\/user\/covbcn\"]},{\"@type\":\"Person\",\"@id\":\"https:\/\/www.covb.cat\/es\/#\/schema\/person\/ddc9093bc091186c194bba72ca3be5e2\",\"name\":\"Ferran Alcaraz\",\"image\":{\"@type\":\"ImageObject\",\"inLanguage\":\"es\",\"@id\":\"https:\/\/www.covb.cat\/es\/#\/schema\/person\/image\/\",\"url\":\"https:\/\/secure.gravatar.com\/avatar\/7a7bb9e48d880990c016f59db5a666fe7ad49e90723bdbdc0acfb756246ea192?s=96&d=mm&r=g\",\"contentUrl\":\"https:\/\/secure.gravatar.com\/avatar\/7a7bb9e48d880990c016f59db5a666fe7ad49e90723bdbdc0acfb756246ea192?s=96&d=mm&r=g\",\"caption\":\"Ferran Alcaraz\"}}]}<\/script>\n<!-- \/ Yoast SEO plugin. -->","yoast_head_json":{"title":"La profesi\u00f3n veterinaria reclama revisar el IVA de los servicios veterinarios para adecuarlo a su funci\u00f3n sanitaria - COVB - Col\u00b7legi Oficial de Veterinaris de Barcelona","description":"La fiscalidad aplicada a los servicios veterinarios vuelve a situarse en el centro del debate profesional. Una delegaci\u00f3n de la Organizaci\u00f3n Colegial","robots":{"index":"index","follow":"follow","max-snippet":"max-snippet:-1","max-image-preview":"max-image-preview:large","max-video-preview":"max-video-preview:-1"},"canonical":"https:\/\/www.covb.cat\/es\/actualitat\/noticies\/general\/la-profesion-veterinaria-reclama-revisar-el-iva-de-los-servicios-veterinarios-para-adecuarlo-a-su-funcion-sanitaria\/","og_locale":"es_ES","og_type":"article","og_title":"La profesi\u00f3n veterinaria reclama revisar el IVA de los servicios veterinarios para adecuarlo a su funci\u00f3n sanitaria - COVB - Col\u00b7legi Oficial de Veterinaris de Barcelona","og_description":"La fiscalidad aplicada a los servicios veterinarios vuelve a situarse en el centro del debate profesional. Una delegaci\u00f3n de la Organizaci\u00f3n Colegial","og_url":"https:\/\/www.covb.cat\/es\/actualitat\/noticies\/general\/la-profesion-veterinaria-reclama-revisar-el-iva-de-los-servicios-veterinarios-para-adecuarlo-a-su-funcion-sanitaria\/","og_site_name":"COVB","article_publisher":"https:\/\/www.facebook.com\/COVBcat\/","article_published_time":"2026-03-05T17:56:30+00:00","og_image":[{"width":1200,"height":800,"url":"https:\/\/www.covb.cat\/wp-content\/uploads\/2026\/03\/Reunio-OCV-amb-hisenda-WEB.jpg","type":"image\/jpeg"}],"author":"Ferran Alcaraz","twitter_card":"summary_large_image","twitter_creator":"@COVBcat","twitter_site":"@COVBcat","twitter_misc":{"Escrito por":"Ferran Alcaraz","Tiempo de lectura":"3 minutos"},"schema":{"@context":"https:\/\/schema.org","@graph":[{"@type":"Article","@id":"https:\/\/www.covb.cat\/es\/actualitat\/noticies\/general\/la-profesion-veterinaria-reclama-revisar-el-iva-de-los-servicios-veterinarios-para-adecuarlo-a-su-funcion-sanitaria\/#article","isPartOf":{"@id":"https:\/\/www.covb.cat\/es\/actualitat\/noticies\/general\/la-profesion-veterinaria-reclama-revisar-el-iva-de-los-servicios-veterinarios-para-adecuarlo-a-su-funcion-sanitaria\/"},"author":{"name":"Ferran Alcaraz","@id":"https:\/\/www.covb.cat\/es\/#\/schema\/person\/ddc9093bc091186c194bba72ca3be5e2"},"headline":"La profesi\u00f3n veterinaria reclama revisar el IVA de los servicios veterinarios para adecuarlo a su funci\u00f3n sanitaria","datePublished":"2026-03-05T17:56:30+00:00","mainEntityOfPage":{"@id":"https:\/\/www.covb.cat\/es\/actualitat\/noticies\/general\/la-profesion-veterinaria-reclama-revisar-el-iva-de-los-servicios-veterinarios-para-adecuarlo-a-su-funcion-sanitaria\/"},"wordCount":480,"publisher":{"@id":"https:\/\/www.covb.cat\/es\/#organization"},"image":{"@id":"https:\/\/www.covb.cat\/es\/actualitat\/noticies\/general\/la-profesion-veterinaria-reclama-revisar-el-iva-de-los-servicios-veterinarios-para-adecuarlo-a-su-funcion-sanitaria\/#primaryimage"},"thumbnailUrl":"https:\/\/www.covb.cat\/wp-content\/uploads\/2026\/03\/Reunio-OCV-amb-hisenda-WEB.jpg","articleSection":["General","Profesi\u00f3n"],"inLanguage":"es"},{"@type":"WebPage","@id":"https:\/\/www.covb.cat\/es\/actualitat\/noticies\/general\/la-profesion-veterinaria-reclama-revisar-el-iva-de-los-servicios-veterinarios-para-adecuarlo-a-su-funcion-sanitaria\/","url":"https:\/\/www.covb.cat\/es\/actualitat\/noticies\/general\/la-profesion-veterinaria-reclama-revisar-el-iva-de-los-servicios-veterinarios-para-adecuarlo-a-su-funcion-sanitaria\/","name":"La profesi\u00f3n veterinaria reclama revisar el IVA de los servicios veterinarios para adecuarlo a su funci\u00f3n sanitaria - COVB - Col\u00b7legi Oficial de Veterinaris de Barcelona","isPartOf":{"@id":"https:\/\/www.covb.cat\/es\/#website"},"primaryImageOfPage":{"@id":"https:\/\/www.covb.cat\/es\/actualitat\/noticies\/general\/la-profesion-veterinaria-reclama-revisar-el-iva-de-los-servicios-veterinarios-para-adecuarlo-a-su-funcion-sanitaria\/#primaryimage"},"image":{"@id":"https:\/\/www.covb.cat\/es\/actualitat\/noticies\/general\/la-profesion-veterinaria-reclama-revisar-el-iva-de-los-servicios-veterinarios-para-adecuarlo-a-su-funcion-sanitaria\/#primaryimage"},"thumbnailUrl":"https:\/\/www.covb.cat\/wp-content\/uploads\/2026\/03\/Reunio-OCV-amb-hisenda-WEB.jpg","datePublished":"2026-03-05T17:56:30+00:00","description":"La fiscalidad aplicada a los servicios veterinarios vuelve a situarse en el centro del debate profesional. Una delegaci\u00f3n de la Organizaci\u00f3n Colegial","breadcrumb":{"@id":"https:\/\/www.covb.cat\/es\/actualitat\/noticies\/general\/la-profesion-veterinaria-reclama-revisar-el-iva-de-los-servicios-veterinarios-para-adecuarlo-a-su-funcion-sanitaria\/#breadcrumb"},"inLanguage":"es","potentialAction":[{"@type":"ReadAction","target":["https:\/\/www.covb.cat\/es\/actualitat\/noticies\/general\/la-profesion-veterinaria-reclama-revisar-el-iva-de-los-servicios-veterinarios-para-adecuarlo-a-su-funcion-sanitaria\/"]}]},{"@type":"ImageObject","inLanguage":"es","@id":"https:\/\/www.covb.cat\/es\/actualitat\/noticies\/general\/la-profesion-veterinaria-reclama-revisar-el-iva-de-los-servicios-veterinarios-para-adecuarlo-a-su-funcion-sanitaria\/#primaryimage","url":"https:\/\/www.covb.cat\/wp-content\/uploads\/2026\/03\/Reunio-OCV-amb-hisenda-WEB.jpg","contentUrl":"https:\/\/www.covb.cat\/wp-content\/uploads\/2026\/03\/Reunio-OCV-amb-hisenda-WEB.jpg","width":1200,"height":800},{"@type":"BreadcrumbList","@id":"https:\/\/www.covb.cat\/es\/actualitat\/noticies\/general\/la-profesion-veterinaria-reclama-revisar-el-iva-de-los-servicios-veterinarios-para-adecuarlo-a-su-funcion-sanitaria\/#breadcrumb","itemListElement":[{"@type":"ListItem","position":1,"name":"Inici","item":"https:\/\/www.covb.cat\/es\/"},{"@type":"ListItem","position":2,"name":"La profesi\u00f3n veterinaria reclama revisar el IVA de los servicios veterinarios para adecuarlo a su funci\u00f3n sanitaria"}]},{"@type":"WebSite","@id":"https:\/\/www.covb.cat\/es\/#website","url":"https:\/\/www.covb.cat\/es\/","name":"COVB","description":"Col\u00b7legi Oficial de Veterinaris de Barcelona","publisher":{"@id":"https:\/\/www.covb.cat\/es\/#organization"},"potentialAction":[{"@type":"SearchAction","target":{"@type":"EntryPoint","urlTemplate":"https:\/\/www.covb.cat\/es\/?s={search_term_string}"},"query-input":{"@type":"PropertyValueSpecification","valueRequired":true,"valueName":"search_term_string"}}],"inLanguage":"es"},{"@type":"Organization","@id":"https:\/\/www.covb.cat\/es\/#organization","name":"COVB","url":"https:\/\/www.covb.cat\/es\/","logo":{"@type":"ImageObject","inLanguage":"es","@id":"https:\/\/www.covb.cat\/es\/#\/schema\/logo\/image\/","url":"https:\/\/www.covb.cat\/wp-content\/uploads\/2018\/07\/favicon-covb.png","contentUrl":"https:\/\/www.covb.cat\/wp-content\/uploads\/2018\/07\/favicon-covb.png","width":512,"height":512,"caption":"COVB"},"image":{"@id":"https:\/\/www.covb.cat\/es\/#\/schema\/logo\/image\/"},"sameAs":["https:\/\/www.facebook.com\/COVBcat\/","https:\/\/x.com\/COVBcat","https:\/\/www.youtube.com\/user\/covbcn"]},{"@type":"Person","@id":"https:\/\/www.covb.cat\/es\/#\/schema\/person\/ddc9093bc091186c194bba72ca3be5e2","name":"Ferran Alcaraz","image":{"@type":"ImageObject","inLanguage":"es","@id":"https:\/\/www.covb.cat\/es\/#\/schema\/person\/image\/","url":"https:\/\/secure.gravatar.com\/avatar\/7a7bb9e48d880990c016f59db5a666fe7ad49e90723bdbdc0acfb756246ea192?s=96&d=mm&r=g","contentUrl":"https:\/\/secure.gravatar.com\/avatar\/7a7bb9e48d880990c016f59db5a666fe7ad49e90723bdbdc0acfb756246ea192?s=96&d=mm&r=g","caption":"Ferran Alcaraz"}}]}},"jetpack_featured_media_url":"https:\/\/www.covb.cat\/wp-content\/uploads\/2026\/03\/Reunio-OCV-amb-hisenda-WEB.jpg","jetpack_sharing_enabled":true,"_links":{"self":[{"href":"https:\/\/www.covb.cat\/es\/wp-json\/wp\/v2\/posts\/67680","targetHints":{"allow":["GET"]}}],"collection":[{"href":"https:\/\/www.covb.cat\/es\/wp-json\/wp\/v2\/posts"}],"about":[{"href":"https:\/\/www.covb.cat\/es\/wp-json\/wp\/v2\/types\/post"}],"author":[{"embeddable":true,"href":"https:\/\/www.covb.cat\/es\/wp-json\/wp\/v2\/users\/2985"}],"replies":[{"embeddable":true,"href":"https:\/\/www.covb.cat\/es\/wp-json\/wp\/v2\/comments?post=67680"}],"version-history":[{"count":1,"href":"https:\/\/www.covb.cat\/es\/wp-json\/wp\/v2\/posts\/67680\/revisions"}],"predecessor-version":[{"id":67681,"href":"https:\/\/www.covb.cat\/es\/wp-json\/wp\/v2\/posts\/67680\/revisions\/67681"}],"wp:featuredmedia":[{"embeddable":true,"href":"https:\/\/www.covb.cat\/es\/wp-json\/wp\/v2\/media\/67678"}],"wp:attachment":[{"href":"https:\/\/www.covb.cat\/es\/wp-json\/wp\/v2\/media?parent=67680"}],"wp:term":[{"taxonomy":"category","embeddable":true,"href":"https:\/\/www.covb.cat\/es\/wp-json\/wp\/v2\/categories?post=67680"},{"taxonomy":"post_tag","embeddable":true,"href":"https:\/\/www.covb.cat\/es\/wp-json\/wp\/v2\/tags?post=67680"}],"curies":[{"name":"wp","href":"https:\/\/api.w.org\/{rel}","templated":true}]}}