{"id":67642,"date":"2026-03-04T18:50:26","date_gmt":"2026-03-04T17:50:26","guid":{"rendered":"https:\/\/www.covb.cat\/?p=67642"},"modified":"2026-03-04T18:50:26","modified_gmt":"2026-03-04T17:50:26","slug":"nuevo-caso-de-influenza-aviar-h5n1-detectado-en-un-ave-silvestre-en-barcelona","status":"publish","type":"post","link":"https:\/\/www.covb.cat\/es\/actualitat\/noticies\/alertas\/nuevo-caso-de-influenza-aviar-h5n1-detectado-en-un-ave-silvestre-en-barcelona\/","title":{"rendered":"Nuevo caso de influenza aviar H5N1 detectado en un ave silvestre en Barcelona"},"content":{"rendered":"<p>El Laboratorio Nacional de Referencia de Algete ha confirmado la detecci\u00f3n de un nuevo caso de <strong>influenza aviar de alta patogenicidad (IAAP) del subtipo H5N1<\/strong> en un ave silvestre localizada en la ciudad de Barcelona (Barcelon\u00e8s). En esta ocasi\u00f3n se trata de una <strong>garza real (Ardea cinerea)<\/strong>.<\/p>\n<p>Con este hallazgo, durante <strong>2026 se han confirmado tres aves silvestres positivas<\/strong> al virus de la influenza aviar H5N1 en Catalu\u00f1a:<\/p>\n<ul>\n<li><strong>Santa Coloma de Gramenet<\/strong> \u2013 gaviota reidora (confirmaci\u00f3n: 09\/02\/2026)<\/li>\n<li><strong>Barcelona<\/strong> \u2013 oca com\u00fan (confirmaci\u00f3n: 25\/02\/2026)<\/li>\n<li><strong>Barcelona<\/strong> \u2013 garza real (confirmaci\u00f3n reciente)<\/li>\n<\/ul>\n<p>Ante esta situaci\u00f3n, las autoridades sanitarias han establecido <strong>una zona infectada alrededor del punto de detecci\u00f3n<\/strong>, que incluye:<\/p>\n<ul>\n<li><strong>Zona de control:<\/strong> radio de 3 km<\/li>\n<li><strong>Zona de seguimiento:<\/strong> entre 3 y 10 km<\/li>\n<\/ul>\n<p>El radio de esta nueva zona coincide en gran parte con el del caso confirmado el pasado 25 de febrero de 2026 en una oca com\u00fan.<\/p>\n<p><strong>REFUERZO DE LA VIGILANCIA<\/strong><\/p>\n<p>Para reducir el riesgo de dispersi\u00f3n del virus y mejorar la detecci\u00f3n precoz, se ha solicitado la colaboraci\u00f3n del <strong>cuerpo de Agents Rurals<\/strong> para intensificar la vigilancia pasiva en aves silvestres y mam\u00edferos carn\u00edvoros en las zonas donde se localizaron los animales positivos.<\/p>\n<p>Asimismo, se ha solicitado la colaboraci\u00f3n de los <strong>ayuntamientos de los municipios afectados<\/strong> para mantener la alerta ante la posible aparici\u00f3n de aves enfermas o muertas.<\/p>\n<p><strong>RECOMENDACIONES PARA EXPLOTACIONES AV\u00cdCOLAS<\/strong><\/p>\n<p>En las explotaciones av\u00edcolas incluidas en las zonas de control y seguimiento se est\u00e1n realizando visitas de inspecci\u00f3n cl\u00ednica con el objetivo de:<\/p>\n<ul>\n<li>detectar signos compatibles con influenza aviar<\/li>\n<li>comprobar las <strong>medidas de bioseguridad<\/strong> aplicadas<\/li>\n<li>reducir el riesgo de contacto con aves silvestres<\/li>\n<\/ul>\n<p>Tambi\u00e9n se recuerda la obligaci\u00f3n de <strong>notificar inmediatamente a la Oficina Comarcal del DARPA<\/strong> cualquier sospecha cl\u00ednica compatible con influenza aviar, especialmente en caso de:<\/p>\n<ul>\n<li>disminuci\u00f3n del consumo de pienso o agua superior al 20%<\/li>\n<li>descenso de la puesta superior al 5% durante m\u00e1s de dos d\u00edas consecutivos<\/li>\n<li>mortalidad superior al 3% durante una semana<\/li>\n<li>signos cl\u00ednicos compatibles (tos, estornudos, secreciones, cianosis, edema facial, diarrea o sintomatolog\u00eda nerviosa)<\/li>\n<\/ul>\n<p>Igualmente, se recomienda <strong>reforzar las medidas de bioseguridad<\/strong> en las explotaciones, especialmente aquellas destinadas a evitar el contacto directo o indirecto entre aves silvestres y aves de corral.<\/p>\n<p>Para m\u00e1s informaci\u00f3n sobre las actuaciones previstas ante la detecci\u00f3n de esta enfermedad, puede consultarse el <a href=\"https:\/\/agricultura.gencat.cat\/ca\/ambits\/ramaderia\/sanitat-animal\/programes-sanitaris\/dar_programes_sanitaris_aviram\/dar_influenca_aviaria\/dar_programes_departament\/dar_pla_emergencia\/\"><strong>Plan de contingencia frente a la influenza aviar de alta patogenicidad<\/strong><\/a> y los <a href=\"https:\/\/agricultura.gencat.cat\/ca\/ambits\/ramaderia\/sanitat-animal\/programes-sanitaris\/dar_programes_sanitaris_aviram\/dar_influenca_aviaria\/dar_programes_departament\/dar_pla_emergencia\/\">materiales informativos<\/a> elaborados por el Servicio de Sanidad Animal.<\/p>\n<p>Para cualquier consulta, puede contactarse con el Servicio de Sanidad Animal en el correo: <strong>sanitatanimal.agricultura@gencat.cat<\/strong><\/p>\n<p>Desde el COVB continuaremos informando a los colegiados y colegiadas sobre cualquier novedad relevante relacionada con la evoluci\u00f3n epidemiol\u00f3gica de la enfermedad.<\/p>\n","protected":false},"excerpt":{"rendered":"<p>El Laboratorio Nacional de Referencia de Algete ha confirmado la detecci\u00f3n de un nuevo caso de influenza aviar de alta patogenicidad (IAAP) del subtipo H5N1 en un ave silvestre localizada en la ciudad de Barcelona (Barcelon\u00e8s). En esta ocasi\u00f3n se trata de una garza real (Ardea cinerea). Con este hallazgo, durante 2026 se han confirmado [&hellip;]<\/p>\n","protected":false},"author":2985,"featured_media":67639,"comment_status":"closed","ping_status":"closed","sticky":false,"template":"","format":"standard","meta":{"_monsterinsights_skip_tracking":false,"_monsterinsights_sitenote_active":false,"_monsterinsights_sitenote_note":"","_monsterinsights_sitenote_category":0,"_jetpack_memberships_contains_paid_content":false,"footnotes":""},"categories":[156,17],"tags":[],"class_list":["post-67642","post","type-post","status-publish","format-standard","has-post-thumbnail","hentry","category-alertas","category-general"],"yoast_head":"<!-- This site is optimized with the Yoast SEO plugin v27.0 - https:\/\/yoast.com\/product\/yoast-seo-wordpress\/ -->\n<title>Nuevo caso de influenza aviar H5N1 detectado en un ave silvestre en Barcelona - COVB - Col\u00b7legi Oficial de Veterinaris de Barcelona<\/title>\n<meta name=\"description\" content=\"El Laboratorio Nacional de Referencia de Algete ha confirmado la detecci\u00f3n de un nuevo caso de influenza aviar de alta patogenicidad (IAAP) del subtipo\" \/>\n<meta name=\"robots\" content=\"index, follow, max-snippet:-1, max-image-preview:large, max-video-preview:-1\" \/>\n<link rel=\"canonical\" href=\"https:\/\/www.covb.cat\/es\/actualitat\/noticies\/alertas\/nuevo-caso-de-influenza-aviar-h5n1-detectado-en-un-ave-silvestre-en-barcelona\/\" \/>\n<meta property=\"og:locale\" content=\"es_ES\" \/>\n<meta property=\"og:type\" content=\"article\" \/>\n<meta property=\"og:title\" content=\"Nuevo caso de influenza aviar H5N1 detectado en un ave silvestre en Barcelona - COVB - Col\u00b7legi Oficial de Veterinaris de Barcelona\" \/>\n<meta property=\"og:description\" content=\"El Laboratorio Nacional de Referencia de Algete ha confirmado la detecci\u00f3n de un nuevo caso de influenza aviar de alta patogenicidad (IAAP) del subtipo\" \/>\n<meta property=\"og:url\" content=\"https:\/\/www.covb.cat\/es\/actualitat\/noticies\/alertas\/nuevo-caso-de-influenza-aviar-h5n1-detectado-en-un-ave-silvestre-en-barcelona\/\" \/>\n<meta property=\"og:site_name\" content=\"COVB\" \/>\n<meta property=\"article:publisher\" content=\"https:\/\/www.facebook.com\/COVBcat\/\" \/>\n<meta property=\"article:published_time\" content=\"2026-03-04T17:50:26+00:00\" \/>\n<meta property=\"og:image\" content=\"https:\/\/www.covb.cat\/wp-content\/uploads\/2026\/03\/IAAP-WEB.jpg\" \/>\n\t<meta property=\"og:image:width\" content=\"1200\" \/>\n\t<meta property=\"og:image:height\" content=\"800\" \/>\n\t<meta property=\"og:image:type\" content=\"image\/jpeg\" \/>\n<meta name=\"author\" content=\"Ferran Alcaraz\" \/>\n<meta name=\"twitter:card\" content=\"summary_large_image\" \/>\n<meta name=\"twitter:creator\" content=\"@COVBcat\" \/>\n<meta name=\"twitter:site\" content=\"@COVBcat\" \/>\n<meta name=\"twitter:label1\" content=\"Escrito por\" \/>\n\t<meta name=\"twitter:data1\" content=\"Ferran Alcaraz\" \/>\n\t<meta name=\"twitter:label2\" content=\"Tiempo de lectura\" \/>\n\t<meta name=\"twitter:data2\" content=\"3 minutos\" \/>\n<script type=\"application\/ld+json\" class=\"yoast-schema-graph\">{\"@context\":\"https:\/\/schema.org\",\"@graph\":[{\"@type\":\"Article\",\"@id\":\"https:\/\/www.covb.cat\/es\/actualitat\/noticies\/alertas\/nuevo-caso-de-influenza-aviar-h5n1-detectado-en-un-ave-silvestre-en-barcelona\/#article\",\"isPartOf\":{\"@id\":\"https:\/\/www.covb.cat\/es\/actualitat\/noticies\/alertas\/nuevo-caso-de-influenza-aviar-h5n1-detectado-en-un-ave-silvestre-en-barcelona\/\"},\"author\":{\"name\":\"Ferran Alcaraz\",\"@id\":\"https:\/\/www.covb.cat\/es\/#\/schema\/person\/ddc9093bc091186c194bba72ca3be5e2\"},\"headline\":\"Nuevo caso de influenza aviar H5N1 detectado en un ave silvestre en Barcelona\",\"datePublished\":\"2026-03-04T17:50:26+00:00\",\"mainEntityOfPage\":{\"@id\":\"https:\/\/www.covb.cat\/es\/actualitat\/noticies\/alertas\/nuevo-caso-de-influenza-aviar-h5n1-detectado-en-un-ave-silvestre-en-barcelona\/\"},\"wordCount\":480,\"publisher\":{\"@id\":\"https:\/\/www.covb.cat\/es\/#organization\"},\"image\":{\"@id\":\"https:\/\/www.covb.cat\/es\/actualitat\/noticies\/alertas\/nuevo-caso-de-influenza-aviar-h5n1-detectado-en-un-ave-silvestre-en-barcelona\/#primaryimage\"},\"thumbnailUrl\":\"https:\/\/www.covb.cat\/wp-content\/uploads\/2026\/03\/IAAP-WEB.jpg\",\"articleSection\":[\"Alertas\",\"General\"],\"inLanguage\":\"es\"},{\"@type\":\"WebPage\",\"@id\":\"https:\/\/www.covb.cat\/es\/actualitat\/noticies\/alertas\/nuevo-caso-de-influenza-aviar-h5n1-detectado-en-un-ave-silvestre-en-barcelona\/\",\"url\":\"https:\/\/www.covb.cat\/es\/actualitat\/noticies\/alertas\/nuevo-caso-de-influenza-aviar-h5n1-detectado-en-un-ave-silvestre-en-barcelona\/\",\"name\":\"Nuevo caso de influenza aviar H5N1 detectado en un ave silvestre en Barcelona - COVB - Col\u00b7legi Oficial de Veterinaris de Barcelona\",\"isPartOf\":{\"@id\":\"https:\/\/www.covb.cat\/es\/#website\"},\"primaryImageOfPage\":{\"@id\":\"https:\/\/www.covb.cat\/es\/actualitat\/noticies\/alertas\/nuevo-caso-de-influenza-aviar-h5n1-detectado-en-un-ave-silvestre-en-barcelona\/#primaryimage\"},\"image\":{\"@id\":\"https:\/\/www.covb.cat\/es\/actualitat\/noticies\/alertas\/nuevo-caso-de-influenza-aviar-h5n1-detectado-en-un-ave-silvestre-en-barcelona\/#primaryimage\"},\"thumbnailUrl\":\"https:\/\/www.covb.cat\/wp-content\/uploads\/2026\/03\/IAAP-WEB.jpg\",\"datePublished\":\"2026-03-04T17:50:26+00:00\",\"description\":\"El Laboratorio Nacional de Referencia de Algete ha confirmado la detecci\u00f3n de un nuevo caso de influenza aviar de alta patogenicidad (IAAP) del subtipo\",\"breadcrumb\":{\"@id\":\"https:\/\/www.covb.cat\/es\/actualitat\/noticies\/alertas\/nuevo-caso-de-influenza-aviar-h5n1-detectado-en-un-ave-silvestre-en-barcelona\/#breadcrumb\"},\"inLanguage\":\"es\",\"potentialAction\":[{\"@type\":\"ReadAction\",\"target\":[\"https:\/\/www.covb.cat\/es\/actualitat\/noticies\/alertas\/nuevo-caso-de-influenza-aviar-h5n1-detectado-en-un-ave-silvestre-en-barcelona\/\"]}]},{\"@type\":\"ImageObject\",\"inLanguage\":\"es\",\"@id\":\"https:\/\/www.covb.cat\/es\/actualitat\/noticies\/alertas\/nuevo-caso-de-influenza-aviar-h5n1-detectado-en-un-ave-silvestre-en-barcelona\/#primaryimage\",\"url\":\"https:\/\/www.covb.cat\/wp-content\/uploads\/2026\/03\/IAAP-WEB.jpg\",\"contentUrl\":\"https:\/\/www.covb.cat\/wp-content\/uploads\/2026\/03\/IAAP-WEB.jpg\",\"width\":1200,\"height\":800},{\"@type\":\"BreadcrumbList\",\"@id\":\"https:\/\/www.covb.cat\/es\/actualitat\/noticies\/alertas\/nuevo-caso-de-influenza-aviar-h5n1-detectado-en-un-ave-silvestre-en-barcelona\/#breadcrumb\",\"itemListElement\":[{\"@type\":\"ListItem\",\"position\":1,\"name\":\"Inici\",\"item\":\"https:\/\/www.covb.cat\/es\/\"},{\"@type\":\"ListItem\",\"position\":2,\"name\":\"Nuevo caso de influenza aviar H5N1 detectado en un ave silvestre en Barcelona\"}]},{\"@type\":\"WebSite\",\"@id\":\"https:\/\/www.covb.cat\/es\/#website\",\"url\":\"https:\/\/www.covb.cat\/es\/\",\"name\":\"COVB\",\"description\":\"Col\u00b7legi Oficial de Veterinaris de Barcelona\",\"publisher\":{\"@id\":\"https:\/\/www.covb.cat\/es\/#organization\"},\"potentialAction\":[{\"@type\":\"SearchAction\",\"target\":{\"@type\":\"EntryPoint\",\"urlTemplate\":\"https:\/\/www.covb.cat\/es\/?s={search_term_string}\"},\"query-input\":{\"@type\":\"PropertyValueSpecification\",\"valueRequired\":true,\"valueName\":\"search_term_string\"}}],\"inLanguage\":\"es\"},{\"@type\":\"Organization\",\"@id\":\"https:\/\/www.covb.cat\/es\/#organization\",\"name\":\"COVB\",\"url\":\"https:\/\/www.covb.cat\/es\/\",\"logo\":{\"@type\":\"ImageObject\",\"inLanguage\":\"es\",\"@id\":\"https:\/\/www.covb.cat\/es\/#\/schema\/logo\/image\/\",\"url\":\"https:\/\/www.covb.cat\/wp-content\/uploads\/2018\/07\/favicon-covb.png\",\"contentUrl\":\"https:\/\/www.covb.cat\/wp-content\/uploads\/2018\/07\/favicon-covb.png\",\"width\":512,\"height\":512,\"caption\":\"COVB\"},\"image\":{\"@id\":\"https:\/\/www.covb.cat\/es\/#\/schema\/logo\/image\/\"},\"sameAs\":[\"https:\/\/www.facebook.com\/COVBcat\/\",\"https:\/\/x.com\/COVBcat\",\"https:\/\/www.youtube.com\/user\/covbcn\"]},{\"@type\":\"Person\",\"@id\":\"https:\/\/www.covb.cat\/es\/#\/schema\/person\/ddc9093bc091186c194bba72ca3be5e2\",\"name\":\"Ferran Alcaraz\",\"image\":{\"@type\":\"ImageObject\",\"inLanguage\":\"es\",\"@id\":\"https:\/\/www.covb.cat\/es\/#\/schema\/person\/image\/\",\"url\":\"https:\/\/secure.gravatar.com\/avatar\/7a7bb9e48d880990c016f59db5a666fe7ad49e90723bdbdc0acfb756246ea192?s=96&d=mm&r=g\",\"contentUrl\":\"https:\/\/secure.gravatar.com\/avatar\/7a7bb9e48d880990c016f59db5a666fe7ad49e90723bdbdc0acfb756246ea192?s=96&d=mm&r=g\",\"caption\":\"Ferran Alcaraz\"}}]}<\/script>\n<!-- \/ Yoast SEO plugin. -->","yoast_head_json":{"title":"Nuevo caso de influenza aviar H5N1 detectado en un ave silvestre en Barcelona - COVB - Col\u00b7legi Oficial de Veterinaris de Barcelona","description":"El Laboratorio Nacional de Referencia de Algete ha confirmado la detecci\u00f3n de un nuevo caso de influenza aviar de alta patogenicidad (IAAP) del subtipo","robots":{"index":"index","follow":"follow","max-snippet":"max-snippet:-1","max-image-preview":"max-image-preview:large","max-video-preview":"max-video-preview:-1"},"canonical":"https:\/\/www.covb.cat\/es\/actualitat\/noticies\/alertas\/nuevo-caso-de-influenza-aviar-h5n1-detectado-en-un-ave-silvestre-en-barcelona\/","og_locale":"es_ES","og_type":"article","og_title":"Nuevo caso de influenza aviar H5N1 detectado en un ave silvestre en Barcelona - COVB - Col\u00b7legi Oficial de Veterinaris de Barcelona","og_description":"El Laboratorio Nacional de Referencia de Algete ha confirmado la detecci\u00f3n de un nuevo caso de influenza aviar de alta patogenicidad (IAAP) del subtipo","og_url":"https:\/\/www.covb.cat\/es\/actualitat\/noticies\/alertas\/nuevo-caso-de-influenza-aviar-h5n1-detectado-en-un-ave-silvestre-en-barcelona\/","og_site_name":"COVB","article_publisher":"https:\/\/www.facebook.com\/COVBcat\/","article_published_time":"2026-03-04T17:50:26+00:00","og_image":[{"width":1200,"height":800,"url":"https:\/\/www.covb.cat\/wp-content\/uploads\/2026\/03\/IAAP-WEB.jpg","type":"image\/jpeg"}],"author":"Ferran Alcaraz","twitter_card":"summary_large_image","twitter_creator":"@COVBcat","twitter_site":"@COVBcat","twitter_misc":{"Escrito por":"Ferran Alcaraz","Tiempo de lectura":"3 minutos"},"schema":{"@context":"https:\/\/schema.org","@graph":[{"@type":"Article","@id":"https:\/\/www.covb.cat\/es\/actualitat\/noticies\/alertas\/nuevo-caso-de-influenza-aviar-h5n1-detectado-en-un-ave-silvestre-en-barcelona\/#article","isPartOf":{"@id":"https:\/\/www.covb.cat\/es\/actualitat\/noticies\/alertas\/nuevo-caso-de-influenza-aviar-h5n1-detectado-en-un-ave-silvestre-en-barcelona\/"},"author":{"name":"Ferran Alcaraz","@id":"https:\/\/www.covb.cat\/es\/#\/schema\/person\/ddc9093bc091186c194bba72ca3be5e2"},"headline":"Nuevo caso de influenza aviar H5N1 detectado en un ave silvestre en Barcelona","datePublished":"2026-03-04T17:50:26+00:00","mainEntityOfPage":{"@id":"https:\/\/www.covb.cat\/es\/actualitat\/noticies\/alertas\/nuevo-caso-de-influenza-aviar-h5n1-detectado-en-un-ave-silvestre-en-barcelona\/"},"wordCount":480,"publisher":{"@id":"https:\/\/www.covb.cat\/es\/#organization"},"image":{"@id":"https:\/\/www.covb.cat\/es\/actualitat\/noticies\/alertas\/nuevo-caso-de-influenza-aviar-h5n1-detectado-en-un-ave-silvestre-en-barcelona\/#primaryimage"},"thumbnailUrl":"https:\/\/www.covb.cat\/wp-content\/uploads\/2026\/03\/IAAP-WEB.jpg","articleSection":["Alertas","General"],"inLanguage":"es"},{"@type":"WebPage","@id":"https:\/\/www.covb.cat\/es\/actualitat\/noticies\/alertas\/nuevo-caso-de-influenza-aviar-h5n1-detectado-en-un-ave-silvestre-en-barcelona\/","url":"https:\/\/www.covb.cat\/es\/actualitat\/noticies\/alertas\/nuevo-caso-de-influenza-aviar-h5n1-detectado-en-un-ave-silvestre-en-barcelona\/","name":"Nuevo caso de influenza aviar H5N1 detectado en un ave silvestre en Barcelona - COVB - Col\u00b7legi Oficial de Veterinaris de Barcelona","isPartOf":{"@id":"https:\/\/www.covb.cat\/es\/#website"},"primaryImageOfPage":{"@id":"https:\/\/www.covb.cat\/es\/actualitat\/noticies\/alertas\/nuevo-caso-de-influenza-aviar-h5n1-detectado-en-un-ave-silvestre-en-barcelona\/#primaryimage"},"image":{"@id":"https:\/\/www.covb.cat\/es\/actualitat\/noticies\/alertas\/nuevo-caso-de-influenza-aviar-h5n1-detectado-en-un-ave-silvestre-en-barcelona\/#primaryimage"},"thumbnailUrl":"https:\/\/www.covb.cat\/wp-content\/uploads\/2026\/03\/IAAP-WEB.jpg","datePublished":"2026-03-04T17:50:26+00:00","description":"El Laboratorio Nacional de Referencia de Algete ha confirmado la detecci\u00f3n de un nuevo caso de influenza aviar de alta patogenicidad (IAAP) del subtipo","breadcrumb":{"@id":"https:\/\/www.covb.cat\/es\/actualitat\/noticies\/alertas\/nuevo-caso-de-influenza-aviar-h5n1-detectado-en-un-ave-silvestre-en-barcelona\/#breadcrumb"},"inLanguage":"es","potentialAction":[{"@type":"ReadAction","target":["https:\/\/www.covb.cat\/es\/actualitat\/noticies\/alertas\/nuevo-caso-de-influenza-aviar-h5n1-detectado-en-un-ave-silvestre-en-barcelona\/"]}]},{"@type":"ImageObject","inLanguage":"es","@id":"https:\/\/www.covb.cat\/es\/actualitat\/noticies\/alertas\/nuevo-caso-de-influenza-aviar-h5n1-detectado-en-un-ave-silvestre-en-barcelona\/#primaryimage","url":"https:\/\/www.covb.cat\/wp-content\/uploads\/2026\/03\/IAAP-WEB.jpg","contentUrl":"https:\/\/www.covb.cat\/wp-content\/uploads\/2026\/03\/IAAP-WEB.jpg","width":1200,"height":800},{"@type":"BreadcrumbList","@id":"https:\/\/www.covb.cat\/es\/actualitat\/noticies\/alertas\/nuevo-caso-de-influenza-aviar-h5n1-detectado-en-un-ave-silvestre-en-barcelona\/#breadcrumb","itemListElement":[{"@type":"ListItem","position":1,"name":"Inici","item":"https:\/\/www.covb.cat\/es\/"},{"@type":"ListItem","position":2,"name":"Nuevo caso de influenza aviar H5N1 detectado en un ave silvestre en Barcelona"}]},{"@type":"WebSite","@id":"https:\/\/www.covb.cat\/es\/#website","url":"https:\/\/www.covb.cat\/es\/","name":"COVB","description":"Col\u00b7legi Oficial de Veterinaris de Barcelona","publisher":{"@id":"https:\/\/www.covb.cat\/es\/#organization"},"potentialAction":[{"@type":"SearchAction","target":{"@type":"EntryPoint","urlTemplate":"https:\/\/www.covb.cat\/es\/?s={search_term_string}"},"query-input":{"@type":"PropertyValueSpecification","valueRequired":true,"valueName":"search_term_string"}}],"inLanguage":"es"},{"@type":"Organization","@id":"https:\/\/www.covb.cat\/es\/#organization","name":"COVB","url":"https:\/\/www.covb.cat\/es\/","logo":{"@type":"ImageObject","inLanguage":"es","@id":"https:\/\/www.covb.cat\/es\/#\/schema\/logo\/image\/","url":"https:\/\/www.covb.cat\/wp-content\/uploads\/2018\/07\/favicon-covb.png","contentUrl":"https:\/\/www.covb.cat\/wp-content\/uploads\/2018\/07\/favicon-covb.png","width":512,"height":512,"caption":"COVB"},"image":{"@id":"https:\/\/www.covb.cat\/es\/#\/schema\/logo\/image\/"},"sameAs":["https:\/\/www.facebook.com\/COVBcat\/","https:\/\/x.com\/COVBcat","https:\/\/www.youtube.com\/user\/covbcn"]},{"@type":"Person","@id":"https:\/\/www.covb.cat\/es\/#\/schema\/person\/ddc9093bc091186c194bba72ca3be5e2","name":"Ferran Alcaraz","image":{"@type":"ImageObject","inLanguage":"es","@id":"https:\/\/www.covb.cat\/es\/#\/schema\/person\/image\/","url":"https:\/\/secure.gravatar.com\/avatar\/7a7bb9e48d880990c016f59db5a666fe7ad49e90723bdbdc0acfb756246ea192?s=96&d=mm&r=g","contentUrl":"https:\/\/secure.gravatar.com\/avatar\/7a7bb9e48d880990c016f59db5a666fe7ad49e90723bdbdc0acfb756246ea192?s=96&d=mm&r=g","caption":"Ferran Alcaraz"}}]}},"jetpack_featured_media_url":"https:\/\/www.covb.cat\/wp-content\/uploads\/2026\/03\/IAAP-WEB.jpg","jetpack_sharing_enabled":true,"_links":{"self":[{"href":"https:\/\/www.covb.cat\/es\/wp-json\/wp\/v2\/posts\/67642","targetHints":{"allow":["GET"]}}],"collection":[{"href":"https:\/\/www.covb.cat\/es\/wp-json\/wp\/v2\/posts"}],"about":[{"href":"https:\/\/www.covb.cat\/es\/wp-json\/wp\/v2\/types\/post"}],"author":[{"embeddable":true,"href":"https:\/\/www.covb.cat\/es\/wp-json\/wp\/v2\/users\/2985"}],"replies":[{"embeddable":true,"href":"https:\/\/www.covb.cat\/es\/wp-json\/wp\/v2\/comments?post=67642"}],"version-history":[{"count":1,"href":"https:\/\/www.covb.cat\/es\/wp-json\/wp\/v2\/posts\/67642\/revisions"}],"predecessor-version":[{"id":67643,"href":"https:\/\/www.covb.cat\/es\/wp-json\/wp\/v2\/posts\/67642\/revisions\/67643"}],"wp:featuredmedia":[{"embeddable":true,"href":"https:\/\/www.covb.cat\/es\/wp-json\/wp\/v2\/media\/67639"}],"wp:attachment":[{"href":"https:\/\/www.covb.cat\/es\/wp-json\/wp\/v2\/media?parent=67642"}],"wp:term":[{"taxonomy":"category","embeddable":true,"href":"https:\/\/www.covb.cat\/es\/wp-json\/wp\/v2\/categories?post=67642"},{"taxonomy":"post_tag","embeddable":true,"href":"https:\/\/www.covb.cat\/es\/wp-json\/wp\/v2\/tags?post=67642"}],"curies":[{"name":"wp","href":"https:\/\/api.w.org\/{rel}","templated":true}]}}