{"id":67635,"date":"2026-03-04T18:49:15","date_gmt":"2026-03-04T17:49:15","guid":{"rendered":"https:\/\/www.covb.cat\/?p=67635"},"modified":"2026-03-04T18:49:15","modified_gmt":"2026-03-04T17:49:15","slug":"el-tsjc-anula-unas-plazas-de-salud-publica-que-excluian-a-los-veterinarios","status":"publish","type":"post","link":"https:\/\/www.covb.cat\/es\/actualitat\/noticies\/profesional\/el-tsjc-anula-unas-plazas-de-salud-publica-que-excluian-a-los-veterinarios\/","title":{"rendered":"El TSJC anula unas plazas de Salud P\u00fablica que exclu\u00edan a los veterinarios"},"content":{"rendered":"<p>El Tribunal Superior de Justicia de Catalu\u00f1a (TSJC) ha dado parcialmente la raz\u00f3n al <strong>Consell de Col\u00b7legis Veterinaris de Catalunya (CCVC)<\/strong> en el recurso presentado contra la modificaci\u00f3n de la Relaci\u00f3n de Puestos de Trabajo (RLT) del Departamento de Salud que exclu\u00eda a los profesionales veterinarios del acceso a determinadas plazas del \u00e1mbito de la salud p\u00fablica.<\/p>\n<p>El recurso se interpuso despu\u00e9s de que el Departamento de Salud suprimiera varias plazas de <strong>\u201cTitulado\/a Superior Veterinario\/a\u201d<\/strong> y, al mismo tiempo, creara nuevos puestos de trabajo con la denominaci\u00f3n de <strong>\u201cTitulado\/a Superior en Salud P\u00fablica\u201d<\/strong>.<\/p>\n<p>Aunque las funciones asociadas a estos nuevos puestos eran sustancialmente similares a las que desarrollan los profesionales veterinarios, el acceso quedaba reservado exclusivamente a la especialidad de Salud P\u00fablica. El Consell consider\u00f3 que esta exclusi\u00f3n no estaba justificada y decidi\u00f3 interponer un recurso.<\/p>\n<p>En su sentencia, el TSJC recuerda que la Administraci\u00f3n tiene capacidad para organizar su estructura y plantilla, pero <strong>no puede limitar el acceso a determinados puestos p\u00fablicos a determinados cuerpos profesionales sin una justificaci\u00f3n objetiva y suficiente<\/strong>.<\/p>\n<p>El Tribunal se\u00f1ala adem\u00e1s que, seg\u00fan la propia documentaci\u00f3n administrativa aportada durante el proceso, existe <strong>una clara coincidencia de funciones entre los profesionales veterinarios y otros titulados en salud p\u00fablica<\/strong>.<\/p>\n<p>Por este motivo, la resoluci\u00f3n judicial anula la creaci\u00f3n de estas plazas en la medida en que reservaban su acceso exclusivamente a la especialidad de Salud P\u00fablica, al considerar que <strong>no se ha motivado adecuadamente la exclusi\u00f3n de los veterinarios<\/strong>.<\/p>\n<p>No obstante, la Generalitat todav\u00eda puede <strong>recurrir la sentencia en casaci\u00f3n ante el Tribunal Supremo<\/strong>.<\/p>\n<p>Tanto el COVB como el Col\u00b7legis Veterinaris de Catalunya continuaremos trabajando para <strong>defender los intereses profesionales del colectivo veterinario y garantizar que los titulados en veterinaria puedan acceder a la funci\u00f3n p\u00fablica en igualdad de condiciones con otras titulaciones<\/strong>.<\/p>\n","protected":false},"excerpt":{"rendered":"<p>El Tribunal Superior de Justicia de Catalu\u00f1a (TSJC) ha dado parcialmente la raz\u00f3n al Consell de Col\u00b7legis Veterinaris de Catalunya (CCVC) en el recurso presentado contra la modificaci\u00f3n de la Relaci\u00f3n de Puestos de Trabajo (RLT) del Departamento de Salud que exclu\u00eda a los profesionales veterinarios del acceso a determinadas plazas del \u00e1mbito de la [&hellip;]<\/p>\n","protected":false},"author":2985,"featured_media":67633,"comment_status":"closed","ping_status":"closed","sticky":false,"template":"","format":"standard","meta":{"_monsterinsights_skip_tracking":false,"_monsterinsights_sitenote_active":false,"_monsterinsights_sitenote_note":"","_monsterinsights_sitenote_category":0,"_jetpack_memberships_contains_paid_content":false,"footnotes":""},"categories":[17,164],"tags":[],"class_list":["post-67635","post","type-post","status-publish","format-standard","has-post-thumbnail","hentry","category-general","category-profesional"],"yoast_head":"<!-- This site is optimized with the Yoast SEO plugin v27.0 - https:\/\/yoast.com\/product\/yoast-seo-wordpress\/ -->\n<title>El TSJC anula unas plazas de Salud P\u00fablica que exclu\u00edan a los veterinarios - COVB - Col\u00b7legi Oficial de Veterinaris de Barcelona<\/title>\n<meta name=\"description\" content=\"El Tribunal Superior de Justicia de Catalu\u00f1a (TSJC) ha dado parcialmente la raz\u00f3n al Consell de Col\u00b7legis Veterinaris de Catalunya (CCVC) en el recurso\" \/>\n<meta name=\"robots\" content=\"index, follow, max-snippet:-1, max-image-preview:large, max-video-preview:-1\" \/>\n<link rel=\"canonical\" href=\"https:\/\/www.covb.cat\/es\/actualitat\/noticies\/profesional\/el-tsjc-anula-unas-plazas-de-salud-publica-que-excluian-a-los-veterinarios\/\" \/>\n<meta property=\"og:locale\" content=\"es_ES\" \/>\n<meta property=\"og:type\" content=\"article\" \/>\n<meta property=\"og:title\" content=\"El TSJC anula unas plazas de Salud P\u00fablica que exclu\u00edan a los veterinarios - COVB - Col\u00b7legi Oficial de Veterinaris de Barcelona\" \/>\n<meta property=\"og:description\" content=\"El Tribunal Superior de Justicia de Catalu\u00f1a (TSJC) ha dado parcialmente la raz\u00f3n al Consell de Col\u00b7legis Veterinaris de Catalunya (CCVC) en el recurso\" \/>\n<meta property=\"og:url\" content=\"https:\/\/www.covb.cat\/es\/actualitat\/noticies\/profesional\/el-tsjc-anula-unas-plazas-de-salud-publica-que-excluian-a-los-veterinarios\/\" \/>\n<meta property=\"og:site_name\" content=\"COVB\" \/>\n<meta property=\"article:publisher\" content=\"https:\/\/www.facebook.com\/COVBcat\/\" \/>\n<meta property=\"article:published_time\" content=\"2026-03-04T17:49:15+00:00\" \/>\n<meta property=\"og:image\" content=\"https:\/\/www.covb.cat\/wp-content\/uploads\/2026\/03\/TSJC-WEB.jpg\" \/>\n\t<meta property=\"og:image:width\" content=\"1200\" \/>\n\t<meta property=\"og:image:height\" content=\"800\" \/>\n\t<meta property=\"og:image:type\" content=\"image\/jpeg\" \/>\n<meta name=\"author\" content=\"Ferran Alcaraz\" \/>\n<meta name=\"twitter:card\" content=\"summary_large_image\" \/>\n<meta name=\"twitter:creator\" content=\"@COVBcat\" \/>\n<meta name=\"twitter:site\" content=\"@COVBcat\" \/>\n<meta name=\"twitter:label1\" content=\"Escrito por\" \/>\n\t<meta name=\"twitter:data1\" content=\"Ferran Alcaraz\" \/>\n\t<meta name=\"twitter:label2\" content=\"Tiempo de lectura\" \/>\n\t<meta name=\"twitter:data2\" content=\"2 minutos\" \/>\n<script type=\"application\/ld+json\" class=\"yoast-schema-graph\">{\"@context\":\"https:\/\/schema.org\",\"@graph\":[{\"@type\":\"Article\",\"@id\":\"https:\/\/www.covb.cat\/es\/actualitat\/noticies\/profesional\/el-tsjc-anula-unas-plazas-de-salud-publica-que-excluian-a-los-veterinarios\/#article\",\"isPartOf\":{\"@id\":\"https:\/\/www.covb.cat\/es\/actualitat\/noticies\/profesional\/el-tsjc-anula-unas-plazas-de-salud-publica-que-excluian-a-los-veterinarios\/\"},\"author\":{\"name\":\"Ferran Alcaraz\",\"@id\":\"https:\/\/www.covb.cat\/es\/#\/schema\/person\/ddc9093bc091186c194bba72ca3be5e2\"},\"headline\":\"El TSJC anula unas plazas de Salud P\u00fablica que exclu\u00edan a los veterinarios\",\"datePublished\":\"2026-03-04T17:49:15+00:00\",\"mainEntityOfPage\":{\"@id\":\"https:\/\/www.covb.cat\/es\/actualitat\/noticies\/profesional\/el-tsjc-anula-unas-plazas-de-salud-publica-que-excluian-a-los-veterinarios\/\"},\"wordCount\":344,\"publisher\":{\"@id\":\"https:\/\/www.covb.cat\/es\/#organization\"},\"image\":{\"@id\":\"https:\/\/www.covb.cat\/es\/actualitat\/noticies\/profesional\/el-tsjc-anula-unas-plazas-de-salud-publica-que-excluian-a-los-veterinarios\/#primaryimage\"},\"thumbnailUrl\":\"https:\/\/www.covb.cat\/wp-content\/uploads\/2026\/03\/TSJC-WEB.jpg\",\"articleSection\":[\"General\",\"Profesi\u00f3n\"],\"inLanguage\":\"es\"},{\"@type\":\"WebPage\",\"@id\":\"https:\/\/www.covb.cat\/es\/actualitat\/noticies\/profesional\/el-tsjc-anula-unas-plazas-de-salud-publica-que-excluian-a-los-veterinarios\/\",\"url\":\"https:\/\/www.covb.cat\/es\/actualitat\/noticies\/profesional\/el-tsjc-anula-unas-plazas-de-salud-publica-que-excluian-a-los-veterinarios\/\",\"name\":\"El TSJC anula unas plazas de Salud P\u00fablica que exclu\u00edan a los veterinarios - COVB - Col\u00b7legi Oficial de Veterinaris de Barcelona\",\"isPartOf\":{\"@id\":\"https:\/\/www.covb.cat\/es\/#website\"},\"primaryImageOfPage\":{\"@id\":\"https:\/\/www.covb.cat\/es\/actualitat\/noticies\/profesional\/el-tsjc-anula-unas-plazas-de-salud-publica-que-excluian-a-los-veterinarios\/#primaryimage\"},\"image\":{\"@id\":\"https:\/\/www.covb.cat\/es\/actualitat\/noticies\/profesional\/el-tsjc-anula-unas-plazas-de-salud-publica-que-excluian-a-los-veterinarios\/#primaryimage\"},\"thumbnailUrl\":\"https:\/\/www.covb.cat\/wp-content\/uploads\/2026\/03\/TSJC-WEB.jpg\",\"datePublished\":\"2026-03-04T17:49:15+00:00\",\"description\":\"El Tribunal Superior de Justicia de Catalu\u00f1a (TSJC) ha dado parcialmente la raz\u00f3n al Consell de Col\u00b7legis Veterinaris de Catalunya (CCVC) en el recurso\",\"breadcrumb\":{\"@id\":\"https:\/\/www.covb.cat\/es\/actualitat\/noticies\/profesional\/el-tsjc-anula-unas-plazas-de-salud-publica-que-excluian-a-los-veterinarios\/#breadcrumb\"},\"inLanguage\":\"es\",\"potentialAction\":[{\"@type\":\"ReadAction\",\"target\":[\"https:\/\/www.covb.cat\/es\/actualitat\/noticies\/profesional\/el-tsjc-anula-unas-plazas-de-salud-publica-que-excluian-a-los-veterinarios\/\"]}]},{\"@type\":\"ImageObject\",\"inLanguage\":\"es\",\"@id\":\"https:\/\/www.covb.cat\/es\/actualitat\/noticies\/profesional\/el-tsjc-anula-unas-plazas-de-salud-publica-que-excluian-a-los-veterinarios\/#primaryimage\",\"url\":\"https:\/\/www.covb.cat\/wp-content\/uploads\/2026\/03\/TSJC-WEB.jpg\",\"contentUrl\":\"https:\/\/www.covb.cat\/wp-content\/uploads\/2026\/03\/TSJC-WEB.jpg\",\"width\":1200,\"height\":800},{\"@type\":\"BreadcrumbList\",\"@id\":\"https:\/\/www.covb.cat\/es\/actualitat\/noticies\/profesional\/el-tsjc-anula-unas-plazas-de-salud-publica-que-excluian-a-los-veterinarios\/#breadcrumb\",\"itemListElement\":[{\"@type\":\"ListItem\",\"position\":1,\"name\":\"Inici\",\"item\":\"https:\/\/www.covb.cat\/es\/\"},{\"@type\":\"ListItem\",\"position\":2,\"name\":\"El TSJC anula unas plazas de Salud P\u00fablica que exclu\u00edan a los veterinarios\"}]},{\"@type\":\"WebSite\",\"@id\":\"https:\/\/www.covb.cat\/es\/#website\",\"url\":\"https:\/\/www.covb.cat\/es\/\",\"name\":\"COVB\",\"description\":\"Col\u00b7legi Oficial de Veterinaris de Barcelona\",\"publisher\":{\"@id\":\"https:\/\/www.covb.cat\/es\/#organization\"},\"potentialAction\":[{\"@type\":\"SearchAction\",\"target\":{\"@type\":\"EntryPoint\",\"urlTemplate\":\"https:\/\/www.covb.cat\/es\/?s={search_term_string}\"},\"query-input\":{\"@type\":\"PropertyValueSpecification\",\"valueRequired\":true,\"valueName\":\"search_term_string\"}}],\"inLanguage\":\"es\"},{\"@type\":\"Organization\",\"@id\":\"https:\/\/www.covb.cat\/es\/#organization\",\"name\":\"COVB\",\"url\":\"https:\/\/www.covb.cat\/es\/\",\"logo\":{\"@type\":\"ImageObject\",\"inLanguage\":\"es\",\"@id\":\"https:\/\/www.covb.cat\/es\/#\/schema\/logo\/image\/\",\"url\":\"https:\/\/www.covb.cat\/wp-content\/uploads\/2018\/07\/favicon-covb.png\",\"contentUrl\":\"https:\/\/www.covb.cat\/wp-content\/uploads\/2018\/07\/favicon-covb.png\",\"width\":512,\"height\":512,\"caption\":\"COVB\"},\"image\":{\"@id\":\"https:\/\/www.covb.cat\/es\/#\/schema\/logo\/image\/\"},\"sameAs\":[\"https:\/\/www.facebook.com\/COVBcat\/\",\"https:\/\/x.com\/COVBcat\",\"https:\/\/www.youtube.com\/user\/covbcn\"]},{\"@type\":\"Person\",\"@id\":\"https:\/\/www.covb.cat\/es\/#\/schema\/person\/ddc9093bc091186c194bba72ca3be5e2\",\"name\":\"Ferran Alcaraz\",\"image\":{\"@type\":\"ImageObject\",\"inLanguage\":\"es\",\"@id\":\"https:\/\/www.covb.cat\/es\/#\/schema\/person\/image\/\",\"url\":\"https:\/\/secure.gravatar.com\/avatar\/7a7bb9e48d880990c016f59db5a666fe7ad49e90723bdbdc0acfb756246ea192?s=96&d=mm&r=g\",\"contentUrl\":\"https:\/\/secure.gravatar.com\/avatar\/7a7bb9e48d880990c016f59db5a666fe7ad49e90723bdbdc0acfb756246ea192?s=96&d=mm&r=g\",\"caption\":\"Ferran Alcaraz\"}}]}<\/script>\n<!-- \/ Yoast SEO plugin. -->","yoast_head_json":{"title":"El TSJC anula unas plazas de Salud P\u00fablica que exclu\u00edan a los veterinarios - COVB - Col\u00b7legi Oficial de Veterinaris de Barcelona","description":"El Tribunal Superior de Justicia de Catalu\u00f1a (TSJC) ha dado parcialmente la raz\u00f3n al Consell de Col\u00b7legis Veterinaris de Catalunya (CCVC) en el recurso","robots":{"index":"index","follow":"follow","max-snippet":"max-snippet:-1","max-image-preview":"max-image-preview:large","max-video-preview":"max-video-preview:-1"},"canonical":"https:\/\/www.covb.cat\/es\/actualitat\/noticies\/profesional\/el-tsjc-anula-unas-plazas-de-salud-publica-que-excluian-a-los-veterinarios\/","og_locale":"es_ES","og_type":"article","og_title":"El TSJC anula unas plazas de Salud P\u00fablica que exclu\u00edan a los veterinarios - COVB - Col\u00b7legi Oficial de Veterinaris de Barcelona","og_description":"El Tribunal Superior de Justicia de Catalu\u00f1a (TSJC) ha dado parcialmente la raz\u00f3n al Consell de Col\u00b7legis Veterinaris de Catalunya (CCVC) en el recurso","og_url":"https:\/\/www.covb.cat\/es\/actualitat\/noticies\/profesional\/el-tsjc-anula-unas-plazas-de-salud-publica-que-excluian-a-los-veterinarios\/","og_site_name":"COVB","article_publisher":"https:\/\/www.facebook.com\/COVBcat\/","article_published_time":"2026-03-04T17:49:15+00:00","og_image":[{"width":1200,"height":800,"url":"https:\/\/www.covb.cat\/wp-content\/uploads\/2026\/03\/TSJC-WEB.jpg","type":"image\/jpeg"}],"author":"Ferran Alcaraz","twitter_card":"summary_large_image","twitter_creator":"@COVBcat","twitter_site":"@COVBcat","twitter_misc":{"Escrito por":"Ferran Alcaraz","Tiempo de lectura":"2 minutos"},"schema":{"@context":"https:\/\/schema.org","@graph":[{"@type":"Article","@id":"https:\/\/www.covb.cat\/es\/actualitat\/noticies\/profesional\/el-tsjc-anula-unas-plazas-de-salud-publica-que-excluian-a-los-veterinarios\/#article","isPartOf":{"@id":"https:\/\/www.covb.cat\/es\/actualitat\/noticies\/profesional\/el-tsjc-anula-unas-plazas-de-salud-publica-que-excluian-a-los-veterinarios\/"},"author":{"name":"Ferran Alcaraz","@id":"https:\/\/www.covb.cat\/es\/#\/schema\/person\/ddc9093bc091186c194bba72ca3be5e2"},"headline":"El TSJC anula unas plazas de Salud P\u00fablica que exclu\u00edan a los veterinarios","datePublished":"2026-03-04T17:49:15+00:00","mainEntityOfPage":{"@id":"https:\/\/www.covb.cat\/es\/actualitat\/noticies\/profesional\/el-tsjc-anula-unas-plazas-de-salud-publica-que-excluian-a-los-veterinarios\/"},"wordCount":344,"publisher":{"@id":"https:\/\/www.covb.cat\/es\/#organization"},"image":{"@id":"https:\/\/www.covb.cat\/es\/actualitat\/noticies\/profesional\/el-tsjc-anula-unas-plazas-de-salud-publica-que-excluian-a-los-veterinarios\/#primaryimage"},"thumbnailUrl":"https:\/\/www.covb.cat\/wp-content\/uploads\/2026\/03\/TSJC-WEB.jpg","articleSection":["General","Profesi\u00f3n"],"inLanguage":"es"},{"@type":"WebPage","@id":"https:\/\/www.covb.cat\/es\/actualitat\/noticies\/profesional\/el-tsjc-anula-unas-plazas-de-salud-publica-que-excluian-a-los-veterinarios\/","url":"https:\/\/www.covb.cat\/es\/actualitat\/noticies\/profesional\/el-tsjc-anula-unas-plazas-de-salud-publica-que-excluian-a-los-veterinarios\/","name":"El TSJC anula unas plazas de Salud P\u00fablica que exclu\u00edan a los veterinarios - COVB - Col\u00b7legi Oficial de Veterinaris de Barcelona","isPartOf":{"@id":"https:\/\/www.covb.cat\/es\/#website"},"primaryImageOfPage":{"@id":"https:\/\/www.covb.cat\/es\/actualitat\/noticies\/profesional\/el-tsjc-anula-unas-plazas-de-salud-publica-que-excluian-a-los-veterinarios\/#primaryimage"},"image":{"@id":"https:\/\/www.covb.cat\/es\/actualitat\/noticies\/profesional\/el-tsjc-anula-unas-plazas-de-salud-publica-que-excluian-a-los-veterinarios\/#primaryimage"},"thumbnailUrl":"https:\/\/www.covb.cat\/wp-content\/uploads\/2026\/03\/TSJC-WEB.jpg","datePublished":"2026-03-04T17:49:15+00:00","description":"El Tribunal Superior de Justicia de Catalu\u00f1a (TSJC) ha dado parcialmente la raz\u00f3n al Consell de Col\u00b7legis Veterinaris de Catalunya (CCVC) en el recurso","breadcrumb":{"@id":"https:\/\/www.covb.cat\/es\/actualitat\/noticies\/profesional\/el-tsjc-anula-unas-plazas-de-salud-publica-que-excluian-a-los-veterinarios\/#breadcrumb"},"inLanguage":"es","potentialAction":[{"@type":"ReadAction","target":["https:\/\/www.covb.cat\/es\/actualitat\/noticies\/profesional\/el-tsjc-anula-unas-plazas-de-salud-publica-que-excluian-a-los-veterinarios\/"]}]},{"@type":"ImageObject","inLanguage":"es","@id":"https:\/\/www.covb.cat\/es\/actualitat\/noticies\/profesional\/el-tsjc-anula-unas-plazas-de-salud-publica-que-excluian-a-los-veterinarios\/#primaryimage","url":"https:\/\/www.covb.cat\/wp-content\/uploads\/2026\/03\/TSJC-WEB.jpg","contentUrl":"https:\/\/www.covb.cat\/wp-content\/uploads\/2026\/03\/TSJC-WEB.jpg","width":1200,"height":800},{"@type":"BreadcrumbList","@id":"https:\/\/www.covb.cat\/es\/actualitat\/noticies\/profesional\/el-tsjc-anula-unas-plazas-de-salud-publica-que-excluian-a-los-veterinarios\/#breadcrumb","itemListElement":[{"@type":"ListItem","position":1,"name":"Inici","item":"https:\/\/www.covb.cat\/es\/"},{"@type":"ListItem","position":2,"name":"El TSJC anula unas plazas de Salud P\u00fablica que exclu\u00edan a los veterinarios"}]},{"@type":"WebSite","@id":"https:\/\/www.covb.cat\/es\/#website","url":"https:\/\/www.covb.cat\/es\/","name":"COVB","description":"Col\u00b7legi Oficial de Veterinaris de Barcelona","publisher":{"@id":"https:\/\/www.covb.cat\/es\/#organization"},"potentialAction":[{"@type":"SearchAction","target":{"@type":"EntryPoint","urlTemplate":"https:\/\/www.covb.cat\/es\/?s={search_term_string}"},"query-input":{"@type":"PropertyValueSpecification","valueRequired":true,"valueName":"search_term_string"}}],"inLanguage":"es"},{"@type":"Organization","@id":"https:\/\/www.covb.cat\/es\/#organization","name":"COVB","url":"https:\/\/www.covb.cat\/es\/","logo":{"@type":"ImageObject","inLanguage":"es","@id":"https:\/\/www.covb.cat\/es\/#\/schema\/logo\/image\/","url":"https:\/\/www.covb.cat\/wp-content\/uploads\/2018\/07\/favicon-covb.png","contentUrl":"https:\/\/www.covb.cat\/wp-content\/uploads\/2018\/07\/favicon-covb.png","width":512,"height":512,"caption":"COVB"},"image":{"@id":"https:\/\/www.covb.cat\/es\/#\/schema\/logo\/image\/"},"sameAs":["https:\/\/www.facebook.com\/COVBcat\/","https:\/\/x.com\/COVBcat","https:\/\/www.youtube.com\/user\/covbcn"]},{"@type":"Person","@id":"https:\/\/www.covb.cat\/es\/#\/schema\/person\/ddc9093bc091186c194bba72ca3be5e2","name":"Ferran Alcaraz","image":{"@type":"ImageObject","inLanguage":"es","@id":"https:\/\/www.covb.cat\/es\/#\/schema\/person\/image\/","url":"https:\/\/secure.gravatar.com\/avatar\/7a7bb9e48d880990c016f59db5a666fe7ad49e90723bdbdc0acfb756246ea192?s=96&d=mm&r=g","contentUrl":"https:\/\/secure.gravatar.com\/avatar\/7a7bb9e48d880990c016f59db5a666fe7ad49e90723bdbdc0acfb756246ea192?s=96&d=mm&r=g","caption":"Ferran Alcaraz"}}]}},"jetpack_featured_media_url":"https:\/\/www.covb.cat\/wp-content\/uploads\/2026\/03\/TSJC-WEB.jpg","jetpack_sharing_enabled":true,"_links":{"self":[{"href":"https:\/\/www.covb.cat\/es\/wp-json\/wp\/v2\/posts\/67635","targetHints":{"allow":["GET"]}}],"collection":[{"href":"https:\/\/www.covb.cat\/es\/wp-json\/wp\/v2\/posts"}],"about":[{"href":"https:\/\/www.covb.cat\/es\/wp-json\/wp\/v2\/types\/post"}],"author":[{"embeddable":true,"href":"https:\/\/www.covb.cat\/es\/wp-json\/wp\/v2\/users\/2985"}],"replies":[{"embeddable":true,"href":"https:\/\/www.covb.cat\/es\/wp-json\/wp\/v2\/comments?post=67635"}],"version-history":[{"count":1,"href":"https:\/\/www.covb.cat\/es\/wp-json\/wp\/v2\/posts\/67635\/revisions"}],"predecessor-version":[{"id":67636,"href":"https:\/\/www.covb.cat\/es\/wp-json\/wp\/v2\/posts\/67635\/revisions\/67636"}],"wp:featuredmedia":[{"embeddable":true,"href":"https:\/\/www.covb.cat\/es\/wp-json\/wp\/v2\/media\/67633"}],"wp:attachment":[{"href":"https:\/\/www.covb.cat\/es\/wp-json\/wp\/v2\/media?parent=67635"}],"wp:term":[{"taxonomy":"category","embeddable":true,"href":"https:\/\/www.covb.cat\/es\/wp-json\/wp\/v2\/categories?post=67635"},{"taxonomy":"post_tag","embeddable":true,"href":"https:\/\/www.covb.cat\/es\/wp-json\/wp\/v2\/tags?post=67635"}],"curies":[{"name":"wp","href":"https:\/\/api.w.org\/{rel}","templated":true}]}}