{"id":66362,"date":"2026-01-28T15:11:20","date_gmt":"2026-01-28T14:11:20","guid":{"rendered":"https:\/\/www.covb.cat\/?p=66362"},"modified":"2026-01-28T15:11:20","modified_gmt":"2026-01-28T14:11:20","slug":"la-vacunacion-frente-la-lengua-azul-sera-voluntaria-durante-la-campana-2026","status":"publish","type":"post","link":"https:\/\/www.covb.cat\/es\/actualitat\/noticies\/alertas\/la-vacunacion-frente-la-lengua-azul-sera-voluntaria-durante-la-campana-2026\/","title":{"rendered":"La vacunaci\u00f3n frente la lengua azul ser\u00e1 voluntaria durante la campa\u00f1a 2026"},"content":{"rendered":"<p>El Departamento de Agricultura, Ganader\u00eda, Pesca y Alimentaci\u00f3n informa que, durante la <strong>campa\u00f1a 2026<\/strong>, la vacunaci\u00f3n frente a la lengua azul <strong>pasa a ser voluntaria<\/strong>.<\/p>\n<p>En este sentido, se ha decidido <strong>no prorrogar la Resoluci\u00f3n ARP\/1202\/2025, de 2 de abril<\/strong>, que establec\u00eda la obligatoriedad de la vacunaci\u00f3n frente a los serotipos 8 y 3 del virus de la lengua azul durante el a\u00f1o 2025, en funci\u00f3n de la evoluci\u00f3n de la situaci\u00f3n sanitaria.<\/p>\n<p>Como consecuencia de esta decisi\u00f3n, desde el <strong>Departament d\u2019Agricultura, Ramaderia, Pesca i Alimentaci\u00f3<\/strong> no se prev\u00e9 la adquisici\u00f3n de nuevas dosis de vacuna para la campa\u00f1a 2026.<\/p>\n<p>No obstante, en relaci\u00f3n con la <strong>especie bovina<\/strong>, y dada la baja cobertura vacunal alcanzada en la campa\u00f1a anterior \u2014especialmente en el sector del cebo\u2014, a\u00fan se dispone de dosis de <strong>Bluevac S4S8<\/strong> almacenadas. Estas dosis fueron adquiridas al inicio de la emergencia sanitaria en junio de 2024 y cuentan con una <strong>fecha de caducidad pr\u00f3xima (28\/02\/2026)<\/strong>.<\/p>\n<p>En caso de que alg\u00fan titular de explotaci\u00f3n o veterinario considere que puede utilizar estas dosis, deber\u00e1 <strong>comunicarlo a la mayor brevedad posible<\/strong>, indicando la relaci\u00f3n de explotaciones y un censo aproximado de animales a vacunar, con el fin de retirar y aplicar las dosis necesarias. Cabe tener en cuenta que se trata <strong>\u00fanicamente de vacuna frente a los serotipos 4 y 8<\/strong>.<\/p>\n<p>Estas dosis se entregar\u00e1n <strong>de forma gratuita<\/strong>, pero <strong>no se abonar\u00e1 la aplicaci\u00f3n<\/strong> de la vacuna por parte del Departamento.<\/p>\n<p>Para cualquier duda o consulta, pod\u00e9is dirigiros al buz\u00f3n del Servicio de Sanidad Animal:<br \/>\n\ud83d\udce9 <strong><a href=\"mailto:sanitatanimal.agricultura@gencat.cat\">sanitatanimal.agricultura@gencat.cat<\/a> <\/strong><\/p>\n","protected":false},"excerpt":{"rendered":"<p>El Departamento de Agricultura, Ganader\u00eda, Pesca y Alimentaci\u00f3n informa que, durante la campa\u00f1a 2026, la vacunaci\u00f3n frente a la lengua azul pasa a ser voluntaria. En este sentido, se ha decidido no prorrogar la Resoluci\u00f3n ARP\/1202\/2025, de 2 de abril, que establec\u00eda la obligatoriedad de la vacunaci\u00f3n frente a los serotipos 8 y 3 del [&hellip;]<\/p>\n","protected":false},"author":2985,"featured_media":66359,"comment_status":"closed","ping_status":"closed","sticky":false,"template":"","format":"standard","meta":{"_monsterinsights_skip_tracking":false,"_monsterinsights_sitenote_active":false,"_monsterinsights_sitenote_note":"","_monsterinsights_sitenote_category":0,"_jetpack_memberships_contains_paid_content":false,"footnotes":""},"categories":[156,17],"tags":[],"class_list":["post-66362","post","type-post","status-publish","format-standard","has-post-thumbnail","hentry","category-alertas","category-general"],"yoast_head":"<!-- This site is optimized with the Yoast SEO plugin v27.0 - https:\/\/yoast.com\/product\/yoast-seo-wordpress\/ -->\n<title>La vacunaci\u00f3n frente la lengua azul ser\u00e1 voluntaria durante la campa\u00f1a 2026 - COVB - Col\u00b7legi Oficial de Veterinaris de Barcelona<\/title>\n<meta name=\"description\" content=\"El Departamento de Agricultura, Ganader\u00eda, Pesca y Alimentaci\u00f3n informa que, durante la campa\u00f1a 2026, la vacunaci\u00f3n frente a la lengua azul pasa a ser\" \/>\n<meta name=\"robots\" content=\"index, follow, max-snippet:-1, max-image-preview:large, max-video-preview:-1\" \/>\n<link rel=\"canonical\" href=\"https:\/\/www.covb.cat\/es\/actualitat\/noticies\/alertas\/la-vacunacion-frente-la-lengua-azul-sera-voluntaria-durante-la-campana-2026\/\" \/>\n<meta property=\"og:locale\" content=\"es_ES\" \/>\n<meta property=\"og:type\" content=\"article\" \/>\n<meta property=\"og:title\" content=\"La vacunaci\u00f3n frente la lengua azul ser\u00e1 voluntaria durante la campa\u00f1a 2026 - COVB - Col\u00b7legi Oficial de Veterinaris de Barcelona\" \/>\n<meta property=\"og:description\" content=\"El Departamento de Agricultura, Ganader\u00eda, Pesca y Alimentaci\u00f3n informa que, durante la campa\u00f1a 2026, la vacunaci\u00f3n frente a la lengua azul pasa a ser\" \/>\n<meta property=\"og:url\" content=\"https:\/\/www.covb.cat\/es\/actualitat\/noticies\/alertas\/la-vacunacion-frente-la-lengua-azul-sera-voluntaria-durante-la-campana-2026\/\" \/>\n<meta property=\"og:site_name\" content=\"COVB\" \/>\n<meta property=\"article:publisher\" content=\"https:\/\/www.facebook.com\/COVBcat\/\" \/>\n<meta property=\"article:published_time\" content=\"2026-01-28T14:11:20+00:00\" \/>\n<meta property=\"og:image\" content=\"https:\/\/www.covb.cat\/wp-content\/uploads\/2026\/01\/Llengua-blava-WEB-1.jpg\" \/>\n\t<meta property=\"og:image:width\" content=\"1200\" \/>\n\t<meta property=\"og:image:height\" content=\"800\" \/>\n\t<meta property=\"og:image:type\" content=\"image\/jpeg\" \/>\n<meta name=\"author\" content=\"Ferran Alcaraz\" \/>\n<meta name=\"twitter:card\" content=\"summary_large_image\" \/>\n<meta name=\"twitter:creator\" content=\"@COVBcat\" \/>\n<meta name=\"twitter:site\" content=\"@COVBcat\" \/>\n<meta name=\"twitter:label1\" content=\"Escrito por\" \/>\n\t<meta name=\"twitter:data1\" content=\"Ferran Alcaraz\" \/>\n\t<meta name=\"twitter:label2\" content=\"Tiempo de lectura\" \/>\n\t<meta name=\"twitter:data2\" content=\"2 minutos\" \/>\n<script type=\"application\/ld+json\" class=\"yoast-schema-graph\">{\"@context\":\"https:\/\/schema.org\",\"@graph\":[{\"@type\":\"Article\",\"@id\":\"https:\/\/www.covb.cat\/es\/actualitat\/noticies\/alertas\/la-vacunacion-frente-la-lengua-azul-sera-voluntaria-durante-la-campana-2026\/#article\",\"isPartOf\":{\"@id\":\"https:\/\/www.covb.cat\/es\/actualitat\/noticies\/alertas\/la-vacunacion-frente-la-lengua-azul-sera-voluntaria-durante-la-campana-2026\/\"},\"author\":{\"name\":\"Ferran Alcaraz\",\"@id\":\"https:\/\/www.covb.cat\/es\/#\/schema\/person\/ddc9093bc091186c194bba72ca3be5e2\"},\"headline\":\"La vacunaci\u00f3n frente la lengua azul ser\u00e1 voluntaria durante la campa\u00f1a 2026\",\"datePublished\":\"2026-01-28T14:11:20+00:00\",\"mainEntityOfPage\":{\"@id\":\"https:\/\/www.covb.cat\/es\/actualitat\/noticies\/alertas\/la-vacunacion-frente-la-lengua-azul-sera-voluntaria-durante-la-campana-2026\/\"},\"wordCount\":288,\"publisher\":{\"@id\":\"https:\/\/www.covb.cat\/es\/#organization\"},\"image\":{\"@id\":\"https:\/\/www.covb.cat\/es\/actualitat\/noticies\/alertas\/la-vacunacion-frente-la-lengua-azul-sera-voluntaria-durante-la-campana-2026\/#primaryimage\"},\"thumbnailUrl\":\"https:\/\/www.covb.cat\/wp-content\/uploads\/2026\/01\/Llengua-blava-WEB-1.jpg\",\"articleSection\":[\"Alertas\",\"General\"],\"inLanguage\":\"es\"},{\"@type\":\"WebPage\",\"@id\":\"https:\/\/www.covb.cat\/es\/actualitat\/noticies\/alertas\/la-vacunacion-frente-la-lengua-azul-sera-voluntaria-durante-la-campana-2026\/\",\"url\":\"https:\/\/www.covb.cat\/es\/actualitat\/noticies\/alertas\/la-vacunacion-frente-la-lengua-azul-sera-voluntaria-durante-la-campana-2026\/\",\"name\":\"La vacunaci\u00f3n frente la lengua azul ser\u00e1 voluntaria durante la campa\u00f1a 2026 - COVB - Col\u00b7legi Oficial de Veterinaris de Barcelona\",\"isPartOf\":{\"@id\":\"https:\/\/www.covb.cat\/es\/#website\"},\"primaryImageOfPage\":{\"@id\":\"https:\/\/www.covb.cat\/es\/actualitat\/noticies\/alertas\/la-vacunacion-frente-la-lengua-azul-sera-voluntaria-durante-la-campana-2026\/#primaryimage\"},\"image\":{\"@id\":\"https:\/\/www.covb.cat\/es\/actualitat\/noticies\/alertas\/la-vacunacion-frente-la-lengua-azul-sera-voluntaria-durante-la-campana-2026\/#primaryimage\"},\"thumbnailUrl\":\"https:\/\/www.covb.cat\/wp-content\/uploads\/2026\/01\/Llengua-blava-WEB-1.jpg\",\"datePublished\":\"2026-01-28T14:11:20+00:00\",\"description\":\"El Departamento de Agricultura, Ganader\u00eda, Pesca y Alimentaci\u00f3n informa que, durante la campa\u00f1a 2026, la vacunaci\u00f3n frente a la lengua azul pasa a ser\",\"breadcrumb\":{\"@id\":\"https:\/\/www.covb.cat\/es\/actualitat\/noticies\/alertas\/la-vacunacion-frente-la-lengua-azul-sera-voluntaria-durante-la-campana-2026\/#breadcrumb\"},\"inLanguage\":\"es\",\"potentialAction\":[{\"@type\":\"ReadAction\",\"target\":[\"https:\/\/www.covb.cat\/es\/actualitat\/noticies\/alertas\/la-vacunacion-frente-la-lengua-azul-sera-voluntaria-durante-la-campana-2026\/\"]}]},{\"@type\":\"ImageObject\",\"inLanguage\":\"es\",\"@id\":\"https:\/\/www.covb.cat\/es\/actualitat\/noticies\/alertas\/la-vacunacion-frente-la-lengua-azul-sera-voluntaria-durante-la-campana-2026\/#primaryimage\",\"url\":\"https:\/\/www.covb.cat\/wp-content\/uploads\/2026\/01\/Llengua-blava-WEB-1.jpg\",\"contentUrl\":\"https:\/\/www.covb.cat\/wp-content\/uploads\/2026\/01\/Llengua-blava-WEB-1.jpg\",\"width\":1200,\"height\":800},{\"@type\":\"BreadcrumbList\",\"@id\":\"https:\/\/www.covb.cat\/es\/actualitat\/noticies\/alertas\/la-vacunacion-frente-la-lengua-azul-sera-voluntaria-durante-la-campana-2026\/#breadcrumb\",\"itemListElement\":[{\"@type\":\"ListItem\",\"position\":1,\"name\":\"Inici\",\"item\":\"https:\/\/www.covb.cat\/es\/\"},{\"@type\":\"ListItem\",\"position\":2,\"name\":\"La vacunaci\u00f3n frente la lengua azul ser\u00e1 voluntaria durante la campa\u00f1a 2026\"}]},{\"@type\":\"WebSite\",\"@id\":\"https:\/\/www.covb.cat\/es\/#website\",\"url\":\"https:\/\/www.covb.cat\/es\/\",\"name\":\"COVB\",\"description\":\"Col\u00b7legi Oficial de Veterinaris de Barcelona\",\"publisher\":{\"@id\":\"https:\/\/www.covb.cat\/es\/#organization\"},\"potentialAction\":[{\"@type\":\"SearchAction\",\"target\":{\"@type\":\"EntryPoint\",\"urlTemplate\":\"https:\/\/www.covb.cat\/es\/?s={search_term_string}\"},\"query-input\":{\"@type\":\"PropertyValueSpecification\",\"valueRequired\":true,\"valueName\":\"search_term_string\"}}],\"inLanguage\":\"es\"},{\"@type\":\"Organization\",\"@id\":\"https:\/\/www.covb.cat\/es\/#organization\",\"name\":\"COVB\",\"url\":\"https:\/\/www.covb.cat\/es\/\",\"logo\":{\"@type\":\"ImageObject\",\"inLanguage\":\"es\",\"@id\":\"https:\/\/www.covb.cat\/es\/#\/schema\/logo\/image\/\",\"url\":\"https:\/\/www.covb.cat\/wp-content\/uploads\/2018\/07\/favicon-covb.png\",\"contentUrl\":\"https:\/\/www.covb.cat\/wp-content\/uploads\/2018\/07\/favicon-covb.png\",\"width\":512,\"height\":512,\"caption\":\"COVB\"},\"image\":{\"@id\":\"https:\/\/www.covb.cat\/es\/#\/schema\/logo\/image\/\"},\"sameAs\":[\"https:\/\/www.facebook.com\/COVBcat\/\",\"https:\/\/x.com\/COVBcat\",\"https:\/\/www.youtube.com\/user\/covbcn\"]},{\"@type\":\"Person\",\"@id\":\"https:\/\/www.covb.cat\/es\/#\/schema\/person\/ddc9093bc091186c194bba72ca3be5e2\",\"name\":\"Ferran Alcaraz\",\"image\":{\"@type\":\"ImageObject\",\"inLanguage\":\"es\",\"@id\":\"https:\/\/www.covb.cat\/es\/#\/schema\/person\/image\/\",\"url\":\"https:\/\/secure.gravatar.com\/avatar\/7a7bb9e48d880990c016f59db5a666fe7ad49e90723bdbdc0acfb756246ea192?s=96&d=mm&r=g\",\"contentUrl\":\"https:\/\/secure.gravatar.com\/avatar\/7a7bb9e48d880990c016f59db5a666fe7ad49e90723bdbdc0acfb756246ea192?s=96&d=mm&r=g\",\"caption\":\"Ferran Alcaraz\"}}]}<\/script>\n<!-- \/ Yoast SEO plugin. -->","yoast_head_json":{"title":"La vacunaci\u00f3n frente la lengua azul ser\u00e1 voluntaria durante la campa\u00f1a 2026 - COVB - Col\u00b7legi Oficial de Veterinaris de Barcelona","description":"El Departamento de Agricultura, Ganader\u00eda, Pesca y Alimentaci\u00f3n informa que, durante la campa\u00f1a 2026, la vacunaci\u00f3n frente a la lengua azul pasa a ser","robots":{"index":"index","follow":"follow","max-snippet":"max-snippet:-1","max-image-preview":"max-image-preview:large","max-video-preview":"max-video-preview:-1"},"canonical":"https:\/\/www.covb.cat\/es\/actualitat\/noticies\/alertas\/la-vacunacion-frente-la-lengua-azul-sera-voluntaria-durante-la-campana-2026\/","og_locale":"es_ES","og_type":"article","og_title":"La vacunaci\u00f3n frente la lengua azul ser\u00e1 voluntaria durante la campa\u00f1a 2026 - COVB - Col\u00b7legi Oficial de Veterinaris de Barcelona","og_description":"El Departamento de Agricultura, Ganader\u00eda, Pesca y Alimentaci\u00f3n informa que, durante la campa\u00f1a 2026, la vacunaci\u00f3n frente a la lengua azul pasa a ser","og_url":"https:\/\/www.covb.cat\/es\/actualitat\/noticies\/alertas\/la-vacunacion-frente-la-lengua-azul-sera-voluntaria-durante-la-campana-2026\/","og_site_name":"COVB","article_publisher":"https:\/\/www.facebook.com\/COVBcat\/","article_published_time":"2026-01-28T14:11:20+00:00","og_image":[{"width":1200,"height":800,"url":"https:\/\/www.covb.cat\/wp-content\/uploads\/2026\/01\/Llengua-blava-WEB-1.jpg","type":"image\/jpeg"}],"author":"Ferran Alcaraz","twitter_card":"summary_large_image","twitter_creator":"@COVBcat","twitter_site":"@COVBcat","twitter_misc":{"Escrito por":"Ferran Alcaraz","Tiempo de lectura":"2 minutos"},"schema":{"@context":"https:\/\/schema.org","@graph":[{"@type":"Article","@id":"https:\/\/www.covb.cat\/es\/actualitat\/noticies\/alertas\/la-vacunacion-frente-la-lengua-azul-sera-voluntaria-durante-la-campana-2026\/#article","isPartOf":{"@id":"https:\/\/www.covb.cat\/es\/actualitat\/noticies\/alertas\/la-vacunacion-frente-la-lengua-azul-sera-voluntaria-durante-la-campana-2026\/"},"author":{"name":"Ferran Alcaraz","@id":"https:\/\/www.covb.cat\/es\/#\/schema\/person\/ddc9093bc091186c194bba72ca3be5e2"},"headline":"La vacunaci\u00f3n frente la lengua azul ser\u00e1 voluntaria durante la campa\u00f1a 2026","datePublished":"2026-01-28T14:11:20+00:00","mainEntityOfPage":{"@id":"https:\/\/www.covb.cat\/es\/actualitat\/noticies\/alertas\/la-vacunacion-frente-la-lengua-azul-sera-voluntaria-durante-la-campana-2026\/"},"wordCount":288,"publisher":{"@id":"https:\/\/www.covb.cat\/es\/#organization"},"image":{"@id":"https:\/\/www.covb.cat\/es\/actualitat\/noticies\/alertas\/la-vacunacion-frente-la-lengua-azul-sera-voluntaria-durante-la-campana-2026\/#primaryimage"},"thumbnailUrl":"https:\/\/www.covb.cat\/wp-content\/uploads\/2026\/01\/Llengua-blava-WEB-1.jpg","articleSection":["Alertas","General"],"inLanguage":"es"},{"@type":"WebPage","@id":"https:\/\/www.covb.cat\/es\/actualitat\/noticies\/alertas\/la-vacunacion-frente-la-lengua-azul-sera-voluntaria-durante-la-campana-2026\/","url":"https:\/\/www.covb.cat\/es\/actualitat\/noticies\/alertas\/la-vacunacion-frente-la-lengua-azul-sera-voluntaria-durante-la-campana-2026\/","name":"La vacunaci\u00f3n frente la lengua azul ser\u00e1 voluntaria durante la campa\u00f1a 2026 - COVB - Col\u00b7legi Oficial de Veterinaris de Barcelona","isPartOf":{"@id":"https:\/\/www.covb.cat\/es\/#website"},"primaryImageOfPage":{"@id":"https:\/\/www.covb.cat\/es\/actualitat\/noticies\/alertas\/la-vacunacion-frente-la-lengua-azul-sera-voluntaria-durante-la-campana-2026\/#primaryimage"},"image":{"@id":"https:\/\/www.covb.cat\/es\/actualitat\/noticies\/alertas\/la-vacunacion-frente-la-lengua-azul-sera-voluntaria-durante-la-campana-2026\/#primaryimage"},"thumbnailUrl":"https:\/\/www.covb.cat\/wp-content\/uploads\/2026\/01\/Llengua-blava-WEB-1.jpg","datePublished":"2026-01-28T14:11:20+00:00","description":"El Departamento de Agricultura, Ganader\u00eda, Pesca y Alimentaci\u00f3n informa que, durante la campa\u00f1a 2026, la vacunaci\u00f3n frente a la lengua azul pasa a ser","breadcrumb":{"@id":"https:\/\/www.covb.cat\/es\/actualitat\/noticies\/alertas\/la-vacunacion-frente-la-lengua-azul-sera-voluntaria-durante-la-campana-2026\/#breadcrumb"},"inLanguage":"es","potentialAction":[{"@type":"ReadAction","target":["https:\/\/www.covb.cat\/es\/actualitat\/noticies\/alertas\/la-vacunacion-frente-la-lengua-azul-sera-voluntaria-durante-la-campana-2026\/"]}]},{"@type":"ImageObject","inLanguage":"es","@id":"https:\/\/www.covb.cat\/es\/actualitat\/noticies\/alertas\/la-vacunacion-frente-la-lengua-azul-sera-voluntaria-durante-la-campana-2026\/#primaryimage","url":"https:\/\/www.covb.cat\/wp-content\/uploads\/2026\/01\/Llengua-blava-WEB-1.jpg","contentUrl":"https:\/\/www.covb.cat\/wp-content\/uploads\/2026\/01\/Llengua-blava-WEB-1.jpg","width":1200,"height":800},{"@type":"BreadcrumbList","@id":"https:\/\/www.covb.cat\/es\/actualitat\/noticies\/alertas\/la-vacunacion-frente-la-lengua-azul-sera-voluntaria-durante-la-campana-2026\/#breadcrumb","itemListElement":[{"@type":"ListItem","position":1,"name":"Inici","item":"https:\/\/www.covb.cat\/es\/"},{"@type":"ListItem","position":2,"name":"La vacunaci\u00f3n frente la lengua azul ser\u00e1 voluntaria durante la campa\u00f1a 2026"}]},{"@type":"WebSite","@id":"https:\/\/www.covb.cat\/es\/#website","url":"https:\/\/www.covb.cat\/es\/","name":"COVB","description":"Col\u00b7legi Oficial de Veterinaris de Barcelona","publisher":{"@id":"https:\/\/www.covb.cat\/es\/#organization"},"potentialAction":[{"@type":"SearchAction","target":{"@type":"EntryPoint","urlTemplate":"https:\/\/www.covb.cat\/es\/?s={search_term_string}"},"query-input":{"@type":"PropertyValueSpecification","valueRequired":true,"valueName":"search_term_string"}}],"inLanguage":"es"},{"@type":"Organization","@id":"https:\/\/www.covb.cat\/es\/#organization","name":"COVB","url":"https:\/\/www.covb.cat\/es\/","logo":{"@type":"ImageObject","inLanguage":"es","@id":"https:\/\/www.covb.cat\/es\/#\/schema\/logo\/image\/","url":"https:\/\/www.covb.cat\/wp-content\/uploads\/2018\/07\/favicon-covb.png","contentUrl":"https:\/\/www.covb.cat\/wp-content\/uploads\/2018\/07\/favicon-covb.png","width":512,"height":512,"caption":"COVB"},"image":{"@id":"https:\/\/www.covb.cat\/es\/#\/schema\/logo\/image\/"},"sameAs":["https:\/\/www.facebook.com\/COVBcat\/","https:\/\/x.com\/COVBcat","https:\/\/www.youtube.com\/user\/covbcn"]},{"@type":"Person","@id":"https:\/\/www.covb.cat\/es\/#\/schema\/person\/ddc9093bc091186c194bba72ca3be5e2","name":"Ferran Alcaraz","image":{"@type":"ImageObject","inLanguage":"es","@id":"https:\/\/www.covb.cat\/es\/#\/schema\/person\/image\/","url":"https:\/\/secure.gravatar.com\/avatar\/7a7bb9e48d880990c016f59db5a666fe7ad49e90723bdbdc0acfb756246ea192?s=96&d=mm&r=g","contentUrl":"https:\/\/secure.gravatar.com\/avatar\/7a7bb9e48d880990c016f59db5a666fe7ad49e90723bdbdc0acfb756246ea192?s=96&d=mm&r=g","caption":"Ferran Alcaraz"}}]}},"jetpack_featured_media_url":"https:\/\/www.covb.cat\/wp-content\/uploads\/2026\/01\/Llengua-blava-WEB-1.jpg","jetpack_sharing_enabled":true,"_links":{"self":[{"href":"https:\/\/www.covb.cat\/es\/wp-json\/wp\/v2\/posts\/66362","targetHints":{"allow":["GET"]}}],"collection":[{"href":"https:\/\/www.covb.cat\/es\/wp-json\/wp\/v2\/posts"}],"about":[{"href":"https:\/\/www.covb.cat\/es\/wp-json\/wp\/v2\/types\/post"}],"author":[{"embeddable":true,"href":"https:\/\/www.covb.cat\/es\/wp-json\/wp\/v2\/users\/2985"}],"replies":[{"embeddable":true,"href":"https:\/\/www.covb.cat\/es\/wp-json\/wp\/v2\/comments?post=66362"}],"version-history":[{"count":1,"href":"https:\/\/www.covb.cat\/es\/wp-json\/wp\/v2\/posts\/66362\/revisions"}],"predecessor-version":[{"id":66363,"href":"https:\/\/www.covb.cat\/es\/wp-json\/wp\/v2\/posts\/66362\/revisions\/66363"}],"wp:featuredmedia":[{"embeddable":true,"href":"https:\/\/www.covb.cat\/es\/wp-json\/wp\/v2\/media\/66359"}],"wp:attachment":[{"href":"https:\/\/www.covb.cat\/es\/wp-json\/wp\/v2\/media?parent=66362"}],"wp:term":[{"taxonomy":"category","embeddable":true,"href":"https:\/\/www.covb.cat\/es\/wp-json\/wp\/v2\/categories?post=66362"},{"taxonomy":"post_tag","embeddable":true,"href":"https:\/\/www.covb.cat\/es\/wp-json\/wp\/v2\/tags?post=66362"}],"curies":[{"name":"wp","href":"https:\/\/api.w.org\/{rel}","templated":true}]}}