{"id":66346,"date":"2026-01-28T15:07:02","date_gmt":"2026-01-28T14:07:02","guid":{"rendered":"https:\/\/www.covb.cat\/actualitat\/noticies\/general\/lajuntament-de-premia-de-mar-dona-suport-a-una-normativa-veterinaria-mes-justa\/"},"modified":"2026-01-28T15:08:02","modified_gmt":"2026-01-28T14:08:02","slug":"el-ayuntamiento-de-premia-de-mar-da-apoyo-a-una-normativa-veterinaria-mas-justa","status":"publish","type":"post","link":"https:\/\/www.covb.cat\/es\/actualitat\/noticies\/general\/el-ayuntamiento-de-premia-de-mar-da-apoyo-a-una-normativa-veterinaria-mas-justa\/","title":{"rendered":"El Ayuntamiento de Premi\u00e0 de Mar da apoyo a una normativa veterinaria m\u00e1s justa"},"content":{"rendered":"<p>El Pleno municipal del Ayuntamiento de Premi\u00e0 de Mar, en sesi\u00f3n ordinaria celebrada el <strong>21 de enero de 2026<\/strong>, ha aprobado una <strong>moci\u00f3n de apoyo a la revisi\u00f3n de la normativa reguladora de los medicamentos veterinarios<\/strong>, ante las dificultades actuales en la prescripci\u00f3n, dispensaci\u00f3n y acceso a los tratamientos por parte de las personas responsables de animales.<\/p>\n<p>La moci\u00f3n destaca que la profesi\u00f3n veterinaria es <strong>esencial para la salud p\u00fablica, el bienestar animal y la seguridad alimentaria<\/strong>, pero que el marco normativo vigente genera una carga burocr\u00e1tica excesiva, limita el acceso inmediato a los tratamientos prescritos y puede tener un impacto negativo tanto en la salud animal como en la salud p\u00fablica.<\/p>\n<p>Entre los puntos m\u00e1s relevantes, el Ayuntamiento de Premi\u00e0 de Mar:<\/p>\n<ul>\n<li>Reconoce las dificultades derivadas de la normativa actual sobre medicamentos veterinarios.<\/li>\n<li>Defiende el <strong>criterio cl\u00ednico del veterinario<\/strong> y su papel como profesional sanitario.<\/li>\n<li>Apoya la necesidad de <strong>simplificar la normativa<\/strong>, garantizar un acceso \u00e1gil a los tratamientos y reducir el impacto econ\u00f3mico sobre las familias y las administraciones locales.<\/li>\n<li>Insta a las administraciones competentes a revisar el marco regulador para lograr una respuesta m\u00e1s justa, eficiente y coordinada.<\/li>\n<\/ul>\n<p>Este posicionamiento institucional se suma a los <strong>apoyos manifestados previamente por otros ayuntamientos<\/strong> y refuerza el trabajo que el Colegio Oficial de Veterinarios de Barcelona, junto con el Consejo de Colegios Veterinarios de Catalu\u00f1a, contin\u00faa desarrollando para avanzar hacia una <strong>normativa veterinaria m\u00e1s justa y adaptada a la realidad profesional<\/strong>.<\/p>\n<p>\ud83d\udcc4 <strong>Consulta el <a href=\"https:\/\/www.covb.cat\/wp-content\/uploads\/2026\/01\/Entrada_279735_Ajuntament_Premia_de_Mar.pdf\" target=\"_blank\" rel=\"noopener\">documento oficial aprobado por el Pleno municipal<\/a><\/strong><\/p>\n","protected":false},"excerpt":{"rendered":"<p>El Pleno municipal del Ayuntamiento de Premi\u00e0 de Mar, en sesi\u00f3n ordinaria celebrada el 21 de enero de 2026, ha aprobado una moci\u00f3n de apoyo a la revisi\u00f3n de la normativa reguladora de los medicamentos veterinarios, ante las dificultades actuales en la prescripci\u00f3n, dispensaci\u00f3n y acceso a los tratamientos por parte de las personas responsables [&hellip;]<\/p>\n","protected":false},"author":2985,"featured_media":66343,"comment_status":"closed","ping_status":"closed","sticky":false,"template":"","format":"standard","meta":{"_monsterinsights_skip_tracking":false,"_monsterinsights_sitenote_active":false,"_monsterinsights_sitenote_note":"","_monsterinsights_sitenote_category":0,"_jetpack_memberships_contains_paid_content":false,"footnotes":""},"categories":[17,164],"tags":[],"class_list":["post-66346","post","type-post","status-publish","format-standard","has-post-thumbnail","hentry","category-general","category-profesional"],"yoast_head":"<!-- This site is optimized with the Yoast SEO plugin v27.0 - https:\/\/yoast.com\/product\/yoast-seo-wordpress\/ -->\n<title>El Ayuntamiento de Premi\u00e0 de Mar da apoyo a una normativa veterinaria m\u00e1s justa - COVB - Col\u00b7legi Oficial de Veterinaris de Barcelona<\/title>\n<meta name=\"description\" content=\"El Pleno municipal del Ayuntamiento de Premi\u00e0 de Mar, en sesi\u00f3n ordinaria celebrada el 21 de enero de 2026, ha aprobado una moci\u00f3n de apoyo a la revisi\u00f3n\" \/>\n<meta name=\"robots\" content=\"index, follow, max-snippet:-1, max-image-preview:large, max-video-preview:-1\" \/>\n<link rel=\"canonical\" href=\"https:\/\/www.covb.cat\/es\/actualitat\/noticies\/general\/el-ayuntamiento-de-premia-de-mar-da-apoyo-a-una-normativa-veterinaria-mas-justa\/\" \/>\n<meta property=\"og:locale\" content=\"es_ES\" \/>\n<meta property=\"og:type\" content=\"article\" \/>\n<meta property=\"og:title\" content=\"El Ayuntamiento de Premi\u00e0 de Mar da apoyo a una normativa veterinaria m\u00e1s justa - COVB - Col\u00b7legi Oficial de Veterinaris de Barcelona\" \/>\n<meta property=\"og:description\" content=\"El Pleno municipal del Ayuntamiento de Premi\u00e0 de Mar, en sesi\u00f3n ordinaria celebrada el 21 de enero de 2026, ha aprobado una moci\u00f3n de apoyo a la revisi\u00f3n\" \/>\n<meta property=\"og:url\" content=\"https:\/\/www.covb.cat\/es\/actualitat\/noticies\/general\/el-ayuntamiento-de-premia-de-mar-da-apoyo-a-una-normativa-veterinaria-mas-justa\/\" \/>\n<meta property=\"og:site_name\" content=\"COVB\" \/>\n<meta property=\"article:publisher\" content=\"https:\/\/www.facebook.com\/COVBcat\/\" \/>\n<meta property=\"article:published_time\" content=\"2026-01-28T14:07:02+00:00\" \/>\n<meta property=\"article:modified_time\" content=\"2026-01-28T14:08:02+00:00\" \/>\n<meta property=\"og:image\" content=\"https:\/\/www.covb.cat\/wp-content\/uploads\/2026\/01\/Ajuntament-Premia-de-Mar-WEB.jpg\" \/>\n\t<meta property=\"og:image:width\" content=\"1200\" \/>\n\t<meta property=\"og:image:height\" content=\"800\" \/>\n\t<meta property=\"og:image:type\" content=\"image\/jpeg\" \/>\n<meta name=\"author\" content=\"Ferran Alcaraz\" \/>\n<meta name=\"twitter:card\" content=\"summary_large_image\" \/>\n<meta name=\"twitter:creator\" content=\"@COVBcat\" \/>\n<meta name=\"twitter:site\" content=\"@COVBcat\" \/>\n<meta name=\"twitter:label1\" content=\"Escrito por\" \/>\n\t<meta name=\"twitter:data1\" content=\"Ferran Alcaraz\" \/>\n\t<meta name=\"twitter:label2\" content=\"Tiempo de lectura\" \/>\n\t<meta name=\"twitter:data2\" content=\"2 minutos\" \/>\n<script type=\"application\/ld+json\" class=\"yoast-schema-graph\">{\"@context\":\"https:\/\/schema.org\",\"@graph\":[{\"@type\":\"Article\",\"@id\":\"https:\/\/www.covb.cat\/es\/actualitat\/noticies\/general\/el-ayuntamiento-de-premia-de-mar-da-apoyo-a-una-normativa-veterinaria-mas-justa\/#article\",\"isPartOf\":{\"@id\":\"https:\/\/www.covb.cat\/es\/actualitat\/noticies\/general\/el-ayuntamiento-de-premia-de-mar-da-apoyo-a-una-normativa-veterinaria-mas-justa\/\"},\"author\":{\"name\":\"Ferran Alcaraz\",\"@id\":\"https:\/\/www.covb.cat\/es\/#\/schema\/person\/ddc9093bc091186c194bba72ca3be5e2\"},\"headline\":\"El Ayuntamiento de Premi\u00e0 de Mar da apoyo a una normativa veterinaria m\u00e1s justa\",\"datePublished\":\"2026-01-28T14:07:02+00:00\",\"dateModified\":\"2026-01-28T14:08:02+00:00\",\"mainEntityOfPage\":{\"@id\":\"https:\/\/www.covb.cat\/es\/actualitat\/noticies\/general\/el-ayuntamiento-de-premia-de-mar-da-apoyo-a-una-normativa-veterinaria-mas-justa\/\"},\"wordCount\":280,\"publisher\":{\"@id\":\"https:\/\/www.covb.cat\/es\/#organization\"},\"image\":{\"@id\":\"https:\/\/www.covb.cat\/es\/actualitat\/noticies\/general\/el-ayuntamiento-de-premia-de-mar-da-apoyo-a-una-normativa-veterinaria-mas-justa\/#primaryimage\"},\"thumbnailUrl\":\"https:\/\/www.covb.cat\/wp-content\/uploads\/2026\/01\/Ajuntament-Premia-de-Mar-WEB.jpg\",\"articleSection\":[\"General\",\"Profesi\u00f3n\"],\"inLanguage\":\"es\"},{\"@type\":\"WebPage\",\"@id\":\"https:\/\/www.covb.cat\/es\/actualitat\/noticies\/general\/el-ayuntamiento-de-premia-de-mar-da-apoyo-a-una-normativa-veterinaria-mas-justa\/\",\"url\":\"https:\/\/www.covb.cat\/es\/actualitat\/noticies\/general\/el-ayuntamiento-de-premia-de-mar-da-apoyo-a-una-normativa-veterinaria-mas-justa\/\",\"name\":\"El Ayuntamiento de Premi\u00e0 de Mar da apoyo a una normativa veterinaria m\u00e1s justa - COVB - Col\u00b7legi Oficial de Veterinaris de Barcelona\",\"isPartOf\":{\"@id\":\"https:\/\/www.covb.cat\/es\/#website\"},\"primaryImageOfPage\":{\"@id\":\"https:\/\/www.covb.cat\/es\/actualitat\/noticies\/general\/el-ayuntamiento-de-premia-de-mar-da-apoyo-a-una-normativa-veterinaria-mas-justa\/#primaryimage\"},\"image\":{\"@id\":\"https:\/\/www.covb.cat\/es\/actualitat\/noticies\/general\/el-ayuntamiento-de-premia-de-mar-da-apoyo-a-una-normativa-veterinaria-mas-justa\/#primaryimage\"},\"thumbnailUrl\":\"https:\/\/www.covb.cat\/wp-content\/uploads\/2026\/01\/Ajuntament-Premia-de-Mar-WEB.jpg\",\"datePublished\":\"2026-01-28T14:07:02+00:00\",\"dateModified\":\"2026-01-28T14:08:02+00:00\",\"description\":\"El Pleno municipal del Ayuntamiento de Premi\u00e0 de Mar, en sesi\u00f3n ordinaria celebrada el 21 de enero de 2026, ha aprobado una moci\u00f3n de apoyo a la revisi\u00f3n\",\"breadcrumb\":{\"@id\":\"https:\/\/www.covb.cat\/es\/actualitat\/noticies\/general\/el-ayuntamiento-de-premia-de-mar-da-apoyo-a-una-normativa-veterinaria-mas-justa\/#breadcrumb\"},\"inLanguage\":\"es\",\"potentialAction\":[{\"@type\":\"ReadAction\",\"target\":[\"https:\/\/www.covb.cat\/es\/actualitat\/noticies\/general\/el-ayuntamiento-de-premia-de-mar-da-apoyo-a-una-normativa-veterinaria-mas-justa\/\"]}]},{\"@type\":\"ImageObject\",\"inLanguage\":\"es\",\"@id\":\"https:\/\/www.covb.cat\/es\/actualitat\/noticies\/general\/el-ayuntamiento-de-premia-de-mar-da-apoyo-a-una-normativa-veterinaria-mas-justa\/#primaryimage\",\"url\":\"https:\/\/www.covb.cat\/wp-content\/uploads\/2026\/01\/Ajuntament-Premia-de-Mar-WEB.jpg\",\"contentUrl\":\"https:\/\/www.covb.cat\/wp-content\/uploads\/2026\/01\/Ajuntament-Premia-de-Mar-WEB.jpg\",\"width\":1200,\"height\":800},{\"@type\":\"BreadcrumbList\",\"@id\":\"https:\/\/www.covb.cat\/es\/actualitat\/noticies\/general\/el-ayuntamiento-de-premia-de-mar-da-apoyo-a-una-normativa-veterinaria-mas-justa\/#breadcrumb\",\"itemListElement\":[{\"@type\":\"ListItem\",\"position\":1,\"name\":\"Inici\",\"item\":\"https:\/\/www.covb.cat\/es\/\"},{\"@type\":\"ListItem\",\"position\":2,\"name\":\"El Ayuntamiento de Premi\u00e0 de Mar da apoyo a una normativa veterinaria m\u00e1s justa\"}]},{\"@type\":\"WebSite\",\"@id\":\"https:\/\/www.covb.cat\/es\/#website\",\"url\":\"https:\/\/www.covb.cat\/es\/\",\"name\":\"COVB\",\"description\":\"Col\u00b7legi Oficial de Veterinaris de Barcelona\",\"publisher\":{\"@id\":\"https:\/\/www.covb.cat\/es\/#organization\"},\"potentialAction\":[{\"@type\":\"SearchAction\",\"target\":{\"@type\":\"EntryPoint\",\"urlTemplate\":\"https:\/\/www.covb.cat\/es\/?s={search_term_string}\"},\"query-input\":{\"@type\":\"PropertyValueSpecification\",\"valueRequired\":true,\"valueName\":\"search_term_string\"}}],\"inLanguage\":\"es\"},{\"@type\":\"Organization\",\"@id\":\"https:\/\/www.covb.cat\/es\/#organization\",\"name\":\"COVB\",\"url\":\"https:\/\/www.covb.cat\/es\/\",\"logo\":{\"@type\":\"ImageObject\",\"inLanguage\":\"es\",\"@id\":\"https:\/\/www.covb.cat\/es\/#\/schema\/logo\/image\/\",\"url\":\"https:\/\/www.covb.cat\/wp-content\/uploads\/2018\/07\/favicon-covb.png\",\"contentUrl\":\"https:\/\/www.covb.cat\/wp-content\/uploads\/2018\/07\/favicon-covb.png\",\"width\":512,\"height\":512,\"caption\":\"COVB\"},\"image\":{\"@id\":\"https:\/\/www.covb.cat\/es\/#\/schema\/logo\/image\/\"},\"sameAs\":[\"https:\/\/www.facebook.com\/COVBcat\/\",\"https:\/\/x.com\/COVBcat\",\"https:\/\/www.youtube.com\/user\/covbcn\"]},{\"@type\":\"Person\",\"@id\":\"https:\/\/www.covb.cat\/es\/#\/schema\/person\/ddc9093bc091186c194bba72ca3be5e2\",\"name\":\"Ferran Alcaraz\",\"image\":{\"@type\":\"ImageObject\",\"inLanguage\":\"es\",\"@id\":\"https:\/\/www.covb.cat\/es\/#\/schema\/person\/image\/\",\"url\":\"https:\/\/secure.gravatar.com\/avatar\/7a7bb9e48d880990c016f59db5a666fe7ad49e90723bdbdc0acfb756246ea192?s=96&d=mm&r=g\",\"contentUrl\":\"https:\/\/secure.gravatar.com\/avatar\/7a7bb9e48d880990c016f59db5a666fe7ad49e90723bdbdc0acfb756246ea192?s=96&d=mm&r=g\",\"caption\":\"Ferran Alcaraz\"}}]}<\/script>\n<!-- \/ Yoast SEO plugin. -->","yoast_head_json":{"title":"El Ayuntamiento de Premi\u00e0 de Mar da apoyo a una normativa veterinaria m\u00e1s justa - COVB - Col\u00b7legi Oficial de Veterinaris de Barcelona","description":"El Pleno municipal del Ayuntamiento de Premi\u00e0 de Mar, en sesi\u00f3n ordinaria celebrada el 21 de enero de 2026, ha aprobado una moci\u00f3n de apoyo a la revisi\u00f3n","robots":{"index":"index","follow":"follow","max-snippet":"max-snippet:-1","max-image-preview":"max-image-preview:large","max-video-preview":"max-video-preview:-1"},"canonical":"https:\/\/www.covb.cat\/es\/actualitat\/noticies\/general\/el-ayuntamiento-de-premia-de-mar-da-apoyo-a-una-normativa-veterinaria-mas-justa\/","og_locale":"es_ES","og_type":"article","og_title":"El Ayuntamiento de Premi\u00e0 de Mar da apoyo a una normativa veterinaria m\u00e1s justa - COVB - Col\u00b7legi Oficial de Veterinaris de Barcelona","og_description":"El Pleno municipal del Ayuntamiento de Premi\u00e0 de Mar, en sesi\u00f3n ordinaria celebrada el 21 de enero de 2026, ha aprobado una moci\u00f3n de apoyo a la revisi\u00f3n","og_url":"https:\/\/www.covb.cat\/es\/actualitat\/noticies\/general\/el-ayuntamiento-de-premia-de-mar-da-apoyo-a-una-normativa-veterinaria-mas-justa\/","og_site_name":"COVB","article_publisher":"https:\/\/www.facebook.com\/COVBcat\/","article_published_time":"2026-01-28T14:07:02+00:00","article_modified_time":"2026-01-28T14:08:02+00:00","og_image":[{"width":1200,"height":800,"url":"https:\/\/www.covb.cat\/wp-content\/uploads\/2026\/01\/Ajuntament-Premia-de-Mar-WEB.jpg","type":"image\/jpeg"}],"author":"Ferran Alcaraz","twitter_card":"summary_large_image","twitter_creator":"@COVBcat","twitter_site":"@COVBcat","twitter_misc":{"Escrito por":"Ferran Alcaraz","Tiempo de lectura":"2 minutos"},"schema":{"@context":"https:\/\/schema.org","@graph":[{"@type":"Article","@id":"https:\/\/www.covb.cat\/es\/actualitat\/noticies\/general\/el-ayuntamiento-de-premia-de-mar-da-apoyo-a-una-normativa-veterinaria-mas-justa\/#article","isPartOf":{"@id":"https:\/\/www.covb.cat\/es\/actualitat\/noticies\/general\/el-ayuntamiento-de-premia-de-mar-da-apoyo-a-una-normativa-veterinaria-mas-justa\/"},"author":{"name":"Ferran Alcaraz","@id":"https:\/\/www.covb.cat\/es\/#\/schema\/person\/ddc9093bc091186c194bba72ca3be5e2"},"headline":"El Ayuntamiento de Premi\u00e0 de Mar da apoyo a una normativa veterinaria m\u00e1s justa","datePublished":"2026-01-28T14:07:02+00:00","dateModified":"2026-01-28T14:08:02+00:00","mainEntityOfPage":{"@id":"https:\/\/www.covb.cat\/es\/actualitat\/noticies\/general\/el-ayuntamiento-de-premia-de-mar-da-apoyo-a-una-normativa-veterinaria-mas-justa\/"},"wordCount":280,"publisher":{"@id":"https:\/\/www.covb.cat\/es\/#organization"},"image":{"@id":"https:\/\/www.covb.cat\/es\/actualitat\/noticies\/general\/el-ayuntamiento-de-premia-de-mar-da-apoyo-a-una-normativa-veterinaria-mas-justa\/#primaryimage"},"thumbnailUrl":"https:\/\/www.covb.cat\/wp-content\/uploads\/2026\/01\/Ajuntament-Premia-de-Mar-WEB.jpg","articleSection":["General","Profesi\u00f3n"],"inLanguage":"es"},{"@type":"WebPage","@id":"https:\/\/www.covb.cat\/es\/actualitat\/noticies\/general\/el-ayuntamiento-de-premia-de-mar-da-apoyo-a-una-normativa-veterinaria-mas-justa\/","url":"https:\/\/www.covb.cat\/es\/actualitat\/noticies\/general\/el-ayuntamiento-de-premia-de-mar-da-apoyo-a-una-normativa-veterinaria-mas-justa\/","name":"El Ayuntamiento de Premi\u00e0 de Mar da apoyo a una normativa veterinaria m\u00e1s justa - COVB - Col\u00b7legi Oficial de Veterinaris de Barcelona","isPartOf":{"@id":"https:\/\/www.covb.cat\/es\/#website"},"primaryImageOfPage":{"@id":"https:\/\/www.covb.cat\/es\/actualitat\/noticies\/general\/el-ayuntamiento-de-premia-de-mar-da-apoyo-a-una-normativa-veterinaria-mas-justa\/#primaryimage"},"image":{"@id":"https:\/\/www.covb.cat\/es\/actualitat\/noticies\/general\/el-ayuntamiento-de-premia-de-mar-da-apoyo-a-una-normativa-veterinaria-mas-justa\/#primaryimage"},"thumbnailUrl":"https:\/\/www.covb.cat\/wp-content\/uploads\/2026\/01\/Ajuntament-Premia-de-Mar-WEB.jpg","datePublished":"2026-01-28T14:07:02+00:00","dateModified":"2026-01-28T14:08:02+00:00","description":"El Pleno municipal del Ayuntamiento de Premi\u00e0 de Mar, en sesi\u00f3n ordinaria celebrada el 21 de enero de 2026, ha aprobado una moci\u00f3n de apoyo a la revisi\u00f3n","breadcrumb":{"@id":"https:\/\/www.covb.cat\/es\/actualitat\/noticies\/general\/el-ayuntamiento-de-premia-de-mar-da-apoyo-a-una-normativa-veterinaria-mas-justa\/#breadcrumb"},"inLanguage":"es","potentialAction":[{"@type":"ReadAction","target":["https:\/\/www.covb.cat\/es\/actualitat\/noticies\/general\/el-ayuntamiento-de-premia-de-mar-da-apoyo-a-una-normativa-veterinaria-mas-justa\/"]}]},{"@type":"ImageObject","inLanguage":"es","@id":"https:\/\/www.covb.cat\/es\/actualitat\/noticies\/general\/el-ayuntamiento-de-premia-de-mar-da-apoyo-a-una-normativa-veterinaria-mas-justa\/#primaryimage","url":"https:\/\/www.covb.cat\/wp-content\/uploads\/2026\/01\/Ajuntament-Premia-de-Mar-WEB.jpg","contentUrl":"https:\/\/www.covb.cat\/wp-content\/uploads\/2026\/01\/Ajuntament-Premia-de-Mar-WEB.jpg","width":1200,"height":800},{"@type":"BreadcrumbList","@id":"https:\/\/www.covb.cat\/es\/actualitat\/noticies\/general\/el-ayuntamiento-de-premia-de-mar-da-apoyo-a-una-normativa-veterinaria-mas-justa\/#breadcrumb","itemListElement":[{"@type":"ListItem","position":1,"name":"Inici","item":"https:\/\/www.covb.cat\/es\/"},{"@type":"ListItem","position":2,"name":"El Ayuntamiento de Premi\u00e0 de Mar da apoyo a una normativa veterinaria m\u00e1s justa"}]},{"@type":"WebSite","@id":"https:\/\/www.covb.cat\/es\/#website","url":"https:\/\/www.covb.cat\/es\/","name":"COVB","description":"Col\u00b7legi Oficial de Veterinaris de Barcelona","publisher":{"@id":"https:\/\/www.covb.cat\/es\/#organization"},"potentialAction":[{"@type":"SearchAction","target":{"@type":"EntryPoint","urlTemplate":"https:\/\/www.covb.cat\/es\/?s={search_term_string}"},"query-input":{"@type":"PropertyValueSpecification","valueRequired":true,"valueName":"search_term_string"}}],"inLanguage":"es"},{"@type":"Organization","@id":"https:\/\/www.covb.cat\/es\/#organization","name":"COVB","url":"https:\/\/www.covb.cat\/es\/","logo":{"@type":"ImageObject","inLanguage":"es","@id":"https:\/\/www.covb.cat\/es\/#\/schema\/logo\/image\/","url":"https:\/\/www.covb.cat\/wp-content\/uploads\/2018\/07\/favicon-covb.png","contentUrl":"https:\/\/www.covb.cat\/wp-content\/uploads\/2018\/07\/favicon-covb.png","width":512,"height":512,"caption":"COVB"},"image":{"@id":"https:\/\/www.covb.cat\/es\/#\/schema\/logo\/image\/"},"sameAs":["https:\/\/www.facebook.com\/COVBcat\/","https:\/\/x.com\/COVBcat","https:\/\/www.youtube.com\/user\/covbcn"]},{"@type":"Person","@id":"https:\/\/www.covb.cat\/es\/#\/schema\/person\/ddc9093bc091186c194bba72ca3be5e2","name":"Ferran Alcaraz","image":{"@type":"ImageObject","inLanguage":"es","@id":"https:\/\/www.covb.cat\/es\/#\/schema\/person\/image\/","url":"https:\/\/secure.gravatar.com\/avatar\/7a7bb9e48d880990c016f59db5a666fe7ad49e90723bdbdc0acfb756246ea192?s=96&d=mm&r=g","contentUrl":"https:\/\/secure.gravatar.com\/avatar\/7a7bb9e48d880990c016f59db5a666fe7ad49e90723bdbdc0acfb756246ea192?s=96&d=mm&r=g","caption":"Ferran Alcaraz"}}]}},"jetpack_featured_media_url":"https:\/\/www.covb.cat\/wp-content\/uploads\/2026\/01\/Ajuntament-Premia-de-Mar-WEB.jpg","jetpack_sharing_enabled":true,"_links":{"self":[{"href":"https:\/\/www.covb.cat\/es\/wp-json\/wp\/v2\/posts\/66346","targetHints":{"allow":["GET"]}}],"collection":[{"href":"https:\/\/www.covb.cat\/es\/wp-json\/wp\/v2\/posts"}],"about":[{"href":"https:\/\/www.covb.cat\/es\/wp-json\/wp\/v2\/types\/post"}],"author":[{"embeddable":true,"href":"https:\/\/www.covb.cat\/es\/wp-json\/wp\/v2\/users\/2985"}],"replies":[{"embeddable":true,"href":"https:\/\/www.covb.cat\/es\/wp-json\/wp\/v2\/comments?post=66346"}],"version-history":[{"count":1,"href":"https:\/\/www.covb.cat\/es\/wp-json\/wp\/v2\/posts\/66346\/revisions"}],"predecessor-version":[{"id":66347,"href":"https:\/\/www.covb.cat\/es\/wp-json\/wp\/v2\/posts\/66346\/revisions\/66347"}],"wp:featuredmedia":[{"embeddable":true,"href":"https:\/\/www.covb.cat\/es\/wp-json\/wp\/v2\/media\/66343"}],"wp:attachment":[{"href":"https:\/\/www.covb.cat\/es\/wp-json\/wp\/v2\/media?parent=66346"}],"wp:term":[{"taxonomy":"category","embeddable":true,"href":"https:\/\/www.covb.cat\/es\/wp-json\/wp\/v2\/categories?post=66346"},{"taxonomy":"post_tag","embeddable":true,"href":"https:\/\/www.covb.cat\/es\/wp-json\/wp\/v2\/tags?post=66346"}],"curies":[{"name":"wp","href":"https:\/\/api.w.org\/{rel}","templated":true}]}}