{"id":66331,"date":"2026-01-28T15:00:06","date_gmt":"2026-01-28T14:00:06","guid":{"rendered":"https:\/\/www.covb.cat\/actualitat\/noticies\/general\/lajuntament-de-sabadell-i-el-covb-collaboren-en-un-diptic-informatiu-sobre-la-processionaria\/"},"modified":"2026-01-28T15:01:03","modified_gmt":"2026-01-28T14:01:03","slug":"el-ayuntamiento-de-sabadell-y-el-covb-colaboran-en-un-diptico-informativo-sobre-la-procesionaria","status":"publish","type":"post","link":"https:\/\/www.covb.cat\/es\/actualitat\/noticies\/general\/el-ayuntamiento-de-sabadell-y-el-covb-colaboran-en-un-diptico-informativo-sobre-la-procesionaria\/","title":{"rendered":"El Ayuntamiento de Sabadell y el COVB colaboran en un d\u00edptico informativo sobre la procesionaria"},"content":{"rendered":"<p>El Ayuntamiento de Sabadell, con la colaboraci\u00f3n del Colegio Oficial de Veterinarios de Barcelona (COVB), ha elaborado un <strong>d\u00edptico informativo<\/strong> para concienciar a la ciudadan\u00eda sobre la <strong>procesionaria del pino<\/strong>, una plaga presente en toda la zona mediterr\u00e1nea que puede suponer riesgos importantes para la salud de los animales de compa\u00f1\u00eda y de las personas.<\/p>\n<p>El documento hace especial hincapi\u00e9 en la <strong>prevenci\u00f3n en perros<\/strong>, sobre todo durante los meses de <strong>febrero, marzo y abril<\/strong>, cuando las orugas descienden de los pinos y aumenta el riesgo de contacto. El d\u00edptico recoge de forma clara:<\/p>\n<ul>\n<li><strong>C\u00f3mo evitar el contacto.<\/strong><\/li>\n<li><strong>S\u00edntomas de intoxicaci\u00f3n en perros.<\/strong><\/li>\n<li><strong>C\u00f3mo actuar ante un posible contacto.<\/strong><\/li>\n<\/ul>\n<p>Asimismo, el d\u00edptico informa sobre las <strong>actuaciones municipales<\/strong> que lleva a cabo el Ayuntamiento de Sabadell para controlar la plaga, como tratamientos preventivos en los \u00e1rboles, extracci\u00f3n mec\u00e1nica, colocaci\u00f3n de collarines, fomento de la biodiversidad como control natural y <strong>se\u00f1alizaci\u00f3n de las zonas afectadas<\/strong>.<\/p>\n<p>Este material forma parte de las acciones de <strong>prevenci\u00f3n y salud p\u00fablica<\/strong> y pone en valor la colaboraci\u00f3n entre las administraciones p\u00fablicas y el colectivo veterinario para proteger el bienestar animal.<\/p>\n<p><a href=\"https:\/\/www.covb.cat\/wp-content\/uploads\/2026\/01\/DipticProcessionaria26.pdf\" target=\"_blank\" rel=\"noopener\">D\u00edptico Procesionaria 26<\/a><\/p>\n","protected":false},"excerpt":{"rendered":"<p>El Ayuntamiento de Sabadell, con la colaboraci\u00f3n del Colegio Oficial de Veterinarios de Barcelona (COVB), ha elaborado un d\u00edptico informativo para concienciar a la ciudadan\u00eda sobre la procesionaria del pino, una plaga presente en toda la zona mediterr\u00e1nea que puede suponer riesgos importantes para la salud de los animales de compa\u00f1\u00eda y de las personas. [&hellip;]<\/p>\n","protected":false},"author":2985,"featured_media":66328,"comment_status":"closed","ping_status":"closed","sticky":false,"template":"","format":"standard","meta":{"_monsterinsights_skip_tracking":false,"_monsterinsights_sitenote_active":false,"_monsterinsights_sitenote_note":"","_monsterinsights_sitenote_category":0,"_jetpack_memberships_contains_paid_content":false,"footnotes":""},"categories":[17,342],"tags":[],"class_list":["post-66331","post","type-post","status-publish","format-standard","has-post-thumbnail","hentry","category-general","category-pequenos-animales"],"yoast_head":"<!-- This site is optimized with the Yoast SEO plugin v27.0 - https:\/\/yoast.com\/product\/yoast-seo-wordpress\/ -->\n<title>El Ayuntamiento de Sabadell y el COVB colaboran en un d\u00edptico informativo sobre la procesionaria - COVB - Col\u00b7legi Oficial de Veterinaris de Barcelona<\/title>\n<meta name=\"description\" content=\"El Ayuntamiento de Sabadell, con la colaboraci\u00f3n del Colegio Oficial de Veterinarios de Barcelona (COVB), ha elaborado un d\u00edptico informativo para\" \/>\n<meta name=\"robots\" content=\"index, follow, max-snippet:-1, max-image-preview:large, max-video-preview:-1\" \/>\n<link rel=\"canonical\" href=\"https:\/\/www.covb.cat\/es\/actualitat\/noticies\/general\/el-ayuntamiento-de-sabadell-y-el-covb-colaboran-en-un-diptico-informativo-sobre-la-procesionaria\/\" \/>\n<meta property=\"og:locale\" content=\"es_ES\" \/>\n<meta property=\"og:type\" content=\"article\" \/>\n<meta property=\"og:title\" content=\"El Ayuntamiento de Sabadell y el COVB colaboran en un d\u00edptico informativo sobre la procesionaria - COVB - Col\u00b7legi Oficial de Veterinaris de Barcelona\" \/>\n<meta property=\"og:description\" content=\"El Ayuntamiento de Sabadell, con la colaboraci\u00f3n del Colegio Oficial de Veterinarios de Barcelona (COVB), ha elaborado un d\u00edptico informativo para\" \/>\n<meta property=\"og:url\" content=\"https:\/\/www.covb.cat\/es\/actualitat\/noticies\/general\/el-ayuntamiento-de-sabadell-y-el-covb-colaboran-en-un-diptico-informativo-sobre-la-procesionaria\/\" \/>\n<meta property=\"og:site_name\" content=\"COVB\" \/>\n<meta property=\"article:publisher\" content=\"https:\/\/www.facebook.com\/COVBcat\/\" \/>\n<meta property=\"article:published_time\" content=\"2026-01-28T14:00:06+00:00\" \/>\n<meta property=\"article:modified_time\" content=\"2026-01-28T14:01:03+00:00\" \/>\n<meta property=\"og:image\" content=\"https:\/\/www.covb.cat\/wp-content\/uploads\/2026\/01\/Triptic-procesionaria-WEB.jpg\" \/>\n\t<meta property=\"og:image:width\" content=\"1200\" \/>\n\t<meta property=\"og:image:height\" content=\"800\" \/>\n\t<meta property=\"og:image:type\" content=\"image\/jpeg\" \/>\n<meta name=\"author\" content=\"Ferran Alcaraz\" \/>\n<meta name=\"twitter:card\" content=\"summary_large_image\" \/>\n<meta name=\"twitter:creator\" content=\"@COVBcat\" \/>\n<meta name=\"twitter:site\" content=\"@COVBcat\" \/>\n<meta name=\"twitter:label1\" content=\"Escrito por\" \/>\n\t<meta name=\"twitter:data1\" content=\"Ferran Alcaraz\" \/>\n\t<meta name=\"twitter:label2\" content=\"Tiempo de lectura\" \/>\n\t<meta name=\"twitter:data2\" content=\"2 minutos\" \/>\n<script type=\"application\/ld+json\" class=\"yoast-schema-graph\">{\"@context\":\"https:\/\/schema.org\",\"@graph\":[{\"@type\":\"Article\",\"@id\":\"https:\/\/www.covb.cat\/es\/actualitat\/noticies\/general\/el-ayuntamiento-de-sabadell-y-el-covb-colaboran-en-un-diptico-informativo-sobre-la-procesionaria\/#article\",\"isPartOf\":{\"@id\":\"https:\/\/www.covb.cat\/es\/actualitat\/noticies\/general\/el-ayuntamiento-de-sabadell-y-el-covb-colaboran-en-un-diptico-informativo-sobre-la-procesionaria\/\"},\"author\":{\"name\":\"Ferran Alcaraz\",\"@id\":\"https:\/\/www.covb.cat\/es\/#\/schema\/person\/ddc9093bc091186c194bba72ca3be5e2\"},\"headline\":\"El Ayuntamiento de Sabadell y el COVB colaboran en un d\u00edptico informativo sobre la procesionaria\",\"datePublished\":\"2026-01-28T14:00:06+00:00\",\"dateModified\":\"2026-01-28T14:01:03+00:00\",\"mainEntityOfPage\":{\"@id\":\"https:\/\/www.covb.cat\/es\/actualitat\/noticies\/general\/el-ayuntamiento-de-sabadell-y-el-covb-colaboran-en-un-diptico-informativo-sobre-la-procesionaria\/\"},\"wordCount\":224,\"publisher\":{\"@id\":\"https:\/\/www.covb.cat\/es\/#organization\"},\"image\":{\"@id\":\"https:\/\/www.covb.cat\/es\/actualitat\/noticies\/general\/el-ayuntamiento-de-sabadell-y-el-covb-colaboran-en-un-diptico-informativo-sobre-la-procesionaria\/#primaryimage\"},\"thumbnailUrl\":\"https:\/\/www.covb.cat\/wp-content\/uploads\/2026\/01\/Triptic-procesionaria-WEB.jpg\",\"articleSection\":[\"General\",\"Peque\u00f1os animales\"],\"inLanguage\":\"es\"},{\"@type\":\"WebPage\",\"@id\":\"https:\/\/www.covb.cat\/es\/actualitat\/noticies\/general\/el-ayuntamiento-de-sabadell-y-el-covb-colaboran-en-un-diptico-informativo-sobre-la-procesionaria\/\",\"url\":\"https:\/\/www.covb.cat\/es\/actualitat\/noticies\/general\/el-ayuntamiento-de-sabadell-y-el-covb-colaboran-en-un-diptico-informativo-sobre-la-procesionaria\/\",\"name\":\"El Ayuntamiento de Sabadell y el COVB colaboran en un d\u00edptico informativo sobre la procesionaria - COVB - Col\u00b7legi Oficial de Veterinaris de Barcelona\",\"isPartOf\":{\"@id\":\"https:\/\/www.covb.cat\/es\/#website\"},\"primaryImageOfPage\":{\"@id\":\"https:\/\/www.covb.cat\/es\/actualitat\/noticies\/general\/el-ayuntamiento-de-sabadell-y-el-covb-colaboran-en-un-diptico-informativo-sobre-la-procesionaria\/#primaryimage\"},\"image\":{\"@id\":\"https:\/\/www.covb.cat\/es\/actualitat\/noticies\/general\/el-ayuntamiento-de-sabadell-y-el-covb-colaboran-en-un-diptico-informativo-sobre-la-procesionaria\/#primaryimage\"},\"thumbnailUrl\":\"https:\/\/www.covb.cat\/wp-content\/uploads\/2026\/01\/Triptic-procesionaria-WEB.jpg\",\"datePublished\":\"2026-01-28T14:00:06+00:00\",\"dateModified\":\"2026-01-28T14:01:03+00:00\",\"description\":\"El Ayuntamiento de Sabadell, con la colaboraci\u00f3n del Colegio Oficial de Veterinarios de Barcelona (COVB), ha elaborado un d\u00edptico informativo para\",\"breadcrumb\":{\"@id\":\"https:\/\/www.covb.cat\/es\/actualitat\/noticies\/general\/el-ayuntamiento-de-sabadell-y-el-covb-colaboran-en-un-diptico-informativo-sobre-la-procesionaria\/#breadcrumb\"},\"inLanguage\":\"es\",\"potentialAction\":[{\"@type\":\"ReadAction\",\"target\":[\"https:\/\/www.covb.cat\/es\/actualitat\/noticies\/general\/el-ayuntamiento-de-sabadell-y-el-covb-colaboran-en-un-diptico-informativo-sobre-la-procesionaria\/\"]}]},{\"@type\":\"ImageObject\",\"inLanguage\":\"es\",\"@id\":\"https:\/\/www.covb.cat\/es\/actualitat\/noticies\/general\/el-ayuntamiento-de-sabadell-y-el-covb-colaboran-en-un-diptico-informativo-sobre-la-procesionaria\/#primaryimage\",\"url\":\"https:\/\/www.covb.cat\/wp-content\/uploads\/2026\/01\/Triptic-procesionaria-WEB.jpg\",\"contentUrl\":\"https:\/\/www.covb.cat\/wp-content\/uploads\/2026\/01\/Triptic-procesionaria-WEB.jpg\",\"width\":1200,\"height\":800},{\"@type\":\"BreadcrumbList\",\"@id\":\"https:\/\/www.covb.cat\/es\/actualitat\/noticies\/general\/el-ayuntamiento-de-sabadell-y-el-covb-colaboran-en-un-diptico-informativo-sobre-la-procesionaria\/#breadcrumb\",\"itemListElement\":[{\"@type\":\"ListItem\",\"position\":1,\"name\":\"Inici\",\"item\":\"https:\/\/www.covb.cat\/es\/\"},{\"@type\":\"ListItem\",\"position\":2,\"name\":\"El Ayuntamiento de Sabadell y el COVB colaboran en un d\u00edptico informativo sobre la procesionaria\"}]},{\"@type\":\"WebSite\",\"@id\":\"https:\/\/www.covb.cat\/es\/#website\",\"url\":\"https:\/\/www.covb.cat\/es\/\",\"name\":\"COVB\",\"description\":\"Col\u00b7legi Oficial de Veterinaris de Barcelona\",\"publisher\":{\"@id\":\"https:\/\/www.covb.cat\/es\/#organization\"},\"potentialAction\":[{\"@type\":\"SearchAction\",\"target\":{\"@type\":\"EntryPoint\",\"urlTemplate\":\"https:\/\/www.covb.cat\/es\/?s={search_term_string}\"},\"query-input\":{\"@type\":\"PropertyValueSpecification\",\"valueRequired\":true,\"valueName\":\"search_term_string\"}}],\"inLanguage\":\"es\"},{\"@type\":\"Organization\",\"@id\":\"https:\/\/www.covb.cat\/es\/#organization\",\"name\":\"COVB\",\"url\":\"https:\/\/www.covb.cat\/es\/\",\"logo\":{\"@type\":\"ImageObject\",\"inLanguage\":\"es\",\"@id\":\"https:\/\/www.covb.cat\/es\/#\/schema\/logo\/image\/\",\"url\":\"https:\/\/www.covb.cat\/wp-content\/uploads\/2018\/07\/favicon-covb.png\",\"contentUrl\":\"https:\/\/www.covb.cat\/wp-content\/uploads\/2018\/07\/favicon-covb.png\",\"width\":512,\"height\":512,\"caption\":\"COVB\"},\"image\":{\"@id\":\"https:\/\/www.covb.cat\/es\/#\/schema\/logo\/image\/\"},\"sameAs\":[\"https:\/\/www.facebook.com\/COVBcat\/\",\"https:\/\/x.com\/COVBcat\",\"https:\/\/www.youtube.com\/user\/covbcn\"]},{\"@type\":\"Person\",\"@id\":\"https:\/\/www.covb.cat\/es\/#\/schema\/person\/ddc9093bc091186c194bba72ca3be5e2\",\"name\":\"Ferran Alcaraz\",\"image\":{\"@type\":\"ImageObject\",\"inLanguage\":\"es\",\"@id\":\"https:\/\/www.covb.cat\/es\/#\/schema\/person\/image\/\",\"url\":\"https:\/\/secure.gravatar.com\/avatar\/7a7bb9e48d880990c016f59db5a666fe7ad49e90723bdbdc0acfb756246ea192?s=96&d=mm&r=g\",\"contentUrl\":\"https:\/\/secure.gravatar.com\/avatar\/7a7bb9e48d880990c016f59db5a666fe7ad49e90723bdbdc0acfb756246ea192?s=96&d=mm&r=g\",\"caption\":\"Ferran Alcaraz\"}}]}<\/script>\n<!-- \/ Yoast SEO plugin. -->","yoast_head_json":{"title":"El Ayuntamiento de Sabadell y el COVB colaboran en un d\u00edptico informativo sobre la procesionaria - COVB - Col\u00b7legi Oficial de Veterinaris de Barcelona","description":"El Ayuntamiento de Sabadell, con la colaboraci\u00f3n del Colegio Oficial de Veterinarios de Barcelona (COVB), ha elaborado un d\u00edptico informativo para","robots":{"index":"index","follow":"follow","max-snippet":"max-snippet:-1","max-image-preview":"max-image-preview:large","max-video-preview":"max-video-preview:-1"},"canonical":"https:\/\/www.covb.cat\/es\/actualitat\/noticies\/general\/el-ayuntamiento-de-sabadell-y-el-covb-colaboran-en-un-diptico-informativo-sobre-la-procesionaria\/","og_locale":"es_ES","og_type":"article","og_title":"El Ayuntamiento de Sabadell y el COVB colaboran en un d\u00edptico informativo sobre la procesionaria - COVB - Col\u00b7legi Oficial de Veterinaris de Barcelona","og_description":"El Ayuntamiento de Sabadell, con la colaboraci\u00f3n del Colegio Oficial de Veterinarios de Barcelona (COVB), ha elaborado un d\u00edptico informativo para","og_url":"https:\/\/www.covb.cat\/es\/actualitat\/noticies\/general\/el-ayuntamiento-de-sabadell-y-el-covb-colaboran-en-un-diptico-informativo-sobre-la-procesionaria\/","og_site_name":"COVB","article_publisher":"https:\/\/www.facebook.com\/COVBcat\/","article_published_time":"2026-01-28T14:00:06+00:00","article_modified_time":"2026-01-28T14:01:03+00:00","og_image":[{"width":1200,"height":800,"url":"https:\/\/www.covb.cat\/wp-content\/uploads\/2026\/01\/Triptic-procesionaria-WEB.jpg","type":"image\/jpeg"}],"author":"Ferran Alcaraz","twitter_card":"summary_large_image","twitter_creator":"@COVBcat","twitter_site":"@COVBcat","twitter_misc":{"Escrito por":"Ferran Alcaraz","Tiempo de lectura":"2 minutos"},"schema":{"@context":"https:\/\/schema.org","@graph":[{"@type":"Article","@id":"https:\/\/www.covb.cat\/es\/actualitat\/noticies\/general\/el-ayuntamiento-de-sabadell-y-el-covb-colaboran-en-un-diptico-informativo-sobre-la-procesionaria\/#article","isPartOf":{"@id":"https:\/\/www.covb.cat\/es\/actualitat\/noticies\/general\/el-ayuntamiento-de-sabadell-y-el-covb-colaboran-en-un-diptico-informativo-sobre-la-procesionaria\/"},"author":{"name":"Ferran Alcaraz","@id":"https:\/\/www.covb.cat\/es\/#\/schema\/person\/ddc9093bc091186c194bba72ca3be5e2"},"headline":"El Ayuntamiento de Sabadell y el COVB colaboran en un d\u00edptico informativo sobre la procesionaria","datePublished":"2026-01-28T14:00:06+00:00","dateModified":"2026-01-28T14:01:03+00:00","mainEntityOfPage":{"@id":"https:\/\/www.covb.cat\/es\/actualitat\/noticies\/general\/el-ayuntamiento-de-sabadell-y-el-covb-colaboran-en-un-diptico-informativo-sobre-la-procesionaria\/"},"wordCount":224,"publisher":{"@id":"https:\/\/www.covb.cat\/es\/#organization"},"image":{"@id":"https:\/\/www.covb.cat\/es\/actualitat\/noticies\/general\/el-ayuntamiento-de-sabadell-y-el-covb-colaboran-en-un-diptico-informativo-sobre-la-procesionaria\/#primaryimage"},"thumbnailUrl":"https:\/\/www.covb.cat\/wp-content\/uploads\/2026\/01\/Triptic-procesionaria-WEB.jpg","articleSection":["General","Peque\u00f1os animales"],"inLanguage":"es"},{"@type":"WebPage","@id":"https:\/\/www.covb.cat\/es\/actualitat\/noticies\/general\/el-ayuntamiento-de-sabadell-y-el-covb-colaboran-en-un-diptico-informativo-sobre-la-procesionaria\/","url":"https:\/\/www.covb.cat\/es\/actualitat\/noticies\/general\/el-ayuntamiento-de-sabadell-y-el-covb-colaboran-en-un-diptico-informativo-sobre-la-procesionaria\/","name":"El Ayuntamiento de Sabadell y el COVB colaboran en un d\u00edptico informativo sobre la procesionaria - COVB - Col\u00b7legi Oficial de Veterinaris de Barcelona","isPartOf":{"@id":"https:\/\/www.covb.cat\/es\/#website"},"primaryImageOfPage":{"@id":"https:\/\/www.covb.cat\/es\/actualitat\/noticies\/general\/el-ayuntamiento-de-sabadell-y-el-covb-colaboran-en-un-diptico-informativo-sobre-la-procesionaria\/#primaryimage"},"image":{"@id":"https:\/\/www.covb.cat\/es\/actualitat\/noticies\/general\/el-ayuntamiento-de-sabadell-y-el-covb-colaboran-en-un-diptico-informativo-sobre-la-procesionaria\/#primaryimage"},"thumbnailUrl":"https:\/\/www.covb.cat\/wp-content\/uploads\/2026\/01\/Triptic-procesionaria-WEB.jpg","datePublished":"2026-01-28T14:00:06+00:00","dateModified":"2026-01-28T14:01:03+00:00","description":"El Ayuntamiento de Sabadell, con la colaboraci\u00f3n del Colegio Oficial de Veterinarios de Barcelona (COVB), ha elaborado un d\u00edptico informativo para","breadcrumb":{"@id":"https:\/\/www.covb.cat\/es\/actualitat\/noticies\/general\/el-ayuntamiento-de-sabadell-y-el-covb-colaboran-en-un-diptico-informativo-sobre-la-procesionaria\/#breadcrumb"},"inLanguage":"es","potentialAction":[{"@type":"ReadAction","target":["https:\/\/www.covb.cat\/es\/actualitat\/noticies\/general\/el-ayuntamiento-de-sabadell-y-el-covb-colaboran-en-un-diptico-informativo-sobre-la-procesionaria\/"]}]},{"@type":"ImageObject","inLanguage":"es","@id":"https:\/\/www.covb.cat\/es\/actualitat\/noticies\/general\/el-ayuntamiento-de-sabadell-y-el-covb-colaboran-en-un-diptico-informativo-sobre-la-procesionaria\/#primaryimage","url":"https:\/\/www.covb.cat\/wp-content\/uploads\/2026\/01\/Triptic-procesionaria-WEB.jpg","contentUrl":"https:\/\/www.covb.cat\/wp-content\/uploads\/2026\/01\/Triptic-procesionaria-WEB.jpg","width":1200,"height":800},{"@type":"BreadcrumbList","@id":"https:\/\/www.covb.cat\/es\/actualitat\/noticies\/general\/el-ayuntamiento-de-sabadell-y-el-covb-colaboran-en-un-diptico-informativo-sobre-la-procesionaria\/#breadcrumb","itemListElement":[{"@type":"ListItem","position":1,"name":"Inici","item":"https:\/\/www.covb.cat\/es\/"},{"@type":"ListItem","position":2,"name":"El Ayuntamiento de Sabadell y el COVB colaboran en un d\u00edptico informativo sobre la procesionaria"}]},{"@type":"WebSite","@id":"https:\/\/www.covb.cat\/es\/#website","url":"https:\/\/www.covb.cat\/es\/","name":"COVB","description":"Col\u00b7legi Oficial de Veterinaris de Barcelona","publisher":{"@id":"https:\/\/www.covb.cat\/es\/#organization"},"potentialAction":[{"@type":"SearchAction","target":{"@type":"EntryPoint","urlTemplate":"https:\/\/www.covb.cat\/es\/?s={search_term_string}"},"query-input":{"@type":"PropertyValueSpecification","valueRequired":true,"valueName":"search_term_string"}}],"inLanguage":"es"},{"@type":"Organization","@id":"https:\/\/www.covb.cat\/es\/#organization","name":"COVB","url":"https:\/\/www.covb.cat\/es\/","logo":{"@type":"ImageObject","inLanguage":"es","@id":"https:\/\/www.covb.cat\/es\/#\/schema\/logo\/image\/","url":"https:\/\/www.covb.cat\/wp-content\/uploads\/2018\/07\/favicon-covb.png","contentUrl":"https:\/\/www.covb.cat\/wp-content\/uploads\/2018\/07\/favicon-covb.png","width":512,"height":512,"caption":"COVB"},"image":{"@id":"https:\/\/www.covb.cat\/es\/#\/schema\/logo\/image\/"},"sameAs":["https:\/\/www.facebook.com\/COVBcat\/","https:\/\/x.com\/COVBcat","https:\/\/www.youtube.com\/user\/covbcn"]},{"@type":"Person","@id":"https:\/\/www.covb.cat\/es\/#\/schema\/person\/ddc9093bc091186c194bba72ca3be5e2","name":"Ferran Alcaraz","image":{"@type":"ImageObject","inLanguage":"es","@id":"https:\/\/www.covb.cat\/es\/#\/schema\/person\/image\/","url":"https:\/\/secure.gravatar.com\/avatar\/7a7bb9e48d880990c016f59db5a666fe7ad49e90723bdbdc0acfb756246ea192?s=96&d=mm&r=g","contentUrl":"https:\/\/secure.gravatar.com\/avatar\/7a7bb9e48d880990c016f59db5a666fe7ad49e90723bdbdc0acfb756246ea192?s=96&d=mm&r=g","caption":"Ferran Alcaraz"}}]}},"jetpack_featured_media_url":"https:\/\/www.covb.cat\/wp-content\/uploads\/2026\/01\/Triptic-procesionaria-WEB.jpg","jetpack_sharing_enabled":true,"_links":{"self":[{"href":"https:\/\/www.covb.cat\/es\/wp-json\/wp\/v2\/posts\/66331","targetHints":{"allow":["GET"]}}],"collection":[{"href":"https:\/\/www.covb.cat\/es\/wp-json\/wp\/v2\/posts"}],"about":[{"href":"https:\/\/www.covb.cat\/es\/wp-json\/wp\/v2\/types\/post"}],"author":[{"embeddable":true,"href":"https:\/\/www.covb.cat\/es\/wp-json\/wp\/v2\/users\/2985"}],"replies":[{"embeddable":true,"href":"https:\/\/www.covb.cat\/es\/wp-json\/wp\/v2\/comments?post=66331"}],"version-history":[{"count":1,"href":"https:\/\/www.covb.cat\/es\/wp-json\/wp\/v2\/posts\/66331\/revisions"}],"predecessor-version":[{"id":66332,"href":"https:\/\/www.covb.cat\/es\/wp-json\/wp\/v2\/posts\/66331\/revisions\/66332"}],"wp:featuredmedia":[{"embeddable":true,"href":"https:\/\/www.covb.cat\/es\/wp-json\/wp\/v2\/media\/66328"}],"wp:attachment":[{"href":"https:\/\/www.covb.cat\/es\/wp-json\/wp\/v2\/media?parent=66331"}],"wp:term":[{"taxonomy":"category","embeddable":true,"href":"https:\/\/www.covb.cat\/es\/wp-json\/wp\/v2\/categories?post=66331"},{"taxonomy":"post_tag","embeddable":true,"href":"https:\/\/www.covb.cat\/es\/wp-json\/wp\/v2\/tags?post=66331"}],"curies":[{"name":"wp","href":"https:\/\/api.w.org\/{rel}","templated":true}]}}