{"id":66131,"date":"2026-01-21T14:54:08","date_gmt":"2026-01-21T13:54:08","guid":{"rendered":"https:\/\/www.covb.cat\/actualitat\/noticies\/general\/convocatoria-i-ordre-del-dia-de-la-57a-reunio-de-la-comissio-de-seniors-intercollegial\/"},"modified":"2026-01-21T14:55:07","modified_gmt":"2026-01-21T13:55:07","slug":"convocatoria-y-orden-del-dia-de-la-57a-reunion-de-la-comisino-de-seniors-intercolegial","status":"publish","type":"post","link":"https:\/\/www.covb.cat\/es\/actualitat\/noticies\/general\/convocatoria-y-orden-del-dia-de-la-57a-reunion-de-la-comisino-de-seniors-intercolegial\/","title":{"rendered":"Convocatoria y orden del d\u00eda de la 57a reuni\u00f3n de la Comisin\u00f3 de S\u00e9niors Intercolegial"},"content":{"rendered":"<p>El Colegio Oficial de Veterinarios de Barcelona informa de la <strong>convocatoria de la 57.\u00aa reuni\u00f3n de la Comisi\u00f3n de S\u00e9nior Intercolegial<\/strong>, que se celebrar\u00e1 en <strong>formato presencial<\/strong><\/p>\n<p>Esta reuni\u00f3n se enmarca en el trabajo continuado de la Comisi\u00f3n para analizar y debatir los retos sociales, econ\u00f3micos y profesionales asociados al envejecimiento de la poblaci\u00f3n, con especial atenci\u00f3n a fen\u00f3menos como el <strong>edadismo<\/strong>, la longevidad y la inclusi\u00f3n de las personas s\u00e9nior en los distintos \u00e1mbitos de la sociedad.<\/p>\n<p>Como <strong>material previo de reflexi\u00f3n<\/strong>, se adjunta el art\u00edculo <strong>\u00abCuando el cerebro \u201cse hace peque\u00f1o\u201d: rutina, comodidad y la plasticidad que necesitamos para adaptarnos\u00bb<\/strong>, propuesto como lectura previa a la reuni\u00f3n<\/p>\n<p>El art\u00edculo aborda, desde una perspectiva neurocient\u00edfica y psicosocial, c\u00f3mo la rutina excesiva, la comodidad y la falta de est\u00edmulos pueden limitar la plasticidad cerebral, la capacidad de adaptaci\u00f3n y el bienestar cognitivo a lo largo de la vida. Asimismo, plantea preguntas abiertas para fomentar el debate sobre el impacto de estos factores en el \u00e1mbito laboral, organizativo y social, especialmente en un contexto de sociedades cada vez m\u00e1s envejecidas.<\/p>\n<p>El orden del d\u00eda de la reuni\u00f3n incluye, entre otros puntos:<\/p>\n<ul>\n<li>La reflexi\u00f3n sobre <strong>longevidad y exclusi\u00f3n social<\/strong>.<\/li>\n<li>El an\u00e1lisis de la <strong>paradoja del edadismo<\/strong>.<\/li>\n<li>El debate sobre las implicaciones sociales, profesionales y demogr\u00e1ficas del aumento de la esperanza de vida.<\/li>\n<\/ul>\n<p>La documentaci\u00f3n completa de la convocatoria, el orden del d\u00eda y el art\u00edculo adjunto est\u00e1n disponibles para su consulta por parte de los colegiados y colegiadas interesados\/as.<\/p>\n<p><a href=\"https:\/\/www.covb.cat\/wp-content\/uploads\/2026\/01\/Article-edatisme-intercol.legial.pdf\">Art\u00edculo edatisme intercol.legial<\/a><\/p>\n<p><a href=\"https:\/\/www.covb.cat\/wp-content\/uploads\/2026\/01\/Edatisme-per-inter-col.legial.pdf\">Edatisme per inter col.legial<\/a><\/p>\n","protected":false},"excerpt":{"rendered":"<p>El Colegio Oficial de Veterinarios de Barcelona informa de la convocatoria de la 57.\u00aa reuni\u00f3n de la Comisi\u00f3n de S\u00e9nior Intercolegial, que se celebrar\u00e1 en formato presencial Esta reuni\u00f3n se enmarca en el trabajo continuado de la Comisi\u00f3n para analizar y debatir los retos sociales, econ\u00f3micos y profesionales asociados al envejecimiento de la poblaci\u00f3n, con [&hellip;]<\/p>\n","protected":false},"author":2985,"featured_media":66128,"comment_status":"closed","ping_status":"closed","sticky":false,"template":"","format":"standard","meta":{"_monsterinsights_skip_tracking":false,"_monsterinsights_sitenote_active":false,"_monsterinsights_sitenote_note":"","_monsterinsights_sitenote_category":0,"_jetpack_memberships_contains_paid_content":false,"footnotes":""},"categories":[17,351],"tags":[],"class_list":["post-66131","post","type-post","status-publish","format-standard","has-post-thumbnail","hentry","category-general","category-intercolegial"],"yoast_head":"<!-- This site is optimized with the Yoast SEO plugin v27.0 - https:\/\/yoast.com\/product\/yoast-seo-wordpress\/ -->\n<title>Convocatoria y orden del d\u00eda de la 57a reuni\u00f3n de la Comisin\u00f3 de S\u00e9niors Intercolegial - COVB - Col\u00b7legi Oficial de Veterinaris de Barcelona<\/title>\n<meta name=\"description\" content=\"El Colegio Oficial de Veterinarios de Barcelona informa de la convocatoria de la 57.\u00aa reuni\u00f3n de la Comisi\u00f3n de S\u00e9nior Intercolegial, que se celebrar\u00e1 en\" \/>\n<meta name=\"robots\" content=\"index, follow, max-snippet:-1, max-image-preview:large, max-video-preview:-1\" \/>\n<link rel=\"canonical\" href=\"https:\/\/www.covb.cat\/es\/actualitat\/noticies\/general\/convocatoria-y-orden-del-dia-de-la-57a-reunion-de-la-comisino-de-seniors-intercolegial\/\" \/>\n<meta property=\"og:locale\" content=\"es_ES\" \/>\n<meta property=\"og:type\" content=\"article\" \/>\n<meta property=\"og:title\" content=\"Convocatoria y orden del d\u00eda de la 57a reuni\u00f3n de la Comisin\u00f3 de S\u00e9niors Intercolegial - COVB - Col\u00b7legi Oficial de Veterinaris de Barcelona\" \/>\n<meta property=\"og:description\" content=\"El Colegio Oficial de Veterinarios de Barcelona informa de la convocatoria de la 57.\u00aa reuni\u00f3n de la Comisi\u00f3n de S\u00e9nior Intercolegial, que se celebrar\u00e1 en\" \/>\n<meta property=\"og:url\" content=\"https:\/\/www.covb.cat\/es\/actualitat\/noticies\/general\/convocatoria-y-orden-del-dia-de-la-57a-reunion-de-la-comisino-de-seniors-intercolegial\/\" \/>\n<meta property=\"og:site_name\" content=\"COVB\" \/>\n<meta property=\"article:publisher\" content=\"https:\/\/www.facebook.com\/COVBcat\/\" \/>\n<meta property=\"article:published_time\" content=\"2026-01-21T13:54:08+00:00\" \/>\n<meta property=\"article:modified_time\" content=\"2026-01-21T13:55:07+00:00\" \/>\n<meta property=\"og:image\" content=\"https:\/\/www.covb.cat\/wp-content\/uploads\/2026\/01\/Intercol.legial-senior-WEB.jpg\" \/>\n\t<meta property=\"og:image:width\" content=\"1200\" \/>\n\t<meta property=\"og:image:height\" content=\"800\" \/>\n\t<meta property=\"og:image:type\" content=\"image\/jpeg\" \/>\n<meta name=\"author\" content=\"Ferran Alcaraz\" \/>\n<meta name=\"twitter:card\" content=\"summary_large_image\" \/>\n<meta name=\"twitter:creator\" content=\"@COVBcat\" \/>\n<meta name=\"twitter:site\" content=\"@COVBcat\" \/>\n<meta name=\"twitter:label1\" content=\"Escrito por\" \/>\n\t<meta name=\"twitter:data1\" content=\"Ferran Alcaraz\" \/>\n\t<meta name=\"twitter:label2\" content=\"Tiempo de lectura\" \/>\n\t<meta name=\"twitter:data2\" content=\"2 minutos\" \/>\n<script type=\"application\/ld+json\" class=\"yoast-schema-graph\">{\"@context\":\"https:\/\/schema.org\",\"@graph\":[{\"@type\":\"Article\",\"@id\":\"https:\/\/www.covb.cat\/es\/actualitat\/noticies\/general\/convocatoria-y-orden-del-dia-de-la-57a-reunion-de-la-comisino-de-seniors-intercolegial\/#article\",\"isPartOf\":{\"@id\":\"https:\/\/www.covb.cat\/es\/actualitat\/noticies\/general\/convocatoria-y-orden-del-dia-de-la-57a-reunion-de-la-comisino-de-seniors-intercolegial\/\"},\"author\":{\"name\":\"Ferran Alcaraz\",\"@id\":\"https:\/\/www.covb.cat\/es\/#\/schema\/person\/ddc9093bc091186c194bba72ca3be5e2\"},\"headline\":\"Convocatoria y orden del d\u00eda de la 57a reuni\u00f3n de la Comisin\u00f3 de S\u00e9niors Intercolegial\",\"datePublished\":\"2026-01-21T13:54:08+00:00\",\"dateModified\":\"2026-01-21T13:55:07+00:00\",\"mainEntityOfPage\":{\"@id\":\"https:\/\/www.covb.cat\/es\/actualitat\/noticies\/general\/convocatoria-y-orden-del-dia-de-la-57a-reunion-de-la-comisino-de-seniors-intercolegial\/\"},\"wordCount\":306,\"publisher\":{\"@id\":\"https:\/\/www.covb.cat\/es\/#organization\"},\"image\":{\"@id\":\"https:\/\/www.covb.cat\/es\/actualitat\/noticies\/general\/convocatoria-y-orden-del-dia-de-la-57a-reunion-de-la-comisino-de-seniors-intercolegial\/#primaryimage\"},\"thumbnailUrl\":\"https:\/\/www.covb.cat\/wp-content\/uploads\/2026\/01\/Intercol.legial-senior-WEB.jpg\",\"articleSection\":[\"General\",\"Intercolegial\"],\"inLanguage\":\"es\"},{\"@type\":\"WebPage\",\"@id\":\"https:\/\/www.covb.cat\/es\/actualitat\/noticies\/general\/convocatoria-y-orden-del-dia-de-la-57a-reunion-de-la-comisino-de-seniors-intercolegial\/\",\"url\":\"https:\/\/www.covb.cat\/es\/actualitat\/noticies\/general\/convocatoria-y-orden-del-dia-de-la-57a-reunion-de-la-comisino-de-seniors-intercolegial\/\",\"name\":\"Convocatoria y orden del d\u00eda de la 57a reuni\u00f3n de la Comisin\u00f3 de S\u00e9niors Intercolegial - COVB - Col\u00b7legi Oficial de Veterinaris de Barcelona\",\"isPartOf\":{\"@id\":\"https:\/\/www.covb.cat\/es\/#website\"},\"primaryImageOfPage\":{\"@id\":\"https:\/\/www.covb.cat\/es\/actualitat\/noticies\/general\/convocatoria-y-orden-del-dia-de-la-57a-reunion-de-la-comisino-de-seniors-intercolegial\/#primaryimage\"},\"image\":{\"@id\":\"https:\/\/www.covb.cat\/es\/actualitat\/noticies\/general\/convocatoria-y-orden-del-dia-de-la-57a-reunion-de-la-comisino-de-seniors-intercolegial\/#primaryimage\"},\"thumbnailUrl\":\"https:\/\/www.covb.cat\/wp-content\/uploads\/2026\/01\/Intercol.legial-senior-WEB.jpg\",\"datePublished\":\"2026-01-21T13:54:08+00:00\",\"dateModified\":\"2026-01-21T13:55:07+00:00\",\"description\":\"El Colegio Oficial de Veterinarios de Barcelona informa de la convocatoria de la 57.\u00aa reuni\u00f3n de la Comisi\u00f3n de S\u00e9nior Intercolegial, que se celebrar\u00e1 en\",\"breadcrumb\":{\"@id\":\"https:\/\/www.covb.cat\/es\/actualitat\/noticies\/general\/convocatoria-y-orden-del-dia-de-la-57a-reunion-de-la-comisino-de-seniors-intercolegial\/#breadcrumb\"},\"inLanguage\":\"es\",\"potentialAction\":[{\"@type\":\"ReadAction\",\"target\":[\"https:\/\/www.covb.cat\/es\/actualitat\/noticies\/general\/convocatoria-y-orden-del-dia-de-la-57a-reunion-de-la-comisino-de-seniors-intercolegial\/\"]}]},{\"@type\":\"ImageObject\",\"inLanguage\":\"es\",\"@id\":\"https:\/\/www.covb.cat\/es\/actualitat\/noticies\/general\/convocatoria-y-orden-del-dia-de-la-57a-reunion-de-la-comisino-de-seniors-intercolegial\/#primaryimage\",\"url\":\"https:\/\/www.covb.cat\/wp-content\/uploads\/2026\/01\/Intercol.legial-senior-WEB.jpg\",\"contentUrl\":\"https:\/\/www.covb.cat\/wp-content\/uploads\/2026\/01\/Intercol.legial-senior-WEB.jpg\",\"width\":1200,\"height\":800},{\"@type\":\"BreadcrumbList\",\"@id\":\"https:\/\/www.covb.cat\/es\/actualitat\/noticies\/general\/convocatoria-y-orden-del-dia-de-la-57a-reunion-de-la-comisino-de-seniors-intercolegial\/#breadcrumb\",\"itemListElement\":[{\"@type\":\"ListItem\",\"position\":1,\"name\":\"Inici\",\"item\":\"https:\/\/www.covb.cat\/es\/\"},{\"@type\":\"ListItem\",\"position\":2,\"name\":\"Convocatoria y orden del d\u00eda de la 57a reuni\u00f3n de la Comisin\u00f3 de S\u00e9niors Intercolegial\"}]},{\"@type\":\"WebSite\",\"@id\":\"https:\/\/www.covb.cat\/es\/#website\",\"url\":\"https:\/\/www.covb.cat\/es\/\",\"name\":\"COVB\",\"description\":\"Col\u00b7legi Oficial de Veterinaris de Barcelona\",\"publisher\":{\"@id\":\"https:\/\/www.covb.cat\/es\/#organization\"},\"potentialAction\":[{\"@type\":\"SearchAction\",\"target\":{\"@type\":\"EntryPoint\",\"urlTemplate\":\"https:\/\/www.covb.cat\/es\/?s={search_term_string}\"},\"query-input\":{\"@type\":\"PropertyValueSpecification\",\"valueRequired\":true,\"valueName\":\"search_term_string\"}}],\"inLanguage\":\"es\"},{\"@type\":\"Organization\",\"@id\":\"https:\/\/www.covb.cat\/es\/#organization\",\"name\":\"COVB\",\"url\":\"https:\/\/www.covb.cat\/es\/\",\"logo\":{\"@type\":\"ImageObject\",\"inLanguage\":\"es\",\"@id\":\"https:\/\/www.covb.cat\/es\/#\/schema\/logo\/image\/\",\"url\":\"https:\/\/www.covb.cat\/wp-content\/uploads\/2018\/07\/favicon-covb.png\",\"contentUrl\":\"https:\/\/www.covb.cat\/wp-content\/uploads\/2018\/07\/favicon-covb.png\",\"width\":512,\"height\":512,\"caption\":\"COVB\"},\"image\":{\"@id\":\"https:\/\/www.covb.cat\/es\/#\/schema\/logo\/image\/\"},\"sameAs\":[\"https:\/\/www.facebook.com\/COVBcat\/\",\"https:\/\/x.com\/COVBcat\",\"https:\/\/www.youtube.com\/user\/covbcn\"]},{\"@type\":\"Person\",\"@id\":\"https:\/\/www.covb.cat\/es\/#\/schema\/person\/ddc9093bc091186c194bba72ca3be5e2\",\"name\":\"Ferran Alcaraz\",\"image\":{\"@type\":\"ImageObject\",\"inLanguage\":\"es\",\"@id\":\"https:\/\/www.covb.cat\/es\/#\/schema\/person\/image\/\",\"url\":\"https:\/\/secure.gravatar.com\/avatar\/7a7bb9e48d880990c016f59db5a666fe7ad49e90723bdbdc0acfb756246ea192?s=96&d=mm&r=g\",\"contentUrl\":\"https:\/\/secure.gravatar.com\/avatar\/7a7bb9e48d880990c016f59db5a666fe7ad49e90723bdbdc0acfb756246ea192?s=96&d=mm&r=g\",\"caption\":\"Ferran Alcaraz\"}}]}<\/script>\n<!-- \/ Yoast SEO plugin. -->","yoast_head_json":{"title":"Convocatoria y orden del d\u00eda de la 57a reuni\u00f3n de la Comisin\u00f3 de S\u00e9niors Intercolegial - COVB - Col\u00b7legi Oficial de Veterinaris de Barcelona","description":"El Colegio Oficial de Veterinarios de Barcelona informa de la convocatoria de la 57.\u00aa reuni\u00f3n de la Comisi\u00f3n de S\u00e9nior Intercolegial, que se celebrar\u00e1 en","robots":{"index":"index","follow":"follow","max-snippet":"max-snippet:-1","max-image-preview":"max-image-preview:large","max-video-preview":"max-video-preview:-1"},"canonical":"https:\/\/www.covb.cat\/es\/actualitat\/noticies\/general\/convocatoria-y-orden-del-dia-de-la-57a-reunion-de-la-comisino-de-seniors-intercolegial\/","og_locale":"es_ES","og_type":"article","og_title":"Convocatoria y orden del d\u00eda de la 57a reuni\u00f3n de la Comisin\u00f3 de S\u00e9niors Intercolegial - COVB - Col\u00b7legi Oficial de Veterinaris de Barcelona","og_description":"El Colegio Oficial de Veterinarios de Barcelona informa de la convocatoria de la 57.\u00aa reuni\u00f3n de la Comisi\u00f3n de S\u00e9nior Intercolegial, que se celebrar\u00e1 en","og_url":"https:\/\/www.covb.cat\/es\/actualitat\/noticies\/general\/convocatoria-y-orden-del-dia-de-la-57a-reunion-de-la-comisino-de-seniors-intercolegial\/","og_site_name":"COVB","article_publisher":"https:\/\/www.facebook.com\/COVBcat\/","article_published_time":"2026-01-21T13:54:08+00:00","article_modified_time":"2026-01-21T13:55:07+00:00","og_image":[{"width":1200,"height":800,"url":"https:\/\/www.covb.cat\/wp-content\/uploads\/2026\/01\/Intercol.legial-senior-WEB.jpg","type":"image\/jpeg"}],"author":"Ferran Alcaraz","twitter_card":"summary_large_image","twitter_creator":"@COVBcat","twitter_site":"@COVBcat","twitter_misc":{"Escrito por":"Ferran Alcaraz","Tiempo de lectura":"2 minutos"},"schema":{"@context":"https:\/\/schema.org","@graph":[{"@type":"Article","@id":"https:\/\/www.covb.cat\/es\/actualitat\/noticies\/general\/convocatoria-y-orden-del-dia-de-la-57a-reunion-de-la-comisino-de-seniors-intercolegial\/#article","isPartOf":{"@id":"https:\/\/www.covb.cat\/es\/actualitat\/noticies\/general\/convocatoria-y-orden-del-dia-de-la-57a-reunion-de-la-comisino-de-seniors-intercolegial\/"},"author":{"name":"Ferran Alcaraz","@id":"https:\/\/www.covb.cat\/es\/#\/schema\/person\/ddc9093bc091186c194bba72ca3be5e2"},"headline":"Convocatoria y orden del d\u00eda de la 57a reuni\u00f3n de la Comisin\u00f3 de S\u00e9niors Intercolegial","datePublished":"2026-01-21T13:54:08+00:00","dateModified":"2026-01-21T13:55:07+00:00","mainEntityOfPage":{"@id":"https:\/\/www.covb.cat\/es\/actualitat\/noticies\/general\/convocatoria-y-orden-del-dia-de-la-57a-reunion-de-la-comisino-de-seniors-intercolegial\/"},"wordCount":306,"publisher":{"@id":"https:\/\/www.covb.cat\/es\/#organization"},"image":{"@id":"https:\/\/www.covb.cat\/es\/actualitat\/noticies\/general\/convocatoria-y-orden-del-dia-de-la-57a-reunion-de-la-comisino-de-seniors-intercolegial\/#primaryimage"},"thumbnailUrl":"https:\/\/www.covb.cat\/wp-content\/uploads\/2026\/01\/Intercol.legial-senior-WEB.jpg","articleSection":["General","Intercolegial"],"inLanguage":"es"},{"@type":"WebPage","@id":"https:\/\/www.covb.cat\/es\/actualitat\/noticies\/general\/convocatoria-y-orden-del-dia-de-la-57a-reunion-de-la-comisino-de-seniors-intercolegial\/","url":"https:\/\/www.covb.cat\/es\/actualitat\/noticies\/general\/convocatoria-y-orden-del-dia-de-la-57a-reunion-de-la-comisino-de-seniors-intercolegial\/","name":"Convocatoria y orden del d\u00eda de la 57a reuni\u00f3n de la Comisin\u00f3 de S\u00e9niors Intercolegial - COVB - Col\u00b7legi Oficial de Veterinaris de Barcelona","isPartOf":{"@id":"https:\/\/www.covb.cat\/es\/#website"},"primaryImageOfPage":{"@id":"https:\/\/www.covb.cat\/es\/actualitat\/noticies\/general\/convocatoria-y-orden-del-dia-de-la-57a-reunion-de-la-comisino-de-seniors-intercolegial\/#primaryimage"},"image":{"@id":"https:\/\/www.covb.cat\/es\/actualitat\/noticies\/general\/convocatoria-y-orden-del-dia-de-la-57a-reunion-de-la-comisino-de-seniors-intercolegial\/#primaryimage"},"thumbnailUrl":"https:\/\/www.covb.cat\/wp-content\/uploads\/2026\/01\/Intercol.legial-senior-WEB.jpg","datePublished":"2026-01-21T13:54:08+00:00","dateModified":"2026-01-21T13:55:07+00:00","description":"El Colegio Oficial de Veterinarios de Barcelona informa de la convocatoria de la 57.\u00aa reuni\u00f3n de la Comisi\u00f3n de S\u00e9nior Intercolegial, que se celebrar\u00e1 en","breadcrumb":{"@id":"https:\/\/www.covb.cat\/es\/actualitat\/noticies\/general\/convocatoria-y-orden-del-dia-de-la-57a-reunion-de-la-comisino-de-seniors-intercolegial\/#breadcrumb"},"inLanguage":"es","potentialAction":[{"@type":"ReadAction","target":["https:\/\/www.covb.cat\/es\/actualitat\/noticies\/general\/convocatoria-y-orden-del-dia-de-la-57a-reunion-de-la-comisino-de-seniors-intercolegial\/"]}]},{"@type":"ImageObject","inLanguage":"es","@id":"https:\/\/www.covb.cat\/es\/actualitat\/noticies\/general\/convocatoria-y-orden-del-dia-de-la-57a-reunion-de-la-comisino-de-seniors-intercolegial\/#primaryimage","url":"https:\/\/www.covb.cat\/wp-content\/uploads\/2026\/01\/Intercol.legial-senior-WEB.jpg","contentUrl":"https:\/\/www.covb.cat\/wp-content\/uploads\/2026\/01\/Intercol.legial-senior-WEB.jpg","width":1200,"height":800},{"@type":"BreadcrumbList","@id":"https:\/\/www.covb.cat\/es\/actualitat\/noticies\/general\/convocatoria-y-orden-del-dia-de-la-57a-reunion-de-la-comisino-de-seniors-intercolegial\/#breadcrumb","itemListElement":[{"@type":"ListItem","position":1,"name":"Inici","item":"https:\/\/www.covb.cat\/es\/"},{"@type":"ListItem","position":2,"name":"Convocatoria y orden del d\u00eda de la 57a reuni\u00f3n de la Comisin\u00f3 de S\u00e9niors Intercolegial"}]},{"@type":"WebSite","@id":"https:\/\/www.covb.cat\/es\/#website","url":"https:\/\/www.covb.cat\/es\/","name":"COVB","description":"Col\u00b7legi Oficial de Veterinaris de Barcelona","publisher":{"@id":"https:\/\/www.covb.cat\/es\/#organization"},"potentialAction":[{"@type":"SearchAction","target":{"@type":"EntryPoint","urlTemplate":"https:\/\/www.covb.cat\/es\/?s={search_term_string}"},"query-input":{"@type":"PropertyValueSpecification","valueRequired":true,"valueName":"search_term_string"}}],"inLanguage":"es"},{"@type":"Organization","@id":"https:\/\/www.covb.cat\/es\/#organization","name":"COVB","url":"https:\/\/www.covb.cat\/es\/","logo":{"@type":"ImageObject","inLanguage":"es","@id":"https:\/\/www.covb.cat\/es\/#\/schema\/logo\/image\/","url":"https:\/\/www.covb.cat\/wp-content\/uploads\/2018\/07\/favicon-covb.png","contentUrl":"https:\/\/www.covb.cat\/wp-content\/uploads\/2018\/07\/favicon-covb.png","width":512,"height":512,"caption":"COVB"},"image":{"@id":"https:\/\/www.covb.cat\/es\/#\/schema\/logo\/image\/"},"sameAs":["https:\/\/www.facebook.com\/COVBcat\/","https:\/\/x.com\/COVBcat","https:\/\/www.youtube.com\/user\/covbcn"]},{"@type":"Person","@id":"https:\/\/www.covb.cat\/es\/#\/schema\/person\/ddc9093bc091186c194bba72ca3be5e2","name":"Ferran Alcaraz","image":{"@type":"ImageObject","inLanguage":"es","@id":"https:\/\/www.covb.cat\/es\/#\/schema\/person\/image\/","url":"https:\/\/secure.gravatar.com\/avatar\/7a7bb9e48d880990c016f59db5a666fe7ad49e90723bdbdc0acfb756246ea192?s=96&d=mm&r=g","contentUrl":"https:\/\/secure.gravatar.com\/avatar\/7a7bb9e48d880990c016f59db5a666fe7ad49e90723bdbdc0acfb756246ea192?s=96&d=mm&r=g","caption":"Ferran Alcaraz"}}]}},"jetpack_featured_media_url":"https:\/\/www.covb.cat\/wp-content\/uploads\/2026\/01\/Intercol.legial-senior-WEB.jpg","jetpack_sharing_enabled":true,"_links":{"self":[{"href":"https:\/\/www.covb.cat\/es\/wp-json\/wp\/v2\/posts\/66131","targetHints":{"allow":["GET"]}}],"collection":[{"href":"https:\/\/www.covb.cat\/es\/wp-json\/wp\/v2\/posts"}],"about":[{"href":"https:\/\/www.covb.cat\/es\/wp-json\/wp\/v2\/types\/post"}],"author":[{"embeddable":true,"href":"https:\/\/www.covb.cat\/es\/wp-json\/wp\/v2\/users\/2985"}],"replies":[{"embeddable":true,"href":"https:\/\/www.covb.cat\/es\/wp-json\/wp\/v2\/comments?post=66131"}],"version-history":[{"count":1,"href":"https:\/\/www.covb.cat\/es\/wp-json\/wp\/v2\/posts\/66131\/revisions"}],"predecessor-version":[{"id":66132,"href":"https:\/\/www.covb.cat\/es\/wp-json\/wp\/v2\/posts\/66131\/revisions\/66132"}],"wp:featuredmedia":[{"embeddable":true,"href":"https:\/\/www.covb.cat\/es\/wp-json\/wp\/v2\/media\/66128"}],"wp:attachment":[{"href":"https:\/\/www.covb.cat\/es\/wp-json\/wp\/v2\/media?parent=66131"}],"wp:term":[{"taxonomy":"category","embeddable":true,"href":"https:\/\/www.covb.cat\/es\/wp-json\/wp\/v2\/categories?post=66131"},{"taxonomy":"post_tag","embeddable":true,"href":"https:\/\/www.covb.cat\/es\/wp-json\/wp\/v2\/tags?post=66131"}],"curies":[{"name":"wp","href":"https:\/\/api.w.org\/{rel}","templated":true}]}}