{"id":66088,"date":"2026-01-21T12:08:17","date_gmt":"2026-01-21T11:08:17","guid":{"rendered":"https:\/\/www.covb.cat\/actualitat\/noticies\/general\/declaracio-oficial-de-la-influenca-aviaria-a-catalunya\/"},"modified":"2026-01-21T12:09:12","modified_gmt":"2026-01-21T11:09:12","slug":"declaracion-oficial-de-la-influenza-aviar-en-cataluna","status":"publish","type":"post","link":"https:\/\/www.covb.cat\/es\/actualitat\/noticies\/general\/declaracion-oficial-de-la-influenza-aviar-en-cataluna\/","title":{"rendered":"Declaraci\u00f3n oficial de la influenza aviar en Catalu\u00f1a"},"content":{"rendered":"<p>El <em>Diari Oficial de la Generalitat de Catalunya<\/em> (DOGC) ha publicado la <strong>Resoluci\u00f3n ARP\/57\/2026<\/strong>, de 14 de enero, por la que se declara oficialmente la existencia de la influenza aviar en Catalu\u00f1a y se delegan competencias en la persona titular de la <strong>Direcci\u00f3n General de Agricultura y Ganader\u00eda<\/strong> para la declaraci\u00f3n de focos y la adopci\u00f3n de medidas de lucha contra esta enfermedad<\/p>\n<p>La <strong>influenza aviar<\/strong> es una enfermedad v\u00edrica altamente contagiosa que afecta a las aves de corral y que, en el caso de las cepas de alta patogenicidad (principalmente H5 y H7), puede provocar una elevada mortalidad en un corto periodo de tiempo. Se trata de una enfermedad de declaraci\u00f3n obligatoria a nivel estatal, europeo e internacional.<\/p>\n<p>Esta resoluci\u00f3n se adopta tras la confirmaci\u00f3n, el 26 de diciembre de 2025, de un foco positivo en una explotaci\u00f3n de gallinas ponedoras en el municipio de Bellpuig (Lleida). Ante esta situaci\u00f3n, se considera necesario <strong>activar de forma inmediata las medidas de prevenci\u00f3n, control y erradicaci\u00f3n previstas en la normativa vigente<\/strong>, as\u00ed como facilitar una respuesta administrativa \u00e1gil ante la posible aparici\u00f3n de nuevos focos.<\/p>\n<p>Uno de los aspectos clave de la resoluci\u00f3n es la delegaci\u00f3n de competencias en la Direcci\u00f3n General de Agricultura y Ganader\u00eda, lo que <strong>permitir\u00e1 declarar con mayor rapidez los focos que se detecten y aplicar las medidas correspondientes<\/strong> en las zonas de protecci\u00f3n y vigilancia. Las resoluciones con la relaci\u00f3n de focos y las medidas adoptadas se publicar\u00e1n en la web oficial del Departamento de Agricultura, Ganader\u00eda, Pesca y Alimentaci\u00f3n.<\/p>\n<p>El Colegio Oficial de Veterinarios de Barcelona recuerda la importancia del papel de los profesionales veterinarios en la detecci\u00f3n precoz, la notificaci\u00f3n inmediata de sospechas y la aplicaci\u00f3n rigurosa de las medidas de bioseguridad, como elementos clave para proteger la sanidad animal, la producci\u00f3n av\u00edcola y la salud p\u00fablica.<\/p>\n<p>Pod\u00e9is consultar el texto completo de la resoluci\u00f3n en el DOGC.<\/p>\n<p><a href=\"https:\/\/www.covb.cat\/wp-content\/uploads\/2026\/01\/DOGC-Influenca-aviaria.pdf\">DOGC Influen\u00e7a aviaria<\/a><\/p>\n","protected":false},"excerpt":{"rendered":"<p>El Diari Oficial de la Generalitat de Catalunya (DOGC) ha publicado la Resoluci\u00f3n ARP\/57\/2026, de 14 de enero, por la que se declara oficialmente la existencia de la influenza aviar en Catalu\u00f1a y se delegan competencias en la persona titular de la Direcci\u00f3n General de Agricultura y Ganader\u00eda para la declaraci\u00f3n de focos y la [&hellip;]<\/p>\n","protected":false},"author":2985,"featured_media":66085,"comment_status":"closed","ping_status":"closed","sticky":false,"template":"","format":"standard","meta":{"_monsterinsights_skip_tracking":false,"_monsterinsights_sitenote_active":false,"_monsterinsights_sitenote_note":"","_monsterinsights_sitenote_category":0,"_jetpack_memberships_contains_paid_content":false,"footnotes":""},"categories":[156,17],"tags":[],"class_list":["post-66088","post","type-post","status-publish","format-standard","has-post-thumbnail","hentry","category-alertas","category-general"],"yoast_head":"<!-- This site is optimized with the Yoast SEO plugin v27.0 - https:\/\/yoast.com\/product\/yoast-seo-wordpress\/ -->\n<title>Declaraci\u00f3n oficial de la influenza aviar en Catalu\u00f1a - COVB - Col\u00b7legi Oficial de Veterinaris de Barcelona<\/title>\n<meta name=\"description\" content=\"El Diari Oficial de la Generalitat de Catalunya (DOGC) ha publicado la Resoluci\u00f3n ARP\/57\/2026, de 14 de enero, por la que se declara oficialmente la\" \/>\n<meta name=\"robots\" content=\"index, follow, max-snippet:-1, max-image-preview:large, max-video-preview:-1\" \/>\n<link rel=\"canonical\" href=\"https:\/\/www.covb.cat\/es\/actualitat\/noticies\/general\/declaracion-oficial-de-la-influenza-aviar-en-cataluna\/\" \/>\n<meta property=\"og:locale\" content=\"es_ES\" \/>\n<meta property=\"og:type\" content=\"article\" \/>\n<meta property=\"og:title\" content=\"Declaraci\u00f3n oficial de la influenza aviar en Catalu\u00f1a - COVB - Col\u00b7legi Oficial de Veterinaris de Barcelona\" \/>\n<meta property=\"og:description\" content=\"El Diari Oficial de la Generalitat de Catalunya (DOGC) ha publicado la Resoluci\u00f3n ARP\/57\/2026, de 14 de enero, por la que se declara oficialmente la\" \/>\n<meta property=\"og:url\" content=\"https:\/\/www.covb.cat\/es\/actualitat\/noticies\/general\/declaracion-oficial-de-la-influenza-aviar-en-cataluna\/\" \/>\n<meta property=\"og:site_name\" content=\"COVB\" \/>\n<meta property=\"article:publisher\" content=\"https:\/\/www.facebook.com\/COVBcat\/\" \/>\n<meta property=\"article:published_time\" content=\"2026-01-21T11:08:17+00:00\" \/>\n<meta property=\"article:modified_time\" content=\"2026-01-21T11:09:12+00:00\" \/>\n<meta property=\"og:image\" content=\"https:\/\/www.covb.cat\/wp-content\/uploads\/2026\/01\/DOGC-Influenca-aviaria-WEB.jpg\" \/>\n\t<meta property=\"og:image:width\" content=\"1200\" \/>\n\t<meta property=\"og:image:height\" content=\"800\" \/>\n\t<meta property=\"og:image:type\" content=\"image\/jpeg\" \/>\n<meta name=\"author\" content=\"Ferran Alcaraz\" \/>\n<meta name=\"twitter:card\" content=\"summary_large_image\" \/>\n<meta name=\"twitter:creator\" content=\"@COVBcat\" \/>\n<meta name=\"twitter:site\" content=\"@COVBcat\" \/>\n<meta name=\"twitter:label1\" content=\"Escrito por\" \/>\n\t<meta name=\"twitter:data1\" content=\"Ferran Alcaraz\" \/>\n\t<meta name=\"twitter:label2\" content=\"Tiempo de lectura\" \/>\n\t<meta name=\"twitter:data2\" content=\"2 minutos\" \/>\n<script type=\"application\/ld+json\" class=\"yoast-schema-graph\">{\"@context\":\"https:\/\/schema.org\",\"@graph\":[{\"@type\":\"Article\",\"@id\":\"https:\/\/www.covb.cat\/es\/actualitat\/noticies\/general\/declaracion-oficial-de-la-influenza-aviar-en-cataluna\/#article\",\"isPartOf\":{\"@id\":\"https:\/\/www.covb.cat\/es\/actualitat\/noticies\/general\/declaracion-oficial-de-la-influenza-aviar-en-cataluna\/\"},\"author\":{\"name\":\"Ferran Alcaraz\",\"@id\":\"https:\/\/www.covb.cat\/es\/#\/schema\/person\/ddc9093bc091186c194bba72ca3be5e2\"},\"headline\":\"Declaraci\u00f3n oficial de la influenza aviar en Catalu\u00f1a\",\"datePublished\":\"2026-01-21T11:08:17+00:00\",\"dateModified\":\"2026-01-21T11:09:12+00:00\",\"mainEntityOfPage\":{\"@id\":\"https:\/\/www.covb.cat\/es\/actualitat\/noticies\/general\/declaracion-oficial-de-la-influenza-aviar-en-cataluna\/\"},\"wordCount\":357,\"publisher\":{\"@id\":\"https:\/\/www.covb.cat\/es\/#organization\"},\"image\":{\"@id\":\"https:\/\/www.covb.cat\/es\/actualitat\/noticies\/general\/declaracion-oficial-de-la-influenza-aviar-en-cataluna\/#primaryimage\"},\"thumbnailUrl\":\"https:\/\/www.covb.cat\/wp-content\/uploads\/2026\/01\/DOGC-Influenca-aviaria-WEB.jpg\",\"articleSection\":[\"Alertas\",\"General\"],\"inLanguage\":\"es\"},{\"@type\":\"WebPage\",\"@id\":\"https:\/\/www.covb.cat\/es\/actualitat\/noticies\/general\/declaracion-oficial-de-la-influenza-aviar-en-cataluna\/\",\"url\":\"https:\/\/www.covb.cat\/es\/actualitat\/noticies\/general\/declaracion-oficial-de-la-influenza-aviar-en-cataluna\/\",\"name\":\"Declaraci\u00f3n oficial de la influenza aviar en Catalu\u00f1a - COVB - Col\u00b7legi Oficial de Veterinaris de Barcelona\",\"isPartOf\":{\"@id\":\"https:\/\/www.covb.cat\/es\/#website\"},\"primaryImageOfPage\":{\"@id\":\"https:\/\/www.covb.cat\/es\/actualitat\/noticies\/general\/declaracion-oficial-de-la-influenza-aviar-en-cataluna\/#primaryimage\"},\"image\":{\"@id\":\"https:\/\/www.covb.cat\/es\/actualitat\/noticies\/general\/declaracion-oficial-de-la-influenza-aviar-en-cataluna\/#primaryimage\"},\"thumbnailUrl\":\"https:\/\/www.covb.cat\/wp-content\/uploads\/2026\/01\/DOGC-Influenca-aviaria-WEB.jpg\",\"datePublished\":\"2026-01-21T11:08:17+00:00\",\"dateModified\":\"2026-01-21T11:09:12+00:00\",\"description\":\"El Diari Oficial de la Generalitat de Catalunya (DOGC) ha publicado la Resoluci\u00f3n ARP\/57\/2026, de 14 de enero, por la que se declara oficialmente la\",\"breadcrumb\":{\"@id\":\"https:\/\/www.covb.cat\/es\/actualitat\/noticies\/general\/declaracion-oficial-de-la-influenza-aviar-en-cataluna\/#breadcrumb\"},\"inLanguage\":\"es\",\"potentialAction\":[{\"@type\":\"ReadAction\",\"target\":[\"https:\/\/www.covb.cat\/es\/actualitat\/noticies\/general\/declaracion-oficial-de-la-influenza-aviar-en-cataluna\/\"]}]},{\"@type\":\"ImageObject\",\"inLanguage\":\"es\",\"@id\":\"https:\/\/www.covb.cat\/es\/actualitat\/noticies\/general\/declaracion-oficial-de-la-influenza-aviar-en-cataluna\/#primaryimage\",\"url\":\"https:\/\/www.covb.cat\/wp-content\/uploads\/2026\/01\/DOGC-Influenca-aviaria-WEB.jpg\",\"contentUrl\":\"https:\/\/www.covb.cat\/wp-content\/uploads\/2026\/01\/DOGC-Influenca-aviaria-WEB.jpg\",\"width\":1200,\"height\":800},{\"@type\":\"BreadcrumbList\",\"@id\":\"https:\/\/www.covb.cat\/es\/actualitat\/noticies\/general\/declaracion-oficial-de-la-influenza-aviar-en-cataluna\/#breadcrumb\",\"itemListElement\":[{\"@type\":\"ListItem\",\"position\":1,\"name\":\"Inici\",\"item\":\"https:\/\/www.covb.cat\/es\/\"},{\"@type\":\"ListItem\",\"position\":2,\"name\":\"Declaraci\u00f3n oficial de la influenza aviar en Catalu\u00f1a\"}]},{\"@type\":\"WebSite\",\"@id\":\"https:\/\/www.covb.cat\/es\/#website\",\"url\":\"https:\/\/www.covb.cat\/es\/\",\"name\":\"COVB\",\"description\":\"Col\u00b7legi Oficial de Veterinaris de Barcelona\",\"publisher\":{\"@id\":\"https:\/\/www.covb.cat\/es\/#organization\"},\"potentialAction\":[{\"@type\":\"SearchAction\",\"target\":{\"@type\":\"EntryPoint\",\"urlTemplate\":\"https:\/\/www.covb.cat\/es\/?s={search_term_string}\"},\"query-input\":{\"@type\":\"PropertyValueSpecification\",\"valueRequired\":true,\"valueName\":\"search_term_string\"}}],\"inLanguage\":\"es\"},{\"@type\":\"Organization\",\"@id\":\"https:\/\/www.covb.cat\/es\/#organization\",\"name\":\"COVB\",\"url\":\"https:\/\/www.covb.cat\/es\/\",\"logo\":{\"@type\":\"ImageObject\",\"inLanguage\":\"es\",\"@id\":\"https:\/\/www.covb.cat\/es\/#\/schema\/logo\/image\/\",\"url\":\"https:\/\/www.covb.cat\/wp-content\/uploads\/2018\/07\/favicon-covb.png\",\"contentUrl\":\"https:\/\/www.covb.cat\/wp-content\/uploads\/2018\/07\/favicon-covb.png\",\"width\":512,\"height\":512,\"caption\":\"COVB\"},\"image\":{\"@id\":\"https:\/\/www.covb.cat\/es\/#\/schema\/logo\/image\/\"},\"sameAs\":[\"https:\/\/www.facebook.com\/COVBcat\/\",\"https:\/\/x.com\/COVBcat\",\"https:\/\/www.youtube.com\/user\/covbcn\"]},{\"@type\":\"Person\",\"@id\":\"https:\/\/www.covb.cat\/es\/#\/schema\/person\/ddc9093bc091186c194bba72ca3be5e2\",\"name\":\"Ferran Alcaraz\",\"image\":{\"@type\":\"ImageObject\",\"inLanguage\":\"es\",\"@id\":\"https:\/\/www.covb.cat\/es\/#\/schema\/person\/image\/\",\"url\":\"https:\/\/secure.gravatar.com\/avatar\/7a7bb9e48d880990c016f59db5a666fe7ad49e90723bdbdc0acfb756246ea192?s=96&d=mm&r=g\",\"contentUrl\":\"https:\/\/secure.gravatar.com\/avatar\/7a7bb9e48d880990c016f59db5a666fe7ad49e90723bdbdc0acfb756246ea192?s=96&d=mm&r=g\",\"caption\":\"Ferran Alcaraz\"}}]}<\/script>\n<!-- \/ Yoast SEO plugin. -->","yoast_head_json":{"title":"Declaraci\u00f3n oficial de la influenza aviar en Catalu\u00f1a - COVB - Col\u00b7legi Oficial de Veterinaris de Barcelona","description":"El Diari Oficial de la Generalitat de Catalunya (DOGC) ha publicado la Resoluci\u00f3n ARP\/57\/2026, de 14 de enero, por la que se declara oficialmente la","robots":{"index":"index","follow":"follow","max-snippet":"max-snippet:-1","max-image-preview":"max-image-preview:large","max-video-preview":"max-video-preview:-1"},"canonical":"https:\/\/www.covb.cat\/es\/actualitat\/noticies\/general\/declaracion-oficial-de-la-influenza-aviar-en-cataluna\/","og_locale":"es_ES","og_type":"article","og_title":"Declaraci\u00f3n oficial de la influenza aviar en Catalu\u00f1a - COVB - Col\u00b7legi Oficial de Veterinaris de Barcelona","og_description":"El Diari Oficial de la Generalitat de Catalunya (DOGC) ha publicado la Resoluci\u00f3n ARP\/57\/2026, de 14 de enero, por la que se declara oficialmente la","og_url":"https:\/\/www.covb.cat\/es\/actualitat\/noticies\/general\/declaracion-oficial-de-la-influenza-aviar-en-cataluna\/","og_site_name":"COVB","article_publisher":"https:\/\/www.facebook.com\/COVBcat\/","article_published_time":"2026-01-21T11:08:17+00:00","article_modified_time":"2026-01-21T11:09:12+00:00","og_image":[{"width":1200,"height":800,"url":"https:\/\/www.covb.cat\/wp-content\/uploads\/2026\/01\/DOGC-Influenca-aviaria-WEB.jpg","type":"image\/jpeg"}],"author":"Ferran Alcaraz","twitter_card":"summary_large_image","twitter_creator":"@COVBcat","twitter_site":"@COVBcat","twitter_misc":{"Escrito por":"Ferran Alcaraz","Tiempo de lectura":"2 minutos"},"schema":{"@context":"https:\/\/schema.org","@graph":[{"@type":"Article","@id":"https:\/\/www.covb.cat\/es\/actualitat\/noticies\/general\/declaracion-oficial-de-la-influenza-aviar-en-cataluna\/#article","isPartOf":{"@id":"https:\/\/www.covb.cat\/es\/actualitat\/noticies\/general\/declaracion-oficial-de-la-influenza-aviar-en-cataluna\/"},"author":{"name":"Ferran Alcaraz","@id":"https:\/\/www.covb.cat\/es\/#\/schema\/person\/ddc9093bc091186c194bba72ca3be5e2"},"headline":"Declaraci\u00f3n oficial de la influenza aviar en Catalu\u00f1a","datePublished":"2026-01-21T11:08:17+00:00","dateModified":"2026-01-21T11:09:12+00:00","mainEntityOfPage":{"@id":"https:\/\/www.covb.cat\/es\/actualitat\/noticies\/general\/declaracion-oficial-de-la-influenza-aviar-en-cataluna\/"},"wordCount":357,"publisher":{"@id":"https:\/\/www.covb.cat\/es\/#organization"},"image":{"@id":"https:\/\/www.covb.cat\/es\/actualitat\/noticies\/general\/declaracion-oficial-de-la-influenza-aviar-en-cataluna\/#primaryimage"},"thumbnailUrl":"https:\/\/www.covb.cat\/wp-content\/uploads\/2026\/01\/DOGC-Influenca-aviaria-WEB.jpg","articleSection":["Alertas","General"],"inLanguage":"es"},{"@type":"WebPage","@id":"https:\/\/www.covb.cat\/es\/actualitat\/noticies\/general\/declaracion-oficial-de-la-influenza-aviar-en-cataluna\/","url":"https:\/\/www.covb.cat\/es\/actualitat\/noticies\/general\/declaracion-oficial-de-la-influenza-aviar-en-cataluna\/","name":"Declaraci\u00f3n oficial de la influenza aviar en Catalu\u00f1a - COVB - Col\u00b7legi Oficial de Veterinaris de Barcelona","isPartOf":{"@id":"https:\/\/www.covb.cat\/es\/#website"},"primaryImageOfPage":{"@id":"https:\/\/www.covb.cat\/es\/actualitat\/noticies\/general\/declaracion-oficial-de-la-influenza-aviar-en-cataluna\/#primaryimage"},"image":{"@id":"https:\/\/www.covb.cat\/es\/actualitat\/noticies\/general\/declaracion-oficial-de-la-influenza-aviar-en-cataluna\/#primaryimage"},"thumbnailUrl":"https:\/\/www.covb.cat\/wp-content\/uploads\/2026\/01\/DOGC-Influenca-aviaria-WEB.jpg","datePublished":"2026-01-21T11:08:17+00:00","dateModified":"2026-01-21T11:09:12+00:00","description":"El Diari Oficial de la Generalitat de Catalunya (DOGC) ha publicado la Resoluci\u00f3n ARP\/57\/2026, de 14 de enero, por la que se declara oficialmente la","breadcrumb":{"@id":"https:\/\/www.covb.cat\/es\/actualitat\/noticies\/general\/declaracion-oficial-de-la-influenza-aviar-en-cataluna\/#breadcrumb"},"inLanguage":"es","potentialAction":[{"@type":"ReadAction","target":["https:\/\/www.covb.cat\/es\/actualitat\/noticies\/general\/declaracion-oficial-de-la-influenza-aviar-en-cataluna\/"]}]},{"@type":"ImageObject","inLanguage":"es","@id":"https:\/\/www.covb.cat\/es\/actualitat\/noticies\/general\/declaracion-oficial-de-la-influenza-aviar-en-cataluna\/#primaryimage","url":"https:\/\/www.covb.cat\/wp-content\/uploads\/2026\/01\/DOGC-Influenca-aviaria-WEB.jpg","contentUrl":"https:\/\/www.covb.cat\/wp-content\/uploads\/2026\/01\/DOGC-Influenca-aviaria-WEB.jpg","width":1200,"height":800},{"@type":"BreadcrumbList","@id":"https:\/\/www.covb.cat\/es\/actualitat\/noticies\/general\/declaracion-oficial-de-la-influenza-aviar-en-cataluna\/#breadcrumb","itemListElement":[{"@type":"ListItem","position":1,"name":"Inici","item":"https:\/\/www.covb.cat\/es\/"},{"@type":"ListItem","position":2,"name":"Declaraci\u00f3n oficial de la influenza aviar en Catalu\u00f1a"}]},{"@type":"WebSite","@id":"https:\/\/www.covb.cat\/es\/#website","url":"https:\/\/www.covb.cat\/es\/","name":"COVB","description":"Col\u00b7legi Oficial de Veterinaris de Barcelona","publisher":{"@id":"https:\/\/www.covb.cat\/es\/#organization"},"potentialAction":[{"@type":"SearchAction","target":{"@type":"EntryPoint","urlTemplate":"https:\/\/www.covb.cat\/es\/?s={search_term_string}"},"query-input":{"@type":"PropertyValueSpecification","valueRequired":true,"valueName":"search_term_string"}}],"inLanguage":"es"},{"@type":"Organization","@id":"https:\/\/www.covb.cat\/es\/#organization","name":"COVB","url":"https:\/\/www.covb.cat\/es\/","logo":{"@type":"ImageObject","inLanguage":"es","@id":"https:\/\/www.covb.cat\/es\/#\/schema\/logo\/image\/","url":"https:\/\/www.covb.cat\/wp-content\/uploads\/2018\/07\/favicon-covb.png","contentUrl":"https:\/\/www.covb.cat\/wp-content\/uploads\/2018\/07\/favicon-covb.png","width":512,"height":512,"caption":"COVB"},"image":{"@id":"https:\/\/www.covb.cat\/es\/#\/schema\/logo\/image\/"},"sameAs":["https:\/\/www.facebook.com\/COVBcat\/","https:\/\/x.com\/COVBcat","https:\/\/www.youtube.com\/user\/covbcn"]},{"@type":"Person","@id":"https:\/\/www.covb.cat\/es\/#\/schema\/person\/ddc9093bc091186c194bba72ca3be5e2","name":"Ferran Alcaraz","image":{"@type":"ImageObject","inLanguage":"es","@id":"https:\/\/www.covb.cat\/es\/#\/schema\/person\/image\/","url":"https:\/\/secure.gravatar.com\/avatar\/7a7bb9e48d880990c016f59db5a666fe7ad49e90723bdbdc0acfb756246ea192?s=96&d=mm&r=g","contentUrl":"https:\/\/secure.gravatar.com\/avatar\/7a7bb9e48d880990c016f59db5a666fe7ad49e90723bdbdc0acfb756246ea192?s=96&d=mm&r=g","caption":"Ferran Alcaraz"}}]}},"jetpack_featured_media_url":"https:\/\/www.covb.cat\/wp-content\/uploads\/2026\/01\/DOGC-Influenca-aviaria-WEB.jpg","jetpack_sharing_enabled":true,"_links":{"self":[{"href":"https:\/\/www.covb.cat\/es\/wp-json\/wp\/v2\/posts\/66088","targetHints":{"allow":["GET"]}}],"collection":[{"href":"https:\/\/www.covb.cat\/es\/wp-json\/wp\/v2\/posts"}],"about":[{"href":"https:\/\/www.covb.cat\/es\/wp-json\/wp\/v2\/types\/post"}],"author":[{"embeddable":true,"href":"https:\/\/www.covb.cat\/es\/wp-json\/wp\/v2\/users\/2985"}],"replies":[{"embeddable":true,"href":"https:\/\/www.covb.cat\/es\/wp-json\/wp\/v2\/comments?post=66088"}],"version-history":[{"count":1,"href":"https:\/\/www.covb.cat\/es\/wp-json\/wp\/v2\/posts\/66088\/revisions"}],"predecessor-version":[{"id":66089,"href":"https:\/\/www.covb.cat\/es\/wp-json\/wp\/v2\/posts\/66088\/revisions\/66089"}],"wp:featuredmedia":[{"embeddable":true,"href":"https:\/\/www.covb.cat\/es\/wp-json\/wp\/v2\/media\/66085"}],"wp:attachment":[{"href":"https:\/\/www.covb.cat\/es\/wp-json\/wp\/v2\/media?parent=66088"}],"wp:term":[{"taxonomy":"category","embeddable":true,"href":"https:\/\/www.covb.cat\/es\/wp-json\/wp\/v2\/categories?post=66088"},{"taxonomy":"post_tag","embeddable":true,"href":"https:\/\/www.covb.cat\/es\/wp-json\/wp\/v2\/tags?post=66088"}],"curies":[{"name":"wp","href":"https:\/\/api.w.org\/{rel}","templated":true}]}}