{"id":65888,"date":"2026-01-14T08:00:06","date_gmt":"2026-01-14T07:00:06","guid":{"rendered":"https:\/\/www.covb.cat\/?p=65888"},"modified":"2026-01-16T15:32:28","modified_gmt":"2026-01-16T14:32:28","slug":"dos-nuevos-focos-secundarios-de-ppa-en-jabali-y-actualizacion-de-la-situacion-epidemiologica","status":"publish","type":"post","link":"https:\/\/www.covb.cat\/es\/actualitat\/noticies\/general\/dos-nuevos-focos-secundarios-de-ppa-en-jabali-y-actualizacion-de-la-situacion-epidemiologica\/","title":{"rendered":"Dos nuevos focos secundarios de PPA en jabal\u00ed y actualizaci\u00f3n de la situaci\u00f3n epidemiol\u00f3gica"},"content":{"rendered":"<p>Por indicaci\u00f3n del Servicio de Sanidad Animal, compartimos la <strong>nota del MAPA (12\/01\/2026)<\/strong> con la actualizaci\u00f3n de la situaci\u00f3n epidemiol\u00f3gica de la <strong>peste porcina africana (PPA) en jabal\u00edes silvestres en Catalunya<\/strong>, que incluye la declaraci\u00f3n de <strong>dos nuevos focos secundarios<\/strong>.<\/p>\n<p>Seg\u00fan la comunicaci\u00f3n, se trata de un total de <strong>13 animales hallados muertos<\/strong>, todos ellos ubicados dentro de la <strong>zona de alto riesgo<\/strong> delimitada por el <strong>radio de 6 km<\/strong> alrededor de los casos iniciales.<\/p>\n<p>Con esta actualizaci\u00f3n, en Catalunya se acumulan <strong>15 focos notificados<\/strong> hasta la fecha (<strong>3 primarios y 12 secundarios<\/strong>), con un total de <strong>60 animales positivos<\/strong>. Paralelamente, se han analizado <strong>622 animales con resultado negativo<\/strong> (300 capturados y 322 muestreados por vigilancia pasiva).<\/p>\n<p><strong>MEDIDAS EN CURSO Y ACTUACIONES DE CONTROL<\/strong><\/p>\n<p>El documento destaca que contin\u00faan las tareas intensivas de <strong>b\u00fasqueda de cad\u00e1veres<\/strong> y la preparaci\u00f3n de actividades de <strong>captura<\/strong> para reducir poblaciones de jabal\u00ed en zonas de menor riesgo dentro de la zona infectada. Tambi\u00e9n se est\u00e1 reforzando el <strong>aislamiento y los vallados<\/strong>, aprovechando infraestructuras existentes (carreteras y v\u00edas f\u00e9rreas) y priorizando el control de corredores de paso. En particular, se trabaja en una <strong>segunda barrera de contenci\u00f3n alrededor de Collserola<\/strong> (con refuerzos en el entorno de AP7 y A2, y otras v\u00edas al norte).<\/p>\n<p>En cuanto a granjas y otros establecimientos de porcino, los SVO mantienen los controles y la <strong>vigilancia pasiva reforzada<\/strong> en las <strong>57 explotaciones<\/strong> localizadas en la zona infectada, <strong>sin detectar sintomatolog\u00eda ni lesiones compatibles<\/strong>.<\/p>\n<p><strong>RECORDATORIOS IMPORTANTES PARA EL SECTOR<\/strong><\/p>\n<ul>\n<li>La PPA es una enfermedad <strong>no zoon\u00f3sica<\/strong>: las personas <strong>no son susceptibles<\/strong> a la infecci\u00f3n ni por contacto con animales ni por ingesti\u00f3n de productos derivados.<\/li>\n<li>Es necesario <strong>extremar la bioseguridad<\/strong> en todas las explotaciones de porcino y en el <strong>transporte<\/strong> de animales.<\/li>\n<li>Se recuerda la obligaci\u00f3n de <strong>comunicar cualquier sospecha<\/strong> a los SVO (tanto en jabal\u00ed como en porcino dom\u00e9stico) en todo el territorio.<\/li>\n<\/ul>\n<p><a href=\"https:\/\/www.covb.cat\/wp-content\/uploads\/2026\/01\/nota-actualizacion-situacion-ppa_12-01-2026-final.pdf\" target=\"_blank\" rel=\"noopener\">Actualizaci\u00f3n situaci\u00f3n 12-01-2026<\/a><\/p>\n<p><a href=\"https:\/\/www.covb.cat\/wp-content\/uploads\/2026\/01\/Actualizacion-situacion-PPA-15.01.26-Sectores.pdf\" target=\"_blank\" rel=\"noopener\">Actualizacio\u0301n situacio\u0301n 15-01-2026<\/a><\/p>\n","protected":false},"excerpt":{"rendered":"<p>Por indicaci\u00f3n del Servicio de Sanidad Animal, compartimos la nota del MAPA (12\/01\/2026) con la actualizaci\u00f3n de la situaci\u00f3n epidemiol\u00f3gica de la peste porcina africana (PPA) en jabal\u00edes silvestres en Catalunya, que incluye la declaraci\u00f3n de dos nuevos focos secundarios. Seg\u00fan la comunicaci\u00f3n, se trata de un total de 13 animales hallados muertos, todos ellos [&hellip;]<\/p>\n","protected":false},"author":2985,"featured_media":65885,"comment_status":"closed","ping_status":"closed","sticky":false,"template":"","format":"standard","meta":{"_monsterinsights_skip_tracking":false,"_monsterinsights_sitenote_active":false,"_monsterinsights_sitenote_note":"","_monsterinsights_sitenote_category":0,"_jetpack_memberships_contains_paid_content":false,"footnotes":""},"categories":[156,409,17],"tags":[],"class_list":["post-65888","post","type-post","status-publish","format-standard","has-post-thumbnail","hentry","category-alertas","category-alertes-es","category-general"],"yoast_head":"<!-- This site is optimized with the Yoast SEO plugin v27.0 - https:\/\/yoast.com\/product\/yoast-seo-wordpress\/ -->\n<title>Dos nuevos focos secundarios de PPA en jabal\u00ed y actualizaci\u00f3n de la situaci\u00f3n epidemiol\u00f3gica - COVB - Col\u00b7legi Oficial de Veterinaris de Barcelona<\/title>\n<meta name=\"description\" content=\"Por indicaci\u00f3n del Servicio de Sanidad Animal, compartimos la nota del MAPA (12\/01\/2026) con la actualizaci\u00f3n de la situaci\u00f3n epidemiol\u00f3gica de la peste\" \/>\n<meta name=\"robots\" content=\"index, follow, max-snippet:-1, max-image-preview:large, max-video-preview:-1\" \/>\n<link rel=\"canonical\" href=\"https:\/\/www.covb.cat\/es\/actualitat\/noticies\/general\/dos-nuevos-focos-secundarios-de-ppa-en-jabali-y-actualizacion-de-la-situacion-epidemiologica\/\" \/>\n<meta property=\"og:locale\" content=\"es_ES\" \/>\n<meta property=\"og:type\" content=\"article\" \/>\n<meta property=\"og:title\" content=\"Dos nuevos focos secundarios de PPA en jabal\u00ed y actualizaci\u00f3n de la situaci\u00f3n epidemiol\u00f3gica - COVB - Col\u00b7legi Oficial de Veterinaris de Barcelona\" \/>\n<meta property=\"og:description\" content=\"Por indicaci\u00f3n del Servicio de Sanidad Animal, compartimos la nota del MAPA (12\/01\/2026) con la actualizaci\u00f3n de la situaci\u00f3n epidemiol\u00f3gica de la peste\" \/>\n<meta property=\"og:url\" content=\"https:\/\/www.covb.cat\/es\/actualitat\/noticies\/general\/dos-nuevos-focos-secundarios-de-ppa-en-jabali-y-actualizacion-de-la-situacion-epidemiologica\/\" \/>\n<meta property=\"og:site_name\" content=\"COVB\" \/>\n<meta property=\"article:publisher\" content=\"https:\/\/www.facebook.com\/COVBcat\/\" \/>\n<meta property=\"article:published_time\" content=\"2026-01-14T07:00:06+00:00\" \/>\n<meta property=\"article:modified_time\" content=\"2026-01-16T14:32:28+00:00\" \/>\n<meta property=\"og:image\" content=\"https:\/\/www.covb.cat\/wp-content\/uploads\/2026\/01\/Pesta-Porcina-WEB.jpg\" \/>\n\t<meta property=\"og:image:width\" content=\"1200\" \/>\n\t<meta property=\"og:image:height\" content=\"800\" \/>\n\t<meta property=\"og:image:type\" content=\"image\/jpeg\" \/>\n<meta name=\"author\" content=\"Ferran Alcaraz\" \/>\n<meta name=\"twitter:card\" content=\"summary_large_image\" \/>\n<meta name=\"twitter:creator\" content=\"@COVBcat\" \/>\n<meta name=\"twitter:site\" content=\"@COVBcat\" \/>\n<meta name=\"twitter:label1\" content=\"Escrito por\" \/>\n\t<meta name=\"twitter:data1\" content=\"Ferran Alcaraz\" \/>\n\t<meta name=\"twitter:label2\" content=\"Tiempo de lectura\" \/>\n\t<meta name=\"twitter:data2\" content=\"2 minutos\" \/>\n<script type=\"application\/ld+json\" class=\"yoast-schema-graph\">{\"@context\":\"https:\/\/schema.org\",\"@graph\":[{\"@type\":\"Article\",\"@id\":\"https:\/\/www.covb.cat\/es\/actualitat\/noticies\/general\/dos-nuevos-focos-secundarios-de-ppa-en-jabali-y-actualizacion-de-la-situacion-epidemiologica\/#article\",\"isPartOf\":{\"@id\":\"https:\/\/www.covb.cat\/es\/actualitat\/noticies\/general\/dos-nuevos-focos-secundarios-de-ppa-en-jabali-y-actualizacion-de-la-situacion-epidemiologica\/\"},\"author\":{\"name\":\"Ferran Alcaraz\",\"@id\":\"https:\/\/www.covb.cat\/es\/#\/schema\/person\/ddc9093bc091186c194bba72ca3be5e2\"},\"headline\":\"Dos nuevos focos secundarios de PPA en jabal\u00ed y actualizaci\u00f3n de la situaci\u00f3n epidemiol\u00f3gica\",\"datePublished\":\"2026-01-14T07:00:06+00:00\",\"dateModified\":\"2026-01-16T14:32:28+00:00\",\"mainEntityOfPage\":{\"@id\":\"https:\/\/www.covb.cat\/es\/actualitat\/noticies\/general\/dos-nuevos-focos-secundarios-de-ppa-en-jabali-y-actualizacion-de-la-situacion-epidemiologica\/\"},\"wordCount\":355,\"publisher\":{\"@id\":\"https:\/\/www.covb.cat\/es\/#organization\"},\"image\":{\"@id\":\"https:\/\/www.covb.cat\/es\/actualitat\/noticies\/general\/dos-nuevos-focos-secundarios-de-ppa-en-jabali-y-actualizacion-de-la-situacion-epidemiologica\/#primaryimage\"},\"thumbnailUrl\":\"https:\/\/www.covb.cat\/wp-content\/uploads\/2026\/01\/Pesta-Porcina-WEB.jpg\",\"articleSection\":[\"Alertas\",\"Alertes\",\"General\"],\"inLanguage\":\"es\"},{\"@type\":\"WebPage\",\"@id\":\"https:\/\/www.covb.cat\/es\/actualitat\/noticies\/general\/dos-nuevos-focos-secundarios-de-ppa-en-jabali-y-actualizacion-de-la-situacion-epidemiologica\/\",\"url\":\"https:\/\/www.covb.cat\/es\/actualitat\/noticies\/general\/dos-nuevos-focos-secundarios-de-ppa-en-jabali-y-actualizacion-de-la-situacion-epidemiologica\/\",\"name\":\"Dos nuevos focos secundarios de PPA en jabal\u00ed y actualizaci\u00f3n de la situaci\u00f3n epidemiol\u00f3gica - COVB - Col\u00b7legi Oficial de Veterinaris de Barcelona\",\"isPartOf\":{\"@id\":\"https:\/\/www.covb.cat\/es\/#website\"},\"primaryImageOfPage\":{\"@id\":\"https:\/\/www.covb.cat\/es\/actualitat\/noticies\/general\/dos-nuevos-focos-secundarios-de-ppa-en-jabali-y-actualizacion-de-la-situacion-epidemiologica\/#primaryimage\"},\"image\":{\"@id\":\"https:\/\/www.covb.cat\/es\/actualitat\/noticies\/general\/dos-nuevos-focos-secundarios-de-ppa-en-jabali-y-actualizacion-de-la-situacion-epidemiologica\/#primaryimage\"},\"thumbnailUrl\":\"https:\/\/www.covb.cat\/wp-content\/uploads\/2026\/01\/Pesta-Porcina-WEB.jpg\",\"datePublished\":\"2026-01-14T07:00:06+00:00\",\"dateModified\":\"2026-01-16T14:32:28+00:00\",\"description\":\"Por indicaci\u00f3n del Servicio de Sanidad Animal, compartimos la nota del MAPA (12\/01\/2026) con la actualizaci\u00f3n de la situaci\u00f3n epidemiol\u00f3gica de la peste\",\"breadcrumb\":{\"@id\":\"https:\/\/www.covb.cat\/es\/actualitat\/noticies\/general\/dos-nuevos-focos-secundarios-de-ppa-en-jabali-y-actualizacion-de-la-situacion-epidemiologica\/#breadcrumb\"},\"inLanguage\":\"es\",\"potentialAction\":[{\"@type\":\"ReadAction\",\"target\":[\"https:\/\/www.covb.cat\/es\/actualitat\/noticies\/general\/dos-nuevos-focos-secundarios-de-ppa-en-jabali-y-actualizacion-de-la-situacion-epidemiologica\/\"]}]},{\"@type\":\"ImageObject\",\"inLanguage\":\"es\",\"@id\":\"https:\/\/www.covb.cat\/es\/actualitat\/noticies\/general\/dos-nuevos-focos-secundarios-de-ppa-en-jabali-y-actualizacion-de-la-situacion-epidemiologica\/#primaryimage\",\"url\":\"https:\/\/www.covb.cat\/wp-content\/uploads\/2026\/01\/Pesta-Porcina-WEB.jpg\",\"contentUrl\":\"https:\/\/www.covb.cat\/wp-content\/uploads\/2026\/01\/Pesta-Porcina-WEB.jpg\",\"width\":1200,\"height\":800},{\"@type\":\"BreadcrumbList\",\"@id\":\"https:\/\/www.covb.cat\/es\/actualitat\/noticies\/general\/dos-nuevos-focos-secundarios-de-ppa-en-jabali-y-actualizacion-de-la-situacion-epidemiologica\/#breadcrumb\",\"itemListElement\":[{\"@type\":\"ListItem\",\"position\":1,\"name\":\"Inici\",\"item\":\"https:\/\/www.covb.cat\/es\/\"},{\"@type\":\"ListItem\",\"position\":2,\"name\":\"Dos nuevos focos secundarios de PPA en jabal\u00ed y actualizaci\u00f3n de la situaci\u00f3n epidemiol\u00f3gica\"}]},{\"@type\":\"WebSite\",\"@id\":\"https:\/\/www.covb.cat\/es\/#website\",\"url\":\"https:\/\/www.covb.cat\/es\/\",\"name\":\"COVB\",\"description\":\"Col\u00b7legi Oficial de Veterinaris de Barcelona\",\"publisher\":{\"@id\":\"https:\/\/www.covb.cat\/es\/#organization\"},\"potentialAction\":[{\"@type\":\"SearchAction\",\"target\":{\"@type\":\"EntryPoint\",\"urlTemplate\":\"https:\/\/www.covb.cat\/es\/?s={search_term_string}\"},\"query-input\":{\"@type\":\"PropertyValueSpecification\",\"valueRequired\":true,\"valueName\":\"search_term_string\"}}],\"inLanguage\":\"es\"},{\"@type\":\"Organization\",\"@id\":\"https:\/\/www.covb.cat\/es\/#organization\",\"name\":\"COVB\",\"url\":\"https:\/\/www.covb.cat\/es\/\",\"logo\":{\"@type\":\"ImageObject\",\"inLanguage\":\"es\",\"@id\":\"https:\/\/www.covb.cat\/es\/#\/schema\/logo\/image\/\",\"url\":\"https:\/\/www.covb.cat\/wp-content\/uploads\/2018\/07\/favicon-covb.png\",\"contentUrl\":\"https:\/\/www.covb.cat\/wp-content\/uploads\/2018\/07\/favicon-covb.png\",\"width\":512,\"height\":512,\"caption\":\"COVB\"},\"image\":{\"@id\":\"https:\/\/www.covb.cat\/es\/#\/schema\/logo\/image\/\"},\"sameAs\":[\"https:\/\/www.facebook.com\/COVBcat\/\",\"https:\/\/x.com\/COVBcat\",\"https:\/\/www.youtube.com\/user\/covbcn\"]},{\"@type\":\"Person\",\"@id\":\"https:\/\/www.covb.cat\/es\/#\/schema\/person\/ddc9093bc091186c194bba72ca3be5e2\",\"name\":\"Ferran Alcaraz\",\"image\":{\"@type\":\"ImageObject\",\"inLanguage\":\"es\",\"@id\":\"https:\/\/www.covb.cat\/es\/#\/schema\/person\/image\/\",\"url\":\"https:\/\/secure.gravatar.com\/avatar\/7a7bb9e48d880990c016f59db5a666fe7ad49e90723bdbdc0acfb756246ea192?s=96&d=mm&r=g\",\"contentUrl\":\"https:\/\/secure.gravatar.com\/avatar\/7a7bb9e48d880990c016f59db5a666fe7ad49e90723bdbdc0acfb756246ea192?s=96&d=mm&r=g\",\"caption\":\"Ferran Alcaraz\"}}]}<\/script>\n<!-- \/ Yoast SEO plugin. -->","yoast_head_json":{"title":"Dos nuevos focos secundarios de PPA en jabal\u00ed y actualizaci\u00f3n de la situaci\u00f3n epidemiol\u00f3gica - COVB - Col\u00b7legi Oficial de Veterinaris de Barcelona","description":"Por indicaci\u00f3n del Servicio de Sanidad Animal, compartimos la nota del MAPA (12\/01\/2026) con la actualizaci\u00f3n de la situaci\u00f3n epidemiol\u00f3gica de la peste","robots":{"index":"index","follow":"follow","max-snippet":"max-snippet:-1","max-image-preview":"max-image-preview:large","max-video-preview":"max-video-preview:-1"},"canonical":"https:\/\/www.covb.cat\/es\/actualitat\/noticies\/general\/dos-nuevos-focos-secundarios-de-ppa-en-jabali-y-actualizacion-de-la-situacion-epidemiologica\/","og_locale":"es_ES","og_type":"article","og_title":"Dos nuevos focos secundarios de PPA en jabal\u00ed y actualizaci\u00f3n de la situaci\u00f3n epidemiol\u00f3gica - COVB - Col\u00b7legi Oficial de Veterinaris de Barcelona","og_description":"Por indicaci\u00f3n del Servicio de Sanidad Animal, compartimos la nota del MAPA (12\/01\/2026) con la actualizaci\u00f3n de la situaci\u00f3n epidemiol\u00f3gica de la peste","og_url":"https:\/\/www.covb.cat\/es\/actualitat\/noticies\/general\/dos-nuevos-focos-secundarios-de-ppa-en-jabali-y-actualizacion-de-la-situacion-epidemiologica\/","og_site_name":"COVB","article_publisher":"https:\/\/www.facebook.com\/COVBcat\/","article_published_time":"2026-01-14T07:00:06+00:00","article_modified_time":"2026-01-16T14:32:28+00:00","og_image":[{"width":1200,"height":800,"url":"https:\/\/www.covb.cat\/wp-content\/uploads\/2026\/01\/Pesta-Porcina-WEB.jpg","type":"image\/jpeg"}],"author":"Ferran Alcaraz","twitter_card":"summary_large_image","twitter_creator":"@COVBcat","twitter_site":"@COVBcat","twitter_misc":{"Escrito por":"Ferran Alcaraz","Tiempo de lectura":"2 minutos"},"schema":{"@context":"https:\/\/schema.org","@graph":[{"@type":"Article","@id":"https:\/\/www.covb.cat\/es\/actualitat\/noticies\/general\/dos-nuevos-focos-secundarios-de-ppa-en-jabali-y-actualizacion-de-la-situacion-epidemiologica\/#article","isPartOf":{"@id":"https:\/\/www.covb.cat\/es\/actualitat\/noticies\/general\/dos-nuevos-focos-secundarios-de-ppa-en-jabali-y-actualizacion-de-la-situacion-epidemiologica\/"},"author":{"name":"Ferran Alcaraz","@id":"https:\/\/www.covb.cat\/es\/#\/schema\/person\/ddc9093bc091186c194bba72ca3be5e2"},"headline":"Dos nuevos focos secundarios de PPA en jabal\u00ed y actualizaci\u00f3n de la situaci\u00f3n epidemiol\u00f3gica","datePublished":"2026-01-14T07:00:06+00:00","dateModified":"2026-01-16T14:32:28+00:00","mainEntityOfPage":{"@id":"https:\/\/www.covb.cat\/es\/actualitat\/noticies\/general\/dos-nuevos-focos-secundarios-de-ppa-en-jabali-y-actualizacion-de-la-situacion-epidemiologica\/"},"wordCount":355,"publisher":{"@id":"https:\/\/www.covb.cat\/es\/#organization"},"image":{"@id":"https:\/\/www.covb.cat\/es\/actualitat\/noticies\/general\/dos-nuevos-focos-secundarios-de-ppa-en-jabali-y-actualizacion-de-la-situacion-epidemiologica\/#primaryimage"},"thumbnailUrl":"https:\/\/www.covb.cat\/wp-content\/uploads\/2026\/01\/Pesta-Porcina-WEB.jpg","articleSection":["Alertas","Alertes","General"],"inLanguage":"es"},{"@type":"WebPage","@id":"https:\/\/www.covb.cat\/es\/actualitat\/noticies\/general\/dos-nuevos-focos-secundarios-de-ppa-en-jabali-y-actualizacion-de-la-situacion-epidemiologica\/","url":"https:\/\/www.covb.cat\/es\/actualitat\/noticies\/general\/dos-nuevos-focos-secundarios-de-ppa-en-jabali-y-actualizacion-de-la-situacion-epidemiologica\/","name":"Dos nuevos focos secundarios de PPA en jabal\u00ed y actualizaci\u00f3n de la situaci\u00f3n epidemiol\u00f3gica - COVB - Col\u00b7legi Oficial de Veterinaris de Barcelona","isPartOf":{"@id":"https:\/\/www.covb.cat\/es\/#website"},"primaryImageOfPage":{"@id":"https:\/\/www.covb.cat\/es\/actualitat\/noticies\/general\/dos-nuevos-focos-secundarios-de-ppa-en-jabali-y-actualizacion-de-la-situacion-epidemiologica\/#primaryimage"},"image":{"@id":"https:\/\/www.covb.cat\/es\/actualitat\/noticies\/general\/dos-nuevos-focos-secundarios-de-ppa-en-jabali-y-actualizacion-de-la-situacion-epidemiologica\/#primaryimage"},"thumbnailUrl":"https:\/\/www.covb.cat\/wp-content\/uploads\/2026\/01\/Pesta-Porcina-WEB.jpg","datePublished":"2026-01-14T07:00:06+00:00","dateModified":"2026-01-16T14:32:28+00:00","description":"Por indicaci\u00f3n del Servicio de Sanidad Animal, compartimos la nota del MAPA (12\/01\/2026) con la actualizaci\u00f3n de la situaci\u00f3n epidemiol\u00f3gica de la peste","breadcrumb":{"@id":"https:\/\/www.covb.cat\/es\/actualitat\/noticies\/general\/dos-nuevos-focos-secundarios-de-ppa-en-jabali-y-actualizacion-de-la-situacion-epidemiologica\/#breadcrumb"},"inLanguage":"es","potentialAction":[{"@type":"ReadAction","target":["https:\/\/www.covb.cat\/es\/actualitat\/noticies\/general\/dos-nuevos-focos-secundarios-de-ppa-en-jabali-y-actualizacion-de-la-situacion-epidemiologica\/"]}]},{"@type":"ImageObject","inLanguage":"es","@id":"https:\/\/www.covb.cat\/es\/actualitat\/noticies\/general\/dos-nuevos-focos-secundarios-de-ppa-en-jabali-y-actualizacion-de-la-situacion-epidemiologica\/#primaryimage","url":"https:\/\/www.covb.cat\/wp-content\/uploads\/2026\/01\/Pesta-Porcina-WEB.jpg","contentUrl":"https:\/\/www.covb.cat\/wp-content\/uploads\/2026\/01\/Pesta-Porcina-WEB.jpg","width":1200,"height":800},{"@type":"BreadcrumbList","@id":"https:\/\/www.covb.cat\/es\/actualitat\/noticies\/general\/dos-nuevos-focos-secundarios-de-ppa-en-jabali-y-actualizacion-de-la-situacion-epidemiologica\/#breadcrumb","itemListElement":[{"@type":"ListItem","position":1,"name":"Inici","item":"https:\/\/www.covb.cat\/es\/"},{"@type":"ListItem","position":2,"name":"Dos nuevos focos secundarios de PPA en jabal\u00ed y actualizaci\u00f3n de la situaci\u00f3n epidemiol\u00f3gica"}]},{"@type":"WebSite","@id":"https:\/\/www.covb.cat\/es\/#website","url":"https:\/\/www.covb.cat\/es\/","name":"COVB","description":"Col\u00b7legi Oficial de Veterinaris de Barcelona","publisher":{"@id":"https:\/\/www.covb.cat\/es\/#organization"},"potentialAction":[{"@type":"SearchAction","target":{"@type":"EntryPoint","urlTemplate":"https:\/\/www.covb.cat\/es\/?s={search_term_string}"},"query-input":{"@type":"PropertyValueSpecification","valueRequired":true,"valueName":"search_term_string"}}],"inLanguage":"es"},{"@type":"Organization","@id":"https:\/\/www.covb.cat\/es\/#organization","name":"COVB","url":"https:\/\/www.covb.cat\/es\/","logo":{"@type":"ImageObject","inLanguage":"es","@id":"https:\/\/www.covb.cat\/es\/#\/schema\/logo\/image\/","url":"https:\/\/www.covb.cat\/wp-content\/uploads\/2018\/07\/favicon-covb.png","contentUrl":"https:\/\/www.covb.cat\/wp-content\/uploads\/2018\/07\/favicon-covb.png","width":512,"height":512,"caption":"COVB"},"image":{"@id":"https:\/\/www.covb.cat\/es\/#\/schema\/logo\/image\/"},"sameAs":["https:\/\/www.facebook.com\/COVBcat\/","https:\/\/x.com\/COVBcat","https:\/\/www.youtube.com\/user\/covbcn"]},{"@type":"Person","@id":"https:\/\/www.covb.cat\/es\/#\/schema\/person\/ddc9093bc091186c194bba72ca3be5e2","name":"Ferran Alcaraz","image":{"@type":"ImageObject","inLanguage":"es","@id":"https:\/\/www.covb.cat\/es\/#\/schema\/person\/image\/","url":"https:\/\/secure.gravatar.com\/avatar\/7a7bb9e48d880990c016f59db5a666fe7ad49e90723bdbdc0acfb756246ea192?s=96&d=mm&r=g","contentUrl":"https:\/\/secure.gravatar.com\/avatar\/7a7bb9e48d880990c016f59db5a666fe7ad49e90723bdbdc0acfb756246ea192?s=96&d=mm&r=g","caption":"Ferran Alcaraz"}}]}},"jetpack_featured_media_url":"https:\/\/www.covb.cat\/wp-content\/uploads\/2026\/01\/Pesta-Porcina-WEB.jpg","jetpack_sharing_enabled":true,"_links":{"self":[{"href":"https:\/\/www.covb.cat\/es\/wp-json\/wp\/v2\/posts\/65888","targetHints":{"allow":["GET"]}}],"collection":[{"href":"https:\/\/www.covb.cat\/es\/wp-json\/wp\/v2\/posts"}],"about":[{"href":"https:\/\/www.covb.cat\/es\/wp-json\/wp\/v2\/types\/post"}],"author":[{"embeddable":true,"href":"https:\/\/www.covb.cat\/es\/wp-json\/wp\/v2\/users\/2985"}],"replies":[{"embeddable":true,"href":"https:\/\/www.covb.cat\/es\/wp-json\/wp\/v2\/comments?post=65888"}],"version-history":[{"count":2,"href":"https:\/\/www.covb.cat\/es\/wp-json\/wp\/v2\/posts\/65888\/revisions"}],"predecessor-version":[{"id":65985,"href":"https:\/\/www.covb.cat\/es\/wp-json\/wp\/v2\/posts\/65888\/revisions\/65985"}],"wp:featuredmedia":[{"embeddable":true,"href":"https:\/\/www.covb.cat\/es\/wp-json\/wp\/v2\/media\/65885"}],"wp:attachment":[{"href":"https:\/\/www.covb.cat\/es\/wp-json\/wp\/v2\/media?parent=65888"}],"wp:term":[{"taxonomy":"category","embeddable":true,"href":"https:\/\/www.covb.cat\/es\/wp-json\/wp\/v2\/categories?post=65888"},{"taxonomy":"post_tag","embeddable":true,"href":"https:\/\/www.covb.cat\/es\/wp-json\/wp\/v2\/tags?post=65888"}],"curies":[{"name":"wp","href":"https:\/\/api.w.org\/{rel}","templated":true}]}}