{"id":64544,"date":"2025-11-28T08:00:53","date_gmt":"2025-11-28T07:00:53","guid":{"rendered":"https:\/\/www.covb.cat\/?p=64544"},"modified":"2025-11-26T20:59:36","modified_gmt":"2025-11-26T19:59:36","slug":"se-entregan-los-premios-de-la-12a-edicion-del-concurso-de-fotografia-el-mundo-animal","status":"publish","type":"post","link":"https:\/\/www.covb.cat\/es\/actualitat\/noticies\/general\/se-entregan-los-premios-de-la-12a-edicion-del-concurso-de-fotografia-el-mundo-animal\/","title":{"rendered":"Se entregan los premios de la 12\u00aa edici\u00f3n del Concurso de Fotograf\u00eda \u00abEl mundo animal\u00bb"},"content":{"rendered":"<p>El Concurso de Fotograf\u00eda \u00abEl mundo animal\u00bb, organizado por el Consell de Col\u00b7legis Veterinaris de Catalunya (CCVC), ha celebrado su 12\u00aa edici\u00f3n con una excelente participaci\u00f3n y una selecci\u00f3n de im\u00e1genes que reflejan tanto la actividad veterinaria como el v\u00ednculo entre personas y animales.<\/p>\n<p>Este a\u00f1o, el certamen ha mantenido sus dos categor\u00edas: una dirigida a veterinarios y veterinarias colegiados, y otra destinada a los tutores de animales inscritos en el Archivo de Identificaci\u00f3n de Animales de Compa\u00f1\u00eda (AIAC).<\/p>\n<p><strong>Ganadores y obras destacadas<\/strong><\/p>\n<p><strong>Categor\u00eda de veterinarios colegiados<\/strong><\/p>\n<ul>\n<li><strong>Primer premio:<\/strong> <em>Tamany embar\u00e0s<\/em>, de <strong>Lisa Maria Theresa Nieuwenhuis<\/strong><\/li>\n<li><strong>Acc\u00e9sit:<\/strong> <em>Sanejats<\/em>, de <strong>Jaume Fontdevila Tom\u00e0s<\/strong><\/li>\n<\/ul>\n<p><strong>Categor\u00eda de tutores de animales de compa\u00f1\u00eda<\/strong><\/p>\n<ul>\n<li><strong>Primer premio:<\/strong> <em>Missi\u00f3 tronc<\/em>, de <strong>Griselda Fern\u00e1ndez Galbany<\/strong><\/li>\n<li><strong>Acc\u00e9sit:<\/strong> <em>Fes-me una foto, aix\u00ed, com si no me n\u2019adono<\/em>, de <strong>Dolors Sarroca Ballest\u00e9<\/strong><\/li>\n<\/ul>\n<p>Pod\u00e9is ver las fotograf\u00edas premiadas en el siguiente <a href=\"https:\/\/www.veterinaris.cat\/es-lliuren-els-premis-de-la-12a-edicio-del-concurs-de-fotografia-el-mon-animal\/\">enlace<\/a>.<\/p>\n<p>La entrega de premios estuvo presidida por <strong>Ver\u00f3nica Araunabe\u00f1a<\/strong>, presidenta del CCVC, acompa\u00f1ada por el vicepresidente y presidente del COVB, <strong>Joan Mesi\u00e0<\/strong>, y el tesorero, <strong>Joan Prous<\/strong>.<\/p>\n<p><strong>Una mirada al trabajo veterinario y al v\u00ednculo humano-animal<\/strong><\/p>\n<p>Las fotograf\u00edas presentadas por colegiados deb\u00edan estar relacionadas con la actividad profesional veterinaria, mientras que las de la categor\u00eda de tutores deb\u00edan centrarse en escenas con animales de compa\u00f1\u00eda.<\/p>\n<p>Los premios est\u00e1n dotados con <strong>1.000 euros<\/strong> para las obras ganadoras y <strong>500 euros<\/strong> para los acc\u00e9sits.<\/p>\n<p><strong>Incluidas en el calendario del CCVC<\/strong><\/p>\n<p>Como cada a\u00f1o, las im\u00e1genes premiadas \u2014junto con ocho fotograf\u00edas finalistas\u2014 formar\u00e1n parte del calendario anual que el CCVC edita y distribuye entre todos los colegiados.<\/p>\n","protected":false},"excerpt":{"rendered":"<p>El Concurso de Fotograf\u00eda \u00abEl mundo animal\u00bb, organizado por el Consell de Col\u00b7legis Veterinaris de Catalunya (CCVC), ha celebrado su 12\u00aa edici\u00f3n con una excelente participaci\u00f3n y una selecci\u00f3n de im\u00e1genes que reflejan tanto la actividad veterinaria como el v\u00ednculo entre personas y animales. Este a\u00f1o, el certamen ha mantenido sus dos categor\u00edas: una dirigida [&hellip;]<\/p>\n","protected":false},"author":2985,"featured_media":64541,"comment_status":"closed","ping_status":"closed","sticky":false,"template":"","format":"standard","meta":{"_monsterinsights_skip_tracking":false,"_monsterinsights_sitenote_active":false,"_monsterinsights_sitenote_note":"","_monsterinsights_sitenote_category":0,"_jetpack_memberships_contains_paid_content":false,"footnotes":""},"categories":[353,138,17],"tags":[],"class_list":["post-64544","post","type-post","status-publish","format-standard","has-post-thumbnail","hentry","category-corporatiu-es","category-corporativo","category-general"],"yoast_head":"<!-- This site is optimized with the Yoast SEO plugin v27.0 - https:\/\/yoast.com\/product\/yoast-seo-wordpress\/ -->\n<title>Se entregan los premios de la 12\u00aa edici\u00f3n del Concurso de Fotograf\u00eda \u00abEl mundo animal\u00bb - COVB - Col\u00b7legi Oficial de Veterinaris de Barcelona<\/title>\n<meta name=\"description\" content=\"El Concurso de Fotograf\u00eda \u00abEl mundo animal\u00bb, organizado por el Consell de Col\u00b7legis Veterinaris de Catalunya (CCVC), ha celebrado su 12\u00aa edici\u00f3n con una\" \/>\n<meta name=\"robots\" content=\"index, follow, max-snippet:-1, max-image-preview:large, max-video-preview:-1\" \/>\n<link rel=\"canonical\" href=\"https:\/\/www.covb.cat\/es\/actualitat\/noticies\/general\/se-entregan-los-premios-de-la-12a-edicion-del-concurso-de-fotografia-el-mundo-animal\/\" \/>\n<meta property=\"og:locale\" content=\"es_ES\" \/>\n<meta property=\"og:type\" content=\"article\" \/>\n<meta property=\"og:title\" content=\"Se entregan los premios de la 12\u00aa edici\u00f3n del Concurso de Fotograf\u00eda \u00abEl mundo animal\u00bb - COVB - Col\u00b7legi Oficial de Veterinaris de Barcelona\" \/>\n<meta property=\"og:description\" content=\"El Concurso de Fotograf\u00eda \u00abEl mundo animal\u00bb, organizado por el Consell de Col\u00b7legis Veterinaris de Catalunya (CCVC), ha celebrado su 12\u00aa edici\u00f3n con una\" \/>\n<meta property=\"og:url\" content=\"https:\/\/www.covb.cat\/es\/actualitat\/noticies\/general\/se-entregan-los-premios-de-la-12a-edicion-del-concurso-de-fotografia-el-mundo-animal\/\" \/>\n<meta property=\"og:site_name\" content=\"COVB\" \/>\n<meta property=\"article:publisher\" content=\"https:\/\/www.facebook.com\/COVBcat\/\" \/>\n<meta property=\"article:published_time\" content=\"2025-11-28T07:00:53+00:00\" \/>\n<meta property=\"og:image\" content=\"https:\/\/www.covb.cat\/wp-content\/uploads\/2025\/11\/Concurs-fotografia-WEB.jpg\" \/>\n\t<meta property=\"og:image:width\" content=\"1200\" \/>\n\t<meta property=\"og:image:height\" content=\"800\" \/>\n\t<meta property=\"og:image:type\" content=\"image\/jpeg\" \/>\n<meta name=\"author\" content=\"Ferran Alcaraz\" \/>\n<meta name=\"twitter:card\" content=\"summary_large_image\" \/>\n<meta name=\"twitter:creator\" content=\"@COVBcat\" \/>\n<meta name=\"twitter:site\" content=\"@COVBcat\" \/>\n<meta name=\"twitter:label1\" content=\"Escrito por\" \/>\n\t<meta name=\"twitter:data1\" content=\"Ferran Alcaraz\" \/>\n\t<meta name=\"twitter:label2\" content=\"Tiempo de lectura\" \/>\n\t<meta name=\"twitter:data2\" content=\"2 minutos\" \/>\n<script type=\"application\/ld+json\" class=\"yoast-schema-graph\">{\"@context\":\"https:\/\/schema.org\",\"@graph\":[{\"@type\":\"Article\",\"@id\":\"https:\/\/www.covb.cat\/es\/actualitat\/noticies\/general\/se-entregan-los-premios-de-la-12a-edicion-del-concurso-de-fotografia-el-mundo-animal\/#article\",\"isPartOf\":{\"@id\":\"https:\/\/www.covb.cat\/es\/actualitat\/noticies\/general\/se-entregan-los-premios-de-la-12a-edicion-del-concurso-de-fotografia-el-mundo-animal\/\"},\"author\":{\"name\":\"Ferran Alcaraz\",\"@id\":\"https:\/\/www.covb.cat\/es\/#\/schema\/person\/ddc9093bc091186c194bba72ca3be5e2\"},\"headline\":\"Se entregan los premios de la 12\u00aa edici\u00f3n del Concurso de Fotograf\u00eda \u00abEl mundo animal\u00bb\",\"datePublished\":\"2025-11-28T07:00:53+00:00\",\"mainEntityOfPage\":{\"@id\":\"https:\/\/www.covb.cat\/es\/actualitat\/noticies\/general\/se-entregan-los-premios-de-la-12a-edicion-del-concurso-de-fotografia-el-mundo-animal\/\"},\"wordCount\":304,\"publisher\":{\"@id\":\"https:\/\/www.covb.cat\/es\/#organization\"},\"image\":{\"@id\":\"https:\/\/www.covb.cat\/es\/actualitat\/noticies\/general\/se-entregan-los-premios-de-la-12a-edicion-del-concurso-de-fotografia-el-mundo-animal\/#primaryimage\"},\"thumbnailUrl\":\"https:\/\/www.covb.cat\/wp-content\/uploads\/2025\/11\/Concurs-fotografia-WEB.jpg\",\"articleSection\":[\"Corporatiu\",\"Corporativo\",\"General\"],\"inLanguage\":\"es\"},{\"@type\":\"WebPage\",\"@id\":\"https:\/\/www.covb.cat\/es\/actualitat\/noticies\/general\/se-entregan-los-premios-de-la-12a-edicion-del-concurso-de-fotografia-el-mundo-animal\/\",\"url\":\"https:\/\/www.covb.cat\/es\/actualitat\/noticies\/general\/se-entregan-los-premios-de-la-12a-edicion-del-concurso-de-fotografia-el-mundo-animal\/\",\"name\":\"Se entregan los premios de la 12\u00aa edici\u00f3n del Concurso de Fotograf\u00eda \u00abEl mundo animal\u00bb - COVB - Col\u00b7legi Oficial de Veterinaris de Barcelona\",\"isPartOf\":{\"@id\":\"https:\/\/www.covb.cat\/es\/#website\"},\"primaryImageOfPage\":{\"@id\":\"https:\/\/www.covb.cat\/es\/actualitat\/noticies\/general\/se-entregan-los-premios-de-la-12a-edicion-del-concurso-de-fotografia-el-mundo-animal\/#primaryimage\"},\"image\":{\"@id\":\"https:\/\/www.covb.cat\/es\/actualitat\/noticies\/general\/se-entregan-los-premios-de-la-12a-edicion-del-concurso-de-fotografia-el-mundo-animal\/#primaryimage\"},\"thumbnailUrl\":\"https:\/\/www.covb.cat\/wp-content\/uploads\/2025\/11\/Concurs-fotografia-WEB.jpg\",\"datePublished\":\"2025-11-28T07:00:53+00:00\",\"description\":\"El Concurso de Fotograf\u00eda \u00abEl mundo animal\u00bb, organizado por el Consell de Col\u00b7legis Veterinaris de Catalunya (CCVC), ha celebrado su 12\u00aa edici\u00f3n con una\",\"breadcrumb\":{\"@id\":\"https:\/\/www.covb.cat\/es\/actualitat\/noticies\/general\/se-entregan-los-premios-de-la-12a-edicion-del-concurso-de-fotografia-el-mundo-animal\/#breadcrumb\"},\"inLanguage\":\"es\",\"potentialAction\":[{\"@type\":\"ReadAction\",\"target\":[\"https:\/\/www.covb.cat\/es\/actualitat\/noticies\/general\/se-entregan-los-premios-de-la-12a-edicion-del-concurso-de-fotografia-el-mundo-animal\/\"]}]},{\"@type\":\"ImageObject\",\"inLanguage\":\"es\",\"@id\":\"https:\/\/www.covb.cat\/es\/actualitat\/noticies\/general\/se-entregan-los-premios-de-la-12a-edicion-del-concurso-de-fotografia-el-mundo-animal\/#primaryimage\",\"url\":\"https:\/\/www.covb.cat\/wp-content\/uploads\/2025\/11\/Concurs-fotografia-WEB.jpg\",\"contentUrl\":\"https:\/\/www.covb.cat\/wp-content\/uploads\/2025\/11\/Concurs-fotografia-WEB.jpg\",\"width\":1200,\"height\":800},{\"@type\":\"BreadcrumbList\",\"@id\":\"https:\/\/www.covb.cat\/es\/actualitat\/noticies\/general\/se-entregan-los-premios-de-la-12a-edicion-del-concurso-de-fotografia-el-mundo-animal\/#breadcrumb\",\"itemListElement\":[{\"@type\":\"ListItem\",\"position\":1,\"name\":\"Inici\",\"item\":\"https:\/\/www.covb.cat\/es\/\"},{\"@type\":\"ListItem\",\"position\":2,\"name\":\"Se entregan los premios de la 12\u00aa edici\u00f3n del Concurso de Fotograf\u00eda \u00abEl mundo animal\u00bb\"}]},{\"@type\":\"WebSite\",\"@id\":\"https:\/\/www.covb.cat\/es\/#website\",\"url\":\"https:\/\/www.covb.cat\/es\/\",\"name\":\"COVB\",\"description\":\"Col\u00b7legi Oficial de Veterinaris de Barcelona\",\"publisher\":{\"@id\":\"https:\/\/www.covb.cat\/es\/#organization\"},\"potentialAction\":[{\"@type\":\"SearchAction\",\"target\":{\"@type\":\"EntryPoint\",\"urlTemplate\":\"https:\/\/www.covb.cat\/es\/?s={search_term_string}\"},\"query-input\":{\"@type\":\"PropertyValueSpecification\",\"valueRequired\":true,\"valueName\":\"search_term_string\"}}],\"inLanguage\":\"es\"},{\"@type\":\"Organization\",\"@id\":\"https:\/\/www.covb.cat\/es\/#organization\",\"name\":\"COVB\",\"url\":\"https:\/\/www.covb.cat\/es\/\",\"logo\":{\"@type\":\"ImageObject\",\"inLanguage\":\"es\",\"@id\":\"https:\/\/www.covb.cat\/es\/#\/schema\/logo\/image\/\",\"url\":\"https:\/\/www.covb.cat\/wp-content\/uploads\/2018\/07\/favicon-covb.png\",\"contentUrl\":\"https:\/\/www.covb.cat\/wp-content\/uploads\/2018\/07\/favicon-covb.png\",\"width\":512,\"height\":512,\"caption\":\"COVB\"},\"image\":{\"@id\":\"https:\/\/www.covb.cat\/es\/#\/schema\/logo\/image\/\"},\"sameAs\":[\"https:\/\/www.facebook.com\/COVBcat\/\",\"https:\/\/x.com\/COVBcat\",\"https:\/\/www.youtube.com\/user\/covbcn\"]},{\"@type\":\"Person\",\"@id\":\"https:\/\/www.covb.cat\/es\/#\/schema\/person\/ddc9093bc091186c194bba72ca3be5e2\",\"name\":\"Ferran Alcaraz\",\"image\":{\"@type\":\"ImageObject\",\"inLanguage\":\"es\",\"@id\":\"https:\/\/www.covb.cat\/es\/#\/schema\/person\/image\/\",\"url\":\"https:\/\/secure.gravatar.com\/avatar\/7a7bb9e48d880990c016f59db5a666fe7ad49e90723bdbdc0acfb756246ea192?s=96&d=mm&r=g\",\"contentUrl\":\"https:\/\/secure.gravatar.com\/avatar\/7a7bb9e48d880990c016f59db5a666fe7ad49e90723bdbdc0acfb756246ea192?s=96&d=mm&r=g\",\"caption\":\"Ferran Alcaraz\"}}]}<\/script>\n<!-- \/ Yoast SEO plugin. -->","yoast_head_json":{"title":"Se entregan los premios de la 12\u00aa edici\u00f3n del Concurso de Fotograf\u00eda \u00abEl mundo animal\u00bb - COVB - Col\u00b7legi Oficial de Veterinaris de Barcelona","description":"El Concurso de Fotograf\u00eda \u00abEl mundo animal\u00bb, organizado por el Consell de Col\u00b7legis Veterinaris de Catalunya (CCVC), ha celebrado su 12\u00aa edici\u00f3n con una","robots":{"index":"index","follow":"follow","max-snippet":"max-snippet:-1","max-image-preview":"max-image-preview:large","max-video-preview":"max-video-preview:-1"},"canonical":"https:\/\/www.covb.cat\/es\/actualitat\/noticies\/general\/se-entregan-los-premios-de-la-12a-edicion-del-concurso-de-fotografia-el-mundo-animal\/","og_locale":"es_ES","og_type":"article","og_title":"Se entregan los premios de la 12\u00aa edici\u00f3n del Concurso de Fotograf\u00eda \u00abEl mundo animal\u00bb - COVB - Col\u00b7legi Oficial de Veterinaris de Barcelona","og_description":"El Concurso de Fotograf\u00eda \u00abEl mundo animal\u00bb, organizado por el Consell de Col\u00b7legis Veterinaris de Catalunya (CCVC), ha celebrado su 12\u00aa edici\u00f3n con una","og_url":"https:\/\/www.covb.cat\/es\/actualitat\/noticies\/general\/se-entregan-los-premios-de-la-12a-edicion-del-concurso-de-fotografia-el-mundo-animal\/","og_site_name":"COVB","article_publisher":"https:\/\/www.facebook.com\/COVBcat\/","article_published_time":"2025-11-28T07:00:53+00:00","og_image":[{"width":1200,"height":800,"url":"https:\/\/www.covb.cat\/wp-content\/uploads\/2025\/11\/Concurs-fotografia-WEB.jpg","type":"image\/jpeg"}],"author":"Ferran Alcaraz","twitter_card":"summary_large_image","twitter_creator":"@COVBcat","twitter_site":"@COVBcat","twitter_misc":{"Escrito por":"Ferran Alcaraz","Tiempo de lectura":"2 minutos"},"schema":{"@context":"https:\/\/schema.org","@graph":[{"@type":"Article","@id":"https:\/\/www.covb.cat\/es\/actualitat\/noticies\/general\/se-entregan-los-premios-de-la-12a-edicion-del-concurso-de-fotografia-el-mundo-animal\/#article","isPartOf":{"@id":"https:\/\/www.covb.cat\/es\/actualitat\/noticies\/general\/se-entregan-los-premios-de-la-12a-edicion-del-concurso-de-fotografia-el-mundo-animal\/"},"author":{"name":"Ferran Alcaraz","@id":"https:\/\/www.covb.cat\/es\/#\/schema\/person\/ddc9093bc091186c194bba72ca3be5e2"},"headline":"Se entregan los premios de la 12\u00aa edici\u00f3n del Concurso de Fotograf\u00eda \u00abEl mundo animal\u00bb","datePublished":"2025-11-28T07:00:53+00:00","mainEntityOfPage":{"@id":"https:\/\/www.covb.cat\/es\/actualitat\/noticies\/general\/se-entregan-los-premios-de-la-12a-edicion-del-concurso-de-fotografia-el-mundo-animal\/"},"wordCount":304,"publisher":{"@id":"https:\/\/www.covb.cat\/es\/#organization"},"image":{"@id":"https:\/\/www.covb.cat\/es\/actualitat\/noticies\/general\/se-entregan-los-premios-de-la-12a-edicion-del-concurso-de-fotografia-el-mundo-animal\/#primaryimage"},"thumbnailUrl":"https:\/\/www.covb.cat\/wp-content\/uploads\/2025\/11\/Concurs-fotografia-WEB.jpg","articleSection":["Corporatiu","Corporativo","General"],"inLanguage":"es"},{"@type":"WebPage","@id":"https:\/\/www.covb.cat\/es\/actualitat\/noticies\/general\/se-entregan-los-premios-de-la-12a-edicion-del-concurso-de-fotografia-el-mundo-animal\/","url":"https:\/\/www.covb.cat\/es\/actualitat\/noticies\/general\/se-entregan-los-premios-de-la-12a-edicion-del-concurso-de-fotografia-el-mundo-animal\/","name":"Se entregan los premios de la 12\u00aa edici\u00f3n del Concurso de Fotograf\u00eda \u00abEl mundo animal\u00bb - COVB - Col\u00b7legi Oficial de Veterinaris de Barcelona","isPartOf":{"@id":"https:\/\/www.covb.cat\/es\/#website"},"primaryImageOfPage":{"@id":"https:\/\/www.covb.cat\/es\/actualitat\/noticies\/general\/se-entregan-los-premios-de-la-12a-edicion-del-concurso-de-fotografia-el-mundo-animal\/#primaryimage"},"image":{"@id":"https:\/\/www.covb.cat\/es\/actualitat\/noticies\/general\/se-entregan-los-premios-de-la-12a-edicion-del-concurso-de-fotografia-el-mundo-animal\/#primaryimage"},"thumbnailUrl":"https:\/\/www.covb.cat\/wp-content\/uploads\/2025\/11\/Concurs-fotografia-WEB.jpg","datePublished":"2025-11-28T07:00:53+00:00","description":"El Concurso de Fotograf\u00eda \u00abEl mundo animal\u00bb, organizado por el Consell de Col\u00b7legis Veterinaris de Catalunya (CCVC), ha celebrado su 12\u00aa edici\u00f3n con una","breadcrumb":{"@id":"https:\/\/www.covb.cat\/es\/actualitat\/noticies\/general\/se-entregan-los-premios-de-la-12a-edicion-del-concurso-de-fotografia-el-mundo-animal\/#breadcrumb"},"inLanguage":"es","potentialAction":[{"@type":"ReadAction","target":["https:\/\/www.covb.cat\/es\/actualitat\/noticies\/general\/se-entregan-los-premios-de-la-12a-edicion-del-concurso-de-fotografia-el-mundo-animal\/"]}]},{"@type":"ImageObject","inLanguage":"es","@id":"https:\/\/www.covb.cat\/es\/actualitat\/noticies\/general\/se-entregan-los-premios-de-la-12a-edicion-del-concurso-de-fotografia-el-mundo-animal\/#primaryimage","url":"https:\/\/www.covb.cat\/wp-content\/uploads\/2025\/11\/Concurs-fotografia-WEB.jpg","contentUrl":"https:\/\/www.covb.cat\/wp-content\/uploads\/2025\/11\/Concurs-fotografia-WEB.jpg","width":1200,"height":800},{"@type":"BreadcrumbList","@id":"https:\/\/www.covb.cat\/es\/actualitat\/noticies\/general\/se-entregan-los-premios-de-la-12a-edicion-del-concurso-de-fotografia-el-mundo-animal\/#breadcrumb","itemListElement":[{"@type":"ListItem","position":1,"name":"Inici","item":"https:\/\/www.covb.cat\/es\/"},{"@type":"ListItem","position":2,"name":"Se entregan los premios de la 12\u00aa edici\u00f3n del Concurso de Fotograf\u00eda \u00abEl mundo animal\u00bb"}]},{"@type":"WebSite","@id":"https:\/\/www.covb.cat\/es\/#website","url":"https:\/\/www.covb.cat\/es\/","name":"COVB","description":"Col\u00b7legi Oficial de Veterinaris de Barcelona","publisher":{"@id":"https:\/\/www.covb.cat\/es\/#organization"},"potentialAction":[{"@type":"SearchAction","target":{"@type":"EntryPoint","urlTemplate":"https:\/\/www.covb.cat\/es\/?s={search_term_string}"},"query-input":{"@type":"PropertyValueSpecification","valueRequired":true,"valueName":"search_term_string"}}],"inLanguage":"es"},{"@type":"Organization","@id":"https:\/\/www.covb.cat\/es\/#organization","name":"COVB","url":"https:\/\/www.covb.cat\/es\/","logo":{"@type":"ImageObject","inLanguage":"es","@id":"https:\/\/www.covb.cat\/es\/#\/schema\/logo\/image\/","url":"https:\/\/www.covb.cat\/wp-content\/uploads\/2018\/07\/favicon-covb.png","contentUrl":"https:\/\/www.covb.cat\/wp-content\/uploads\/2018\/07\/favicon-covb.png","width":512,"height":512,"caption":"COVB"},"image":{"@id":"https:\/\/www.covb.cat\/es\/#\/schema\/logo\/image\/"},"sameAs":["https:\/\/www.facebook.com\/COVBcat\/","https:\/\/x.com\/COVBcat","https:\/\/www.youtube.com\/user\/covbcn"]},{"@type":"Person","@id":"https:\/\/www.covb.cat\/es\/#\/schema\/person\/ddc9093bc091186c194bba72ca3be5e2","name":"Ferran Alcaraz","image":{"@type":"ImageObject","inLanguage":"es","@id":"https:\/\/www.covb.cat\/es\/#\/schema\/person\/image\/","url":"https:\/\/secure.gravatar.com\/avatar\/7a7bb9e48d880990c016f59db5a666fe7ad49e90723bdbdc0acfb756246ea192?s=96&d=mm&r=g","contentUrl":"https:\/\/secure.gravatar.com\/avatar\/7a7bb9e48d880990c016f59db5a666fe7ad49e90723bdbdc0acfb756246ea192?s=96&d=mm&r=g","caption":"Ferran Alcaraz"}}]}},"jetpack_featured_media_url":"https:\/\/www.covb.cat\/wp-content\/uploads\/2025\/11\/Concurs-fotografia-WEB.jpg","jetpack_sharing_enabled":true,"_links":{"self":[{"href":"https:\/\/www.covb.cat\/es\/wp-json\/wp\/v2\/posts\/64544","targetHints":{"allow":["GET"]}}],"collection":[{"href":"https:\/\/www.covb.cat\/es\/wp-json\/wp\/v2\/posts"}],"about":[{"href":"https:\/\/www.covb.cat\/es\/wp-json\/wp\/v2\/types\/post"}],"author":[{"embeddable":true,"href":"https:\/\/www.covb.cat\/es\/wp-json\/wp\/v2\/users\/2985"}],"replies":[{"embeddable":true,"href":"https:\/\/www.covb.cat\/es\/wp-json\/wp\/v2\/comments?post=64544"}],"version-history":[{"count":1,"href":"https:\/\/www.covb.cat\/es\/wp-json\/wp\/v2\/posts\/64544\/revisions"}],"predecessor-version":[{"id":64545,"href":"https:\/\/www.covb.cat\/es\/wp-json\/wp\/v2\/posts\/64544\/revisions\/64545"}],"wp:featuredmedia":[{"embeddable":true,"href":"https:\/\/www.covb.cat\/es\/wp-json\/wp\/v2\/media\/64541"}],"wp:attachment":[{"href":"https:\/\/www.covb.cat\/es\/wp-json\/wp\/v2\/media?parent=64544"}],"wp:term":[{"taxonomy":"category","embeddable":true,"href":"https:\/\/www.covb.cat\/es\/wp-json\/wp\/v2\/categories?post=64544"},{"taxonomy":"post_tag","embeddable":true,"href":"https:\/\/www.covb.cat\/es\/wp-json\/wp\/v2\/tags?post=64544"}],"curies":[{"name":"wp","href":"https:\/\/api.w.org\/{rel}","templated":true}]}}