{"id":64508,"date":"2025-11-28T08:00:03","date_gmt":"2025-11-28T07:00:03","guid":{"rendered":"https:\/\/www.covb.cat\/?p=64508"},"modified":"2025-11-26T14:21:16","modified_gmt":"2025-11-26T13:21:16","slug":"convocatoria-de-la-asamblea-general-ordinaria-y-extraordinaria-del-covb-para-el-10-de-diciembre-de-2025","status":"publish","type":"post","link":"https:\/\/www.covb.cat\/es\/actualitat\/noticies\/general\/convocatoria-de-la-asamblea-general-ordinaria-y-extraordinaria-del-covb-para-el-10-de-diciembre-de-2025\/","title":{"rendered":"Convocatoria de la Asamblea General Ordinaria y Extraordinaria del COVB para el 10 de diciembre de 2025"},"content":{"rendered":"<p>El Colegio Oficial de Veterinarios de Barcelona convoca a todas las personas colegiadas a la <strong>Asamblea General Ordinaria y Extraordinaria<\/strong>, que se celebrar\u00e1 el <strong>10 de diciembre de 2025<\/strong>. Las sesiones tendr\u00e1n lugar en la <strong>Sala de Actos del COVB<\/strong>, y tambi\u00e9n podr\u00e1n seguirse <strong>por v\u00eda telem\u00e1tica<\/strong> para facilitar una participaci\u00f3n amplia.<\/p>\n<p>La Asamblea Ordinaria dar\u00e1 comienzo a las <strong>13:30 h<\/strong>, y la Extraordinaria se iniciar\u00e1 a partir de las <strong>14:00 h<\/strong>, conforme al calendario previsto. Durante las sesiones se abordar\u00e1n temas relevantes para la actividad colegial, como los informes anuales de la Junta de Gobierno, el presupuesto de 2026, la actualizaci\u00f3n de las cuotas colegiales, la designaci\u00f3n de miembros para distintos comit\u00e9s y la propuesta de modificaci\u00f3n parcial de los Estatutos.<\/p>\n<p>Para asistir \u2014ya sea presencialmente o en l\u00ednea\u2014 es imprescindible realizar el <strong>registro previo<\/strong> a trav\u00e9s de la plataforma habilitada. Posteriormente, las personas colegiadas recibir\u00e1n la informaci\u00f3n necesaria para acceder a la sesi\u00f3n y ejercer su derecho de voto.<\/p>\n<p>La documentaci\u00f3n relacionada con la Asamblea est\u00e1 disponible en la web del COVB y tambi\u00e9n puede solicitarse a la Secretar\u00eda.<br \/>\nSe adjuntan las convocatorias y las instrucciones de asistencia.<\/p>\n<p><a href=\"https:\/\/www.covb.cat\/wp-content\/uploads\/2025\/11\/Convocatories-Assemblees-Ordinaria-i-Extraordinaria-10.12.25-1.pdf\">Convocatorias-Asambleas-Ordinaria-y-Extraordinaria-10.12.25<\/a><\/p>\n<p><a href=\"https:\/\/www.covb.cat\/wp-content\/uploads\/2025\/11\/Instruccions-Assemblea-Ordinaria-i-Extra-10.12.25-1.pdf\">Instrucciones-Asamblea-Ordinaria-y-Extra-10.12.25<\/a><\/p>\n","protected":false},"excerpt":{"rendered":"<p>El Colegio Oficial de Veterinarios de Barcelona convoca a todas las personas colegiadas a la Asamblea General Ordinaria y Extraordinaria, que se celebrar\u00e1 el 10 de diciembre de 2025. Las sesiones tendr\u00e1n lugar en la Sala de Actos del COVB, y tambi\u00e9n podr\u00e1n seguirse por v\u00eda telem\u00e1tica para facilitar una participaci\u00f3n amplia. La Asamblea Ordinaria [&hellip;]<\/p>\n","protected":false},"author":2985,"featured_media":64505,"comment_status":"closed","ping_status":"closed","sticky":false,"template":"","format":"standard","meta":{"_monsterinsights_skip_tracking":false,"_monsterinsights_sitenote_active":false,"_monsterinsights_sitenote_note":"","_monsterinsights_sitenote_category":0,"_jetpack_memberships_contains_paid_content":false,"footnotes":""},"categories":[353,138,17],"tags":[],"class_list":["post-64508","post","type-post","status-publish","format-standard","has-post-thumbnail","hentry","category-corporatiu-es","category-corporativo","category-general"],"yoast_head":"<!-- This site is optimized with the Yoast SEO plugin v27.0 - https:\/\/yoast.com\/product\/yoast-seo-wordpress\/ -->\n<title>Convocatoria de la Asamblea General Ordinaria y Extraordinaria del COVB para el 10 de diciembre de 2025 - COVB - Col\u00b7legi Oficial de Veterinaris de Barcelona<\/title>\n<meta name=\"description\" content=\"El Colegio Oficial de Veterinarios de Barcelona convoca a todas las personas colegiadas a la Asamblea General Ordinaria y Extraordinaria, que se celebrar\u00e1\" \/>\n<meta name=\"robots\" content=\"index, follow, max-snippet:-1, max-image-preview:large, max-video-preview:-1\" \/>\n<link rel=\"canonical\" href=\"https:\/\/www.covb.cat\/es\/actualitat\/noticies\/general\/convocatoria-de-la-asamblea-general-ordinaria-y-extraordinaria-del-covb-para-el-10-de-diciembre-de-2025\/\" \/>\n<meta property=\"og:locale\" content=\"es_ES\" \/>\n<meta property=\"og:type\" content=\"article\" \/>\n<meta property=\"og:title\" content=\"Convocatoria de la Asamblea General Ordinaria y Extraordinaria del COVB para el 10 de diciembre de 2025 - COVB - Col\u00b7legi Oficial de Veterinaris de Barcelona\" \/>\n<meta property=\"og:description\" content=\"El Colegio Oficial de Veterinarios de Barcelona convoca a todas las personas colegiadas a la Asamblea General Ordinaria y Extraordinaria, que se celebrar\u00e1\" \/>\n<meta property=\"og:url\" content=\"https:\/\/www.covb.cat\/es\/actualitat\/noticies\/general\/convocatoria-de-la-asamblea-general-ordinaria-y-extraordinaria-del-covb-para-el-10-de-diciembre-de-2025\/\" \/>\n<meta property=\"og:site_name\" content=\"COVB\" \/>\n<meta property=\"article:publisher\" content=\"https:\/\/www.facebook.com\/COVBcat\/\" \/>\n<meta property=\"article:published_time\" content=\"2025-11-28T07:00:03+00:00\" \/>\n<meta property=\"og:image\" content=\"https:\/\/www.covb.cat\/wp-content\/uploads\/2025\/11\/Assemblea-COVB-WEB.jpg\" \/>\n\t<meta property=\"og:image:width\" content=\"1200\" \/>\n\t<meta property=\"og:image:height\" content=\"800\" \/>\n\t<meta property=\"og:image:type\" content=\"image\/jpeg\" \/>\n<meta name=\"author\" content=\"Ferran Alcaraz\" \/>\n<meta name=\"twitter:card\" content=\"summary_large_image\" \/>\n<meta name=\"twitter:creator\" content=\"@COVBcat\" \/>\n<meta name=\"twitter:site\" content=\"@COVBcat\" \/>\n<meta name=\"twitter:label1\" content=\"Escrito por\" \/>\n\t<meta name=\"twitter:data1\" content=\"Ferran Alcaraz\" \/>\n\t<meta name=\"twitter:label2\" content=\"Tiempo de lectura\" \/>\n\t<meta name=\"twitter:data2\" content=\"2 minutos\" \/>\n<script type=\"application\/ld+json\" class=\"yoast-schema-graph\">{\"@context\":\"https:\/\/schema.org\",\"@graph\":[{\"@type\":\"Article\",\"@id\":\"https:\/\/www.covb.cat\/es\/actualitat\/noticies\/general\/convocatoria-de-la-asamblea-general-ordinaria-y-extraordinaria-del-covb-para-el-10-de-diciembre-de-2025\/#article\",\"isPartOf\":{\"@id\":\"https:\/\/www.covb.cat\/es\/actualitat\/noticies\/general\/convocatoria-de-la-asamblea-general-ordinaria-y-extraordinaria-del-covb-para-el-10-de-diciembre-de-2025\/\"},\"author\":{\"name\":\"Ferran Alcaraz\",\"@id\":\"https:\/\/www.covb.cat\/es\/#\/schema\/person\/ddc9093bc091186c194bba72ca3be5e2\"},\"headline\":\"Convocatoria de la Asamblea General Ordinaria y Extraordinaria del COVB para el 10 de diciembre de 2025\",\"datePublished\":\"2025-11-28T07:00:03+00:00\",\"mainEntityOfPage\":{\"@id\":\"https:\/\/www.covb.cat\/es\/actualitat\/noticies\/general\/convocatoria-de-la-asamblea-general-ordinaria-y-extraordinaria-del-covb-para-el-10-de-diciembre-de-2025\/\"},\"wordCount\":221,\"publisher\":{\"@id\":\"https:\/\/www.covb.cat\/es\/#organization\"},\"image\":{\"@id\":\"https:\/\/www.covb.cat\/es\/actualitat\/noticies\/general\/convocatoria-de-la-asamblea-general-ordinaria-y-extraordinaria-del-covb-para-el-10-de-diciembre-de-2025\/#primaryimage\"},\"thumbnailUrl\":\"https:\/\/www.covb.cat\/wp-content\/uploads\/2025\/11\/Assemblea-COVB-WEB.jpg\",\"articleSection\":[\"Corporatiu\",\"Corporativo\",\"General\"],\"inLanguage\":\"es\"},{\"@type\":\"WebPage\",\"@id\":\"https:\/\/www.covb.cat\/es\/actualitat\/noticies\/general\/convocatoria-de-la-asamblea-general-ordinaria-y-extraordinaria-del-covb-para-el-10-de-diciembre-de-2025\/\",\"url\":\"https:\/\/www.covb.cat\/es\/actualitat\/noticies\/general\/convocatoria-de-la-asamblea-general-ordinaria-y-extraordinaria-del-covb-para-el-10-de-diciembre-de-2025\/\",\"name\":\"Convocatoria de la Asamblea General Ordinaria y Extraordinaria del COVB para el 10 de diciembre de 2025 - COVB - Col\u00b7legi Oficial de Veterinaris de Barcelona\",\"isPartOf\":{\"@id\":\"https:\/\/www.covb.cat\/es\/#website\"},\"primaryImageOfPage\":{\"@id\":\"https:\/\/www.covb.cat\/es\/actualitat\/noticies\/general\/convocatoria-de-la-asamblea-general-ordinaria-y-extraordinaria-del-covb-para-el-10-de-diciembre-de-2025\/#primaryimage\"},\"image\":{\"@id\":\"https:\/\/www.covb.cat\/es\/actualitat\/noticies\/general\/convocatoria-de-la-asamblea-general-ordinaria-y-extraordinaria-del-covb-para-el-10-de-diciembre-de-2025\/#primaryimage\"},\"thumbnailUrl\":\"https:\/\/www.covb.cat\/wp-content\/uploads\/2025\/11\/Assemblea-COVB-WEB.jpg\",\"datePublished\":\"2025-11-28T07:00:03+00:00\",\"description\":\"El Colegio Oficial de Veterinarios de Barcelona convoca a todas las personas colegiadas a la Asamblea General Ordinaria y Extraordinaria, que se celebrar\u00e1\",\"breadcrumb\":{\"@id\":\"https:\/\/www.covb.cat\/es\/actualitat\/noticies\/general\/convocatoria-de-la-asamblea-general-ordinaria-y-extraordinaria-del-covb-para-el-10-de-diciembre-de-2025\/#breadcrumb\"},\"inLanguage\":\"es\",\"potentialAction\":[{\"@type\":\"ReadAction\",\"target\":[\"https:\/\/www.covb.cat\/es\/actualitat\/noticies\/general\/convocatoria-de-la-asamblea-general-ordinaria-y-extraordinaria-del-covb-para-el-10-de-diciembre-de-2025\/\"]}]},{\"@type\":\"ImageObject\",\"inLanguage\":\"es\",\"@id\":\"https:\/\/www.covb.cat\/es\/actualitat\/noticies\/general\/convocatoria-de-la-asamblea-general-ordinaria-y-extraordinaria-del-covb-para-el-10-de-diciembre-de-2025\/#primaryimage\",\"url\":\"https:\/\/www.covb.cat\/wp-content\/uploads\/2025\/11\/Assemblea-COVB-WEB.jpg\",\"contentUrl\":\"https:\/\/www.covb.cat\/wp-content\/uploads\/2025\/11\/Assemblea-COVB-WEB.jpg\",\"width\":1200,\"height\":800},{\"@type\":\"BreadcrumbList\",\"@id\":\"https:\/\/www.covb.cat\/es\/actualitat\/noticies\/general\/convocatoria-de-la-asamblea-general-ordinaria-y-extraordinaria-del-covb-para-el-10-de-diciembre-de-2025\/#breadcrumb\",\"itemListElement\":[{\"@type\":\"ListItem\",\"position\":1,\"name\":\"Inici\",\"item\":\"https:\/\/www.covb.cat\/es\/\"},{\"@type\":\"ListItem\",\"position\":2,\"name\":\"Convocatoria de la Asamblea General Ordinaria y Extraordinaria del COVB para el 10 de diciembre de 2025\"}]},{\"@type\":\"WebSite\",\"@id\":\"https:\/\/www.covb.cat\/es\/#website\",\"url\":\"https:\/\/www.covb.cat\/es\/\",\"name\":\"COVB\",\"description\":\"Col\u00b7legi Oficial de Veterinaris de Barcelona\",\"publisher\":{\"@id\":\"https:\/\/www.covb.cat\/es\/#organization\"},\"potentialAction\":[{\"@type\":\"SearchAction\",\"target\":{\"@type\":\"EntryPoint\",\"urlTemplate\":\"https:\/\/www.covb.cat\/es\/?s={search_term_string}\"},\"query-input\":{\"@type\":\"PropertyValueSpecification\",\"valueRequired\":true,\"valueName\":\"search_term_string\"}}],\"inLanguage\":\"es\"},{\"@type\":\"Organization\",\"@id\":\"https:\/\/www.covb.cat\/es\/#organization\",\"name\":\"COVB\",\"url\":\"https:\/\/www.covb.cat\/es\/\",\"logo\":{\"@type\":\"ImageObject\",\"inLanguage\":\"es\",\"@id\":\"https:\/\/www.covb.cat\/es\/#\/schema\/logo\/image\/\",\"url\":\"https:\/\/www.covb.cat\/wp-content\/uploads\/2018\/07\/favicon-covb.png\",\"contentUrl\":\"https:\/\/www.covb.cat\/wp-content\/uploads\/2018\/07\/favicon-covb.png\",\"width\":512,\"height\":512,\"caption\":\"COVB\"},\"image\":{\"@id\":\"https:\/\/www.covb.cat\/es\/#\/schema\/logo\/image\/\"},\"sameAs\":[\"https:\/\/www.facebook.com\/COVBcat\/\",\"https:\/\/x.com\/COVBcat\",\"https:\/\/www.youtube.com\/user\/covbcn\"]},{\"@type\":\"Person\",\"@id\":\"https:\/\/www.covb.cat\/es\/#\/schema\/person\/ddc9093bc091186c194bba72ca3be5e2\",\"name\":\"Ferran Alcaraz\",\"image\":{\"@type\":\"ImageObject\",\"inLanguage\":\"es\",\"@id\":\"https:\/\/www.covb.cat\/es\/#\/schema\/person\/image\/\",\"url\":\"https:\/\/secure.gravatar.com\/avatar\/7a7bb9e48d880990c016f59db5a666fe7ad49e90723bdbdc0acfb756246ea192?s=96&d=mm&r=g\",\"contentUrl\":\"https:\/\/secure.gravatar.com\/avatar\/7a7bb9e48d880990c016f59db5a666fe7ad49e90723bdbdc0acfb756246ea192?s=96&d=mm&r=g\",\"caption\":\"Ferran Alcaraz\"}}]}<\/script>\n<!-- \/ Yoast SEO plugin. -->","yoast_head_json":{"title":"Convocatoria de la Asamblea General Ordinaria y Extraordinaria del COVB para el 10 de diciembre de 2025 - COVB - Col\u00b7legi Oficial de Veterinaris de Barcelona","description":"El Colegio Oficial de Veterinarios de Barcelona convoca a todas las personas colegiadas a la Asamblea General Ordinaria y Extraordinaria, que se celebrar\u00e1","robots":{"index":"index","follow":"follow","max-snippet":"max-snippet:-1","max-image-preview":"max-image-preview:large","max-video-preview":"max-video-preview:-1"},"canonical":"https:\/\/www.covb.cat\/es\/actualitat\/noticies\/general\/convocatoria-de-la-asamblea-general-ordinaria-y-extraordinaria-del-covb-para-el-10-de-diciembre-de-2025\/","og_locale":"es_ES","og_type":"article","og_title":"Convocatoria de la Asamblea General Ordinaria y Extraordinaria del COVB para el 10 de diciembre de 2025 - COVB - Col\u00b7legi Oficial de Veterinaris de Barcelona","og_description":"El Colegio Oficial de Veterinarios de Barcelona convoca a todas las personas colegiadas a la Asamblea General Ordinaria y Extraordinaria, que se celebrar\u00e1","og_url":"https:\/\/www.covb.cat\/es\/actualitat\/noticies\/general\/convocatoria-de-la-asamblea-general-ordinaria-y-extraordinaria-del-covb-para-el-10-de-diciembre-de-2025\/","og_site_name":"COVB","article_publisher":"https:\/\/www.facebook.com\/COVBcat\/","article_published_time":"2025-11-28T07:00:03+00:00","og_image":[{"width":1200,"height":800,"url":"https:\/\/www.covb.cat\/wp-content\/uploads\/2025\/11\/Assemblea-COVB-WEB.jpg","type":"image\/jpeg"}],"author":"Ferran Alcaraz","twitter_card":"summary_large_image","twitter_creator":"@COVBcat","twitter_site":"@COVBcat","twitter_misc":{"Escrito por":"Ferran Alcaraz","Tiempo de lectura":"2 minutos"},"schema":{"@context":"https:\/\/schema.org","@graph":[{"@type":"Article","@id":"https:\/\/www.covb.cat\/es\/actualitat\/noticies\/general\/convocatoria-de-la-asamblea-general-ordinaria-y-extraordinaria-del-covb-para-el-10-de-diciembre-de-2025\/#article","isPartOf":{"@id":"https:\/\/www.covb.cat\/es\/actualitat\/noticies\/general\/convocatoria-de-la-asamblea-general-ordinaria-y-extraordinaria-del-covb-para-el-10-de-diciembre-de-2025\/"},"author":{"name":"Ferran Alcaraz","@id":"https:\/\/www.covb.cat\/es\/#\/schema\/person\/ddc9093bc091186c194bba72ca3be5e2"},"headline":"Convocatoria de la Asamblea General Ordinaria y Extraordinaria del COVB para el 10 de diciembre de 2025","datePublished":"2025-11-28T07:00:03+00:00","mainEntityOfPage":{"@id":"https:\/\/www.covb.cat\/es\/actualitat\/noticies\/general\/convocatoria-de-la-asamblea-general-ordinaria-y-extraordinaria-del-covb-para-el-10-de-diciembre-de-2025\/"},"wordCount":221,"publisher":{"@id":"https:\/\/www.covb.cat\/es\/#organization"},"image":{"@id":"https:\/\/www.covb.cat\/es\/actualitat\/noticies\/general\/convocatoria-de-la-asamblea-general-ordinaria-y-extraordinaria-del-covb-para-el-10-de-diciembre-de-2025\/#primaryimage"},"thumbnailUrl":"https:\/\/www.covb.cat\/wp-content\/uploads\/2025\/11\/Assemblea-COVB-WEB.jpg","articleSection":["Corporatiu","Corporativo","General"],"inLanguage":"es"},{"@type":"WebPage","@id":"https:\/\/www.covb.cat\/es\/actualitat\/noticies\/general\/convocatoria-de-la-asamblea-general-ordinaria-y-extraordinaria-del-covb-para-el-10-de-diciembre-de-2025\/","url":"https:\/\/www.covb.cat\/es\/actualitat\/noticies\/general\/convocatoria-de-la-asamblea-general-ordinaria-y-extraordinaria-del-covb-para-el-10-de-diciembre-de-2025\/","name":"Convocatoria de la Asamblea General Ordinaria y Extraordinaria del COVB para el 10 de diciembre de 2025 - COVB - Col\u00b7legi Oficial de Veterinaris de Barcelona","isPartOf":{"@id":"https:\/\/www.covb.cat\/es\/#website"},"primaryImageOfPage":{"@id":"https:\/\/www.covb.cat\/es\/actualitat\/noticies\/general\/convocatoria-de-la-asamblea-general-ordinaria-y-extraordinaria-del-covb-para-el-10-de-diciembre-de-2025\/#primaryimage"},"image":{"@id":"https:\/\/www.covb.cat\/es\/actualitat\/noticies\/general\/convocatoria-de-la-asamblea-general-ordinaria-y-extraordinaria-del-covb-para-el-10-de-diciembre-de-2025\/#primaryimage"},"thumbnailUrl":"https:\/\/www.covb.cat\/wp-content\/uploads\/2025\/11\/Assemblea-COVB-WEB.jpg","datePublished":"2025-11-28T07:00:03+00:00","description":"El Colegio Oficial de Veterinarios de Barcelona convoca a todas las personas colegiadas a la Asamblea General Ordinaria y Extraordinaria, que se celebrar\u00e1","breadcrumb":{"@id":"https:\/\/www.covb.cat\/es\/actualitat\/noticies\/general\/convocatoria-de-la-asamblea-general-ordinaria-y-extraordinaria-del-covb-para-el-10-de-diciembre-de-2025\/#breadcrumb"},"inLanguage":"es","potentialAction":[{"@type":"ReadAction","target":["https:\/\/www.covb.cat\/es\/actualitat\/noticies\/general\/convocatoria-de-la-asamblea-general-ordinaria-y-extraordinaria-del-covb-para-el-10-de-diciembre-de-2025\/"]}]},{"@type":"ImageObject","inLanguage":"es","@id":"https:\/\/www.covb.cat\/es\/actualitat\/noticies\/general\/convocatoria-de-la-asamblea-general-ordinaria-y-extraordinaria-del-covb-para-el-10-de-diciembre-de-2025\/#primaryimage","url":"https:\/\/www.covb.cat\/wp-content\/uploads\/2025\/11\/Assemblea-COVB-WEB.jpg","contentUrl":"https:\/\/www.covb.cat\/wp-content\/uploads\/2025\/11\/Assemblea-COVB-WEB.jpg","width":1200,"height":800},{"@type":"BreadcrumbList","@id":"https:\/\/www.covb.cat\/es\/actualitat\/noticies\/general\/convocatoria-de-la-asamblea-general-ordinaria-y-extraordinaria-del-covb-para-el-10-de-diciembre-de-2025\/#breadcrumb","itemListElement":[{"@type":"ListItem","position":1,"name":"Inici","item":"https:\/\/www.covb.cat\/es\/"},{"@type":"ListItem","position":2,"name":"Convocatoria de la Asamblea General Ordinaria y Extraordinaria del COVB para el 10 de diciembre de 2025"}]},{"@type":"WebSite","@id":"https:\/\/www.covb.cat\/es\/#website","url":"https:\/\/www.covb.cat\/es\/","name":"COVB","description":"Col\u00b7legi Oficial de Veterinaris de Barcelona","publisher":{"@id":"https:\/\/www.covb.cat\/es\/#organization"},"potentialAction":[{"@type":"SearchAction","target":{"@type":"EntryPoint","urlTemplate":"https:\/\/www.covb.cat\/es\/?s={search_term_string}"},"query-input":{"@type":"PropertyValueSpecification","valueRequired":true,"valueName":"search_term_string"}}],"inLanguage":"es"},{"@type":"Organization","@id":"https:\/\/www.covb.cat\/es\/#organization","name":"COVB","url":"https:\/\/www.covb.cat\/es\/","logo":{"@type":"ImageObject","inLanguage":"es","@id":"https:\/\/www.covb.cat\/es\/#\/schema\/logo\/image\/","url":"https:\/\/www.covb.cat\/wp-content\/uploads\/2018\/07\/favicon-covb.png","contentUrl":"https:\/\/www.covb.cat\/wp-content\/uploads\/2018\/07\/favicon-covb.png","width":512,"height":512,"caption":"COVB"},"image":{"@id":"https:\/\/www.covb.cat\/es\/#\/schema\/logo\/image\/"},"sameAs":["https:\/\/www.facebook.com\/COVBcat\/","https:\/\/x.com\/COVBcat","https:\/\/www.youtube.com\/user\/covbcn"]},{"@type":"Person","@id":"https:\/\/www.covb.cat\/es\/#\/schema\/person\/ddc9093bc091186c194bba72ca3be5e2","name":"Ferran Alcaraz","image":{"@type":"ImageObject","inLanguage":"es","@id":"https:\/\/www.covb.cat\/es\/#\/schema\/person\/image\/","url":"https:\/\/secure.gravatar.com\/avatar\/7a7bb9e48d880990c016f59db5a666fe7ad49e90723bdbdc0acfb756246ea192?s=96&d=mm&r=g","contentUrl":"https:\/\/secure.gravatar.com\/avatar\/7a7bb9e48d880990c016f59db5a666fe7ad49e90723bdbdc0acfb756246ea192?s=96&d=mm&r=g","caption":"Ferran Alcaraz"}}]}},"jetpack_featured_media_url":"https:\/\/www.covb.cat\/wp-content\/uploads\/2025\/11\/Assemblea-COVB-WEB.jpg","jetpack_sharing_enabled":true,"_links":{"self":[{"href":"https:\/\/www.covb.cat\/es\/wp-json\/wp\/v2\/posts\/64508","targetHints":{"allow":["GET"]}}],"collection":[{"href":"https:\/\/www.covb.cat\/es\/wp-json\/wp\/v2\/posts"}],"about":[{"href":"https:\/\/www.covb.cat\/es\/wp-json\/wp\/v2\/types\/post"}],"author":[{"embeddable":true,"href":"https:\/\/www.covb.cat\/es\/wp-json\/wp\/v2\/users\/2985"}],"replies":[{"embeddable":true,"href":"https:\/\/www.covb.cat\/es\/wp-json\/wp\/v2\/comments?post=64508"}],"version-history":[{"count":1,"href":"https:\/\/www.covb.cat\/es\/wp-json\/wp\/v2\/posts\/64508\/revisions"}],"predecessor-version":[{"id":64509,"href":"https:\/\/www.covb.cat\/es\/wp-json\/wp\/v2\/posts\/64508\/revisions\/64509"}],"wp:featuredmedia":[{"embeddable":true,"href":"https:\/\/www.covb.cat\/es\/wp-json\/wp\/v2\/media\/64505"}],"wp:attachment":[{"href":"https:\/\/www.covb.cat\/es\/wp-json\/wp\/v2\/media?parent=64508"}],"wp:term":[{"taxonomy":"category","embeddable":true,"href":"https:\/\/www.covb.cat\/es\/wp-json\/wp\/v2\/categories?post=64508"},{"taxonomy":"post_tag","embeddable":true,"href":"https:\/\/www.covb.cat\/es\/wp-json\/wp\/v2\/tags?post=64508"}],"curies":[{"name":"wp","href":"https:\/\/api.w.org\/{rel}","templated":true}]}}