{"id":6383,"date":"2021-03-07T08:58:34","date_gmt":"2021-03-07T07:58:34","guid":{"rendered":"https:\/\/www.covb.cat\/?p=6383"},"modified":"2021-03-07T08:58:34","modified_gmt":"2021-03-07T07:58:34","slug":"reunion-con-la-delegada-de-gobierno-para-buscar-sinergias-y-agilizar-las-exportaciones-de-origen-animal","status":"publish","type":"post","link":"https:\/\/www.covb.cat\/es\/actualitat\/noticies\/general\/reunion-con-la-delegada-de-gobierno-para-buscar-sinergias-y-agilizar-las-exportaciones-de-origen-animal\/","title":{"rendered":"Reuni\u00f3n con la delegada de gobierno para buscar sinergias y agilizar las exportaciones de origen animal"},"content":{"rendered":"<p>El presidente del Consell de Col\u00b7legis Veterinaris de Catalunya y vicepresidente del Col\u00b7legi Oficial de Veterinaris de Barcelona, Ricard Par\u00e9s se reuni\u00f3 con la delegada del gobierno espa\u00f1ol en Catalunya, Teresa Cunillera para presentar el trabajo de ambas entidades y buscar sinergias que faciliten el trabajo del veterinario colegiado.<\/p>\n<p>Uno de los puntos centrales de la reuni\u00f3n han sido las exportaciones de origen animal que salen de Catalunya y de Espa\u00f1a. En este sentido, hay que destacar los datos publicados en el CEXGAN, que indican que durante el mes de enero del 2021 Espa\u00f1a export\u00f3 217.521 toneladas de productos c\u00e1rnicos. La cifra es un 79% superior a la de enero del 2020, periodo en que se exportaron 121.246 toneladas de carne.<\/p>\n<p>Todas las exportaciones de origen animal tienen que estar certificadas por un veterinario y teniendo en cuenta el elevado volumen de exportaciones y que es un mercado en auge, el Consell reclamo la necesidad de agilizar los tr\u00e1mites sanitarios y de dotar los veterinarios de la administraci\u00f3n de todos los recursos posibles.<\/p>\n<p>Tambi\u00e9n se aprovech\u00f3 la reuni\u00f3n para presentar a la delegada el Archivo de Identificaci\u00f3n de Animales de Compa\u00f1\u00eda, AIAC, una base de datos creada por el Consejo el 1987 con el objetivo de fomentar la tenencia responsable de animales, que facilita la localizaci\u00f3n de perros, gatos y otros animales dom\u00e9sticos extraviados o robados y cuenta ya con casi un mill\u00f3n y medio de animales inscritos.<\/p>\n","protected":false},"excerpt":{"rendered":"<p>El presidente del Consell de Col\u00b7legis Veterinaris de Catalunya y vicepresidente del Col\u00b7legi Oficial de Veterinaris de Barcelona, Ricard Par\u00e9s se reuni\u00f3 con la delegada del gobierno espa\u00f1ol en Catalunya, Teresa Cunillera para presentar el trabajo de ambas entidades y buscar sinergias que faciliten el trabajo del veterinario colegiado. Uno de los puntos centrales de [&hellip;]<\/p>\n","protected":false},"author":106,"featured_media":5988,"comment_status":"closed","ping_status":"closed","sticky":false,"template":"","format":"standard","meta":{"_monsterinsights_skip_tracking":false,"_monsterinsights_sitenote_active":false,"_monsterinsights_sitenote_note":"","_monsterinsights_sitenote_category":0,"_jetpack_memberships_contains_paid_content":false,"footnotes":""},"categories":[17],"tags":[],"class_list":["post-6383","post","type-post","status-publish","format-standard","has-post-thumbnail","hentry","category-general"],"yoast_head":"<!-- This site is optimized with the Yoast SEO plugin v27.0 - https:\/\/yoast.com\/product\/yoast-seo-wordpress\/ -->\n<title>Reuni\u00f3n con la delegada de gobierno para buscar sinergias y agilizar las exportaciones de origen animal - COVB - Col\u00b7legi Oficial de Veterinaris de Barcelona<\/title>\n<meta name=\"description\" content=\"El presidente del Consell de Col\u00b7legis Veterinaris de Catalunya y vicepresidente del Col\u00b7legi Oficial de Veterinaris de Barcelona, Ricard Par\u00e9s se reuni\u00f3\" \/>\n<meta name=\"robots\" content=\"index, follow, max-snippet:-1, max-image-preview:large, max-video-preview:-1\" \/>\n<link rel=\"canonical\" href=\"https:\/\/www.covb.cat\/es\/actualitat\/noticies\/general\/reunion-con-la-delegada-de-gobierno-para-buscar-sinergias-y-agilizar-las-exportaciones-de-origen-animal\/\" \/>\n<meta property=\"og:locale\" content=\"es_ES\" \/>\n<meta property=\"og:type\" content=\"article\" \/>\n<meta property=\"og:title\" content=\"Reuni\u00f3n con la delegada de gobierno para buscar sinergias y agilizar las exportaciones de origen animal - COVB - Col\u00b7legi Oficial de Veterinaris de Barcelona\" \/>\n<meta property=\"og:description\" content=\"El presidente del Consell de Col\u00b7legis Veterinaris de Catalunya y vicepresidente del Col\u00b7legi Oficial de Veterinaris de Barcelona, Ricard Par\u00e9s se reuni\u00f3\" \/>\n<meta property=\"og:url\" content=\"https:\/\/www.covb.cat\/es\/actualitat\/noticies\/general\/reunion-con-la-delegada-de-gobierno-para-buscar-sinergias-y-agilizar-las-exportaciones-de-origen-animal\/\" \/>\n<meta property=\"og:site_name\" content=\"COVB\" \/>\n<meta property=\"article:publisher\" content=\"https:\/\/www.facebook.com\/COVBcat\/\" \/>\n<meta property=\"article:published_time\" content=\"2021-03-07T07:58:34+00:00\" \/>\n<meta property=\"og:image\" content=\"https:\/\/www.covb.cat\/wp-content\/uploads\/2021\/02\/f885cb07-cad7-4146-b977-94e956ce6d6e.jpg\" \/>\n\t<meta property=\"og:image:width\" content=\"2048\" \/>\n\t<meta property=\"og:image:height\" content=\"1536\" \/>\n\t<meta property=\"og:image:type\" content=\"image\/jpeg\" \/>\n<meta name=\"twitter:card\" content=\"summary_large_image\" \/>\n<meta name=\"twitter:creator\" content=\"@COVBcat\" \/>\n<meta name=\"twitter:site\" content=\"@COVBcat\" \/>\n<meta name=\"twitter:label1\" content=\"Escrito por\" \/>\n\t<meta name=\"twitter:data1\" content=\"\" \/>\n\t<meta name=\"twitter:label2\" content=\"Tiempo de lectura\" \/>\n\t<meta name=\"twitter:data2\" content=\"2 minutos\" \/>\n<script type=\"application\/ld+json\" class=\"yoast-schema-graph\">{\"@context\":\"https:\/\/schema.org\",\"@graph\":[{\"@type\":\"Article\",\"@id\":\"https:\/\/www.covb.cat\/es\/actualitat\/noticies\/general\/reunion-con-la-delegada-de-gobierno-para-buscar-sinergias-y-agilizar-las-exportaciones-de-origen-animal\/#article\",\"isPartOf\":{\"@id\":\"https:\/\/www.covb.cat\/es\/actualitat\/noticies\/general\/reunion-con-la-delegada-de-gobierno-para-buscar-sinergias-y-agilizar-las-exportaciones-de-origen-animal\/\"},\"author\":{\"name\":\"\",\"@id\":\"\"},\"headline\":\"Reuni\u00f3n con la delegada de gobierno para buscar sinergias y agilizar las exportaciones de origen animal\",\"datePublished\":\"2021-03-07T07:58:34+00:00\",\"mainEntityOfPage\":{\"@id\":\"https:\/\/www.covb.cat\/es\/actualitat\/noticies\/general\/reunion-con-la-delegada-de-gobierno-para-buscar-sinergias-y-agilizar-las-exportaciones-de-origen-animal\/\"},\"wordCount\":266,\"publisher\":{\"@id\":\"https:\/\/www.covb.cat\/es\/#organization\"},\"image\":{\"@id\":\"https:\/\/www.covb.cat\/es\/actualitat\/noticies\/general\/reunion-con-la-delegada-de-gobierno-para-buscar-sinergias-y-agilizar-las-exportaciones-de-origen-animal\/#primaryimage\"},\"thumbnailUrl\":\"https:\/\/www.covb.cat\/wp-content\/uploads\/2021\/02\/f885cb07-cad7-4146-b977-94e956ce6d6e.jpg\",\"articleSection\":[\"General\"],\"inLanguage\":\"es\"},{\"@type\":\"WebPage\",\"@id\":\"https:\/\/www.covb.cat\/es\/actualitat\/noticies\/general\/reunion-con-la-delegada-de-gobierno-para-buscar-sinergias-y-agilizar-las-exportaciones-de-origen-animal\/\",\"url\":\"https:\/\/www.covb.cat\/es\/actualitat\/noticies\/general\/reunion-con-la-delegada-de-gobierno-para-buscar-sinergias-y-agilizar-las-exportaciones-de-origen-animal\/\",\"name\":\"Reuni\u00f3n con la delegada de gobierno para buscar sinergias y agilizar las exportaciones de origen animal - COVB - Col\u00b7legi Oficial de Veterinaris de Barcelona\",\"isPartOf\":{\"@id\":\"https:\/\/www.covb.cat\/es\/#website\"},\"primaryImageOfPage\":{\"@id\":\"https:\/\/www.covb.cat\/es\/actualitat\/noticies\/general\/reunion-con-la-delegada-de-gobierno-para-buscar-sinergias-y-agilizar-las-exportaciones-de-origen-animal\/#primaryimage\"},\"image\":{\"@id\":\"https:\/\/www.covb.cat\/es\/actualitat\/noticies\/general\/reunion-con-la-delegada-de-gobierno-para-buscar-sinergias-y-agilizar-las-exportaciones-de-origen-animal\/#primaryimage\"},\"thumbnailUrl\":\"https:\/\/www.covb.cat\/wp-content\/uploads\/2021\/02\/f885cb07-cad7-4146-b977-94e956ce6d6e.jpg\",\"datePublished\":\"2021-03-07T07:58:34+00:00\",\"description\":\"El presidente del Consell de Col\u00b7legis Veterinaris de Catalunya y vicepresidente del Col\u00b7legi Oficial de Veterinaris de Barcelona, Ricard Par\u00e9s se reuni\u00f3\",\"breadcrumb\":{\"@id\":\"https:\/\/www.covb.cat\/es\/actualitat\/noticies\/general\/reunion-con-la-delegada-de-gobierno-para-buscar-sinergias-y-agilizar-las-exportaciones-de-origen-animal\/#breadcrumb\"},\"inLanguage\":\"es\",\"potentialAction\":[{\"@type\":\"ReadAction\",\"target\":[\"https:\/\/www.covb.cat\/es\/actualitat\/noticies\/general\/reunion-con-la-delegada-de-gobierno-para-buscar-sinergias-y-agilizar-las-exportaciones-de-origen-animal\/\"]}]},{\"@type\":\"ImageObject\",\"inLanguage\":\"es\",\"@id\":\"https:\/\/www.covb.cat\/es\/actualitat\/noticies\/general\/reunion-con-la-delegada-de-gobierno-para-buscar-sinergias-y-agilizar-las-exportaciones-de-origen-animal\/#primaryimage\",\"url\":\"https:\/\/www.covb.cat\/wp-content\/uploads\/2021\/02\/f885cb07-cad7-4146-b977-94e956ce6d6e.jpg\",\"contentUrl\":\"https:\/\/www.covb.cat\/wp-content\/uploads\/2021\/02\/f885cb07-cad7-4146-b977-94e956ce6d6e.jpg\",\"width\":2048,\"height\":1536},{\"@type\":\"BreadcrumbList\",\"@id\":\"https:\/\/www.covb.cat\/es\/actualitat\/noticies\/general\/reunion-con-la-delegada-de-gobierno-para-buscar-sinergias-y-agilizar-las-exportaciones-de-origen-animal\/#breadcrumb\",\"itemListElement\":[{\"@type\":\"ListItem\",\"position\":1,\"name\":\"Inici\",\"item\":\"https:\/\/www.covb.cat\/es\/\"},{\"@type\":\"ListItem\",\"position\":2,\"name\":\"Reuni\u00f3n con la delegada de gobierno para buscar sinergias y agilizar las exportaciones de origen animal\"}]},{\"@type\":\"WebSite\",\"@id\":\"https:\/\/www.covb.cat\/es\/#website\",\"url\":\"https:\/\/www.covb.cat\/es\/\",\"name\":\"COVB\",\"description\":\"Col\u00b7legi Oficial de Veterinaris de Barcelona\",\"publisher\":{\"@id\":\"https:\/\/www.covb.cat\/es\/#organization\"},\"potentialAction\":[{\"@type\":\"SearchAction\",\"target\":{\"@type\":\"EntryPoint\",\"urlTemplate\":\"https:\/\/www.covb.cat\/es\/?s={search_term_string}\"},\"query-input\":{\"@type\":\"PropertyValueSpecification\",\"valueRequired\":true,\"valueName\":\"search_term_string\"}}],\"inLanguage\":\"es\"},{\"@type\":\"Organization\",\"@id\":\"https:\/\/www.covb.cat\/es\/#organization\",\"name\":\"COVB\",\"url\":\"https:\/\/www.covb.cat\/es\/\",\"logo\":{\"@type\":\"ImageObject\",\"inLanguage\":\"es\",\"@id\":\"https:\/\/www.covb.cat\/es\/#\/schema\/logo\/image\/\",\"url\":\"https:\/\/www.covb.cat\/wp-content\/uploads\/2018\/07\/favicon-covb.png\",\"contentUrl\":\"https:\/\/www.covb.cat\/wp-content\/uploads\/2018\/07\/favicon-covb.png\",\"width\":512,\"height\":512,\"caption\":\"COVB\"},\"image\":{\"@id\":\"https:\/\/www.covb.cat\/es\/#\/schema\/logo\/image\/\"},\"sameAs\":[\"https:\/\/www.facebook.com\/COVBcat\/\",\"https:\/\/x.com\/COVBcat\",\"https:\/\/www.youtube.com\/user\/covbcn\"]},{\"@type\":\"Person\",\"@id\":\"\"}]}<\/script>\n<!-- \/ Yoast SEO plugin. -->","yoast_head_json":{"title":"Reuni\u00f3n con la delegada de gobierno para buscar sinergias y agilizar las exportaciones de origen animal - COVB - Col\u00b7legi Oficial de Veterinaris de Barcelona","description":"El presidente del Consell de Col\u00b7legis Veterinaris de Catalunya y vicepresidente del Col\u00b7legi Oficial de Veterinaris de Barcelona, Ricard Par\u00e9s se reuni\u00f3","robots":{"index":"index","follow":"follow","max-snippet":"max-snippet:-1","max-image-preview":"max-image-preview:large","max-video-preview":"max-video-preview:-1"},"canonical":"https:\/\/www.covb.cat\/es\/actualitat\/noticies\/general\/reunion-con-la-delegada-de-gobierno-para-buscar-sinergias-y-agilizar-las-exportaciones-de-origen-animal\/","og_locale":"es_ES","og_type":"article","og_title":"Reuni\u00f3n con la delegada de gobierno para buscar sinergias y agilizar las exportaciones de origen animal - COVB - Col\u00b7legi Oficial de Veterinaris de Barcelona","og_description":"El presidente del Consell de Col\u00b7legis Veterinaris de Catalunya y vicepresidente del Col\u00b7legi Oficial de Veterinaris de Barcelona, Ricard Par\u00e9s se reuni\u00f3","og_url":"https:\/\/www.covb.cat\/es\/actualitat\/noticies\/general\/reunion-con-la-delegada-de-gobierno-para-buscar-sinergias-y-agilizar-las-exportaciones-de-origen-animal\/","og_site_name":"COVB","article_publisher":"https:\/\/www.facebook.com\/COVBcat\/","article_published_time":"2021-03-07T07:58:34+00:00","og_image":[{"width":2048,"height":1536,"url":"https:\/\/www.covb.cat\/wp-content\/uploads\/2021\/02\/f885cb07-cad7-4146-b977-94e956ce6d6e.jpg","type":"image\/jpeg"}],"twitter_card":"summary_large_image","twitter_creator":"@COVBcat","twitter_site":"@COVBcat","twitter_misc":{"Escrito por":"","Tiempo de lectura":"2 minutos"},"schema":{"@context":"https:\/\/schema.org","@graph":[{"@type":"Article","@id":"https:\/\/www.covb.cat\/es\/actualitat\/noticies\/general\/reunion-con-la-delegada-de-gobierno-para-buscar-sinergias-y-agilizar-las-exportaciones-de-origen-animal\/#article","isPartOf":{"@id":"https:\/\/www.covb.cat\/es\/actualitat\/noticies\/general\/reunion-con-la-delegada-de-gobierno-para-buscar-sinergias-y-agilizar-las-exportaciones-de-origen-animal\/"},"author":{"name":"","@id":""},"headline":"Reuni\u00f3n con la delegada de gobierno para buscar sinergias y agilizar las exportaciones de origen animal","datePublished":"2021-03-07T07:58:34+00:00","mainEntityOfPage":{"@id":"https:\/\/www.covb.cat\/es\/actualitat\/noticies\/general\/reunion-con-la-delegada-de-gobierno-para-buscar-sinergias-y-agilizar-las-exportaciones-de-origen-animal\/"},"wordCount":266,"publisher":{"@id":"https:\/\/www.covb.cat\/es\/#organization"},"image":{"@id":"https:\/\/www.covb.cat\/es\/actualitat\/noticies\/general\/reunion-con-la-delegada-de-gobierno-para-buscar-sinergias-y-agilizar-las-exportaciones-de-origen-animal\/#primaryimage"},"thumbnailUrl":"https:\/\/www.covb.cat\/wp-content\/uploads\/2021\/02\/f885cb07-cad7-4146-b977-94e956ce6d6e.jpg","articleSection":["General"],"inLanguage":"es"},{"@type":"WebPage","@id":"https:\/\/www.covb.cat\/es\/actualitat\/noticies\/general\/reunion-con-la-delegada-de-gobierno-para-buscar-sinergias-y-agilizar-las-exportaciones-de-origen-animal\/","url":"https:\/\/www.covb.cat\/es\/actualitat\/noticies\/general\/reunion-con-la-delegada-de-gobierno-para-buscar-sinergias-y-agilizar-las-exportaciones-de-origen-animal\/","name":"Reuni\u00f3n con la delegada de gobierno para buscar sinergias y agilizar las exportaciones de origen animal - COVB - Col\u00b7legi Oficial de Veterinaris de Barcelona","isPartOf":{"@id":"https:\/\/www.covb.cat\/es\/#website"},"primaryImageOfPage":{"@id":"https:\/\/www.covb.cat\/es\/actualitat\/noticies\/general\/reunion-con-la-delegada-de-gobierno-para-buscar-sinergias-y-agilizar-las-exportaciones-de-origen-animal\/#primaryimage"},"image":{"@id":"https:\/\/www.covb.cat\/es\/actualitat\/noticies\/general\/reunion-con-la-delegada-de-gobierno-para-buscar-sinergias-y-agilizar-las-exportaciones-de-origen-animal\/#primaryimage"},"thumbnailUrl":"https:\/\/www.covb.cat\/wp-content\/uploads\/2021\/02\/f885cb07-cad7-4146-b977-94e956ce6d6e.jpg","datePublished":"2021-03-07T07:58:34+00:00","description":"El presidente del Consell de Col\u00b7legis Veterinaris de Catalunya y vicepresidente del Col\u00b7legi Oficial de Veterinaris de Barcelona, Ricard Par\u00e9s se reuni\u00f3","breadcrumb":{"@id":"https:\/\/www.covb.cat\/es\/actualitat\/noticies\/general\/reunion-con-la-delegada-de-gobierno-para-buscar-sinergias-y-agilizar-las-exportaciones-de-origen-animal\/#breadcrumb"},"inLanguage":"es","potentialAction":[{"@type":"ReadAction","target":["https:\/\/www.covb.cat\/es\/actualitat\/noticies\/general\/reunion-con-la-delegada-de-gobierno-para-buscar-sinergias-y-agilizar-las-exportaciones-de-origen-animal\/"]}]},{"@type":"ImageObject","inLanguage":"es","@id":"https:\/\/www.covb.cat\/es\/actualitat\/noticies\/general\/reunion-con-la-delegada-de-gobierno-para-buscar-sinergias-y-agilizar-las-exportaciones-de-origen-animal\/#primaryimage","url":"https:\/\/www.covb.cat\/wp-content\/uploads\/2021\/02\/f885cb07-cad7-4146-b977-94e956ce6d6e.jpg","contentUrl":"https:\/\/www.covb.cat\/wp-content\/uploads\/2021\/02\/f885cb07-cad7-4146-b977-94e956ce6d6e.jpg","width":2048,"height":1536},{"@type":"BreadcrumbList","@id":"https:\/\/www.covb.cat\/es\/actualitat\/noticies\/general\/reunion-con-la-delegada-de-gobierno-para-buscar-sinergias-y-agilizar-las-exportaciones-de-origen-animal\/#breadcrumb","itemListElement":[{"@type":"ListItem","position":1,"name":"Inici","item":"https:\/\/www.covb.cat\/es\/"},{"@type":"ListItem","position":2,"name":"Reuni\u00f3n con la delegada de gobierno para buscar sinergias y agilizar las exportaciones de origen animal"}]},{"@type":"WebSite","@id":"https:\/\/www.covb.cat\/es\/#website","url":"https:\/\/www.covb.cat\/es\/","name":"COVB","description":"Col\u00b7legi Oficial de Veterinaris de Barcelona","publisher":{"@id":"https:\/\/www.covb.cat\/es\/#organization"},"potentialAction":[{"@type":"SearchAction","target":{"@type":"EntryPoint","urlTemplate":"https:\/\/www.covb.cat\/es\/?s={search_term_string}"},"query-input":{"@type":"PropertyValueSpecification","valueRequired":true,"valueName":"search_term_string"}}],"inLanguage":"es"},{"@type":"Organization","@id":"https:\/\/www.covb.cat\/es\/#organization","name":"COVB","url":"https:\/\/www.covb.cat\/es\/","logo":{"@type":"ImageObject","inLanguage":"es","@id":"https:\/\/www.covb.cat\/es\/#\/schema\/logo\/image\/","url":"https:\/\/www.covb.cat\/wp-content\/uploads\/2018\/07\/favicon-covb.png","contentUrl":"https:\/\/www.covb.cat\/wp-content\/uploads\/2018\/07\/favicon-covb.png","width":512,"height":512,"caption":"COVB"},"image":{"@id":"https:\/\/www.covb.cat\/es\/#\/schema\/logo\/image\/"},"sameAs":["https:\/\/www.facebook.com\/COVBcat\/","https:\/\/x.com\/COVBcat","https:\/\/www.youtube.com\/user\/covbcn"]},{"@type":"Person","@id":""}]}},"jetpack_featured_media_url":"https:\/\/www.covb.cat\/wp-content\/uploads\/2021\/02\/f885cb07-cad7-4146-b977-94e956ce6d6e.jpg","jetpack_sharing_enabled":true,"_links":{"self":[{"href":"https:\/\/www.covb.cat\/es\/wp-json\/wp\/v2\/posts\/6383","targetHints":{"allow":["GET"]}}],"collection":[{"href":"https:\/\/www.covb.cat\/es\/wp-json\/wp\/v2\/posts"}],"about":[{"href":"https:\/\/www.covb.cat\/es\/wp-json\/wp\/v2\/types\/post"}],"author":[{"embeddable":true,"href":"https:\/\/www.covb.cat\/es\/wp-json\/wp\/v2\/users\/106"}],"replies":[{"embeddable":true,"href":"https:\/\/www.covb.cat\/es\/wp-json\/wp\/v2\/comments?post=6383"}],"version-history":[{"count":0,"href":"https:\/\/www.covb.cat\/es\/wp-json\/wp\/v2\/posts\/6383\/revisions"}],"wp:featuredmedia":[{"embeddable":true,"href":"https:\/\/www.covb.cat\/es\/wp-json\/wp\/v2\/media\/5988"}],"wp:attachment":[{"href":"https:\/\/www.covb.cat\/es\/wp-json\/wp\/v2\/media?parent=6383"}],"wp:term":[{"taxonomy":"category","embeddable":true,"href":"https:\/\/www.covb.cat\/es\/wp-json\/wp\/v2\/categories?post=6383"},{"taxonomy":"post_tag","embeddable":true,"href":"https:\/\/www.covb.cat\/es\/wp-json\/wp\/v2\/tags?post=6383"}],"curies":[{"name":"wp","href":"https:\/\/api.w.org\/{rel}","templated":true}]}}