{"id":61968,"date":"2025-10-20T10:38:36","date_gmt":"2025-10-20T08:38:36","guid":{"rendered":"https:\/\/www.covb.cat\/?p=61968"},"modified":"2025-10-22T10:41:52","modified_gmt":"2025-10-22T08:41:52","slug":"el-covb-celebra-125-anos-con-el-apoyo-de-las-principales-instituciones-del-pais","status":"publish","type":"post","link":"https:\/\/www.covb.cat\/es\/actualitat\/noticies\/corporativo\/el-covb-celebra-125-anos-con-el-apoyo-de-las-principales-instituciones-del-pais\/","title":{"rendered":"El COVB celebra 125 a\u00f1os con el apoyo de las principales instituciones del pa\u00eds"},"content":{"rendered":"<p><strong>M\u00e1s de mil veterinarios se reunieron en las Drassanes Reials de Barcelona para conmemorar los 125 a\u00f1os del Colegio Oficial de Veterinarios de Barcelona (COVB), en una velada que combin\u00f3 reconocimiento institucional, homenajes, humor y m\u00fasica en directo.<\/strong><\/p>\n<p><strong>Barcelona, 20 de octubre de 2025.<\/strong> \u2013 El Colegio Oficial de Veterinarios de Barcelona (COVB) celebr\u00f3 este s\u00e1bado su <strong>125 aniversario<\/strong> en las Drassanes Reials, en un acto que reuni\u00f3 a m\u00e1s de <strong>1.000 profesionales del sector<\/strong> y a <strong>personalidades institucionales, acad\u00e9micas y profesionales<\/strong> de primer nivel.<br \/>\nEl acto institucional, conducido por la periodista <strong>Helena Garc\u00eda Melero<\/strong>, cont\u00f3 con la presencia del <strong>Hble. Sr. \u00d2scar Ordeig i Molist<\/strong>, conseller de Agricultura, Ganader\u00eda, Pesca y Alimentaci\u00f3n; del <strong>Il\u00b7lm. Sr. Jos\u00e9 Cresp\u00edn<\/strong>, delegado del Gobierno en Lleida; y de la <strong>Il\u00b7lma. Sra. Marta Villanueva Cend\u00e1n<\/strong>, Regidora de Salud del Ayuntamiento de Barcelona.<\/p>\n<p>Tambi\u00e9n asistieron el <strong>presidente del Consejo General de Colegios Veterinarios de Espa\u00f1a<\/strong>, <strong>Gonzalo Moreno del Val<\/strong>; la <strong>presidenta del Consell de Col\u00b7legis Veterinaris de Catalunya<\/strong>, <strong>Ver\u00f3nica Araunave\u00f1a<\/strong>, acompa\u00f1ada por varios miembros de su Junta; el <strong>decano de la Facultad de Veterinaria de la UAB<\/strong>, <strong>Manel L\u00f3pez-Bejar<\/strong>; as\u00ed como representantes del <strong>Colegio de M\u00e9dicos de Barcelona<\/strong> y del <strong>Colegio de Farmac\u00e9uticos de Barcelona<\/strong>.<br \/>\nEl acto reuni\u00f3, adem\u00e1s, a <strong>m\u00e1s de 300 veterinarios<\/strong> en su parte institucional y a <strong>cerca de 1.000<\/strong> en la celebraci\u00f3n general posterior.<\/p>\n<p><strong>Homenaje a la profesi\u00f3n y mirada hacia el futuro<\/strong><\/p>\n<p>Durante la ceremonia, el presidente del COVB, <strong>Joan Mesi\u00e0<\/strong>, destac\u00f3 que <em>\u201ccelebrar 125 a\u00f1os no es solo mirar atr\u00e1s con orgullo, sino proyectarnos hacia el futuro con la misma vocaci\u00f3n de servicio y compromiso con la sociedad\u201d<\/em>.<br \/>\nEl presidente record\u00f3 los or\u00edgenes del Colegio \u2014fundado en 1900 por 38 veterinarios pioneros\u2014 y subray\u00f3 el papel esencial de la veterinaria dentro del paradigma <strong>\u201cUna Sola Salud\u201d<\/strong>, que integra la salud animal, humana y ambiental.<br \/>\nEl COVB rindi\u00f3 homenaje a los <strong>colegiados que cumpl\u00edan 65 a\u00f1os, y aquellos con 50 a\u00f1os de colegiaci\u00f3n<\/strong>, as\u00ed como a <strong>seis profesionales distinguidos<\/strong> por su trayectoria y aportaci\u00f3n destacada al sector. Tambi\u00e9n se reconoci\u00f3 la labor de los movimientos <strong>VetWarriors<\/strong> y <strong>VetUnidos<\/strong> por su defensa activa de la profesi\u00f3n.<\/p>\n<p><strong>Una velada para celebrar la profesi\u00f3n veterinaria<\/strong><\/p>\n<p>Tras la parte institucional, los asistentes disfrutaron de una <strong>cena de gala<\/strong> elaborada por el restaurante <strong>Airolo<\/strong>, con la actuaci\u00f3n del humorista <strong>Carlos Latre<\/strong>, que ofreci\u00f3 un espect\u00e1culo creado especialmente para la ocasi\u00f3n, y del grupo <strong>L80P<\/strong>, que cerr\u00f3 la noche con m\u00fasica y un ambiente festivo.<br \/>\nEl encuentro se convirti\u00f3 en un <strong>punto de reencuentro generacional<\/strong> y en un homenaje compartido a la trayectoria colectiva de la veterinaria barcelonesa.<\/p>\n<p>En palabras de Mesi\u00e0, <em>\u201cnuestra profesi\u00f3n es hoy global, diversa y esencial para el bienestar animal y la salud p\u00fablica. El COVB seguir\u00e1 siendo una instituci\u00f3n activa, innovadora y comprometida con la sociedad\u201d<\/em>.<\/p>\n<p>&nbsp;<\/p>\n<p><strong>Sobre el COVB<\/strong><\/p>\n<p>Fundado en el a\u00f1o <strong>1900<\/strong>, el <strong>Colegio Oficial de Veterinarios de Barcelona (COVB)<\/strong> es una <strong>corporaci\u00f3n de derecho p\u00fablico<\/strong> que agrupa a m\u00e1s de <strong>3.200 colegiados y colegiadas<\/strong> de la provincia de Barcelona.<br \/>\nSu misi\u00f3n es <strong>representar, defender e impulsar la profesi\u00f3n veterinaria<\/strong>, garantizar la calidad asistencial, promover la <strong>formaci\u00f3n continuada<\/strong> y contribuir a la <strong>salud p\u00fablica y al bienestar animal<\/strong> desde una visi\u00f3n <strong>One Health<\/strong> que conecta la salud de las personas, los animales y el medio ambiente.<\/p>\n<p>&nbsp;<\/p>\n<p><img loading=\"lazy\" decoding=\"async\" class=\"alignnone wp-image-61949\" src=\"https:\/\/www.covb.cat\/wp-content\/uploads\/2025\/10\/IMG-20251020-WA0015.jpg\" alt=\"\" width=\"670\" height=\"502\" \/><\/p>\n<p><img loading=\"lazy\" decoding=\"async\" class=\"alignnone wp-image-61951\" src=\"https:\/\/www.covb.cat\/wp-content\/uploads\/2025\/10\/WhatsApp-Image-2025-10-20-at-12.18.26-1.jpeg\" alt=\"\" width=\"670\" height=\"377\" \/><\/p>\n<p><img loading=\"lazy\" decoding=\"async\" class=\"alignnone wp-image-61953\" src=\"https:\/\/www.covb.cat\/wp-content\/uploads\/2025\/10\/WhatsApp-Image-2025-10-20-at-12.18.26-2.jpeg\" alt=\"\" width=\"671\" height=\"503\" \/><\/p>\n","protected":false},"excerpt":{"rendered":"<p>M\u00e1s de mil veterinarios se reunieron en las Drassanes Reials de Barcelona para conmemorar los 125 a\u00f1os del Colegio Oficial de Veterinarios de Barcelona (COVB), en una velada que combin\u00f3 reconocimiento institucional, homenajes, humor y m\u00fasica en directo. Barcelona, 20 de octubre de 2025. \u2013 El Colegio Oficial de Veterinarios de Barcelona (COVB) celebr\u00f3 este [&hellip;]<\/p>\n","protected":false},"author":2985,"featured_media":61948,"comment_status":"closed","ping_status":"closed","sticky":false,"template":"","format":"standard","meta":{"_monsterinsights_skip_tracking":false,"_monsterinsights_sitenote_active":false,"_monsterinsights_sitenote_note":"","_monsterinsights_sitenote_category":0,"_jetpack_memberships_contains_paid_content":false,"footnotes":""},"categories":[138,17],"tags":[224,177],"class_list":["post-61968","post","type-post","status-publish","format-standard","has-post-thumbnail","hentry","category-corporativo","category-general","tag-notadeprensa","tag-prensa"],"yoast_head":"<!-- This site is optimized with the Yoast SEO plugin v27.0 - https:\/\/yoast.com\/product\/yoast-seo-wordpress\/ -->\n<title>El COVB celebra 125 a\u00f1os con el apoyo de las principales instituciones del pa\u00eds - COVB - Col\u00b7legi Oficial de Veterinaris de Barcelona<\/title>\n<meta name=\"description\" content=\"M\u00e1s de mil veterinarios se reunieron en las Drassanes Reials de Barcelona para conmemorar los 125 a\u00f1os del Colegio Oficial de Veterinarios de Barcelona\" \/>\n<meta name=\"robots\" content=\"index, follow, max-snippet:-1, max-image-preview:large, max-video-preview:-1\" \/>\n<link rel=\"canonical\" href=\"https:\/\/www.covb.cat\/es\/actualitat\/noticies\/corporativo\/el-covb-celebra-125-anos-con-el-apoyo-de-las-principales-instituciones-del-pais\/\" \/>\n<meta property=\"og:locale\" content=\"es_ES\" \/>\n<meta property=\"og:type\" content=\"article\" \/>\n<meta property=\"og:title\" content=\"El COVB celebra 125 a\u00f1os con el apoyo de las principales instituciones del pa\u00eds - COVB - Col\u00b7legi Oficial de Veterinaris de Barcelona\" \/>\n<meta property=\"og:description\" content=\"M\u00e1s de mil veterinarios se reunieron en las Drassanes Reials de Barcelona para conmemorar los 125 a\u00f1os del Colegio Oficial de Veterinarios de Barcelona\" \/>\n<meta property=\"og:url\" content=\"https:\/\/www.covb.cat\/es\/actualitat\/noticies\/corporativo\/el-covb-celebra-125-anos-con-el-apoyo-de-las-principales-instituciones-del-pais\/\" \/>\n<meta property=\"og:site_name\" content=\"COVB\" \/>\n<meta property=\"article:publisher\" content=\"https:\/\/www.facebook.com\/COVBcat\/\" \/>\n<meta property=\"article:published_time\" content=\"2025-10-20T08:38:36+00:00\" \/>\n<meta property=\"article:modified_time\" content=\"2025-10-22T08:41:52+00:00\" \/>\n<meta property=\"og:image\" content=\"https:\/\/www.covb.cat\/wp-content\/uploads\/2025\/10\/125_Anv_0004-scaled.jpg\" \/>\n\t<meta property=\"og:image:width\" content=\"2560\" \/>\n\t<meta property=\"og:image:height\" content=\"1709\" \/>\n\t<meta property=\"og:image:type\" content=\"image\/jpeg\" \/>\n<meta name=\"author\" content=\"Ferran Alcaraz\" \/>\n<meta name=\"twitter:card\" content=\"summary_large_image\" \/>\n<meta name=\"twitter:creator\" content=\"@COVBcat\" \/>\n<meta name=\"twitter:site\" content=\"@COVBcat\" \/>\n<meta name=\"twitter:label1\" content=\"Escrito por\" \/>\n\t<meta name=\"twitter:data1\" content=\"Ferran Alcaraz\" \/>\n\t<meta name=\"twitter:label2\" content=\"Tiempo de lectura\" \/>\n\t<meta name=\"twitter:data2\" content=\"4 minutos\" \/>\n<script type=\"application\/ld+json\" class=\"yoast-schema-graph\">{\"@context\":\"https:\/\/schema.org\",\"@graph\":[{\"@type\":\"Article\",\"@id\":\"https:\/\/www.covb.cat\/es\/actualitat\/noticies\/corporativo\/el-covb-celebra-125-anos-con-el-apoyo-de-las-principales-instituciones-del-pais\/#article\",\"isPartOf\":{\"@id\":\"https:\/\/www.covb.cat\/es\/actualitat\/noticies\/corporativo\/el-covb-celebra-125-anos-con-el-apoyo-de-las-principales-instituciones-del-pais\/\"},\"author\":{\"name\":\"Ferran Alcaraz\",\"@id\":\"https:\/\/www.covb.cat\/es\/#\/schema\/person\/ddc9093bc091186c194bba72ca3be5e2\"},\"headline\":\"El COVB celebra 125 a\u00f1os con el apoyo de las principales instituciones del pa\u00eds\",\"datePublished\":\"2025-10-20T08:38:36+00:00\",\"dateModified\":\"2025-10-22T08:41:52+00:00\",\"mainEntityOfPage\":{\"@id\":\"https:\/\/www.covb.cat\/es\/actualitat\/noticies\/corporativo\/el-covb-celebra-125-anos-con-el-apoyo-de-las-principales-instituciones-del-pais\/\"},\"wordCount\":604,\"publisher\":{\"@id\":\"https:\/\/www.covb.cat\/es\/#organization\"},\"image\":{\"@id\":\"https:\/\/www.covb.cat\/es\/actualitat\/noticies\/corporativo\/el-covb-celebra-125-anos-con-el-apoyo-de-las-principales-instituciones-del-pais\/#primaryimage\"},\"thumbnailUrl\":\"https:\/\/www.covb.cat\/wp-content\/uploads\/2025\/10\/125_Anv_0004-scaled.jpg\",\"keywords\":[\"notadeprensa\",\"Prensa\"],\"articleSection\":[\"Corporativo\",\"General\"],\"inLanguage\":\"es\"},{\"@type\":\"WebPage\",\"@id\":\"https:\/\/www.covb.cat\/es\/actualitat\/noticies\/corporativo\/el-covb-celebra-125-anos-con-el-apoyo-de-las-principales-instituciones-del-pais\/\",\"url\":\"https:\/\/www.covb.cat\/es\/actualitat\/noticies\/corporativo\/el-covb-celebra-125-anos-con-el-apoyo-de-las-principales-instituciones-del-pais\/\",\"name\":\"El COVB celebra 125 a\u00f1os con el apoyo de las principales instituciones del pa\u00eds - COVB - Col\u00b7legi Oficial de Veterinaris de Barcelona\",\"isPartOf\":{\"@id\":\"https:\/\/www.covb.cat\/es\/#website\"},\"primaryImageOfPage\":{\"@id\":\"https:\/\/www.covb.cat\/es\/actualitat\/noticies\/corporativo\/el-covb-celebra-125-anos-con-el-apoyo-de-las-principales-instituciones-del-pais\/#primaryimage\"},\"image\":{\"@id\":\"https:\/\/www.covb.cat\/es\/actualitat\/noticies\/corporativo\/el-covb-celebra-125-anos-con-el-apoyo-de-las-principales-instituciones-del-pais\/#primaryimage\"},\"thumbnailUrl\":\"https:\/\/www.covb.cat\/wp-content\/uploads\/2025\/10\/125_Anv_0004-scaled.jpg\",\"datePublished\":\"2025-10-20T08:38:36+00:00\",\"dateModified\":\"2025-10-22T08:41:52+00:00\",\"description\":\"M\u00e1s de mil veterinarios se reunieron en las Drassanes Reials de Barcelona para conmemorar los 125 a\u00f1os del Colegio Oficial de Veterinarios de Barcelona\",\"breadcrumb\":{\"@id\":\"https:\/\/www.covb.cat\/es\/actualitat\/noticies\/corporativo\/el-covb-celebra-125-anos-con-el-apoyo-de-las-principales-instituciones-del-pais\/#breadcrumb\"},\"inLanguage\":\"es\",\"potentialAction\":[{\"@type\":\"ReadAction\",\"target\":[\"https:\/\/www.covb.cat\/es\/actualitat\/noticies\/corporativo\/el-covb-celebra-125-anos-con-el-apoyo-de-las-principales-instituciones-del-pais\/\"]}]},{\"@type\":\"ImageObject\",\"inLanguage\":\"es\",\"@id\":\"https:\/\/www.covb.cat\/es\/actualitat\/noticies\/corporativo\/el-covb-celebra-125-anos-con-el-apoyo-de-las-principales-instituciones-del-pais\/#primaryimage\",\"url\":\"https:\/\/www.covb.cat\/wp-content\/uploads\/2025\/10\/125_Anv_0004-scaled.jpg\",\"contentUrl\":\"https:\/\/www.covb.cat\/wp-content\/uploads\/2025\/10\/125_Anv_0004-scaled.jpg\",\"width\":2560,\"height\":1709},{\"@type\":\"BreadcrumbList\",\"@id\":\"https:\/\/www.covb.cat\/es\/actualitat\/noticies\/corporativo\/el-covb-celebra-125-anos-con-el-apoyo-de-las-principales-instituciones-del-pais\/#breadcrumb\",\"itemListElement\":[{\"@type\":\"ListItem\",\"position\":1,\"name\":\"Inici\",\"item\":\"https:\/\/www.covb.cat\/es\/\"},{\"@type\":\"ListItem\",\"position\":2,\"name\":\"El COVB celebra 125 a\u00f1os con el apoyo de las principales instituciones del pa\u00eds\"}]},{\"@type\":\"WebSite\",\"@id\":\"https:\/\/www.covb.cat\/es\/#website\",\"url\":\"https:\/\/www.covb.cat\/es\/\",\"name\":\"COVB\",\"description\":\"Col\u00b7legi Oficial de Veterinaris de Barcelona\",\"publisher\":{\"@id\":\"https:\/\/www.covb.cat\/es\/#organization\"},\"potentialAction\":[{\"@type\":\"SearchAction\",\"target\":{\"@type\":\"EntryPoint\",\"urlTemplate\":\"https:\/\/www.covb.cat\/es\/?s={search_term_string}\"},\"query-input\":{\"@type\":\"PropertyValueSpecification\",\"valueRequired\":true,\"valueName\":\"search_term_string\"}}],\"inLanguage\":\"es\"},{\"@type\":\"Organization\",\"@id\":\"https:\/\/www.covb.cat\/es\/#organization\",\"name\":\"COVB\",\"url\":\"https:\/\/www.covb.cat\/es\/\",\"logo\":{\"@type\":\"ImageObject\",\"inLanguage\":\"es\",\"@id\":\"https:\/\/www.covb.cat\/es\/#\/schema\/logo\/image\/\",\"url\":\"https:\/\/www.covb.cat\/wp-content\/uploads\/2018\/07\/favicon-covb.png\",\"contentUrl\":\"https:\/\/www.covb.cat\/wp-content\/uploads\/2018\/07\/favicon-covb.png\",\"width\":512,\"height\":512,\"caption\":\"COVB\"},\"image\":{\"@id\":\"https:\/\/www.covb.cat\/es\/#\/schema\/logo\/image\/\"},\"sameAs\":[\"https:\/\/www.facebook.com\/COVBcat\/\",\"https:\/\/x.com\/COVBcat\",\"https:\/\/www.youtube.com\/user\/covbcn\"]},{\"@type\":\"Person\",\"@id\":\"https:\/\/www.covb.cat\/es\/#\/schema\/person\/ddc9093bc091186c194bba72ca3be5e2\",\"name\":\"Ferran Alcaraz\",\"image\":{\"@type\":\"ImageObject\",\"inLanguage\":\"es\",\"@id\":\"https:\/\/www.covb.cat\/es\/#\/schema\/person\/image\/\",\"url\":\"https:\/\/secure.gravatar.com\/avatar\/7a7bb9e48d880990c016f59db5a666fe7ad49e90723bdbdc0acfb756246ea192?s=96&d=mm&r=g\",\"contentUrl\":\"https:\/\/secure.gravatar.com\/avatar\/7a7bb9e48d880990c016f59db5a666fe7ad49e90723bdbdc0acfb756246ea192?s=96&d=mm&r=g\",\"caption\":\"Ferran Alcaraz\"}}]}<\/script>\n<!-- \/ Yoast SEO plugin. -->","yoast_head_json":{"title":"El COVB celebra 125 a\u00f1os con el apoyo de las principales instituciones del pa\u00eds - COVB - Col\u00b7legi Oficial de Veterinaris de Barcelona","description":"M\u00e1s de mil veterinarios se reunieron en las Drassanes Reials de Barcelona para conmemorar los 125 a\u00f1os del Colegio Oficial de Veterinarios de Barcelona","robots":{"index":"index","follow":"follow","max-snippet":"max-snippet:-1","max-image-preview":"max-image-preview:large","max-video-preview":"max-video-preview:-1"},"canonical":"https:\/\/www.covb.cat\/es\/actualitat\/noticies\/corporativo\/el-covb-celebra-125-anos-con-el-apoyo-de-las-principales-instituciones-del-pais\/","og_locale":"es_ES","og_type":"article","og_title":"El COVB celebra 125 a\u00f1os con el apoyo de las principales instituciones del pa\u00eds - COVB - Col\u00b7legi Oficial de Veterinaris de Barcelona","og_description":"M\u00e1s de mil veterinarios se reunieron en las Drassanes Reials de Barcelona para conmemorar los 125 a\u00f1os del Colegio Oficial de Veterinarios de Barcelona","og_url":"https:\/\/www.covb.cat\/es\/actualitat\/noticies\/corporativo\/el-covb-celebra-125-anos-con-el-apoyo-de-las-principales-instituciones-del-pais\/","og_site_name":"COVB","article_publisher":"https:\/\/www.facebook.com\/COVBcat\/","article_published_time":"2025-10-20T08:38:36+00:00","article_modified_time":"2025-10-22T08:41:52+00:00","og_image":[{"width":2560,"height":1709,"url":"https:\/\/www.covb.cat\/wp-content\/uploads\/2025\/10\/125_Anv_0004-scaled.jpg","type":"image\/jpeg"}],"author":"Ferran Alcaraz","twitter_card":"summary_large_image","twitter_creator":"@COVBcat","twitter_site":"@COVBcat","twitter_misc":{"Escrito por":"Ferran Alcaraz","Tiempo de lectura":"4 minutos"},"schema":{"@context":"https:\/\/schema.org","@graph":[{"@type":"Article","@id":"https:\/\/www.covb.cat\/es\/actualitat\/noticies\/corporativo\/el-covb-celebra-125-anos-con-el-apoyo-de-las-principales-instituciones-del-pais\/#article","isPartOf":{"@id":"https:\/\/www.covb.cat\/es\/actualitat\/noticies\/corporativo\/el-covb-celebra-125-anos-con-el-apoyo-de-las-principales-instituciones-del-pais\/"},"author":{"name":"Ferran Alcaraz","@id":"https:\/\/www.covb.cat\/es\/#\/schema\/person\/ddc9093bc091186c194bba72ca3be5e2"},"headline":"El COVB celebra 125 a\u00f1os con el apoyo de las principales instituciones del pa\u00eds","datePublished":"2025-10-20T08:38:36+00:00","dateModified":"2025-10-22T08:41:52+00:00","mainEntityOfPage":{"@id":"https:\/\/www.covb.cat\/es\/actualitat\/noticies\/corporativo\/el-covb-celebra-125-anos-con-el-apoyo-de-las-principales-instituciones-del-pais\/"},"wordCount":604,"publisher":{"@id":"https:\/\/www.covb.cat\/es\/#organization"},"image":{"@id":"https:\/\/www.covb.cat\/es\/actualitat\/noticies\/corporativo\/el-covb-celebra-125-anos-con-el-apoyo-de-las-principales-instituciones-del-pais\/#primaryimage"},"thumbnailUrl":"https:\/\/www.covb.cat\/wp-content\/uploads\/2025\/10\/125_Anv_0004-scaled.jpg","keywords":["notadeprensa","Prensa"],"articleSection":["Corporativo","General"],"inLanguage":"es"},{"@type":"WebPage","@id":"https:\/\/www.covb.cat\/es\/actualitat\/noticies\/corporativo\/el-covb-celebra-125-anos-con-el-apoyo-de-las-principales-instituciones-del-pais\/","url":"https:\/\/www.covb.cat\/es\/actualitat\/noticies\/corporativo\/el-covb-celebra-125-anos-con-el-apoyo-de-las-principales-instituciones-del-pais\/","name":"El COVB celebra 125 a\u00f1os con el apoyo de las principales instituciones del pa\u00eds - COVB - Col\u00b7legi Oficial de Veterinaris de Barcelona","isPartOf":{"@id":"https:\/\/www.covb.cat\/es\/#website"},"primaryImageOfPage":{"@id":"https:\/\/www.covb.cat\/es\/actualitat\/noticies\/corporativo\/el-covb-celebra-125-anos-con-el-apoyo-de-las-principales-instituciones-del-pais\/#primaryimage"},"image":{"@id":"https:\/\/www.covb.cat\/es\/actualitat\/noticies\/corporativo\/el-covb-celebra-125-anos-con-el-apoyo-de-las-principales-instituciones-del-pais\/#primaryimage"},"thumbnailUrl":"https:\/\/www.covb.cat\/wp-content\/uploads\/2025\/10\/125_Anv_0004-scaled.jpg","datePublished":"2025-10-20T08:38:36+00:00","dateModified":"2025-10-22T08:41:52+00:00","description":"M\u00e1s de mil veterinarios se reunieron en las Drassanes Reials de Barcelona para conmemorar los 125 a\u00f1os del Colegio Oficial de Veterinarios de Barcelona","breadcrumb":{"@id":"https:\/\/www.covb.cat\/es\/actualitat\/noticies\/corporativo\/el-covb-celebra-125-anos-con-el-apoyo-de-las-principales-instituciones-del-pais\/#breadcrumb"},"inLanguage":"es","potentialAction":[{"@type":"ReadAction","target":["https:\/\/www.covb.cat\/es\/actualitat\/noticies\/corporativo\/el-covb-celebra-125-anos-con-el-apoyo-de-las-principales-instituciones-del-pais\/"]}]},{"@type":"ImageObject","inLanguage":"es","@id":"https:\/\/www.covb.cat\/es\/actualitat\/noticies\/corporativo\/el-covb-celebra-125-anos-con-el-apoyo-de-las-principales-instituciones-del-pais\/#primaryimage","url":"https:\/\/www.covb.cat\/wp-content\/uploads\/2025\/10\/125_Anv_0004-scaled.jpg","contentUrl":"https:\/\/www.covb.cat\/wp-content\/uploads\/2025\/10\/125_Anv_0004-scaled.jpg","width":2560,"height":1709},{"@type":"BreadcrumbList","@id":"https:\/\/www.covb.cat\/es\/actualitat\/noticies\/corporativo\/el-covb-celebra-125-anos-con-el-apoyo-de-las-principales-instituciones-del-pais\/#breadcrumb","itemListElement":[{"@type":"ListItem","position":1,"name":"Inici","item":"https:\/\/www.covb.cat\/es\/"},{"@type":"ListItem","position":2,"name":"El COVB celebra 125 a\u00f1os con el apoyo de las principales instituciones del pa\u00eds"}]},{"@type":"WebSite","@id":"https:\/\/www.covb.cat\/es\/#website","url":"https:\/\/www.covb.cat\/es\/","name":"COVB","description":"Col\u00b7legi Oficial de Veterinaris de Barcelona","publisher":{"@id":"https:\/\/www.covb.cat\/es\/#organization"},"potentialAction":[{"@type":"SearchAction","target":{"@type":"EntryPoint","urlTemplate":"https:\/\/www.covb.cat\/es\/?s={search_term_string}"},"query-input":{"@type":"PropertyValueSpecification","valueRequired":true,"valueName":"search_term_string"}}],"inLanguage":"es"},{"@type":"Organization","@id":"https:\/\/www.covb.cat\/es\/#organization","name":"COVB","url":"https:\/\/www.covb.cat\/es\/","logo":{"@type":"ImageObject","inLanguage":"es","@id":"https:\/\/www.covb.cat\/es\/#\/schema\/logo\/image\/","url":"https:\/\/www.covb.cat\/wp-content\/uploads\/2018\/07\/favicon-covb.png","contentUrl":"https:\/\/www.covb.cat\/wp-content\/uploads\/2018\/07\/favicon-covb.png","width":512,"height":512,"caption":"COVB"},"image":{"@id":"https:\/\/www.covb.cat\/es\/#\/schema\/logo\/image\/"},"sameAs":["https:\/\/www.facebook.com\/COVBcat\/","https:\/\/x.com\/COVBcat","https:\/\/www.youtube.com\/user\/covbcn"]},{"@type":"Person","@id":"https:\/\/www.covb.cat\/es\/#\/schema\/person\/ddc9093bc091186c194bba72ca3be5e2","name":"Ferran Alcaraz","image":{"@type":"ImageObject","inLanguage":"es","@id":"https:\/\/www.covb.cat\/es\/#\/schema\/person\/image\/","url":"https:\/\/secure.gravatar.com\/avatar\/7a7bb9e48d880990c016f59db5a666fe7ad49e90723bdbdc0acfb756246ea192?s=96&d=mm&r=g","contentUrl":"https:\/\/secure.gravatar.com\/avatar\/7a7bb9e48d880990c016f59db5a666fe7ad49e90723bdbdc0acfb756246ea192?s=96&d=mm&r=g","caption":"Ferran Alcaraz"}}]}},"jetpack_featured_media_url":"https:\/\/www.covb.cat\/wp-content\/uploads\/2025\/10\/125_Anv_0004-scaled.jpg","jetpack_sharing_enabled":true,"_links":{"self":[{"href":"https:\/\/www.covb.cat\/es\/wp-json\/wp\/v2\/posts\/61968","targetHints":{"allow":["GET"]}}],"collection":[{"href":"https:\/\/www.covb.cat\/es\/wp-json\/wp\/v2\/posts"}],"about":[{"href":"https:\/\/www.covb.cat\/es\/wp-json\/wp\/v2\/types\/post"}],"author":[{"embeddable":true,"href":"https:\/\/www.covb.cat\/es\/wp-json\/wp\/v2\/users\/2985"}],"replies":[{"embeddable":true,"href":"https:\/\/www.covb.cat\/es\/wp-json\/wp\/v2\/comments?post=61968"}],"version-history":[{"count":2,"href":"https:\/\/www.covb.cat\/es\/wp-json\/wp\/v2\/posts\/61968\/revisions"}],"predecessor-version":[{"id":61971,"href":"https:\/\/www.covb.cat\/es\/wp-json\/wp\/v2\/posts\/61968\/revisions\/61971"}],"wp:featuredmedia":[{"embeddable":true,"href":"https:\/\/www.covb.cat\/es\/wp-json\/wp\/v2\/media\/61948"}],"wp:attachment":[{"href":"https:\/\/www.covb.cat\/es\/wp-json\/wp\/v2\/media?parent=61968"}],"wp:term":[{"taxonomy":"category","embeddable":true,"href":"https:\/\/www.covb.cat\/es\/wp-json\/wp\/v2\/categories?post=61968"},{"taxonomy":"post_tag","embeddable":true,"href":"https:\/\/www.covb.cat\/es\/wp-json\/wp\/v2\/tags?post=61968"}],"curies":[{"name":"wp","href":"https:\/\/api.w.org\/{rel}","templated":true}]}}