{"id":60210,"date":"2025-09-05T08:00:35","date_gmt":"2025-09-05T06:00:35","guid":{"rendered":"https:\/\/www.covb.cat\/?p=60210"},"modified":"2025-09-03T17:01:02","modified_gmt":"2025-09-03T15:01:02","slug":"actualizacion-de-la-situacion-de-la-dermatosis-nodular-contagiosa-en-francia-e-italia","status":"publish","type":"post","link":"https:\/\/www.covb.cat\/es\/actualitat\/noticies\/alertas\/actualizacion-de-la-situacion-de-la-dermatosis-nodular-contagiosa-en-francia-e-italia\/","title":{"rendered":"Actualizaci\u00f3n de la situaci\u00f3n de la Dermatosis Nodular Contagiosa en Francia e Italia"},"content":{"rendered":"<p>Seg\u00fan la comunicaci\u00f3n emitida por el <strong>MAPA<\/strong> el 7 de agosto de 2025, se han notificado nuevos focos de Dermatosis Nodular Contagiosa (DNC) en Francia e Italia:<\/p>\n<p><strong>Situaci\u00f3n actualizada:<\/strong><\/p>\n<ul>\n<li>Francia: 30 nuevos focos (11 en Saboya y 19 en Alta Saboya). En total, <strong>67 focos<\/strong> desde el inicio del brote.<\/li>\n<li>Italia: 10 nuevos focos en la isla de Cerde\u00f1a. En total, <strong>47 focos<\/strong>. No se han notificado nuevos casos en la regi\u00f3n continental de Lombard\u00eda.<\/li>\n<\/ul>\n<p>Las autoridades francesas e italianas han implementado las medidas de control previstas en el Reglamento Delegado (UE) 2020\/687: inmovilizaci\u00f3n y vaciado sanitario de las explotaciones afectadas, eliminaci\u00f3n de cad\u00e1veres y productos de riesgo, investigaciones epidemiol\u00f3gicas y <strong>campa\u00f1as de vacunaci\u00f3n de emergencia<\/strong> (en Italia solo en Cerde\u00f1a).<\/p>\n<p><strong>Riesgo para Espa\u00f1a:<\/strong> La situaci\u00f3n se considera de <strong>muy alto riesgo<\/strong> por la posible entrada de la enfermedad. El MAPA, en coordinaci\u00f3n con los SVO de las CCAA, contin\u00faa monitorizando los movimientos de animales desde Francia e Italia. Hasta ahora no se ha detectado ning\u00fan caso positivo en Espa\u00f1a.<\/p>\n<p><strong>Recordatorio para veterinarios y ganaderos:<\/strong><\/p>\n<ul>\n<li>Extremar las medidas de <strong>bioseguridad<\/strong> en las explotaciones bovinas y durante el transporte de animales.<\/li>\n<li>Comunicar de inmediato a los <strong>SVO<\/strong> cualquier sospecha de enfermedad.<\/li>\n<\/ul>\n<p>M\u00e1s informaci\u00f3n y recursos:<\/p>\n<ul>\n<li><a href=\"https:\/\/www.mapa.gob.es\/es\/ganaderia\/temas\/sanidad-animal-higiene-ganadera\/sanidad-animal\/enfermedades\/dermatosis-nodular-contagiosa\/dermatosis_nodular_cont?utm_source=chatgpt.com\">Informaci\u00f3n sobre la DNC en MAPA<\/a><\/li>\n<li><a href=\"https:\/\/youtu.be\/9N9KOYrROao?utm_source=chatgpt.com\">V\u00eddeo informativo EuFMD (en ingl\u00e9s)<\/a><\/li>\n<\/ul>\n<p><a href=\"https:\/\/www.covb.cat\/wp-content\/uploads\/2025\/09\/Nota-actualizacion-DNC-07.08.25-Final.pdf\" target=\"_blank\" rel=\"noopener\">Descargar PDF<\/a><\/p>\n","protected":false},"excerpt":{"rendered":"<p>Seg\u00fan la comunicaci\u00f3n emitida por el MAPA el 7 de agosto de 2025, se han notificado nuevos focos de Dermatosis Nodular Contagiosa (DNC) en Francia e Italia: Situaci\u00f3n actualizada: Francia: 30 nuevos focos (11 en Saboya y 19 en Alta Saboya). En total, 67 focos desde el inicio del brote. Italia: 10 nuevos focos en [&hellip;]<\/p>\n","protected":false},"author":2985,"featured_media":60208,"comment_status":"closed","ping_status":"closed","sticky":false,"template":"","format":"standard","meta":{"_monsterinsights_skip_tracking":false,"_monsterinsights_sitenote_active":false,"_monsterinsights_sitenote_note":"","_monsterinsights_sitenote_category":0,"_jetpack_memberships_contains_paid_content":false,"footnotes":""},"categories":[156,409],"tags":[],"class_list":["post-60210","post","type-post","status-publish","format-standard","has-post-thumbnail","hentry","category-alertas","category-alertes-es"],"yoast_head":"<!-- This site is optimized with the Yoast SEO plugin v27.0 - https:\/\/yoast.com\/product\/yoast-seo-wordpress\/ -->\n<title>Actualizaci\u00f3n de la situaci\u00f3n de la Dermatosis Nodular Contagiosa en Francia e Italia - COVB - Col\u00b7legi Oficial de Veterinaris de Barcelona<\/title>\n<meta name=\"description\" content=\"Seg\u00fan la comunicaci\u00f3n emitida por el MAPA el 7 de agosto de 2025, se han notificado nuevos focos de Dermatosis Nodular Contagiosa (DNC) en Francia e\" \/>\n<meta name=\"robots\" content=\"index, follow, max-snippet:-1, max-image-preview:large, max-video-preview:-1\" \/>\n<link rel=\"canonical\" href=\"https:\/\/www.covb.cat\/es\/actualitat\/noticies\/alertas\/actualizacion-de-la-situacion-de-la-dermatosis-nodular-contagiosa-en-francia-e-italia\/\" \/>\n<meta property=\"og:locale\" content=\"es_ES\" \/>\n<meta property=\"og:type\" content=\"article\" \/>\n<meta property=\"og:title\" content=\"Actualizaci\u00f3n de la situaci\u00f3n de la Dermatosis Nodular Contagiosa en Francia e Italia - COVB - Col\u00b7legi Oficial de Veterinaris de Barcelona\" \/>\n<meta property=\"og:description\" content=\"Seg\u00fan la comunicaci\u00f3n emitida por el MAPA el 7 de agosto de 2025, se han notificado nuevos focos de Dermatosis Nodular Contagiosa (DNC) en Francia e\" \/>\n<meta property=\"og:url\" content=\"https:\/\/www.covb.cat\/es\/actualitat\/noticies\/alertas\/actualizacion-de-la-situacion-de-la-dermatosis-nodular-contagiosa-en-francia-e-italia\/\" \/>\n<meta property=\"og:site_name\" content=\"COVB\" \/>\n<meta property=\"article:publisher\" content=\"https:\/\/www.facebook.com\/COVBcat\/\" \/>\n<meta property=\"article:published_time\" content=\"2025-09-05T06:00:35+00:00\" \/>\n<meta property=\"og:image\" content=\"https:\/\/www.covb.cat\/wp-content\/uploads\/2025\/09\/Dermatosis-nodular-WEB.jpg\" \/>\n\t<meta property=\"og:image:width\" content=\"1200\" \/>\n\t<meta property=\"og:image:height\" content=\"800\" \/>\n\t<meta property=\"og:image:type\" content=\"image\/jpeg\" \/>\n<meta name=\"author\" content=\"Ferran Alcaraz\" \/>\n<meta name=\"twitter:card\" content=\"summary_large_image\" \/>\n<meta name=\"twitter:creator\" content=\"@COVBcat\" \/>\n<meta name=\"twitter:site\" content=\"@COVBcat\" \/>\n<meta name=\"twitter:label1\" content=\"Escrito por\" \/>\n\t<meta name=\"twitter:data1\" content=\"Ferran Alcaraz\" \/>\n\t<meta name=\"twitter:label2\" content=\"Tiempo de lectura\" \/>\n\t<meta name=\"twitter:data2\" content=\"2 minutos\" \/>\n<script type=\"application\/ld+json\" class=\"yoast-schema-graph\">{\"@context\":\"https:\/\/schema.org\",\"@graph\":[{\"@type\":\"Article\",\"@id\":\"https:\/\/www.covb.cat\/es\/actualitat\/noticies\/alertas\/actualizacion-de-la-situacion-de-la-dermatosis-nodular-contagiosa-en-francia-e-italia\/#article\",\"isPartOf\":{\"@id\":\"https:\/\/www.covb.cat\/es\/actualitat\/noticies\/alertas\/actualizacion-de-la-situacion-de-la-dermatosis-nodular-contagiosa-en-francia-e-italia\/\"},\"author\":{\"name\":\"Ferran Alcaraz\",\"@id\":\"https:\/\/www.covb.cat\/es\/#\/schema\/person\/ddc9093bc091186c194bba72ca3be5e2\"},\"headline\":\"Actualizaci\u00f3n de la situaci\u00f3n de la Dermatosis Nodular Contagiosa en Francia e Italia\",\"datePublished\":\"2025-09-05T06:00:35+00:00\",\"mainEntityOfPage\":{\"@id\":\"https:\/\/www.covb.cat\/es\/actualitat\/noticies\/alertas\/actualizacion-de-la-situacion-de-la-dermatosis-nodular-contagiosa-en-francia-e-italia\/\"},\"wordCount\":247,\"publisher\":{\"@id\":\"https:\/\/www.covb.cat\/es\/#organization\"},\"image\":{\"@id\":\"https:\/\/www.covb.cat\/es\/actualitat\/noticies\/alertas\/actualizacion-de-la-situacion-de-la-dermatosis-nodular-contagiosa-en-francia-e-italia\/#primaryimage\"},\"thumbnailUrl\":\"https:\/\/www.covb.cat\/wp-content\/uploads\/2025\/09\/Dermatosis-nodular-WEB.jpg\",\"articleSection\":[\"Alertas\",\"Alertes\"],\"inLanguage\":\"es\"},{\"@type\":\"WebPage\",\"@id\":\"https:\/\/www.covb.cat\/es\/actualitat\/noticies\/alertas\/actualizacion-de-la-situacion-de-la-dermatosis-nodular-contagiosa-en-francia-e-italia\/\",\"url\":\"https:\/\/www.covb.cat\/es\/actualitat\/noticies\/alertas\/actualizacion-de-la-situacion-de-la-dermatosis-nodular-contagiosa-en-francia-e-italia\/\",\"name\":\"Actualizaci\u00f3n de la situaci\u00f3n de la Dermatosis Nodular Contagiosa en Francia e Italia - COVB - Col\u00b7legi Oficial de Veterinaris de Barcelona\",\"isPartOf\":{\"@id\":\"https:\/\/www.covb.cat\/es\/#website\"},\"primaryImageOfPage\":{\"@id\":\"https:\/\/www.covb.cat\/es\/actualitat\/noticies\/alertas\/actualizacion-de-la-situacion-de-la-dermatosis-nodular-contagiosa-en-francia-e-italia\/#primaryimage\"},\"image\":{\"@id\":\"https:\/\/www.covb.cat\/es\/actualitat\/noticies\/alertas\/actualizacion-de-la-situacion-de-la-dermatosis-nodular-contagiosa-en-francia-e-italia\/#primaryimage\"},\"thumbnailUrl\":\"https:\/\/www.covb.cat\/wp-content\/uploads\/2025\/09\/Dermatosis-nodular-WEB.jpg\",\"datePublished\":\"2025-09-05T06:00:35+00:00\",\"description\":\"Seg\u00fan la comunicaci\u00f3n emitida por el MAPA el 7 de agosto de 2025, se han notificado nuevos focos de Dermatosis Nodular Contagiosa (DNC) en Francia e\",\"breadcrumb\":{\"@id\":\"https:\/\/www.covb.cat\/es\/actualitat\/noticies\/alertas\/actualizacion-de-la-situacion-de-la-dermatosis-nodular-contagiosa-en-francia-e-italia\/#breadcrumb\"},\"inLanguage\":\"es\",\"potentialAction\":[{\"@type\":\"ReadAction\",\"target\":[\"https:\/\/www.covb.cat\/es\/actualitat\/noticies\/alertas\/actualizacion-de-la-situacion-de-la-dermatosis-nodular-contagiosa-en-francia-e-italia\/\"]}]},{\"@type\":\"ImageObject\",\"inLanguage\":\"es\",\"@id\":\"https:\/\/www.covb.cat\/es\/actualitat\/noticies\/alertas\/actualizacion-de-la-situacion-de-la-dermatosis-nodular-contagiosa-en-francia-e-italia\/#primaryimage\",\"url\":\"https:\/\/www.covb.cat\/wp-content\/uploads\/2025\/09\/Dermatosis-nodular-WEB.jpg\",\"contentUrl\":\"https:\/\/www.covb.cat\/wp-content\/uploads\/2025\/09\/Dermatosis-nodular-WEB.jpg\",\"width\":1200,\"height\":800},{\"@type\":\"BreadcrumbList\",\"@id\":\"https:\/\/www.covb.cat\/es\/actualitat\/noticies\/alertas\/actualizacion-de-la-situacion-de-la-dermatosis-nodular-contagiosa-en-francia-e-italia\/#breadcrumb\",\"itemListElement\":[{\"@type\":\"ListItem\",\"position\":1,\"name\":\"Inici\",\"item\":\"https:\/\/www.covb.cat\/es\/\"},{\"@type\":\"ListItem\",\"position\":2,\"name\":\"Actualizaci\u00f3n de la situaci\u00f3n de la Dermatosis Nodular Contagiosa en Francia e Italia\"}]},{\"@type\":\"WebSite\",\"@id\":\"https:\/\/www.covb.cat\/es\/#website\",\"url\":\"https:\/\/www.covb.cat\/es\/\",\"name\":\"COVB\",\"description\":\"Col\u00b7legi Oficial de Veterinaris de Barcelona\",\"publisher\":{\"@id\":\"https:\/\/www.covb.cat\/es\/#organization\"},\"potentialAction\":[{\"@type\":\"SearchAction\",\"target\":{\"@type\":\"EntryPoint\",\"urlTemplate\":\"https:\/\/www.covb.cat\/es\/?s={search_term_string}\"},\"query-input\":{\"@type\":\"PropertyValueSpecification\",\"valueRequired\":true,\"valueName\":\"search_term_string\"}}],\"inLanguage\":\"es\"},{\"@type\":\"Organization\",\"@id\":\"https:\/\/www.covb.cat\/es\/#organization\",\"name\":\"COVB\",\"url\":\"https:\/\/www.covb.cat\/es\/\",\"logo\":{\"@type\":\"ImageObject\",\"inLanguage\":\"es\",\"@id\":\"https:\/\/www.covb.cat\/es\/#\/schema\/logo\/image\/\",\"url\":\"https:\/\/www.covb.cat\/wp-content\/uploads\/2018\/07\/favicon-covb.png\",\"contentUrl\":\"https:\/\/www.covb.cat\/wp-content\/uploads\/2018\/07\/favicon-covb.png\",\"width\":512,\"height\":512,\"caption\":\"COVB\"},\"image\":{\"@id\":\"https:\/\/www.covb.cat\/es\/#\/schema\/logo\/image\/\"},\"sameAs\":[\"https:\/\/www.facebook.com\/COVBcat\/\",\"https:\/\/x.com\/COVBcat\",\"https:\/\/www.youtube.com\/user\/covbcn\"]},{\"@type\":\"Person\",\"@id\":\"https:\/\/www.covb.cat\/es\/#\/schema\/person\/ddc9093bc091186c194bba72ca3be5e2\",\"name\":\"Ferran Alcaraz\",\"image\":{\"@type\":\"ImageObject\",\"inLanguage\":\"es\",\"@id\":\"https:\/\/www.covb.cat\/es\/#\/schema\/person\/image\/\",\"url\":\"https:\/\/secure.gravatar.com\/avatar\/7a7bb9e48d880990c016f59db5a666fe7ad49e90723bdbdc0acfb756246ea192?s=96&d=mm&r=g\",\"contentUrl\":\"https:\/\/secure.gravatar.com\/avatar\/7a7bb9e48d880990c016f59db5a666fe7ad49e90723bdbdc0acfb756246ea192?s=96&d=mm&r=g\",\"caption\":\"Ferran Alcaraz\"}}]}<\/script>\n<!-- \/ Yoast SEO plugin. -->","yoast_head_json":{"title":"Actualizaci\u00f3n de la situaci\u00f3n de la Dermatosis Nodular Contagiosa en Francia e Italia - COVB - Col\u00b7legi Oficial de Veterinaris de Barcelona","description":"Seg\u00fan la comunicaci\u00f3n emitida por el MAPA el 7 de agosto de 2025, se han notificado nuevos focos de Dermatosis Nodular Contagiosa (DNC) en Francia e","robots":{"index":"index","follow":"follow","max-snippet":"max-snippet:-1","max-image-preview":"max-image-preview:large","max-video-preview":"max-video-preview:-1"},"canonical":"https:\/\/www.covb.cat\/es\/actualitat\/noticies\/alertas\/actualizacion-de-la-situacion-de-la-dermatosis-nodular-contagiosa-en-francia-e-italia\/","og_locale":"es_ES","og_type":"article","og_title":"Actualizaci\u00f3n de la situaci\u00f3n de la Dermatosis Nodular Contagiosa en Francia e Italia - COVB - Col\u00b7legi Oficial de Veterinaris de Barcelona","og_description":"Seg\u00fan la comunicaci\u00f3n emitida por el MAPA el 7 de agosto de 2025, se han notificado nuevos focos de Dermatosis Nodular Contagiosa (DNC) en Francia e","og_url":"https:\/\/www.covb.cat\/es\/actualitat\/noticies\/alertas\/actualizacion-de-la-situacion-de-la-dermatosis-nodular-contagiosa-en-francia-e-italia\/","og_site_name":"COVB","article_publisher":"https:\/\/www.facebook.com\/COVBcat\/","article_published_time":"2025-09-05T06:00:35+00:00","og_image":[{"width":1200,"height":800,"url":"https:\/\/www.covb.cat\/wp-content\/uploads\/2025\/09\/Dermatosis-nodular-WEB.jpg","type":"image\/jpeg"}],"author":"Ferran Alcaraz","twitter_card":"summary_large_image","twitter_creator":"@COVBcat","twitter_site":"@COVBcat","twitter_misc":{"Escrito por":"Ferran Alcaraz","Tiempo de lectura":"2 minutos"},"schema":{"@context":"https:\/\/schema.org","@graph":[{"@type":"Article","@id":"https:\/\/www.covb.cat\/es\/actualitat\/noticies\/alertas\/actualizacion-de-la-situacion-de-la-dermatosis-nodular-contagiosa-en-francia-e-italia\/#article","isPartOf":{"@id":"https:\/\/www.covb.cat\/es\/actualitat\/noticies\/alertas\/actualizacion-de-la-situacion-de-la-dermatosis-nodular-contagiosa-en-francia-e-italia\/"},"author":{"name":"Ferran Alcaraz","@id":"https:\/\/www.covb.cat\/es\/#\/schema\/person\/ddc9093bc091186c194bba72ca3be5e2"},"headline":"Actualizaci\u00f3n de la situaci\u00f3n de la Dermatosis Nodular Contagiosa en Francia e Italia","datePublished":"2025-09-05T06:00:35+00:00","mainEntityOfPage":{"@id":"https:\/\/www.covb.cat\/es\/actualitat\/noticies\/alertas\/actualizacion-de-la-situacion-de-la-dermatosis-nodular-contagiosa-en-francia-e-italia\/"},"wordCount":247,"publisher":{"@id":"https:\/\/www.covb.cat\/es\/#organization"},"image":{"@id":"https:\/\/www.covb.cat\/es\/actualitat\/noticies\/alertas\/actualizacion-de-la-situacion-de-la-dermatosis-nodular-contagiosa-en-francia-e-italia\/#primaryimage"},"thumbnailUrl":"https:\/\/www.covb.cat\/wp-content\/uploads\/2025\/09\/Dermatosis-nodular-WEB.jpg","articleSection":["Alertas","Alertes"],"inLanguage":"es"},{"@type":"WebPage","@id":"https:\/\/www.covb.cat\/es\/actualitat\/noticies\/alertas\/actualizacion-de-la-situacion-de-la-dermatosis-nodular-contagiosa-en-francia-e-italia\/","url":"https:\/\/www.covb.cat\/es\/actualitat\/noticies\/alertas\/actualizacion-de-la-situacion-de-la-dermatosis-nodular-contagiosa-en-francia-e-italia\/","name":"Actualizaci\u00f3n de la situaci\u00f3n de la Dermatosis Nodular Contagiosa en Francia e Italia - COVB - Col\u00b7legi Oficial de Veterinaris de Barcelona","isPartOf":{"@id":"https:\/\/www.covb.cat\/es\/#website"},"primaryImageOfPage":{"@id":"https:\/\/www.covb.cat\/es\/actualitat\/noticies\/alertas\/actualizacion-de-la-situacion-de-la-dermatosis-nodular-contagiosa-en-francia-e-italia\/#primaryimage"},"image":{"@id":"https:\/\/www.covb.cat\/es\/actualitat\/noticies\/alertas\/actualizacion-de-la-situacion-de-la-dermatosis-nodular-contagiosa-en-francia-e-italia\/#primaryimage"},"thumbnailUrl":"https:\/\/www.covb.cat\/wp-content\/uploads\/2025\/09\/Dermatosis-nodular-WEB.jpg","datePublished":"2025-09-05T06:00:35+00:00","description":"Seg\u00fan la comunicaci\u00f3n emitida por el MAPA el 7 de agosto de 2025, se han notificado nuevos focos de Dermatosis Nodular Contagiosa (DNC) en Francia e","breadcrumb":{"@id":"https:\/\/www.covb.cat\/es\/actualitat\/noticies\/alertas\/actualizacion-de-la-situacion-de-la-dermatosis-nodular-contagiosa-en-francia-e-italia\/#breadcrumb"},"inLanguage":"es","potentialAction":[{"@type":"ReadAction","target":["https:\/\/www.covb.cat\/es\/actualitat\/noticies\/alertas\/actualizacion-de-la-situacion-de-la-dermatosis-nodular-contagiosa-en-francia-e-italia\/"]}]},{"@type":"ImageObject","inLanguage":"es","@id":"https:\/\/www.covb.cat\/es\/actualitat\/noticies\/alertas\/actualizacion-de-la-situacion-de-la-dermatosis-nodular-contagiosa-en-francia-e-italia\/#primaryimage","url":"https:\/\/www.covb.cat\/wp-content\/uploads\/2025\/09\/Dermatosis-nodular-WEB.jpg","contentUrl":"https:\/\/www.covb.cat\/wp-content\/uploads\/2025\/09\/Dermatosis-nodular-WEB.jpg","width":1200,"height":800},{"@type":"BreadcrumbList","@id":"https:\/\/www.covb.cat\/es\/actualitat\/noticies\/alertas\/actualizacion-de-la-situacion-de-la-dermatosis-nodular-contagiosa-en-francia-e-italia\/#breadcrumb","itemListElement":[{"@type":"ListItem","position":1,"name":"Inici","item":"https:\/\/www.covb.cat\/es\/"},{"@type":"ListItem","position":2,"name":"Actualizaci\u00f3n de la situaci\u00f3n de la Dermatosis Nodular Contagiosa en Francia e Italia"}]},{"@type":"WebSite","@id":"https:\/\/www.covb.cat\/es\/#website","url":"https:\/\/www.covb.cat\/es\/","name":"COVB","description":"Col\u00b7legi Oficial de Veterinaris de Barcelona","publisher":{"@id":"https:\/\/www.covb.cat\/es\/#organization"},"potentialAction":[{"@type":"SearchAction","target":{"@type":"EntryPoint","urlTemplate":"https:\/\/www.covb.cat\/es\/?s={search_term_string}"},"query-input":{"@type":"PropertyValueSpecification","valueRequired":true,"valueName":"search_term_string"}}],"inLanguage":"es"},{"@type":"Organization","@id":"https:\/\/www.covb.cat\/es\/#organization","name":"COVB","url":"https:\/\/www.covb.cat\/es\/","logo":{"@type":"ImageObject","inLanguage":"es","@id":"https:\/\/www.covb.cat\/es\/#\/schema\/logo\/image\/","url":"https:\/\/www.covb.cat\/wp-content\/uploads\/2018\/07\/favicon-covb.png","contentUrl":"https:\/\/www.covb.cat\/wp-content\/uploads\/2018\/07\/favicon-covb.png","width":512,"height":512,"caption":"COVB"},"image":{"@id":"https:\/\/www.covb.cat\/es\/#\/schema\/logo\/image\/"},"sameAs":["https:\/\/www.facebook.com\/COVBcat\/","https:\/\/x.com\/COVBcat","https:\/\/www.youtube.com\/user\/covbcn"]},{"@type":"Person","@id":"https:\/\/www.covb.cat\/es\/#\/schema\/person\/ddc9093bc091186c194bba72ca3be5e2","name":"Ferran Alcaraz","image":{"@type":"ImageObject","inLanguage":"es","@id":"https:\/\/www.covb.cat\/es\/#\/schema\/person\/image\/","url":"https:\/\/secure.gravatar.com\/avatar\/7a7bb9e48d880990c016f59db5a666fe7ad49e90723bdbdc0acfb756246ea192?s=96&d=mm&r=g","contentUrl":"https:\/\/secure.gravatar.com\/avatar\/7a7bb9e48d880990c016f59db5a666fe7ad49e90723bdbdc0acfb756246ea192?s=96&d=mm&r=g","caption":"Ferran Alcaraz"}}]}},"jetpack_featured_media_url":"https:\/\/www.covb.cat\/wp-content\/uploads\/2025\/09\/Dermatosis-nodular-WEB.jpg","jetpack_sharing_enabled":true,"_links":{"self":[{"href":"https:\/\/www.covb.cat\/es\/wp-json\/wp\/v2\/posts\/60210","targetHints":{"allow":["GET"]}}],"collection":[{"href":"https:\/\/www.covb.cat\/es\/wp-json\/wp\/v2\/posts"}],"about":[{"href":"https:\/\/www.covb.cat\/es\/wp-json\/wp\/v2\/types\/post"}],"author":[{"embeddable":true,"href":"https:\/\/www.covb.cat\/es\/wp-json\/wp\/v2\/users\/2985"}],"replies":[{"embeddable":true,"href":"https:\/\/www.covb.cat\/es\/wp-json\/wp\/v2\/comments?post=60210"}],"version-history":[{"count":1,"href":"https:\/\/www.covb.cat\/es\/wp-json\/wp\/v2\/posts\/60210\/revisions"}],"predecessor-version":[{"id":60211,"href":"https:\/\/www.covb.cat\/es\/wp-json\/wp\/v2\/posts\/60210\/revisions\/60211"}],"wp:featuredmedia":[{"embeddable":true,"href":"https:\/\/www.covb.cat\/es\/wp-json\/wp\/v2\/media\/60208"}],"wp:attachment":[{"href":"https:\/\/www.covb.cat\/es\/wp-json\/wp\/v2\/media?parent=60210"}],"wp:term":[{"taxonomy":"category","embeddable":true,"href":"https:\/\/www.covb.cat\/es\/wp-json\/wp\/v2\/categories?post=60210"},{"taxonomy":"post_tag","embeddable":true,"href":"https:\/\/www.covb.cat\/es\/wp-json\/wp\/v2\/tags?post=60210"}],"curies":[{"name":"wp","href":"https:\/\/api.w.org\/{rel}","templated":true}]}}