{"id":59990,"date":"2025-08-29T08:00:37","date_gmt":"2025-08-29T06:00:37","guid":{"rendered":"https:\/\/www.covb.cat\/?p=59990"},"modified":"2025-08-27T12:21:56","modified_gmt":"2025-08-27T10:21:56","slug":"detectado-un-caso-de-influenza-aviar-h5n1-en-los-aiguamolls-de-lemporda","status":"publish","type":"post","link":"https:\/\/www.covb.cat\/es\/actualitat\/noticies\/alertas\/detectado-un-caso-de-influenza-aviar-h5n1-en-los-aiguamolls-de-lemporda\/","title":{"rendered":"Detectado un caso de influenza aviar H5N1 en los Aiguamolls de l\u2019Empord\u00e0"},"content":{"rendered":"<p>El <strong>22 de agosto de 2025<\/strong>, el Laboratorio Nacional de Referencia de Algete ha confirmado la detecci\u00f3n del virus de la <strong>influenza aviar de alta patogenicidad (IAAP), subtipo H5N1<\/strong>, en una <strong>cig\u00fce\u00f1a (Ciconia ciconia)<\/strong> localizada en el <strong>Parc Natural dels Aiguamolls de l\u2019Empord\u00e0 (Castell\u00f3 d\u2019Emp\u00faries, Alt Empord\u00e0)<\/strong>.<\/p>\n<p><strong>Datos del caso:<\/strong><\/p>\n<ul>\n<li>Fecha toma de muestras: 11\/08\/2025<\/li>\n<li>Resultado IRTA-CReSA: positivo PCR IA H5<\/li>\n<li>Resultado LNR Algete: positivo IA H5N1 de alta patogenicidad<\/li>\n<\/ul>\n<p><strong>Medidas adoptadas:<\/strong><br \/>\nAunque no se trata de una medida obligatoria, se ha establecido:<\/p>\n<ul>\n<li><strong>Zona de control (3 km)<\/strong> y <strong>zona de seguimiento (3-10 km)<\/strong> alrededor de la localizaci\u00f3n.<\/li>\n<li>Aplicaci\u00f3n de las medidas de prevenci\u00f3n establecidas en el <strong>art\u00edculo 5.1 de la Orden APA\/2442\/2006<\/strong>, entre ellas:\n<ul>\n<li>Prohibici\u00f3n de uso de aves anseriformes y charadriiformes como reclamos de caza.<\/li>\n<li>Prohibici\u00f3n de cr\u00eda conjunta de patos y gansos con otras aves de corral.<\/li>\n<li>Prohibici\u00f3n de mantener aves de corral al aire libre sin sistemas de protecci\u00f3n.<\/li>\n<li>Restricciones sobre el uso de agua no tratada accesible a aves silvestres.<\/li>\n<li>Prohibici\u00f3n de presencia de aves de corral en cert\u00e1menes, muestras y exhibiciones.<\/li>\n<\/ul>\n<\/li>\n<\/ul>\n<p>Adem\u00e1s, se han realizado <strong>visitas de control en explotaciones av\u00edcolas<\/strong> de la zona para inspeccionar las aves y comprobar las medidas de bioseguridad. El cuerpo de <strong>Agents Rurals<\/strong> ha intensificado la vigilancia pasiva en aves y mam\u00edferos carn\u00edvoros para retirar lo antes posible posibles cad\u00e1veres y evitar la dispersi\u00f3n del virus.<\/p>\n<p><strong>Recordatorio a veterinarios y titulares de explotaci\u00f3n:<\/strong><br \/>\nEs obligatorio notificar de inmediato a la <strong>Oficina Comarcal del DARPA<\/strong> cualquier sospecha de influenza aviar ante signos como:<\/p>\n<ul>\n<li>Disminuci\u00f3n del consumo de pienso\/agua &gt;20%<\/li>\n<li>Descenso en la puesta &gt;5% durante m\u00e1s de 2 d\u00edas consecutivos<\/li>\n<li>Mortalidad &gt;3% durante una semana<\/li>\n<li>Signos cl\u00ednicos o lesiones compatibles (tos, estornudos, descargas, anorexia, cianosis, edema facial, diarrea, s\u00edntomas nerviosos, hemorragias, etc.)<\/li>\n<\/ul>\n<p>Documentos \u00fatiles:<\/p>\n<ul>\n<li><a href=\"https:\/\/agricultura.gencat.cat\/web\/.content\/07-ramaderia\/sanitat-animal\/influenca-aviaria\/enllacos-documents\/fitxers-binaris\/stop_influenca_aviaria.pdf\">Medidas de bioseguridad en explotaciones av\u00edcolas (d\u00edptico Stop Influenza Aviar)<\/a><\/li>\n<li><a href=\"https:\/\/agricultura.gencat.cat\">Informaci\u00f3n en la web del DARPA<\/a><\/li>\n<\/ul>\n<p>Para cualquier consulta: <strong><a href=\"mailto:sanitatanimal.agricultura@gencat.cat\">sanitatanimal.agricultura@gencat.cat<\/a> <\/strong><\/p>\n","protected":false},"excerpt":{"rendered":"<p>El 22 de agosto de 2025, el Laboratorio Nacional de Referencia de Algete ha confirmado la detecci\u00f3n del virus de la influenza aviar de alta patogenicidad (IAAP), subtipo H5N1, en una cig\u00fce\u00f1a (Ciconia ciconia) localizada en el Parc Natural dels Aiguamolls de l\u2019Empord\u00e0 (Castell\u00f3 d\u2019Emp\u00faries, Alt Empord\u00e0). Datos del caso: Fecha toma de muestras: 11\/08\/2025 [&hellip;]<\/p>\n","protected":false},"author":2985,"featured_media":59988,"comment_status":"closed","ping_status":"closed","sticky":false,"template":"","format":"standard","meta":{"_monsterinsights_skip_tracking":false,"_monsterinsights_sitenote_active":false,"_monsterinsights_sitenote_note":"","_monsterinsights_sitenote_category":0,"_jetpack_memberships_contains_paid_content":false,"footnotes":""},"categories":[156,409,17],"tags":[],"class_list":["post-59990","post","type-post","status-publish","format-standard","has-post-thumbnail","hentry","category-alertas","category-alertes-es","category-general"],"yoast_head":"<!-- This site is optimized with the Yoast SEO plugin v27.0 - https:\/\/yoast.com\/product\/yoast-seo-wordpress\/ -->\n<title>Detectado un caso de influenza aviar H5N1 en los Aiguamolls de l\u2019Empord\u00e0 - COVB - Col\u00b7legi Oficial de Veterinaris de Barcelona<\/title>\n<meta name=\"description\" content=\"El 22 de agosto de 2025, el Laboratorio Nacional de Referencia de Algete ha confirmado la detecci\u00f3n del virus de la influenza aviar de alta patogenicidad\" \/>\n<meta name=\"robots\" content=\"index, follow, max-snippet:-1, max-image-preview:large, max-video-preview:-1\" \/>\n<link rel=\"canonical\" href=\"https:\/\/www.covb.cat\/es\/actualitat\/noticies\/alertas\/detectado-un-caso-de-influenza-aviar-h5n1-en-los-aiguamolls-de-lemporda\/\" \/>\n<meta property=\"og:locale\" content=\"es_ES\" \/>\n<meta property=\"og:type\" content=\"article\" \/>\n<meta property=\"og:title\" content=\"Detectado un caso de influenza aviar H5N1 en los Aiguamolls de l\u2019Empord\u00e0 - COVB - Col\u00b7legi Oficial de Veterinaris de Barcelona\" \/>\n<meta property=\"og:description\" content=\"El 22 de agosto de 2025, el Laboratorio Nacional de Referencia de Algete ha confirmado la detecci\u00f3n del virus de la influenza aviar de alta patogenicidad\" \/>\n<meta property=\"og:url\" content=\"https:\/\/www.covb.cat\/es\/actualitat\/noticies\/alertas\/detectado-un-caso-de-influenza-aviar-h5n1-en-los-aiguamolls-de-lemporda\/\" \/>\n<meta property=\"og:site_name\" content=\"COVB\" \/>\n<meta property=\"article:publisher\" content=\"https:\/\/www.facebook.com\/COVBcat\/\" \/>\n<meta property=\"article:published_time\" content=\"2025-08-29T06:00:37+00:00\" \/>\n<meta property=\"og:image\" content=\"https:\/\/www.covb.cat\/wp-content\/uploads\/2025\/08\/Alerta-IAAP-H5N1-WEB.jpg\" \/>\n\t<meta property=\"og:image:width\" content=\"1200\" \/>\n\t<meta property=\"og:image:height\" content=\"800\" \/>\n\t<meta property=\"og:image:type\" content=\"image\/jpeg\" \/>\n<meta name=\"author\" content=\"Ferran Alcaraz\" \/>\n<meta name=\"twitter:card\" content=\"summary_large_image\" \/>\n<meta name=\"twitter:creator\" content=\"@COVBcat\" \/>\n<meta name=\"twitter:site\" content=\"@COVBcat\" \/>\n<meta name=\"twitter:label1\" content=\"Escrito por\" \/>\n\t<meta name=\"twitter:data1\" content=\"Ferran Alcaraz\" \/>\n\t<meta name=\"twitter:label2\" content=\"Tiempo de lectura\" \/>\n\t<meta name=\"twitter:data2\" content=\"2 minutos\" \/>\n<script type=\"application\/ld+json\" class=\"yoast-schema-graph\">{\"@context\":\"https:\/\/schema.org\",\"@graph\":[{\"@type\":\"Article\",\"@id\":\"https:\/\/www.covb.cat\/es\/actualitat\/noticies\/alertas\/detectado-un-caso-de-influenza-aviar-h5n1-en-los-aiguamolls-de-lemporda\/#article\",\"isPartOf\":{\"@id\":\"https:\/\/www.covb.cat\/es\/actualitat\/noticies\/alertas\/detectado-un-caso-de-influenza-aviar-h5n1-en-los-aiguamolls-de-lemporda\/\"},\"author\":{\"name\":\"Ferran Alcaraz\",\"@id\":\"https:\/\/www.covb.cat\/es\/#\/schema\/person\/ddc9093bc091186c194bba72ca3be5e2\"},\"headline\":\"Detectado un caso de influenza aviar H5N1 en los Aiguamolls de l\u2019Empord\u00e0\",\"datePublished\":\"2025-08-29T06:00:37+00:00\",\"mainEntityOfPage\":{\"@id\":\"https:\/\/www.covb.cat\/es\/actualitat\/noticies\/alertas\/detectado-un-caso-de-influenza-aviar-h5n1-en-los-aiguamolls-de-lemporda\/\"},\"wordCount\":361,\"publisher\":{\"@id\":\"https:\/\/www.covb.cat\/es\/#organization\"},\"image\":{\"@id\":\"https:\/\/www.covb.cat\/es\/actualitat\/noticies\/alertas\/detectado-un-caso-de-influenza-aviar-h5n1-en-los-aiguamolls-de-lemporda\/#primaryimage\"},\"thumbnailUrl\":\"https:\/\/www.covb.cat\/wp-content\/uploads\/2025\/08\/Alerta-IAAP-H5N1-WEB.jpg\",\"articleSection\":[\"Alertas\",\"Alertes\",\"General\"],\"inLanguage\":\"es\"},{\"@type\":\"WebPage\",\"@id\":\"https:\/\/www.covb.cat\/es\/actualitat\/noticies\/alertas\/detectado-un-caso-de-influenza-aviar-h5n1-en-los-aiguamolls-de-lemporda\/\",\"url\":\"https:\/\/www.covb.cat\/es\/actualitat\/noticies\/alertas\/detectado-un-caso-de-influenza-aviar-h5n1-en-los-aiguamolls-de-lemporda\/\",\"name\":\"Detectado un caso de influenza aviar H5N1 en los Aiguamolls de l\u2019Empord\u00e0 - COVB - Col\u00b7legi Oficial de Veterinaris de Barcelona\",\"isPartOf\":{\"@id\":\"https:\/\/www.covb.cat\/es\/#website\"},\"primaryImageOfPage\":{\"@id\":\"https:\/\/www.covb.cat\/es\/actualitat\/noticies\/alertas\/detectado-un-caso-de-influenza-aviar-h5n1-en-los-aiguamolls-de-lemporda\/#primaryimage\"},\"image\":{\"@id\":\"https:\/\/www.covb.cat\/es\/actualitat\/noticies\/alertas\/detectado-un-caso-de-influenza-aviar-h5n1-en-los-aiguamolls-de-lemporda\/#primaryimage\"},\"thumbnailUrl\":\"https:\/\/www.covb.cat\/wp-content\/uploads\/2025\/08\/Alerta-IAAP-H5N1-WEB.jpg\",\"datePublished\":\"2025-08-29T06:00:37+00:00\",\"description\":\"El 22 de agosto de 2025, el Laboratorio Nacional de Referencia de Algete ha confirmado la detecci\u00f3n del virus de la influenza aviar de alta patogenicidad\",\"breadcrumb\":{\"@id\":\"https:\/\/www.covb.cat\/es\/actualitat\/noticies\/alertas\/detectado-un-caso-de-influenza-aviar-h5n1-en-los-aiguamolls-de-lemporda\/#breadcrumb\"},\"inLanguage\":\"es\",\"potentialAction\":[{\"@type\":\"ReadAction\",\"target\":[\"https:\/\/www.covb.cat\/es\/actualitat\/noticies\/alertas\/detectado-un-caso-de-influenza-aviar-h5n1-en-los-aiguamolls-de-lemporda\/\"]}]},{\"@type\":\"ImageObject\",\"inLanguage\":\"es\",\"@id\":\"https:\/\/www.covb.cat\/es\/actualitat\/noticies\/alertas\/detectado-un-caso-de-influenza-aviar-h5n1-en-los-aiguamolls-de-lemporda\/#primaryimage\",\"url\":\"https:\/\/www.covb.cat\/wp-content\/uploads\/2025\/08\/Alerta-IAAP-H5N1-WEB.jpg\",\"contentUrl\":\"https:\/\/www.covb.cat\/wp-content\/uploads\/2025\/08\/Alerta-IAAP-H5N1-WEB.jpg\",\"width\":1200,\"height\":800},{\"@type\":\"BreadcrumbList\",\"@id\":\"https:\/\/www.covb.cat\/es\/actualitat\/noticies\/alertas\/detectado-un-caso-de-influenza-aviar-h5n1-en-los-aiguamolls-de-lemporda\/#breadcrumb\",\"itemListElement\":[{\"@type\":\"ListItem\",\"position\":1,\"name\":\"Inici\",\"item\":\"https:\/\/www.covb.cat\/es\/\"},{\"@type\":\"ListItem\",\"position\":2,\"name\":\"Detectado un caso de influenza aviar H5N1 en los Aiguamolls de l\u2019Empord\u00e0\"}]},{\"@type\":\"WebSite\",\"@id\":\"https:\/\/www.covb.cat\/es\/#website\",\"url\":\"https:\/\/www.covb.cat\/es\/\",\"name\":\"COVB\",\"description\":\"Col\u00b7legi Oficial de Veterinaris de Barcelona\",\"publisher\":{\"@id\":\"https:\/\/www.covb.cat\/es\/#organization\"},\"potentialAction\":[{\"@type\":\"SearchAction\",\"target\":{\"@type\":\"EntryPoint\",\"urlTemplate\":\"https:\/\/www.covb.cat\/es\/?s={search_term_string}\"},\"query-input\":{\"@type\":\"PropertyValueSpecification\",\"valueRequired\":true,\"valueName\":\"search_term_string\"}}],\"inLanguage\":\"es\"},{\"@type\":\"Organization\",\"@id\":\"https:\/\/www.covb.cat\/es\/#organization\",\"name\":\"COVB\",\"url\":\"https:\/\/www.covb.cat\/es\/\",\"logo\":{\"@type\":\"ImageObject\",\"inLanguage\":\"es\",\"@id\":\"https:\/\/www.covb.cat\/es\/#\/schema\/logo\/image\/\",\"url\":\"https:\/\/www.covb.cat\/wp-content\/uploads\/2018\/07\/favicon-covb.png\",\"contentUrl\":\"https:\/\/www.covb.cat\/wp-content\/uploads\/2018\/07\/favicon-covb.png\",\"width\":512,\"height\":512,\"caption\":\"COVB\"},\"image\":{\"@id\":\"https:\/\/www.covb.cat\/es\/#\/schema\/logo\/image\/\"},\"sameAs\":[\"https:\/\/www.facebook.com\/COVBcat\/\",\"https:\/\/x.com\/COVBcat\",\"https:\/\/www.youtube.com\/user\/covbcn\"]},{\"@type\":\"Person\",\"@id\":\"https:\/\/www.covb.cat\/es\/#\/schema\/person\/ddc9093bc091186c194bba72ca3be5e2\",\"name\":\"Ferran Alcaraz\",\"image\":{\"@type\":\"ImageObject\",\"inLanguage\":\"es\",\"@id\":\"https:\/\/www.covb.cat\/es\/#\/schema\/person\/image\/\",\"url\":\"https:\/\/secure.gravatar.com\/avatar\/7a7bb9e48d880990c016f59db5a666fe7ad49e90723bdbdc0acfb756246ea192?s=96&d=mm&r=g\",\"contentUrl\":\"https:\/\/secure.gravatar.com\/avatar\/7a7bb9e48d880990c016f59db5a666fe7ad49e90723bdbdc0acfb756246ea192?s=96&d=mm&r=g\",\"caption\":\"Ferran Alcaraz\"}}]}<\/script>\n<!-- \/ Yoast SEO plugin. -->","yoast_head_json":{"title":"Detectado un caso de influenza aviar H5N1 en los Aiguamolls de l\u2019Empord\u00e0 - COVB - Col\u00b7legi Oficial de Veterinaris de Barcelona","description":"El 22 de agosto de 2025, el Laboratorio Nacional de Referencia de Algete ha confirmado la detecci\u00f3n del virus de la influenza aviar de alta patogenicidad","robots":{"index":"index","follow":"follow","max-snippet":"max-snippet:-1","max-image-preview":"max-image-preview:large","max-video-preview":"max-video-preview:-1"},"canonical":"https:\/\/www.covb.cat\/es\/actualitat\/noticies\/alertas\/detectado-un-caso-de-influenza-aviar-h5n1-en-los-aiguamolls-de-lemporda\/","og_locale":"es_ES","og_type":"article","og_title":"Detectado un caso de influenza aviar H5N1 en los Aiguamolls de l\u2019Empord\u00e0 - COVB - Col\u00b7legi Oficial de Veterinaris de Barcelona","og_description":"El 22 de agosto de 2025, el Laboratorio Nacional de Referencia de Algete ha confirmado la detecci\u00f3n del virus de la influenza aviar de alta patogenicidad","og_url":"https:\/\/www.covb.cat\/es\/actualitat\/noticies\/alertas\/detectado-un-caso-de-influenza-aviar-h5n1-en-los-aiguamolls-de-lemporda\/","og_site_name":"COVB","article_publisher":"https:\/\/www.facebook.com\/COVBcat\/","article_published_time":"2025-08-29T06:00:37+00:00","og_image":[{"width":1200,"height":800,"url":"https:\/\/www.covb.cat\/wp-content\/uploads\/2025\/08\/Alerta-IAAP-H5N1-WEB.jpg","type":"image\/jpeg"}],"author":"Ferran Alcaraz","twitter_card":"summary_large_image","twitter_creator":"@COVBcat","twitter_site":"@COVBcat","twitter_misc":{"Escrito por":"Ferran Alcaraz","Tiempo de lectura":"2 minutos"},"schema":{"@context":"https:\/\/schema.org","@graph":[{"@type":"Article","@id":"https:\/\/www.covb.cat\/es\/actualitat\/noticies\/alertas\/detectado-un-caso-de-influenza-aviar-h5n1-en-los-aiguamolls-de-lemporda\/#article","isPartOf":{"@id":"https:\/\/www.covb.cat\/es\/actualitat\/noticies\/alertas\/detectado-un-caso-de-influenza-aviar-h5n1-en-los-aiguamolls-de-lemporda\/"},"author":{"name":"Ferran Alcaraz","@id":"https:\/\/www.covb.cat\/es\/#\/schema\/person\/ddc9093bc091186c194bba72ca3be5e2"},"headline":"Detectado un caso de influenza aviar H5N1 en los Aiguamolls de l\u2019Empord\u00e0","datePublished":"2025-08-29T06:00:37+00:00","mainEntityOfPage":{"@id":"https:\/\/www.covb.cat\/es\/actualitat\/noticies\/alertas\/detectado-un-caso-de-influenza-aviar-h5n1-en-los-aiguamolls-de-lemporda\/"},"wordCount":361,"publisher":{"@id":"https:\/\/www.covb.cat\/es\/#organization"},"image":{"@id":"https:\/\/www.covb.cat\/es\/actualitat\/noticies\/alertas\/detectado-un-caso-de-influenza-aviar-h5n1-en-los-aiguamolls-de-lemporda\/#primaryimage"},"thumbnailUrl":"https:\/\/www.covb.cat\/wp-content\/uploads\/2025\/08\/Alerta-IAAP-H5N1-WEB.jpg","articleSection":["Alertas","Alertes","General"],"inLanguage":"es"},{"@type":"WebPage","@id":"https:\/\/www.covb.cat\/es\/actualitat\/noticies\/alertas\/detectado-un-caso-de-influenza-aviar-h5n1-en-los-aiguamolls-de-lemporda\/","url":"https:\/\/www.covb.cat\/es\/actualitat\/noticies\/alertas\/detectado-un-caso-de-influenza-aviar-h5n1-en-los-aiguamolls-de-lemporda\/","name":"Detectado un caso de influenza aviar H5N1 en los Aiguamolls de l\u2019Empord\u00e0 - COVB - Col\u00b7legi Oficial de Veterinaris de Barcelona","isPartOf":{"@id":"https:\/\/www.covb.cat\/es\/#website"},"primaryImageOfPage":{"@id":"https:\/\/www.covb.cat\/es\/actualitat\/noticies\/alertas\/detectado-un-caso-de-influenza-aviar-h5n1-en-los-aiguamolls-de-lemporda\/#primaryimage"},"image":{"@id":"https:\/\/www.covb.cat\/es\/actualitat\/noticies\/alertas\/detectado-un-caso-de-influenza-aviar-h5n1-en-los-aiguamolls-de-lemporda\/#primaryimage"},"thumbnailUrl":"https:\/\/www.covb.cat\/wp-content\/uploads\/2025\/08\/Alerta-IAAP-H5N1-WEB.jpg","datePublished":"2025-08-29T06:00:37+00:00","description":"El 22 de agosto de 2025, el Laboratorio Nacional de Referencia de Algete ha confirmado la detecci\u00f3n del virus de la influenza aviar de alta patogenicidad","breadcrumb":{"@id":"https:\/\/www.covb.cat\/es\/actualitat\/noticies\/alertas\/detectado-un-caso-de-influenza-aviar-h5n1-en-los-aiguamolls-de-lemporda\/#breadcrumb"},"inLanguage":"es","potentialAction":[{"@type":"ReadAction","target":["https:\/\/www.covb.cat\/es\/actualitat\/noticies\/alertas\/detectado-un-caso-de-influenza-aviar-h5n1-en-los-aiguamolls-de-lemporda\/"]}]},{"@type":"ImageObject","inLanguage":"es","@id":"https:\/\/www.covb.cat\/es\/actualitat\/noticies\/alertas\/detectado-un-caso-de-influenza-aviar-h5n1-en-los-aiguamolls-de-lemporda\/#primaryimage","url":"https:\/\/www.covb.cat\/wp-content\/uploads\/2025\/08\/Alerta-IAAP-H5N1-WEB.jpg","contentUrl":"https:\/\/www.covb.cat\/wp-content\/uploads\/2025\/08\/Alerta-IAAP-H5N1-WEB.jpg","width":1200,"height":800},{"@type":"BreadcrumbList","@id":"https:\/\/www.covb.cat\/es\/actualitat\/noticies\/alertas\/detectado-un-caso-de-influenza-aviar-h5n1-en-los-aiguamolls-de-lemporda\/#breadcrumb","itemListElement":[{"@type":"ListItem","position":1,"name":"Inici","item":"https:\/\/www.covb.cat\/es\/"},{"@type":"ListItem","position":2,"name":"Detectado un caso de influenza aviar H5N1 en los Aiguamolls de l\u2019Empord\u00e0"}]},{"@type":"WebSite","@id":"https:\/\/www.covb.cat\/es\/#website","url":"https:\/\/www.covb.cat\/es\/","name":"COVB","description":"Col\u00b7legi Oficial de Veterinaris de Barcelona","publisher":{"@id":"https:\/\/www.covb.cat\/es\/#organization"},"potentialAction":[{"@type":"SearchAction","target":{"@type":"EntryPoint","urlTemplate":"https:\/\/www.covb.cat\/es\/?s={search_term_string}"},"query-input":{"@type":"PropertyValueSpecification","valueRequired":true,"valueName":"search_term_string"}}],"inLanguage":"es"},{"@type":"Organization","@id":"https:\/\/www.covb.cat\/es\/#organization","name":"COVB","url":"https:\/\/www.covb.cat\/es\/","logo":{"@type":"ImageObject","inLanguage":"es","@id":"https:\/\/www.covb.cat\/es\/#\/schema\/logo\/image\/","url":"https:\/\/www.covb.cat\/wp-content\/uploads\/2018\/07\/favicon-covb.png","contentUrl":"https:\/\/www.covb.cat\/wp-content\/uploads\/2018\/07\/favicon-covb.png","width":512,"height":512,"caption":"COVB"},"image":{"@id":"https:\/\/www.covb.cat\/es\/#\/schema\/logo\/image\/"},"sameAs":["https:\/\/www.facebook.com\/COVBcat\/","https:\/\/x.com\/COVBcat","https:\/\/www.youtube.com\/user\/covbcn"]},{"@type":"Person","@id":"https:\/\/www.covb.cat\/es\/#\/schema\/person\/ddc9093bc091186c194bba72ca3be5e2","name":"Ferran Alcaraz","image":{"@type":"ImageObject","inLanguage":"es","@id":"https:\/\/www.covb.cat\/es\/#\/schema\/person\/image\/","url":"https:\/\/secure.gravatar.com\/avatar\/7a7bb9e48d880990c016f59db5a666fe7ad49e90723bdbdc0acfb756246ea192?s=96&d=mm&r=g","contentUrl":"https:\/\/secure.gravatar.com\/avatar\/7a7bb9e48d880990c016f59db5a666fe7ad49e90723bdbdc0acfb756246ea192?s=96&d=mm&r=g","caption":"Ferran Alcaraz"}}]}},"jetpack_featured_media_url":"https:\/\/www.covb.cat\/wp-content\/uploads\/2025\/08\/Alerta-IAAP-H5N1-WEB.jpg","jetpack_sharing_enabled":true,"_links":{"self":[{"href":"https:\/\/www.covb.cat\/es\/wp-json\/wp\/v2\/posts\/59990","targetHints":{"allow":["GET"]}}],"collection":[{"href":"https:\/\/www.covb.cat\/es\/wp-json\/wp\/v2\/posts"}],"about":[{"href":"https:\/\/www.covb.cat\/es\/wp-json\/wp\/v2\/types\/post"}],"author":[{"embeddable":true,"href":"https:\/\/www.covb.cat\/es\/wp-json\/wp\/v2\/users\/2985"}],"replies":[{"embeddable":true,"href":"https:\/\/www.covb.cat\/es\/wp-json\/wp\/v2\/comments?post=59990"}],"version-history":[{"count":1,"href":"https:\/\/www.covb.cat\/es\/wp-json\/wp\/v2\/posts\/59990\/revisions"}],"predecessor-version":[{"id":59991,"href":"https:\/\/www.covb.cat\/es\/wp-json\/wp\/v2\/posts\/59990\/revisions\/59991"}],"wp:featuredmedia":[{"embeddable":true,"href":"https:\/\/www.covb.cat\/es\/wp-json\/wp\/v2\/media\/59988"}],"wp:attachment":[{"href":"https:\/\/www.covb.cat\/es\/wp-json\/wp\/v2\/media?parent=59990"}],"wp:term":[{"taxonomy":"category","embeddable":true,"href":"https:\/\/www.covb.cat\/es\/wp-json\/wp\/v2\/categories?post=59990"},{"taxonomy":"post_tag","embeddable":true,"href":"https:\/\/www.covb.cat\/es\/wp-json\/wp\/v2\/tags?post=59990"}],"curies":[{"name":"wp","href":"https:\/\/api.w.org\/{rel}","templated":true}]}}