{"id":58667,"date":"2025-07-11T11:21:07","date_gmt":"2025-07-11T09:21:07","guid":{"rendered":"https:\/\/www.covb.cat\/?p=58667"},"modified":"2025-07-11T14:49:28","modified_gmt":"2025-07-11T12:49:28","slug":"el-ccvc-traslada-las-problematicas-alrededor-del-rd-666-2023-a-la-direccio-general-dordenacio-i-regulacio-sanitaria","status":"publish","type":"post","link":"https:\/\/www.covb.cat\/es\/actualitat\/noticies\/general\/el-ccvc-traslada-las-problematicas-alrededor-del-rd-666-2023-a-la-direccio-general-dordenacio-i-regulacio-sanitaria\/","title":{"rendered":"El CCVC traslada las problem\u00e1ticas alrededor del RD 666\/2023 a la Direcci\u00f3 General d\u2019Ordenaci\u00f3 i Regulaci\u00f3 Sanit\u00e0ria"},"content":{"rendered":"<p>Una representaci\u00f3n del Consell encabezada por la presidenta, Ver\u00f3nica Araunabe\u00f1a, se reuni\u00f3 el 9 de julio con la directora general de Ordenaci\u00f3n y Regulaci\u00f3n Sanitaria, Clara Pareja, y el subdirector general de Ordenaci\u00f3n y Calidad Sanitarias y Farmac\u00e9uticas, Manel Rabanal, los dos del Departamento de Salud de la Generalitat de Catalu\u00f1a. El motivo principal de la reuni\u00f3n era exponer los principales problemas que afronta el colectivo veterinario a ra\u00edz de la entrada en vigor del Real Decreto 666\/2023, que regula la distribuci\u00f3n, prescripci\u00f3n, dispensaci\u00f3n y uso de medicamentos veterinarios. Se present\u00f3 las demandas de modificaci\u00f3n de este decreto y las alegaciones formuladas al borrador de la Ley del Medicamento.<\/p>\n<p>A la reuni\u00f3n, asistieron, tambi\u00e9n, el vicepresidente, Joan Mesi\u00e0; el vocal por Lleida, Miquel Molins, y la directora del Departamento de Gesti\u00f3n T\u00e9cnica, Anna Villano.<\/p>\n<p>En el encuentro, la presidenta del CCVC destac\u00f3 que, actualmente, solo el 20% de los medicamentos veterinarios tienen fichas t\u00e9cnicas ajustadas a la pr\u00e1ctica cl\u00ednica diaria; el 80% son prescripciones excepcionales. \u00abLas fichas t\u00e9cnicas est\u00e1n obsoletas; no podemos ejercer con un 80% de excepcionalidad\u00bb, se\u00f1al\u00f3. Por otro lado, puso de manifiesto la necesidad que los veterinarios puedan dispensar el tratamiento completo a sus pacientes, tal como se permite hacer a la mayor\u00eda de los pa\u00edses europeos; esto eliminar\u00eda el uso sistem\u00e1tico de excepcionalidades.<\/p>\n<p>Tambi\u00e9n se abord\u00f3 el problema a que hacen frente los veterinarios cl\u00ednicos ambulantes en cuanto a la regulaci\u00f3n de los dep\u00f3sitos de medicamentos de uso humano. El hecho que los medicamentos veterinarios est\u00e9n registrados al Departamento de Agricultura, Ganader\u00eda, Pesca y Alimentaci\u00f3n como botiqu\u00edn y los medicamentos para uso humano hospitalario dependen del Departamento de Salud, impide que haya una regulaci\u00f3n clara para los profesionales veterinarios ambulantes. En relaci\u00f3n con esto, Rabanal explic\u00f3 que, a pesar de que la Ley de ordenaci\u00f3n farmac\u00e9utica prev\u00e9 la figura de los dep\u00f3sitos de medicamentos, no existe, todav\u00eda, una normativa espec\u00edfica para los dep\u00f3sitos extrahospitalarios. Tal como anunci\u00f3 el subdirector general, a partir de septiembre se constituir\u00e1n grupos de trabajo para abordar esta cuesti\u00f3n.<\/p>\n<p>Ambas partes coincidieron en la voluntad de poner en com\u00fan las problem\u00e1ticas que detectan con el objetivo de mejorar la pr\u00e1ctica profesional diaria.<\/p>\n","protected":false},"excerpt":{"rendered":"<p>Una representaci\u00f3n del Consell encabezada por la presidenta, Ver\u00f3nica Araunabe\u00f1a, se reuni\u00f3 el 9 de julio con la directora general de Ordenaci\u00f3n y Regulaci\u00f3n Sanitaria, Clara Pareja, y el subdirector general de Ordenaci\u00f3n y Calidad Sanitarias y Farmac\u00e9uticas, Manel Rabanal, los dos del Departamento de Salud de la Generalitat de Catalu\u00f1a. El motivo principal de [&hellip;]<\/p>\n","protected":false},"author":79,"featured_media":58706,"comment_status":"closed","ping_status":"closed","sticky":false,"template":"","format":"standard","meta":{"_monsterinsights_skip_tracking":false,"_monsterinsights_sitenote_active":false,"_monsterinsights_sitenote_note":"","_monsterinsights_sitenote_category":0,"_jetpack_memberships_contains_paid_content":false,"footnotes":""},"categories":[17,342],"tags":[],"class_list":["post-58667","post","type-post","status-publish","format-standard","has-post-thumbnail","hentry","category-general","category-pequenos-animales"],"yoast_head":"<!-- This site is optimized with the Yoast SEO plugin v27.0 - https:\/\/yoast.com\/product\/yoast-seo-wordpress\/ -->\n<title>El CCVC traslada las problem\u00e1ticas alrededor del RD 666\/2023 a la Direcci\u00f3 General d\u2019Ordenaci\u00f3 i Regulaci\u00f3 Sanit\u00e0ria - COVB - Col\u00b7legi Oficial de Veterinaris de Barcelona<\/title>\n<meta name=\"description\" content=\"Una representaci\u00f3n del Consell encabezada por la presidenta, Ver\u00f3nica Araunabe\u00f1a, se reuni\u00f3 el 9 de julio con la directora general de Ordenaci\u00f3n y\" \/>\n<meta name=\"robots\" content=\"index, follow, max-snippet:-1, max-image-preview:large, max-video-preview:-1\" \/>\n<link rel=\"canonical\" href=\"https:\/\/www.covb.cat\/es\/actualitat\/noticies\/general\/el-ccvc-traslada-las-problematicas-alrededor-del-rd-666-2023-a-la-direccio-general-dordenacio-i-regulacio-sanitaria\/\" \/>\n<meta property=\"og:locale\" content=\"es_ES\" \/>\n<meta property=\"og:type\" content=\"article\" \/>\n<meta property=\"og:title\" content=\"El CCVC traslada las problem\u00e1ticas alrededor del RD 666\/2023 a la Direcci\u00f3 General d\u2019Ordenaci\u00f3 i Regulaci\u00f3 Sanit\u00e0ria - COVB - Col\u00b7legi Oficial de Veterinaris de Barcelona\" \/>\n<meta property=\"og:description\" content=\"Una representaci\u00f3n del Consell encabezada por la presidenta, Ver\u00f3nica Araunabe\u00f1a, se reuni\u00f3 el 9 de julio con la directora general de Ordenaci\u00f3n y\" \/>\n<meta property=\"og:url\" content=\"https:\/\/www.covb.cat\/es\/actualitat\/noticies\/general\/el-ccvc-traslada-las-problematicas-alrededor-del-rd-666-2023-a-la-direccio-general-dordenacio-i-regulacio-sanitaria\/\" \/>\n<meta property=\"og:site_name\" content=\"COVB\" \/>\n<meta property=\"article:publisher\" content=\"https:\/\/www.facebook.com\/COVBcat\/\" \/>\n<meta property=\"article:published_time\" content=\"2025-07-11T09:21:07+00:00\" \/>\n<meta property=\"article:modified_time\" content=\"2025-07-11T12:49:28+00:00\" \/>\n<meta property=\"og:image\" content=\"https:\/\/www.covb.cat\/wp-content\/uploads\/2025\/07\/Reunio-CCVC-sobre-RD-WEB.jpg\" \/>\n\t<meta property=\"og:image:width\" content=\"1200\" \/>\n\t<meta property=\"og:image:height\" content=\"800\" \/>\n\t<meta property=\"og:image:type\" content=\"image\/jpeg\" \/>\n<meta name=\"author\" content=\"GestioContingutsCOVB\" \/>\n<meta name=\"twitter:card\" content=\"summary_large_image\" \/>\n<meta name=\"twitter:creator\" content=\"@COVBcat\" \/>\n<meta name=\"twitter:site\" content=\"@COVBcat\" \/>\n<meta name=\"twitter:label1\" content=\"Escrito por\" \/>\n\t<meta name=\"twitter:data1\" content=\"GestioContingutsCOVB\" \/>\n\t<meta name=\"twitter:label2\" content=\"Tiempo de lectura\" \/>\n\t<meta name=\"twitter:data2\" content=\"3 minutos\" \/>\n<script type=\"application\/ld+json\" class=\"yoast-schema-graph\">{\"@context\":\"https:\/\/schema.org\",\"@graph\":[{\"@type\":\"Article\",\"@id\":\"https:\/\/www.covb.cat\/es\/actualitat\/noticies\/general\/el-ccvc-traslada-las-problematicas-alrededor-del-rd-666-2023-a-la-direccio-general-dordenacio-i-regulacio-sanitaria\/#article\",\"isPartOf\":{\"@id\":\"https:\/\/www.covb.cat\/es\/actualitat\/noticies\/general\/el-ccvc-traslada-las-problematicas-alrededor-del-rd-666-2023-a-la-direccio-general-dordenacio-i-regulacio-sanitaria\/\"},\"author\":{\"name\":\"GestioContingutsCOVB\",\"@id\":\"https:\/\/www.covb.cat\/es\/#\/schema\/person\/a8f7d9523a23e820fab0e30cfb89eb41\"},\"headline\":\"El CCVC traslada las problem\u00e1ticas alrededor del RD 666\/2023 a la Direcci\u00f3 General d\u2019Ordenaci\u00f3 i Regulaci\u00f3 Sanit\u00e0ria\",\"datePublished\":\"2025-07-11T09:21:07+00:00\",\"dateModified\":\"2025-07-11T12:49:28+00:00\",\"mainEntityOfPage\":{\"@id\":\"https:\/\/www.covb.cat\/es\/actualitat\/noticies\/general\/el-ccvc-traslada-las-problematicas-alrededor-del-rd-666-2023-a-la-direccio-general-dordenacio-i-regulacio-sanitaria\/\"},\"wordCount\":423,\"publisher\":{\"@id\":\"https:\/\/www.covb.cat\/es\/#organization\"},\"image\":{\"@id\":\"https:\/\/www.covb.cat\/es\/actualitat\/noticies\/general\/el-ccvc-traslada-las-problematicas-alrededor-del-rd-666-2023-a-la-direccio-general-dordenacio-i-regulacio-sanitaria\/#primaryimage\"},\"thumbnailUrl\":\"https:\/\/www.covb.cat\/wp-content\/uploads\/2025\/07\/Reunio-CCVC-sobre-RD-WEB.jpg\",\"articleSection\":[\"General\",\"Peque\u00f1os animales\"],\"inLanguage\":\"es\"},{\"@type\":\"WebPage\",\"@id\":\"https:\/\/www.covb.cat\/es\/actualitat\/noticies\/general\/el-ccvc-traslada-las-problematicas-alrededor-del-rd-666-2023-a-la-direccio-general-dordenacio-i-regulacio-sanitaria\/\",\"url\":\"https:\/\/www.covb.cat\/es\/actualitat\/noticies\/general\/el-ccvc-traslada-las-problematicas-alrededor-del-rd-666-2023-a-la-direccio-general-dordenacio-i-regulacio-sanitaria\/\",\"name\":\"El CCVC traslada las problem\u00e1ticas alrededor del RD 666\/2023 a la Direcci\u00f3 General d\u2019Ordenaci\u00f3 i Regulaci\u00f3 Sanit\u00e0ria - COVB - Col\u00b7legi Oficial de Veterinaris de Barcelona\",\"isPartOf\":{\"@id\":\"https:\/\/www.covb.cat\/es\/#website\"},\"primaryImageOfPage\":{\"@id\":\"https:\/\/www.covb.cat\/es\/actualitat\/noticies\/general\/el-ccvc-traslada-las-problematicas-alrededor-del-rd-666-2023-a-la-direccio-general-dordenacio-i-regulacio-sanitaria\/#primaryimage\"},\"image\":{\"@id\":\"https:\/\/www.covb.cat\/es\/actualitat\/noticies\/general\/el-ccvc-traslada-las-problematicas-alrededor-del-rd-666-2023-a-la-direccio-general-dordenacio-i-regulacio-sanitaria\/#primaryimage\"},\"thumbnailUrl\":\"https:\/\/www.covb.cat\/wp-content\/uploads\/2025\/07\/Reunio-CCVC-sobre-RD-WEB.jpg\",\"datePublished\":\"2025-07-11T09:21:07+00:00\",\"dateModified\":\"2025-07-11T12:49:28+00:00\",\"description\":\"Una representaci\u00f3n del Consell encabezada por la presidenta, Ver\u00f3nica Araunabe\u00f1a, se reuni\u00f3 el 9 de julio con la directora general de Ordenaci\u00f3n y\",\"breadcrumb\":{\"@id\":\"https:\/\/www.covb.cat\/es\/actualitat\/noticies\/general\/el-ccvc-traslada-las-problematicas-alrededor-del-rd-666-2023-a-la-direccio-general-dordenacio-i-regulacio-sanitaria\/#breadcrumb\"},\"inLanguage\":\"es\",\"potentialAction\":[{\"@type\":\"ReadAction\",\"target\":[\"https:\/\/www.covb.cat\/es\/actualitat\/noticies\/general\/el-ccvc-traslada-las-problematicas-alrededor-del-rd-666-2023-a-la-direccio-general-dordenacio-i-regulacio-sanitaria\/\"]}]},{\"@type\":\"ImageObject\",\"inLanguage\":\"es\",\"@id\":\"https:\/\/www.covb.cat\/es\/actualitat\/noticies\/general\/el-ccvc-traslada-las-problematicas-alrededor-del-rd-666-2023-a-la-direccio-general-dordenacio-i-regulacio-sanitaria\/#primaryimage\",\"url\":\"https:\/\/www.covb.cat\/wp-content\/uploads\/2025\/07\/Reunio-CCVC-sobre-RD-WEB.jpg\",\"contentUrl\":\"https:\/\/www.covb.cat\/wp-content\/uploads\/2025\/07\/Reunio-CCVC-sobre-RD-WEB.jpg\",\"width\":1200,\"height\":800},{\"@type\":\"BreadcrumbList\",\"@id\":\"https:\/\/www.covb.cat\/es\/actualitat\/noticies\/general\/el-ccvc-traslada-las-problematicas-alrededor-del-rd-666-2023-a-la-direccio-general-dordenacio-i-regulacio-sanitaria\/#breadcrumb\",\"itemListElement\":[{\"@type\":\"ListItem\",\"position\":1,\"name\":\"Inici\",\"item\":\"https:\/\/www.covb.cat\/es\/\"},{\"@type\":\"ListItem\",\"position\":2,\"name\":\"El CCVC traslada las problem\u00e1ticas alrededor del RD 666\/2023 a la Direcci\u00f3 General d\u2019Ordenaci\u00f3 i Regulaci\u00f3 Sanit\u00e0ria\"}]},{\"@type\":\"WebSite\",\"@id\":\"https:\/\/www.covb.cat\/es\/#website\",\"url\":\"https:\/\/www.covb.cat\/es\/\",\"name\":\"COVB\",\"description\":\"Col\u00b7legi Oficial de Veterinaris de Barcelona\",\"publisher\":{\"@id\":\"https:\/\/www.covb.cat\/es\/#organization\"},\"potentialAction\":[{\"@type\":\"SearchAction\",\"target\":{\"@type\":\"EntryPoint\",\"urlTemplate\":\"https:\/\/www.covb.cat\/es\/?s={search_term_string}\"},\"query-input\":{\"@type\":\"PropertyValueSpecification\",\"valueRequired\":true,\"valueName\":\"search_term_string\"}}],\"inLanguage\":\"es\"},{\"@type\":\"Organization\",\"@id\":\"https:\/\/www.covb.cat\/es\/#organization\",\"name\":\"COVB\",\"url\":\"https:\/\/www.covb.cat\/es\/\",\"logo\":{\"@type\":\"ImageObject\",\"inLanguage\":\"es\",\"@id\":\"https:\/\/www.covb.cat\/es\/#\/schema\/logo\/image\/\",\"url\":\"https:\/\/www.covb.cat\/wp-content\/uploads\/2018\/07\/favicon-covb.png\",\"contentUrl\":\"https:\/\/www.covb.cat\/wp-content\/uploads\/2018\/07\/favicon-covb.png\",\"width\":512,\"height\":512,\"caption\":\"COVB\"},\"image\":{\"@id\":\"https:\/\/www.covb.cat\/es\/#\/schema\/logo\/image\/\"},\"sameAs\":[\"https:\/\/www.facebook.com\/COVBcat\/\",\"https:\/\/x.com\/COVBcat\",\"https:\/\/www.youtube.com\/user\/covbcn\"]},{\"@type\":\"Person\",\"@id\":\"https:\/\/www.covb.cat\/es\/#\/schema\/person\/a8f7d9523a23e820fab0e30cfb89eb41\",\"name\":\"GestioContingutsCOVB\",\"image\":{\"@type\":\"ImageObject\",\"inLanguage\":\"es\",\"@id\":\"https:\/\/www.covb.cat\/es\/#\/schema\/person\/image\/\",\"url\":\"https:\/\/secure.gravatar.com\/avatar\/6fba25ee804fef32bee203a4fba526c27eefe19b36370135b26e827af3846ee0?s=96&d=mm&r=g\",\"contentUrl\":\"https:\/\/secure.gravatar.com\/avatar\/6fba25ee804fef32bee203a4fba526c27eefe19b36370135b26e827af3846ee0?s=96&d=mm&r=g\",\"caption\":\"GestioContingutsCOVB\"}}]}<\/script>\n<!-- \/ Yoast SEO plugin. -->","yoast_head_json":{"title":"El CCVC traslada las problem\u00e1ticas alrededor del RD 666\/2023 a la Direcci\u00f3 General d\u2019Ordenaci\u00f3 i Regulaci\u00f3 Sanit\u00e0ria - COVB - Col\u00b7legi Oficial de Veterinaris de Barcelona","description":"Una representaci\u00f3n del Consell encabezada por la presidenta, Ver\u00f3nica Araunabe\u00f1a, se reuni\u00f3 el 9 de julio con la directora general de Ordenaci\u00f3n y","robots":{"index":"index","follow":"follow","max-snippet":"max-snippet:-1","max-image-preview":"max-image-preview:large","max-video-preview":"max-video-preview:-1"},"canonical":"https:\/\/www.covb.cat\/es\/actualitat\/noticies\/general\/el-ccvc-traslada-las-problematicas-alrededor-del-rd-666-2023-a-la-direccio-general-dordenacio-i-regulacio-sanitaria\/","og_locale":"es_ES","og_type":"article","og_title":"El CCVC traslada las problem\u00e1ticas alrededor del RD 666\/2023 a la Direcci\u00f3 General d\u2019Ordenaci\u00f3 i Regulaci\u00f3 Sanit\u00e0ria - COVB - Col\u00b7legi Oficial de Veterinaris de Barcelona","og_description":"Una representaci\u00f3n del Consell encabezada por la presidenta, Ver\u00f3nica Araunabe\u00f1a, se reuni\u00f3 el 9 de julio con la directora general de Ordenaci\u00f3n y","og_url":"https:\/\/www.covb.cat\/es\/actualitat\/noticies\/general\/el-ccvc-traslada-las-problematicas-alrededor-del-rd-666-2023-a-la-direccio-general-dordenacio-i-regulacio-sanitaria\/","og_site_name":"COVB","article_publisher":"https:\/\/www.facebook.com\/COVBcat\/","article_published_time":"2025-07-11T09:21:07+00:00","article_modified_time":"2025-07-11T12:49:28+00:00","og_image":[{"width":1200,"height":800,"url":"https:\/\/www.covb.cat\/wp-content\/uploads\/2025\/07\/Reunio-CCVC-sobre-RD-WEB.jpg","type":"image\/jpeg"}],"author":"GestioContingutsCOVB","twitter_card":"summary_large_image","twitter_creator":"@COVBcat","twitter_site":"@COVBcat","twitter_misc":{"Escrito por":"GestioContingutsCOVB","Tiempo de lectura":"3 minutos"},"schema":{"@context":"https:\/\/schema.org","@graph":[{"@type":"Article","@id":"https:\/\/www.covb.cat\/es\/actualitat\/noticies\/general\/el-ccvc-traslada-las-problematicas-alrededor-del-rd-666-2023-a-la-direccio-general-dordenacio-i-regulacio-sanitaria\/#article","isPartOf":{"@id":"https:\/\/www.covb.cat\/es\/actualitat\/noticies\/general\/el-ccvc-traslada-las-problematicas-alrededor-del-rd-666-2023-a-la-direccio-general-dordenacio-i-regulacio-sanitaria\/"},"author":{"name":"GestioContingutsCOVB","@id":"https:\/\/www.covb.cat\/es\/#\/schema\/person\/a8f7d9523a23e820fab0e30cfb89eb41"},"headline":"El CCVC traslada las problem\u00e1ticas alrededor del RD 666\/2023 a la Direcci\u00f3 General d\u2019Ordenaci\u00f3 i Regulaci\u00f3 Sanit\u00e0ria","datePublished":"2025-07-11T09:21:07+00:00","dateModified":"2025-07-11T12:49:28+00:00","mainEntityOfPage":{"@id":"https:\/\/www.covb.cat\/es\/actualitat\/noticies\/general\/el-ccvc-traslada-las-problematicas-alrededor-del-rd-666-2023-a-la-direccio-general-dordenacio-i-regulacio-sanitaria\/"},"wordCount":423,"publisher":{"@id":"https:\/\/www.covb.cat\/es\/#organization"},"image":{"@id":"https:\/\/www.covb.cat\/es\/actualitat\/noticies\/general\/el-ccvc-traslada-las-problematicas-alrededor-del-rd-666-2023-a-la-direccio-general-dordenacio-i-regulacio-sanitaria\/#primaryimage"},"thumbnailUrl":"https:\/\/www.covb.cat\/wp-content\/uploads\/2025\/07\/Reunio-CCVC-sobre-RD-WEB.jpg","articleSection":["General","Peque\u00f1os animales"],"inLanguage":"es"},{"@type":"WebPage","@id":"https:\/\/www.covb.cat\/es\/actualitat\/noticies\/general\/el-ccvc-traslada-las-problematicas-alrededor-del-rd-666-2023-a-la-direccio-general-dordenacio-i-regulacio-sanitaria\/","url":"https:\/\/www.covb.cat\/es\/actualitat\/noticies\/general\/el-ccvc-traslada-las-problematicas-alrededor-del-rd-666-2023-a-la-direccio-general-dordenacio-i-regulacio-sanitaria\/","name":"El CCVC traslada las problem\u00e1ticas alrededor del RD 666\/2023 a la Direcci\u00f3 General d\u2019Ordenaci\u00f3 i Regulaci\u00f3 Sanit\u00e0ria - COVB - Col\u00b7legi Oficial de Veterinaris de Barcelona","isPartOf":{"@id":"https:\/\/www.covb.cat\/es\/#website"},"primaryImageOfPage":{"@id":"https:\/\/www.covb.cat\/es\/actualitat\/noticies\/general\/el-ccvc-traslada-las-problematicas-alrededor-del-rd-666-2023-a-la-direccio-general-dordenacio-i-regulacio-sanitaria\/#primaryimage"},"image":{"@id":"https:\/\/www.covb.cat\/es\/actualitat\/noticies\/general\/el-ccvc-traslada-las-problematicas-alrededor-del-rd-666-2023-a-la-direccio-general-dordenacio-i-regulacio-sanitaria\/#primaryimage"},"thumbnailUrl":"https:\/\/www.covb.cat\/wp-content\/uploads\/2025\/07\/Reunio-CCVC-sobre-RD-WEB.jpg","datePublished":"2025-07-11T09:21:07+00:00","dateModified":"2025-07-11T12:49:28+00:00","description":"Una representaci\u00f3n del Consell encabezada por la presidenta, Ver\u00f3nica Araunabe\u00f1a, se reuni\u00f3 el 9 de julio con la directora general de Ordenaci\u00f3n y","breadcrumb":{"@id":"https:\/\/www.covb.cat\/es\/actualitat\/noticies\/general\/el-ccvc-traslada-las-problematicas-alrededor-del-rd-666-2023-a-la-direccio-general-dordenacio-i-regulacio-sanitaria\/#breadcrumb"},"inLanguage":"es","potentialAction":[{"@type":"ReadAction","target":["https:\/\/www.covb.cat\/es\/actualitat\/noticies\/general\/el-ccvc-traslada-las-problematicas-alrededor-del-rd-666-2023-a-la-direccio-general-dordenacio-i-regulacio-sanitaria\/"]}]},{"@type":"ImageObject","inLanguage":"es","@id":"https:\/\/www.covb.cat\/es\/actualitat\/noticies\/general\/el-ccvc-traslada-las-problematicas-alrededor-del-rd-666-2023-a-la-direccio-general-dordenacio-i-regulacio-sanitaria\/#primaryimage","url":"https:\/\/www.covb.cat\/wp-content\/uploads\/2025\/07\/Reunio-CCVC-sobre-RD-WEB.jpg","contentUrl":"https:\/\/www.covb.cat\/wp-content\/uploads\/2025\/07\/Reunio-CCVC-sobre-RD-WEB.jpg","width":1200,"height":800},{"@type":"BreadcrumbList","@id":"https:\/\/www.covb.cat\/es\/actualitat\/noticies\/general\/el-ccvc-traslada-las-problematicas-alrededor-del-rd-666-2023-a-la-direccio-general-dordenacio-i-regulacio-sanitaria\/#breadcrumb","itemListElement":[{"@type":"ListItem","position":1,"name":"Inici","item":"https:\/\/www.covb.cat\/es\/"},{"@type":"ListItem","position":2,"name":"El CCVC traslada las problem\u00e1ticas alrededor del RD 666\/2023 a la Direcci\u00f3 General d\u2019Ordenaci\u00f3 i Regulaci\u00f3 Sanit\u00e0ria"}]},{"@type":"WebSite","@id":"https:\/\/www.covb.cat\/es\/#website","url":"https:\/\/www.covb.cat\/es\/","name":"COVB","description":"Col\u00b7legi Oficial de Veterinaris de Barcelona","publisher":{"@id":"https:\/\/www.covb.cat\/es\/#organization"},"potentialAction":[{"@type":"SearchAction","target":{"@type":"EntryPoint","urlTemplate":"https:\/\/www.covb.cat\/es\/?s={search_term_string}"},"query-input":{"@type":"PropertyValueSpecification","valueRequired":true,"valueName":"search_term_string"}}],"inLanguage":"es"},{"@type":"Organization","@id":"https:\/\/www.covb.cat\/es\/#organization","name":"COVB","url":"https:\/\/www.covb.cat\/es\/","logo":{"@type":"ImageObject","inLanguage":"es","@id":"https:\/\/www.covb.cat\/es\/#\/schema\/logo\/image\/","url":"https:\/\/www.covb.cat\/wp-content\/uploads\/2018\/07\/favicon-covb.png","contentUrl":"https:\/\/www.covb.cat\/wp-content\/uploads\/2018\/07\/favicon-covb.png","width":512,"height":512,"caption":"COVB"},"image":{"@id":"https:\/\/www.covb.cat\/es\/#\/schema\/logo\/image\/"},"sameAs":["https:\/\/www.facebook.com\/COVBcat\/","https:\/\/x.com\/COVBcat","https:\/\/www.youtube.com\/user\/covbcn"]},{"@type":"Person","@id":"https:\/\/www.covb.cat\/es\/#\/schema\/person\/a8f7d9523a23e820fab0e30cfb89eb41","name":"GestioContingutsCOVB","image":{"@type":"ImageObject","inLanguage":"es","@id":"https:\/\/www.covb.cat\/es\/#\/schema\/person\/image\/","url":"https:\/\/secure.gravatar.com\/avatar\/6fba25ee804fef32bee203a4fba526c27eefe19b36370135b26e827af3846ee0?s=96&d=mm&r=g","contentUrl":"https:\/\/secure.gravatar.com\/avatar\/6fba25ee804fef32bee203a4fba526c27eefe19b36370135b26e827af3846ee0?s=96&d=mm&r=g","caption":"GestioContingutsCOVB"}}]}},"jetpack_featured_media_url":"https:\/\/www.covb.cat\/wp-content\/uploads\/2025\/07\/Reunio-CCVC-sobre-RD-WEB.jpg","jetpack_sharing_enabled":true,"_links":{"self":[{"href":"https:\/\/www.covb.cat\/es\/wp-json\/wp\/v2\/posts\/58667","targetHints":{"allow":["GET"]}}],"collection":[{"href":"https:\/\/www.covb.cat\/es\/wp-json\/wp\/v2\/posts"}],"about":[{"href":"https:\/\/www.covb.cat\/es\/wp-json\/wp\/v2\/types\/post"}],"author":[{"embeddable":true,"href":"https:\/\/www.covb.cat\/es\/wp-json\/wp\/v2\/users\/79"}],"replies":[{"embeddable":true,"href":"https:\/\/www.covb.cat\/es\/wp-json\/wp\/v2\/comments?post=58667"}],"version-history":[{"count":2,"href":"https:\/\/www.covb.cat\/es\/wp-json\/wp\/v2\/posts\/58667\/revisions"}],"predecessor-version":[{"id":58670,"href":"https:\/\/www.covb.cat\/es\/wp-json\/wp\/v2\/posts\/58667\/revisions\/58670"}],"wp:featuredmedia":[{"embeddable":true,"href":"https:\/\/www.covb.cat\/es\/wp-json\/wp\/v2\/media\/58706"}],"wp:attachment":[{"href":"https:\/\/www.covb.cat\/es\/wp-json\/wp\/v2\/media?parent=58667"}],"wp:term":[{"taxonomy":"category","embeddable":true,"href":"https:\/\/www.covb.cat\/es\/wp-json\/wp\/v2\/categories?post=58667"},{"taxonomy":"post_tag","embeddable":true,"href":"https:\/\/www.covb.cat\/es\/wp-json\/wp\/v2\/tags?post=58667"}],"curies":[{"name":"wp","href":"https:\/\/api.w.org\/{rel}","templated":true}]}}