{"id":58585,"date":"2025-07-11T08:00:08","date_gmt":"2025-07-11T06:00:08","guid":{"rendered":"https:\/\/www.covb.cat\/?p=58585"},"modified":"2025-07-09T22:33:33","modified_gmt":"2025-07-09T20:33:33","slug":"reunion-con-erc-para-impulsar-la-vacunacion-antirrabica-obligatoria-en-cataluna","status":"publish","type":"post","link":"https:\/\/www.covb.cat\/es\/actualitat\/noticies\/general\/reunion-con-erc-para-impulsar-la-vacunacion-antirrabica-obligatoria-en-cataluna\/","title":{"rendered":"Reuni\u00f3n con ERC para impulsar la vacunaci\u00f3n antirr\u00e1bica obligatoria en Catalu\u00f1a"},"content":{"rendered":"<p>Una representaci\u00f3n del <strong>Consell de Col.legis Veterinaris de Catalunya<\/strong>, con la participaci\u00f3n de <em>Ver\u00f3nica Araunabe\u00f1a<\/em>, presidenta; <em>Joan Mesi\u00e0<\/em>, vicepresidente y presidente del COVB; <em>Ramon Ced\u00f3,<\/em> vocal por Girona, y <em>Anna Vil\u00e0<\/em>, directora del departamento de Gesti\u00f3n T\u00e9cnica, se ha reunido recientemente con <em>Juli Fern\u00e0ndez<\/em>, diputado de <strong>ERC<\/strong> y portavoz en la Comisi\u00f3n de Salud del Parlament.<\/p>\n<p>El objetivo principal del encuentro era presentar el Consell y exponer el proyecto de decreto que establecer\u00eda la <strong>vacunaci\u00f3n antirr\u00e1bica obligatoria en Catalu\u00f1a<\/strong>, una medida hist\u00f3ricamente reivindicada por la profesi\u00f3n veterinaria. Catalu\u00f1a y Galicia son las \u00fanicas comunidades del Estado donde esta vacuna a\u00fan no es obligatoria, pese a que la rabia sigue siendo una amenaza real en un mundo globalizado.<\/p>\n<p>Durante la reuni\u00f3n, <em>Juli Fern\u00e0ndez<\/em> expres\u00f3 su compromiso de trabajar internamente para que este decreto avance en los pr\u00f3ximos meses.<\/p>\n<p>Tambi\u00e9n se destac\u00f3 el papel esencial del <strong>AIAC (Archivo de Identificaci\u00f3n de Animales de Compa\u00f1\u00eda)<\/strong>, una herramienta creada por el Consell con casi cuarenta a\u00f1os de trayectoria, que cuenta con una pesta\u00f1a sanitaria para registrar informaci\u00f3n sobre la vacunaci\u00f3n. Esta funcionalidad permite el seguimiento epidemiol\u00f3gico, una ventaja destacada respecto a ANICOM, y que evidencia la necesidad de una <strong>gesti\u00f3n coordinada de las bases de datos de identificaci\u00f3n animal<\/strong> en Catalu\u00f1a.<\/p>\n<p>Desde el COVB y el Consell se sigue trabajando para hacer o\u00edr la voz del colectivo veterinario ante las instituciones e impulsar acciones que mejoren tanto la salud p\u00fablica como el bienestar animal.<\/p>\n","protected":false},"excerpt":{"rendered":"<p>Una representaci\u00f3n del Consell de Col.legis Veterinaris de Catalunya, con la participaci\u00f3n de Ver\u00f3nica Araunabe\u00f1a, presidenta; Joan Mesi\u00e0, vicepresidente y presidente del COVB; Ramon Ced\u00f3, vocal por Girona, y Anna Vil\u00e0, directora del departamento de Gesti\u00f3n T\u00e9cnica, se ha reunido recientemente con Juli Fern\u00e0ndez, diputado de ERC y portavoz en la Comisi\u00f3n de Salud del [&hellip;]<\/p>\n","protected":false},"author":2985,"featured_media":58583,"comment_status":"closed","ping_status":"closed","sticky":false,"template":"","format":"standard","meta":{"_monsterinsights_skip_tracking":false,"_monsterinsights_sitenote_active":false,"_monsterinsights_sitenote_note":"","_monsterinsights_sitenote_category":0,"_jetpack_memberships_contains_paid_content":false,"footnotes":""},"categories":[17,342],"tags":[],"class_list":["post-58585","post","type-post","status-publish","format-standard","has-post-thumbnail","hentry","category-general","category-pequenos-animales"],"yoast_head":"<!-- This site is optimized with the Yoast SEO plugin v27.0 - https:\/\/yoast.com\/product\/yoast-seo-wordpress\/ -->\n<title>Reuni\u00f3n con ERC para impulsar la vacunaci\u00f3n antirr\u00e1bica obligatoria en Catalu\u00f1a - COVB - Col\u00b7legi Oficial de Veterinaris de Barcelona<\/title>\n<meta name=\"description\" content=\"Una representaci\u00f3n del Consell de Col.legis Veterinaris de Catalunya, con la participaci\u00f3n de Ver\u00f3nica Araunabe\u00f1a, presidenta; Joan Mesi\u00e0, vicepresidente\" \/>\n<meta name=\"robots\" content=\"index, follow, max-snippet:-1, max-image-preview:large, max-video-preview:-1\" \/>\n<link rel=\"canonical\" href=\"https:\/\/www.covb.cat\/es\/actualitat\/noticies\/general\/reunion-con-erc-para-impulsar-la-vacunacion-antirrabica-obligatoria-en-cataluna\/\" \/>\n<meta property=\"og:locale\" content=\"es_ES\" \/>\n<meta property=\"og:type\" content=\"article\" \/>\n<meta property=\"og:title\" content=\"Reuni\u00f3n con ERC para impulsar la vacunaci\u00f3n antirr\u00e1bica obligatoria en Catalu\u00f1a - COVB - Col\u00b7legi Oficial de Veterinaris de Barcelona\" \/>\n<meta property=\"og:description\" content=\"Una representaci\u00f3n del Consell de Col.legis Veterinaris de Catalunya, con la participaci\u00f3n de Ver\u00f3nica Araunabe\u00f1a, presidenta; Joan Mesi\u00e0, vicepresidente\" \/>\n<meta property=\"og:url\" content=\"https:\/\/www.covb.cat\/es\/actualitat\/noticies\/general\/reunion-con-erc-para-impulsar-la-vacunacion-antirrabica-obligatoria-en-cataluna\/\" \/>\n<meta property=\"og:site_name\" content=\"COVB\" \/>\n<meta property=\"article:publisher\" content=\"https:\/\/www.facebook.com\/COVBcat\/\" \/>\n<meta property=\"article:published_time\" content=\"2025-07-11T06:00:08+00:00\" \/>\n<meta property=\"og:image\" content=\"https:\/\/www.covb.cat\/wp-content\/uploads\/2025\/07\/Reunio-ERC-WEB.jpg\" \/>\n\t<meta property=\"og:image:width\" content=\"1200\" \/>\n\t<meta property=\"og:image:height\" content=\"800\" \/>\n\t<meta property=\"og:image:type\" content=\"image\/jpeg\" \/>\n<meta name=\"author\" content=\"Ferran Alcaraz\" \/>\n<meta name=\"twitter:card\" content=\"summary_large_image\" \/>\n<meta name=\"twitter:creator\" content=\"@COVBcat\" \/>\n<meta name=\"twitter:site\" content=\"@COVBcat\" \/>\n<meta name=\"twitter:label1\" content=\"Escrito por\" \/>\n\t<meta name=\"twitter:data1\" content=\"Ferran Alcaraz\" \/>\n\t<meta name=\"twitter:label2\" content=\"Tiempo de lectura\" \/>\n\t<meta name=\"twitter:data2\" content=\"2 minutos\" \/>\n<script type=\"application\/ld+json\" class=\"yoast-schema-graph\">{\"@context\":\"https:\/\/schema.org\",\"@graph\":[{\"@type\":\"Article\",\"@id\":\"https:\/\/www.covb.cat\/es\/actualitat\/noticies\/general\/reunion-con-erc-para-impulsar-la-vacunacion-antirrabica-obligatoria-en-cataluna\/#article\",\"isPartOf\":{\"@id\":\"https:\/\/www.covb.cat\/es\/actualitat\/noticies\/general\/reunion-con-erc-para-impulsar-la-vacunacion-antirrabica-obligatoria-en-cataluna\/\"},\"author\":{\"name\":\"Ferran Alcaraz\",\"@id\":\"https:\/\/www.covb.cat\/es\/#\/schema\/person\/ddc9093bc091186c194bba72ca3be5e2\"},\"headline\":\"Reuni\u00f3n con ERC para impulsar la vacunaci\u00f3n antirr\u00e1bica obligatoria en Catalu\u00f1a\",\"datePublished\":\"2025-07-11T06:00:08+00:00\",\"mainEntityOfPage\":{\"@id\":\"https:\/\/www.covb.cat\/es\/actualitat\/noticies\/general\/reunion-con-erc-para-impulsar-la-vacunacion-antirrabica-obligatoria-en-cataluna\/\"},\"wordCount\":288,\"publisher\":{\"@id\":\"https:\/\/www.covb.cat\/es\/#organization\"},\"image\":{\"@id\":\"https:\/\/www.covb.cat\/es\/actualitat\/noticies\/general\/reunion-con-erc-para-impulsar-la-vacunacion-antirrabica-obligatoria-en-cataluna\/#primaryimage\"},\"thumbnailUrl\":\"https:\/\/www.covb.cat\/wp-content\/uploads\/2025\/07\/Reunio-ERC-WEB.jpg\",\"articleSection\":[\"General\",\"Peque\u00f1os animales\"],\"inLanguage\":\"es\"},{\"@type\":\"WebPage\",\"@id\":\"https:\/\/www.covb.cat\/es\/actualitat\/noticies\/general\/reunion-con-erc-para-impulsar-la-vacunacion-antirrabica-obligatoria-en-cataluna\/\",\"url\":\"https:\/\/www.covb.cat\/es\/actualitat\/noticies\/general\/reunion-con-erc-para-impulsar-la-vacunacion-antirrabica-obligatoria-en-cataluna\/\",\"name\":\"Reuni\u00f3n con ERC para impulsar la vacunaci\u00f3n antirr\u00e1bica obligatoria en Catalu\u00f1a - COVB - Col\u00b7legi Oficial de Veterinaris de Barcelona\",\"isPartOf\":{\"@id\":\"https:\/\/www.covb.cat\/es\/#website\"},\"primaryImageOfPage\":{\"@id\":\"https:\/\/www.covb.cat\/es\/actualitat\/noticies\/general\/reunion-con-erc-para-impulsar-la-vacunacion-antirrabica-obligatoria-en-cataluna\/#primaryimage\"},\"image\":{\"@id\":\"https:\/\/www.covb.cat\/es\/actualitat\/noticies\/general\/reunion-con-erc-para-impulsar-la-vacunacion-antirrabica-obligatoria-en-cataluna\/#primaryimage\"},\"thumbnailUrl\":\"https:\/\/www.covb.cat\/wp-content\/uploads\/2025\/07\/Reunio-ERC-WEB.jpg\",\"datePublished\":\"2025-07-11T06:00:08+00:00\",\"description\":\"Una representaci\u00f3n del Consell de Col.legis Veterinaris de Catalunya, con la participaci\u00f3n de Ver\u00f3nica Araunabe\u00f1a, presidenta; Joan Mesi\u00e0, vicepresidente\",\"breadcrumb\":{\"@id\":\"https:\/\/www.covb.cat\/es\/actualitat\/noticies\/general\/reunion-con-erc-para-impulsar-la-vacunacion-antirrabica-obligatoria-en-cataluna\/#breadcrumb\"},\"inLanguage\":\"es\",\"potentialAction\":[{\"@type\":\"ReadAction\",\"target\":[\"https:\/\/www.covb.cat\/es\/actualitat\/noticies\/general\/reunion-con-erc-para-impulsar-la-vacunacion-antirrabica-obligatoria-en-cataluna\/\"]}]},{\"@type\":\"ImageObject\",\"inLanguage\":\"es\",\"@id\":\"https:\/\/www.covb.cat\/es\/actualitat\/noticies\/general\/reunion-con-erc-para-impulsar-la-vacunacion-antirrabica-obligatoria-en-cataluna\/#primaryimage\",\"url\":\"https:\/\/www.covb.cat\/wp-content\/uploads\/2025\/07\/Reunio-ERC-WEB.jpg\",\"contentUrl\":\"https:\/\/www.covb.cat\/wp-content\/uploads\/2025\/07\/Reunio-ERC-WEB.jpg\",\"width\":1200,\"height\":800},{\"@type\":\"BreadcrumbList\",\"@id\":\"https:\/\/www.covb.cat\/es\/actualitat\/noticies\/general\/reunion-con-erc-para-impulsar-la-vacunacion-antirrabica-obligatoria-en-cataluna\/#breadcrumb\",\"itemListElement\":[{\"@type\":\"ListItem\",\"position\":1,\"name\":\"Inici\",\"item\":\"https:\/\/www.covb.cat\/es\/\"},{\"@type\":\"ListItem\",\"position\":2,\"name\":\"Reuni\u00f3n con ERC para impulsar la vacunaci\u00f3n antirr\u00e1bica obligatoria en Catalu\u00f1a\"}]},{\"@type\":\"WebSite\",\"@id\":\"https:\/\/www.covb.cat\/es\/#website\",\"url\":\"https:\/\/www.covb.cat\/es\/\",\"name\":\"COVB\",\"description\":\"Col\u00b7legi Oficial de Veterinaris de Barcelona\",\"publisher\":{\"@id\":\"https:\/\/www.covb.cat\/es\/#organization\"},\"potentialAction\":[{\"@type\":\"SearchAction\",\"target\":{\"@type\":\"EntryPoint\",\"urlTemplate\":\"https:\/\/www.covb.cat\/es\/?s={search_term_string}\"},\"query-input\":{\"@type\":\"PropertyValueSpecification\",\"valueRequired\":true,\"valueName\":\"search_term_string\"}}],\"inLanguage\":\"es\"},{\"@type\":\"Organization\",\"@id\":\"https:\/\/www.covb.cat\/es\/#organization\",\"name\":\"COVB\",\"url\":\"https:\/\/www.covb.cat\/es\/\",\"logo\":{\"@type\":\"ImageObject\",\"inLanguage\":\"es\",\"@id\":\"https:\/\/www.covb.cat\/es\/#\/schema\/logo\/image\/\",\"url\":\"https:\/\/www.covb.cat\/wp-content\/uploads\/2018\/07\/favicon-covb.png\",\"contentUrl\":\"https:\/\/www.covb.cat\/wp-content\/uploads\/2018\/07\/favicon-covb.png\",\"width\":512,\"height\":512,\"caption\":\"COVB\"},\"image\":{\"@id\":\"https:\/\/www.covb.cat\/es\/#\/schema\/logo\/image\/\"},\"sameAs\":[\"https:\/\/www.facebook.com\/COVBcat\/\",\"https:\/\/x.com\/COVBcat\",\"https:\/\/www.youtube.com\/user\/covbcn\"]},{\"@type\":\"Person\",\"@id\":\"https:\/\/www.covb.cat\/es\/#\/schema\/person\/ddc9093bc091186c194bba72ca3be5e2\",\"name\":\"Ferran Alcaraz\",\"image\":{\"@type\":\"ImageObject\",\"inLanguage\":\"es\",\"@id\":\"https:\/\/www.covb.cat\/es\/#\/schema\/person\/image\/\",\"url\":\"https:\/\/secure.gravatar.com\/avatar\/7a7bb9e48d880990c016f59db5a666fe7ad49e90723bdbdc0acfb756246ea192?s=96&d=mm&r=g\",\"contentUrl\":\"https:\/\/secure.gravatar.com\/avatar\/7a7bb9e48d880990c016f59db5a666fe7ad49e90723bdbdc0acfb756246ea192?s=96&d=mm&r=g\",\"caption\":\"Ferran Alcaraz\"}}]}<\/script>\n<!-- \/ Yoast SEO plugin. -->","yoast_head_json":{"title":"Reuni\u00f3n con ERC para impulsar la vacunaci\u00f3n antirr\u00e1bica obligatoria en Catalu\u00f1a - COVB - Col\u00b7legi Oficial de Veterinaris de Barcelona","description":"Una representaci\u00f3n del Consell de Col.legis Veterinaris de Catalunya, con la participaci\u00f3n de Ver\u00f3nica Araunabe\u00f1a, presidenta; Joan Mesi\u00e0, vicepresidente","robots":{"index":"index","follow":"follow","max-snippet":"max-snippet:-1","max-image-preview":"max-image-preview:large","max-video-preview":"max-video-preview:-1"},"canonical":"https:\/\/www.covb.cat\/es\/actualitat\/noticies\/general\/reunion-con-erc-para-impulsar-la-vacunacion-antirrabica-obligatoria-en-cataluna\/","og_locale":"es_ES","og_type":"article","og_title":"Reuni\u00f3n con ERC para impulsar la vacunaci\u00f3n antirr\u00e1bica obligatoria en Catalu\u00f1a - COVB - Col\u00b7legi Oficial de Veterinaris de Barcelona","og_description":"Una representaci\u00f3n del Consell de Col.legis Veterinaris de Catalunya, con la participaci\u00f3n de Ver\u00f3nica Araunabe\u00f1a, presidenta; Joan Mesi\u00e0, vicepresidente","og_url":"https:\/\/www.covb.cat\/es\/actualitat\/noticies\/general\/reunion-con-erc-para-impulsar-la-vacunacion-antirrabica-obligatoria-en-cataluna\/","og_site_name":"COVB","article_publisher":"https:\/\/www.facebook.com\/COVBcat\/","article_published_time":"2025-07-11T06:00:08+00:00","og_image":[{"width":1200,"height":800,"url":"https:\/\/www.covb.cat\/wp-content\/uploads\/2025\/07\/Reunio-ERC-WEB.jpg","type":"image\/jpeg"}],"author":"Ferran Alcaraz","twitter_card":"summary_large_image","twitter_creator":"@COVBcat","twitter_site":"@COVBcat","twitter_misc":{"Escrito por":"Ferran Alcaraz","Tiempo de lectura":"2 minutos"},"schema":{"@context":"https:\/\/schema.org","@graph":[{"@type":"Article","@id":"https:\/\/www.covb.cat\/es\/actualitat\/noticies\/general\/reunion-con-erc-para-impulsar-la-vacunacion-antirrabica-obligatoria-en-cataluna\/#article","isPartOf":{"@id":"https:\/\/www.covb.cat\/es\/actualitat\/noticies\/general\/reunion-con-erc-para-impulsar-la-vacunacion-antirrabica-obligatoria-en-cataluna\/"},"author":{"name":"Ferran Alcaraz","@id":"https:\/\/www.covb.cat\/es\/#\/schema\/person\/ddc9093bc091186c194bba72ca3be5e2"},"headline":"Reuni\u00f3n con ERC para impulsar la vacunaci\u00f3n antirr\u00e1bica obligatoria en Catalu\u00f1a","datePublished":"2025-07-11T06:00:08+00:00","mainEntityOfPage":{"@id":"https:\/\/www.covb.cat\/es\/actualitat\/noticies\/general\/reunion-con-erc-para-impulsar-la-vacunacion-antirrabica-obligatoria-en-cataluna\/"},"wordCount":288,"publisher":{"@id":"https:\/\/www.covb.cat\/es\/#organization"},"image":{"@id":"https:\/\/www.covb.cat\/es\/actualitat\/noticies\/general\/reunion-con-erc-para-impulsar-la-vacunacion-antirrabica-obligatoria-en-cataluna\/#primaryimage"},"thumbnailUrl":"https:\/\/www.covb.cat\/wp-content\/uploads\/2025\/07\/Reunio-ERC-WEB.jpg","articleSection":["General","Peque\u00f1os animales"],"inLanguage":"es"},{"@type":"WebPage","@id":"https:\/\/www.covb.cat\/es\/actualitat\/noticies\/general\/reunion-con-erc-para-impulsar-la-vacunacion-antirrabica-obligatoria-en-cataluna\/","url":"https:\/\/www.covb.cat\/es\/actualitat\/noticies\/general\/reunion-con-erc-para-impulsar-la-vacunacion-antirrabica-obligatoria-en-cataluna\/","name":"Reuni\u00f3n con ERC para impulsar la vacunaci\u00f3n antirr\u00e1bica obligatoria en Catalu\u00f1a - COVB - Col\u00b7legi Oficial de Veterinaris de Barcelona","isPartOf":{"@id":"https:\/\/www.covb.cat\/es\/#website"},"primaryImageOfPage":{"@id":"https:\/\/www.covb.cat\/es\/actualitat\/noticies\/general\/reunion-con-erc-para-impulsar-la-vacunacion-antirrabica-obligatoria-en-cataluna\/#primaryimage"},"image":{"@id":"https:\/\/www.covb.cat\/es\/actualitat\/noticies\/general\/reunion-con-erc-para-impulsar-la-vacunacion-antirrabica-obligatoria-en-cataluna\/#primaryimage"},"thumbnailUrl":"https:\/\/www.covb.cat\/wp-content\/uploads\/2025\/07\/Reunio-ERC-WEB.jpg","datePublished":"2025-07-11T06:00:08+00:00","description":"Una representaci\u00f3n del Consell de Col.legis Veterinaris de Catalunya, con la participaci\u00f3n de Ver\u00f3nica Araunabe\u00f1a, presidenta; Joan Mesi\u00e0, vicepresidente","breadcrumb":{"@id":"https:\/\/www.covb.cat\/es\/actualitat\/noticies\/general\/reunion-con-erc-para-impulsar-la-vacunacion-antirrabica-obligatoria-en-cataluna\/#breadcrumb"},"inLanguage":"es","potentialAction":[{"@type":"ReadAction","target":["https:\/\/www.covb.cat\/es\/actualitat\/noticies\/general\/reunion-con-erc-para-impulsar-la-vacunacion-antirrabica-obligatoria-en-cataluna\/"]}]},{"@type":"ImageObject","inLanguage":"es","@id":"https:\/\/www.covb.cat\/es\/actualitat\/noticies\/general\/reunion-con-erc-para-impulsar-la-vacunacion-antirrabica-obligatoria-en-cataluna\/#primaryimage","url":"https:\/\/www.covb.cat\/wp-content\/uploads\/2025\/07\/Reunio-ERC-WEB.jpg","contentUrl":"https:\/\/www.covb.cat\/wp-content\/uploads\/2025\/07\/Reunio-ERC-WEB.jpg","width":1200,"height":800},{"@type":"BreadcrumbList","@id":"https:\/\/www.covb.cat\/es\/actualitat\/noticies\/general\/reunion-con-erc-para-impulsar-la-vacunacion-antirrabica-obligatoria-en-cataluna\/#breadcrumb","itemListElement":[{"@type":"ListItem","position":1,"name":"Inici","item":"https:\/\/www.covb.cat\/es\/"},{"@type":"ListItem","position":2,"name":"Reuni\u00f3n con ERC para impulsar la vacunaci\u00f3n antirr\u00e1bica obligatoria en Catalu\u00f1a"}]},{"@type":"WebSite","@id":"https:\/\/www.covb.cat\/es\/#website","url":"https:\/\/www.covb.cat\/es\/","name":"COVB","description":"Col\u00b7legi Oficial de Veterinaris de Barcelona","publisher":{"@id":"https:\/\/www.covb.cat\/es\/#organization"},"potentialAction":[{"@type":"SearchAction","target":{"@type":"EntryPoint","urlTemplate":"https:\/\/www.covb.cat\/es\/?s={search_term_string}"},"query-input":{"@type":"PropertyValueSpecification","valueRequired":true,"valueName":"search_term_string"}}],"inLanguage":"es"},{"@type":"Organization","@id":"https:\/\/www.covb.cat\/es\/#organization","name":"COVB","url":"https:\/\/www.covb.cat\/es\/","logo":{"@type":"ImageObject","inLanguage":"es","@id":"https:\/\/www.covb.cat\/es\/#\/schema\/logo\/image\/","url":"https:\/\/www.covb.cat\/wp-content\/uploads\/2018\/07\/favicon-covb.png","contentUrl":"https:\/\/www.covb.cat\/wp-content\/uploads\/2018\/07\/favicon-covb.png","width":512,"height":512,"caption":"COVB"},"image":{"@id":"https:\/\/www.covb.cat\/es\/#\/schema\/logo\/image\/"},"sameAs":["https:\/\/www.facebook.com\/COVBcat\/","https:\/\/x.com\/COVBcat","https:\/\/www.youtube.com\/user\/covbcn"]},{"@type":"Person","@id":"https:\/\/www.covb.cat\/es\/#\/schema\/person\/ddc9093bc091186c194bba72ca3be5e2","name":"Ferran Alcaraz","image":{"@type":"ImageObject","inLanguage":"es","@id":"https:\/\/www.covb.cat\/es\/#\/schema\/person\/image\/","url":"https:\/\/secure.gravatar.com\/avatar\/7a7bb9e48d880990c016f59db5a666fe7ad49e90723bdbdc0acfb756246ea192?s=96&d=mm&r=g","contentUrl":"https:\/\/secure.gravatar.com\/avatar\/7a7bb9e48d880990c016f59db5a666fe7ad49e90723bdbdc0acfb756246ea192?s=96&d=mm&r=g","caption":"Ferran Alcaraz"}}]}},"jetpack_featured_media_url":"https:\/\/www.covb.cat\/wp-content\/uploads\/2025\/07\/Reunio-ERC-WEB.jpg","jetpack_sharing_enabled":true,"_links":{"self":[{"href":"https:\/\/www.covb.cat\/es\/wp-json\/wp\/v2\/posts\/58585","targetHints":{"allow":["GET"]}}],"collection":[{"href":"https:\/\/www.covb.cat\/es\/wp-json\/wp\/v2\/posts"}],"about":[{"href":"https:\/\/www.covb.cat\/es\/wp-json\/wp\/v2\/types\/post"}],"author":[{"embeddable":true,"href":"https:\/\/www.covb.cat\/es\/wp-json\/wp\/v2\/users\/2985"}],"replies":[{"embeddable":true,"href":"https:\/\/www.covb.cat\/es\/wp-json\/wp\/v2\/comments?post=58585"}],"version-history":[{"count":1,"href":"https:\/\/www.covb.cat\/es\/wp-json\/wp\/v2\/posts\/58585\/revisions"}],"predecessor-version":[{"id":58586,"href":"https:\/\/www.covb.cat\/es\/wp-json\/wp\/v2\/posts\/58585\/revisions\/58586"}],"wp:featuredmedia":[{"embeddable":true,"href":"https:\/\/www.covb.cat\/es\/wp-json\/wp\/v2\/media\/58583"}],"wp:attachment":[{"href":"https:\/\/www.covb.cat\/es\/wp-json\/wp\/v2\/media?parent=58585"}],"wp:term":[{"taxonomy":"category","embeddable":true,"href":"https:\/\/www.covb.cat\/es\/wp-json\/wp\/v2\/categories?post=58585"},{"taxonomy":"post_tag","embeddable":true,"href":"https:\/\/www.covb.cat\/es\/wp-json\/wp\/v2\/tags?post=58585"}],"curies":[{"name":"wp","href":"https:\/\/api.w.org\/{rel}","templated":true}]}}