{"id":5817,"date":"2021-02-19T14:09:23","date_gmt":"2021-02-19T13:09:23","guid":{"rendered":"https:\/\/www.covb.cat\/actualitat\/noticies\/general\/novetats-a-la-campanya-de-vacunacio-a-lentorn-veterinari\/"},"modified":"2021-02-19T14:10:38","modified_gmt":"2021-02-19T13:10:38","slug":"novedades-en-la-campana-de-vacunacion-en-el-entorno-veterinario","status":"publish","type":"post","link":"https:\/\/www.covb.cat\/es\/actualitat\/noticies\/general\/novedades-en-la-campana-de-vacunacion-en-el-entorno-veterinario\/","title":{"rendered":"Novedades en la campa\u00f1a de vacunaci\u00f3n en el entorno veterinario"},"content":{"rendered":"<p>Catalu\u00f1a ha sido pionera en todo el Estado en considerar a los veterinarios personal sanitario prioritario y, gracias el trabajo del Consejo de Colegios Veterinarios de Catalu\u00f1a, en representaci\u00f3n de los cuatro Colegios catalanes, la semana pasada comenz\u00f3 la campa\u00f1a de vacunaci\u00f3n, en este caso con la vacuna de Oxford \/ AstraZeneca destinada a los profesionales sanitarios de segunda l\u00ednea y personal esencial.<\/p>\n<p>Ahora, seguimos trabajando para conseguir que todos los profesionales (auxiliares t\u00e9cnicos veterinarios, administrativos u otros) que trabajan en el entorno veterinario sean tambi\u00e9n vacunados. En este sentido, estamos en constante di\u00e1logo con el Departament de Salud de la Generalitat de Catalu\u00f1a para regularizar esta situaci\u00f3n.<\/p>\n<p>Al mismo tiempo, como miembros del Consejo General de Colegios Veterinarios de Espa\u00f1a, hemos reclamado a la Ministra de Sanidad, Carolina Darias, la necesidad de un criterio normativo unificado de vacunaci\u00f3n para que \u00e9sta llegue a todos los profesionales veterinarios y de su entorno en todas las comunidades Aut\u00f3nomas.<\/p>\n","protected":false},"excerpt":{"rendered":"<p>Catalu\u00f1a ha sido pionera en todo el Estado en considerar a los veterinarios personal sanitario prioritario y, gracias el trabajo del Consejo de Colegios Veterinarios de Catalu\u00f1a, en representaci\u00f3n de los cuatro Colegios catalanes, la semana pasada comenz\u00f3 la campa\u00f1a de vacunaci\u00f3n, en este caso con la vacuna de Oxford \/ AstraZeneca destinada a los [&hellip;]<\/p>\n","protected":false},"author":106,"featured_media":5563,"comment_status":"closed","ping_status":"closed","sticky":false,"template":"","format":"standard","meta":{"_monsterinsights_skip_tracking":false,"_monsterinsights_sitenote_active":false,"_monsterinsights_sitenote_note":"","_monsterinsights_sitenote_category":0,"_jetpack_memberships_contains_paid_content":false,"footnotes":""},"categories":[17],"tags":[],"class_list":["post-5817","post","type-post","status-publish","format-standard","has-post-thumbnail","hentry","category-general"],"yoast_head":"<!-- This site is optimized with the Yoast SEO plugin v27.0 - https:\/\/yoast.com\/product\/yoast-seo-wordpress\/ -->\n<title>Novedades en la campa\u00f1a de vacunaci\u00f3n en el entorno veterinario - COVB - Col\u00b7legi Oficial de Veterinaris de Barcelona<\/title>\n<meta name=\"description\" content=\"Catalu\u00f1a ha sido pionera en todo el Estado en considerar a los veterinarios personal sanitario prioritario y, gracias el trabajo del Consejo de Colegios\" \/>\n<meta name=\"robots\" content=\"index, follow, max-snippet:-1, max-image-preview:large, max-video-preview:-1\" \/>\n<link rel=\"canonical\" href=\"https:\/\/www.covb.cat\/es\/actualitat\/noticies\/general\/novedades-en-la-campana-de-vacunacion-en-el-entorno-veterinario\/\" \/>\n<meta property=\"og:locale\" content=\"es_ES\" \/>\n<meta property=\"og:type\" content=\"article\" \/>\n<meta property=\"og:title\" content=\"Novedades en la campa\u00f1a de vacunaci\u00f3n en el entorno veterinario - COVB - Col\u00b7legi Oficial de Veterinaris de Barcelona\" \/>\n<meta property=\"og:description\" content=\"Catalu\u00f1a ha sido pionera en todo el Estado en considerar a los veterinarios personal sanitario prioritario y, gracias el trabajo del Consejo de Colegios\" \/>\n<meta property=\"og:url\" content=\"https:\/\/www.covb.cat\/es\/actualitat\/noticies\/general\/novedades-en-la-campana-de-vacunacion-en-el-entorno-veterinario\/\" \/>\n<meta property=\"og:site_name\" content=\"COVB\" \/>\n<meta property=\"article:publisher\" content=\"https:\/\/www.facebook.com\/COVBcat\/\" \/>\n<meta property=\"article:published_time\" content=\"2021-02-19T13:09:23+00:00\" \/>\n<meta property=\"article:modified_time\" content=\"2021-02-19T13:10:38+00:00\" \/>\n<meta property=\"og:image\" content=\"https:\/\/www.covb.cat\/wp-content\/uploads\/2021\/02\/bgvacuna.jpg\" \/>\n\t<meta property=\"og:image:width\" content=\"600\" \/>\n\t<meta property=\"og:image:height\" content=\"247\" \/>\n\t<meta property=\"og:image:type\" content=\"image\/jpeg\" \/>\n<meta name=\"twitter:card\" content=\"summary_large_image\" \/>\n<meta name=\"twitter:creator\" content=\"@COVBcat\" \/>\n<meta name=\"twitter:site\" content=\"@COVBcat\" \/>\n<meta name=\"twitter:label1\" content=\"Escrito por\" \/>\n\t<meta name=\"twitter:data1\" content=\"\" \/>\n\t<meta name=\"twitter:label2\" content=\"Tiempo de lectura\" \/>\n\t<meta name=\"twitter:data2\" content=\"1 minuto\" \/>\n<script type=\"application\/ld+json\" class=\"yoast-schema-graph\">{\"@context\":\"https:\/\/schema.org\",\"@graph\":[{\"@type\":\"Article\",\"@id\":\"https:\/\/www.covb.cat\/es\/actualitat\/noticies\/general\/novedades-en-la-campana-de-vacunacion-en-el-entorno-veterinario\/#article\",\"isPartOf\":{\"@id\":\"https:\/\/www.covb.cat\/es\/actualitat\/noticies\/general\/novedades-en-la-campana-de-vacunacion-en-el-entorno-veterinario\/\"},\"author\":{\"name\":\"\",\"@id\":\"\"},\"headline\":\"Novedades en la campa\u00f1a de vacunaci\u00f3n en el entorno veterinario\",\"datePublished\":\"2021-02-19T13:09:23+00:00\",\"dateModified\":\"2021-02-19T13:10:38+00:00\",\"mainEntityOfPage\":{\"@id\":\"https:\/\/www.covb.cat\/es\/actualitat\/noticies\/general\/novedades-en-la-campana-de-vacunacion-en-el-entorno-veterinario\/\"},\"wordCount\":182,\"publisher\":{\"@id\":\"https:\/\/www.covb.cat\/es\/#organization\"},\"image\":{\"@id\":\"https:\/\/www.covb.cat\/es\/actualitat\/noticies\/general\/novedades-en-la-campana-de-vacunacion-en-el-entorno-veterinario\/#primaryimage\"},\"thumbnailUrl\":\"https:\/\/www.covb.cat\/wp-content\/uploads\/2021\/02\/bgvacuna.jpg\",\"articleSection\":[\"General\"],\"inLanguage\":\"es\"},{\"@type\":\"WebPage\",\"@id\":\"https:\/\/www.covb.cat\/es\/actualitat\/noticies\/general\/novedades-en-la-campana-de-vacunacion-en-el-entorno-veterinario\/\",\"url\":\"https:\/\/www.covb.cat\/es\/actualitat\/noticies\/general\/novedades-en-la-campana-de-vacunacion-en-el-entorno-veterinario\/\",\"name\":\"Novedades en la campa\u00f1a de vacunaci\u00f3n en el entorno veterinario - COVB - Col\u00b7legi Oficial de Veterinaris de Barcelona\",\"isPartOf\":{\"@id\":\"https:\/\/www.covb.cat\/es\/#website\"},\"primaryImageOfPage\":{\"@id\":\"https:\/\/www.covb.cat\/es\/actualitat\/noticies\/general\/novedades-en-la-campana-de-vacunacion-en-el-entorno-veterinario\/#primaryimage\"},\"image\":{\"@id\":\"https:\/\/www.covb.cat\/es\/actualitat\/noticies\/general\/novedades-en-la-campana-de-vacunacion-en-el-entorno-veterinario\/#primaryimage\"},\"thumbnailUrl\":\"https:\/\/www.covb.cat\/wp-content\/uploads\/2021\/02\/bgvacuna.jpg\",\"datePublished\":\"2021-02-19T13:09:23+00:00\",\"dateModified\":\"2021-02-19T13:10:38+00:00\",\"description\":\"Catalu\u00f1a ha sido pionera en todo el Estado en considerar a los veterinarios personal sanitario prioritario y, gracias el trabajo del Consejo de Colegios\",\"breadcrumb\":{\"@id\":\"https:\/\/www.covb.cat\/es\/actualitat\/noticies\/general\/novedades-en-la-campana-de-vacunacion-en-el-entorno-veterinario\/#breadcrumb\"},\"inLanguage\":\"es\",\"potentialAction\":[{\"@type\":\"ReadAction\",\"target\":[\"https:\/\/www.covb.cat\/es\/actualitat\/noticies\/general\/novedades-en-la-campana-de-vacunacion-en-el-entorno-veterinario\/\"]}]},{\"@type\":\"ImageObject\",\"inLanguage\":\"es\",\"@id\":\"https:\/\/www.covb.cat\/es\/actualitat\/noticies\/general\/novedades-en-la-campana-de-vacunacion-en-el-entorno-veterinario\/#primaryimage\",\"url\":\"https:\/\/www.covb.cat\/wp-content\/uploads\/2021\/02\/bgvacuna.jpg\",\"contentUrl\":\"https:\/\/www.covb.cat\/wp-content\/uploads\/2021\/02\/bgvacuna.jpg\",\"width\":600,\"height\":247},{\"@type\":\"BreadcrumbList\",\"@id\":\"https:\/\/www.covb.cat\/es\/actualitat\/noticies\/general\/novedades-en-la-campana-de-vacunacion-en-el-entorno-veterinario\/#breadcrumb\",\"itemListElement\":[{\"@type\":\"ListItem\",\"position\":1,\"name\":\"Inici\",\"item\":\"https:\/\/www.covb.cat\/es\/\"},{\"@type\":\"ListItem\",\"position\":2,\"name\":\"Novedades en la campa\u00f1a de vacunaci\u00f3n en el entorno veterinario\"}]},{\"@type\":\"WebSite\",\"@id\":\"https:\/\/www.covb.cat\/es\/#website\",\"url\":\"https:\/\/www.covb.cat\/es\/\",\"name\":\"COVB\",\"description\":\"Col\u00b7legi Oficial de Veterinaris de Barcelona\",\"publisher\":{\"@id\":\"https:\/\/www.covb.cat\/es\/#organization\"},\"potentialAction\":[{\"@type\":\"SearchAction\",\"target\":{\"@type\":\"EntryPoint\",\"urlTemplate\":\"https:\/\/www.covb.cat\/es\/?s={search_term_string}\"},\"query-input\":{\"@type\":\"PropertyValueSpecification\",\"valueRequired\":true,\"valueName\":\"search_term_string\"}}],\"inLanguage\":\"es\"},{\"@type\":\"Organization\",\"@id\":\"https:\/\/www.covb.cat\/es\/#organization\",\"name\":\"COVB\",\"url\":\"https:\/\/www.covb.cat\/es\/\",\"logo\":{\"@type\":\"ImageObject\",\"inLanguage\":\"es\",\"@id\":\"https:\/\/www.covb.cat\/es\/#\/schema\/logo\/image\/\",\"url\":\"https:\/\/www.covb.cat\/wp-content\/uploads\/2018\/07\/favicon-covb.png\",\"contentUrl\":\"https:\/\/www.covb.cat\/wp-content\/uploads\/2018\/07\/favicon-covb.png\",\"width\":512,\"height\":512,\"caption\":\"COVB\"},\"image\":{\"@id\":\"https:\/\/www.covb.cat\/es\/#\/schema\/logo\/image\/\"},\"sameAs\":[\"https:\/\/www.facebook.com\/COVBcat\/\",\"https:\/\/x.com\/COVBcat\",\"https:\/\/www.youtube.com\/user\/covbcn\"]},{\"@type\":\"Person\",\"@id\":\"\"}]}<\/script>\n<!-- \/ Yoast SEO plugin. -->","yoast_head_json":{"title":"Novedades en la campa\u00f1a de vacunaci\u00f3n en el entorno veterinario - COVB - Col\u00b7legi Oficial de Veterinaris de Barcelona","description":"Catalu\u00f1a ha sido pionera en todo el Estado en considerar a los veterinarios personal sanitario prioritario y, gracias el trabajo del Consejo de Colegios","robots":{"index":"index","follow":"follow","max-snippet":"max-snippet:-1","max-image-preview":"max-image-preview:large","max-video-preview":"max-video-preview:-1"},"canonical":"https:\/\/www.covb.cat\/es\/actualitat\/noticies\/general\/novedades-en-la-campana-de-vacunacion-en-el-entorno-veterinario\/","og_locale":"es_ES","og_type":"article","og_title":"Novedades en la campa\u00f1a de vacunaci\u00f3n en el entorno veterinario - COVB - Col\u00b7legi Oficial de Veterinaris de Barcelona","og_description":"Catalu\u00f1a ha sido pionera en todo el Estado en considerar a los veterinarios personal sanitario prioritario y, gracias el trabajo del Consejo de Colegios","og_url":"https:\/\/www.covb.cat\/es\/actualitat\/noticies\/general\/novedades-en-la-campana-de-vacunacion-en-el-entorno-veterinario\/","og_site_name":"COVB","article_publisher":"https:\/\/www.facebook.com\/COVBcat\/","article_published_time":"2021-02-19T13:09:23+00:00","article_modified_time":"2021-02-19T13:10:38+00:00","og_image":[{"width":600,"height":247,"url":"https:\/\/www.covb.cat\/wp-content\/uploads\/2021\/02\/bgvacuna.jpg","type":"image\/jpeg"}],"twitter_card":"summary_large_image","twitter_creator":"@COVBcat","twitter_site":"@COVBcat","twitter_misc":{"Escrito por":"","Tiempo de lectura":"1 minuto"},"schema":{"@context":"https:\/\/schema.org","@graph":[{"@type":"Article","@id":"https:\/\/www.covb.cat\/es\/actualitat\/noticies\/general\/novedades-en-la-campana-de-vacunacion-en-el-entorno-veterinario\/#article","isPartOf":{"@id":"https:\/\/www.covb.cat\/es\/actualitat\/noticies\/general\/novedades-en-la-campana-de-vacunacion-en-el-entorno-veterinario\/"},"author":{"name":"","@id":""},"headline":"Novedades en la campa\u00f1a de vacunaci\u00f3n en el entorno veterinario","datePublished":"2021-02-19T13:09:23+00:00","dateModified":"2021-02-19T13:10:38+00:00","mainEntityOfPage":{"@id":"https:\/\/www.covb.cat\/es\/actualitat\/noticies\/general\/novedades-en-la-campana-de-vacunacion-en-el-entorno-veterinario\/"},"wordCount":182,"publisher":{"@id":"https:\/\/www.covb.cat\/es\/#organization"},"image":{"@id":"https:\/\/www.covb.cat\/es\/actualitat\/noticies\/general\/novedades-en-la-campana-de-vacunacion-en-el-entorno-veterinario\/#primaryimage"},"thumbnailUrl":"https:\/\/www.covb.cat\/wp-content\/uploads\/2021\/02\/bgvacuna.jpg","articleSection":["General"],"inLanguage":"es"},{"@type":"WebPage","@id":"https:\/\/www.covb.cat\/es\/actualitat\/noticies\/general\/novedades-en-la-campana-de-vacunacion-en-el-entorno-veterinario\/","url":"https:\/\/www.covb.cat\/es\/actualitat\/noticies\/general\/novedades-en-la-campana-de-vacunacion-en-el-entorno-veterinario\/","name":"Novedades en la campa\u00f1a de vacunaci\u00f3n en el entorno veterinario - COVB - Col\u00b7legi Oficial de Veterinaris de Barcelona","isPartOf":{"@id":"https:\/\/www.covb.cat\/es\/#website"},"primaryImageOfPage":{"@id":"https:\/\/www.covb.cat\/es\/actualitat\/noticies\/general\/novedades-en-la-campana-de-vacunacion-en-el-entorno-veterinario\/#primaryimage"},"image":{"@id":"https:\/\/www.covb.cat\/es\/actualitat\/noticies\/general\/novedades-en-la-campana-de-vacunacion-en-el-entorno-veterinario\/#primaryimage"},"thumbnailUrl":"https:\/\/www.covb.cat\/wp-content\/uploads\/2021\/02\/bgvacuna.jpg","datePublished":"2021-02-19T13:09:23+00:00","dateModified":"2021-02-19T13:10:38+00:00","description":"Catalu\u00f1a ha sido pionera en todo el Estado en considerar a los veterinarios personal sanitario prioritario y, gracias el trabajo del Consejo de Colegios","breadcrumb":{"@id":"https:\/\/www.covb.cat\/es\/actualitat\/noticies\/general\/novedades-en-la-campana-de-vacunacion-en-el-entorno-veterinario\/#breadcrumb"},"inLanguage":"es","potentialAction":[{"@type":"ReadAction","target":["https:\/\/www.covb.cat\/es\/actualitat\/noticies\/general\/novedades-en-la-campana-de-vacunacion-en-el-entorno-veterinario\/"]}]},{"@type":"ImageObject","inLanguage":"es","@id":"https:\/\/www.covb.cat\/es\/actualitat\/noticies\/general\/novedades-en-la-campana-de-vacunacion-en-el-entorno-veterinario\/#primaryimage","url":"https:\/\/www.covb.cat\/wp-content\/uploads\/2021\/02\/bgvacuna.jpg","contentUrl":"https:\/\/www.covb.cat\/wp-content\/uploads\/2021\/02\/bgvacuna.jpg","width":600,"height":247},{"@type":"BreadcrumbList","@id":"https:\/\/www.covb.cat\/es\/actualitat\/noticies\/general\/novedades-en-la-campana-de-vacunacion-en-el-entorno-veterinario\/#breadcrumb","itemListElement":[{"@type":"ListItem","position":1,"name":"Inici","item":"https:\/\/www.covb.cat\/es\/"},{"@type":"ListItem","position":2,"name":"Novedades en la campa\u00f1a de vacunaci\u00f3n en el entorno veterinario"}]},{"@type":"WebSite","@id":"https:\/\/www.covb.cat\/es\/#website","url":"https:\/\/www.covb.cat\/es\/","name":"COVB","description":"Col\u00b7legi Oficial de Veterinaris de Barcelona","publisher":{"@id":"https:\/\/www.covb.cat\/es\/#organization"},"potentialAction":[{"@type":"SearchAction","target":{"@type":"EntryPoint","urlTemplate":"https:\/\/www.covb.cat\/es\/?s={search_term_string}"},"query-input":{"@type":"PropertyValueSpecification","valueRequired":true,"valueName":"search_term_string"}}],"inLanguage":"es"},{"@type":"Organization","@id":"https:\/\/www.covb.cat\/es\/#organization","name":"COVB","url":"https:\/\/www.covb.cat\/es\/","logo":{"@type":"ImageObject","inLanguage":"es","@id":"https:\/\/www.covb.cat\/es\/#\/schema\/logo\/image\/","url":"https:\/\/www.covb.cat\/wp-content\/uploads\/2018\/07\/favicon-covb.png","contentUrl":"https:\/\/www.covb.cat\/wp-content\/uploads\/2018\/07\/favicon-covb.png","width":512,"height":512,"caption":"COVB"},"image":{"@id":"https:\/\/www.covb.cat\/es\/#\/schema\/logo\/image\/"},"sameAs":["https:\/\/www.facebook.com\/COVBcat\/","https:\/\/x.com\/COVBcat","https:\/\/www.youtube.com\/user\/covbcn"]},{"@type":"Person","@id":""}]}},"jetpack_featured_media_url":"https:\/\/www.covb.cat\/wp-content\/uploads\/2021\/02\/bgvacuna.jpg","jetpack_sharing_enabled":true,"_links":{"self":[{"href":"https:\/\/www.covb.cat\/es\/wp-json\/wp\/v2\/posts\/5817","targetHints":{"allow":["GET"]}}],"collection":[{"href":"https:\/\/www.covb.cat\/es\/wp-json\/wp\/v2\/posts"}],"about":[{"href":"https:\/\/www.covb.cat\/es\/wp-json\/wp\/v2\/types\/post"}],"author":[{"embeddable":true,"href":"https:\/\/www.covb.cat\/es\/wp-json\/wp\/v2\/users\/106"}],"replies":[{"embeddable":true,"href":"https:\/\/www.covb.cat\/es\/wp-json\/wp\/v2\/comments?post=5817"}],"version-history":[{"count":0,"href":"https:\/\/www.covb.cat\/es\/wp-json\/wp\/v2\/posts\/5817\/revisions"}],"wp:featuredmedia":[{"embeddable":true,"href":"https:\/\/www.covb.cat\/es\/wp-json\/wp\/v2\/media\/5563"}],"wp:attachment":[{"href":"https:\/\/www.covb.cat\/es\/wp-json\/wp\/v2\/media?parent=5817"}],"wp:term":[{"taxonomy":"category","embeddable":true,"href":"https:\/\/www.covb.cat\/es\/wp-json\/wp\/v2\/categories?post=5817"},{"taxonomy":"post_tag","embeddable":true,"href":"https:\/\/www.covb.cat\/es\/wp-json\/wp\/v2\/tags?post=5817"}],"curies":[{"name":"wp","href":"https:\/\/api.w.org\/{rel}","templated":true}]}}