{"id":57552,"date":"2025-06-06T13:53:56","date_gmt":"2025-06-06T11:53:56","guid":{"rendered":"https:\/\/www.covb.cat\/?p=57552"},"modified":"2025-06-06T13:53:56","modified_gmt":"2025-06-06T11:53:56","slug":"buscamos-veterinario-con-perfil-tecnico-para-unirse-al-quipo-del-covb","status":"publish","type":"post","link":"https:\/\/www.covb.cat\/es\/actualitat\/noticies\/general\/buscamos-veterinario-con-perfil-tecnico-para-unirse-al-quipo-del-covb\/","title":{"rendered":"Buscamos veterinario con perfil t\u00e9cnico para unirse al quipo del COVB"},"content":{"rendered":"<p>El Colegio Oficial de Veterinarios de Barcelona (COVB) abre un proceso de selecci\u00f3n para incorporar un\/a veterinario\/a con perfil t\u00e9cnico, capacidad de trabajo en equipo, liderazgo de proyectos y clara orientaci\u00f3n al servicio colegial e institucional.<\/p>\n<p><strong>Descripci\u00f3n del puesto<\/strong><br \/>\nEl\/la candidato\/a seleccionado\/a coordinar\u00e1 y gestionar\u00e1 proyectos t\u00e9cnicos relacionados con la actividad del Colegio, colaborando en la definici\u00f3n de l\u00edneas estrat\u00e9gicas y dinamizando grupos de trabajo t\u00e9cnico. Asimismo, elaborar\u00e1 informes y propuestas destinadas al \u00e1mbito institucional.<\/p>\n<p><strong>Funciones principales<\/strong><\/p>\n<ul>\n<li>Coordinar y gestionar proyectos t\u00e9cnicos relacionados con la actividad del Colegio.<\/li>\n<li>Participar activamente en la definici\u00f3n de l\u00edneas estrat\u00e9gicas e iniciativas profesionales.<\/li>\n<li>Organizar y dinamizar grupos de trabajo t\u00e9cnico.<\/li>\n<li>Elaborar informes, propuestas y documentos para el \u00e1mbito t\u00e9cnico e institucional.<\/li>\n<\/ul>\n<p><strong>Perfil profesional requerido<\/strong><\/p>\n<ul>\n<li>Grado o Licenciatura en Veterinaria.<\/li>\n<li>Se valorar\u00e1 experiencia en gesti\u00f3n, administraci\u00f3n p\u00fablica o en entidades colegiales\/profesionales.<\/li>\n<li>Habilidades de comunicaci\u00f3n, capacidad de an\u00e1lisis y liderazgo.<\/li>\n<li>Conocimiento del sector veterinario e inter\u00e9s por la vertiente institucional.<\/li>\n<li>Dominio del catal\u00e1n y del castellano.<\/li>\n<\/ul>\n<p><strong>Condiciones laborales<\/strong><\/p>\n<ul>\n<li>Jornada completa (40 horas semanales), de lunes a viernes (8 horas diarias).<\/li>\n<li>Contrato laboral estable.<\/li>\n<li>Retribuci\u00f3n: entre 28.000 \u20ac y 35.000 \u20ac brutos anuales, seg\u00fan perfil y experiencia.<\/li>\n<li>Entorno profesional con valores colaborativos y enfoque colegial.<\/li>\n<\/ul>\n<p><strong>Presentaci\u00f3n de candidaturas<\/strong><\/p>\n<ul>\n<li>Se valorar\u00e1 disponer de carta de recomendaci\u00f3n.<\/li>\n<li>Las personas interesadas podr\u00e1n enviar el curr\u00edculum vitae y una carta de motivaci\u00f3n a <strong><a href=\"mailto:covb@covb.cat\">covb@covb.cat<\/a><\/strong>, indicando en el asunto del correo electr\u00f3nico:<br \/>\n<strong>Ref: CV Veterinari\/a Projectes COVB<\/strong>.<\/li>\n<\/ul>\n","protected":false},"excerpt":{"rendered":"<p>El Colegio Oficial de Veterinarios de Barcelona (COVB) abre un proceso de selecci\u00f3n para incorporar un\/a veterinario\/a con perfil t\u00e9cnico, capacidad de trabajo en equipo, liderazgo de proyectos y clara orientaci\u00f3n al servicio colegial e institucional. Descripci\u00f3n del puesto El\/la candidato\/a seleccionado\/a coordinar\u00e1 y gestionar\u00e1 proyectos t\u00e9cnicos relacionados con la actividad del Colegio, colaborando en [&hellip;]<\/p>\n","protected":false},"author":2985,"featured_media":57550,"comment_status":"closed","ping_status":"closed","sticky":false,"template":"","format":"standard","meta":{"_monsterinsights_skip_tracking":false,"_monsterinsights_sitenote_active":false,"_monsterinsights_sitenote_note":"","_monsterinsights_sitenote_category":0,"_jetpack_memberships_contains_paid_content":false,"footnotes":""},"categories":[138,17],"tags":[],"class_list":["post-57552","post","type-post","status-publish","format-standard","has-post-thumbnail","hentry","category-corporativo","category-general"],"yoast_head":"<!-- This site is optimized with the Yoast SEO plugin v27.0 - https:\/\/yoast.com\/product\/yoast-seo-wordpress\/ -->\n<title>Buscamos veterinario con perfil t\u00e9cnico para unirse al quipo del COVB - COVB - Col\u00b7legi Oficial de Veterinaris de Barcelona<\/title>\n<meta name=\"description\" content=\"El Colegio Oficial de Veterinarios de Barcelona (COVB) abre un proceso de selecci\u00f3n para incorporar un\/a veterinario\/a con perfil t\u00e9cnico, capacidad de\" \/>\n<meta name=\"robots\" content=\"index, follow, max-snippet:-1, max-image-preview:large, max-video-preview:-1\" \/>\n<link rel=\"canonical\" href=\"https:\/\/www.covb.cat\/es\/actualitat\/noticies\/general\/buscamos-veterinario-con-perfil-tecnico-para-unirse-al-quipo-del-covb\/\" \/>\n<meta property=\"og:locale\" content=\"es_ES\" \/>\n<meta property=\"og:type\" content=\"article\" \/>\n<meta property=\"og:title\" content=\"Buscamos veterinario con perfil t\u00e9cnico para unirse al quipo del COVB - COVB - Col\u00b7legi Oficial de Veterinaris de Barcelona\" \/>\n<meta property=\"og:description\" content=\"El Colegio Oficial de Veterinarios de Barcelona (COVB) abre un proceso de selecci\u00f3n para incorporar un\/a veterinario\/a con perfil t\u00e9cnico, capacidad de\" \/>\n<meta property=\"og:url\" content=\"https:\/\/www.covb.cat\/es\/actualitat\/noticies\/general\/buscamos-veterinario-con-perfil-tecnico-para-unirse-al-quipo-del-covb\/\" \/>\n<meta property=\"og:site_name\" content=\"COVB\" \/>\n<meta property=\"article:publisher\" content=\"https:\/\/www.facebook.com\/COVBcat\/\" \/>\n<meta property=\"article:published_time\" content=\"2025-06-06T11:53:56+00:00\" \/>\n<meta property=\"og:image\" content=\"https:\/\/www.covb.cat\/wp-content\/uploads\/2025\/06\/Oferta-laboral-COVB-WEB-1.jpg\" \/>\n\t<meta property=\"og:image:width\" content=\"1200\" \/>\n\t<meta property=\"og:image:height\" content=\"800\" \/>\n\t<meta property=\"og:image:type\" content=\"image\/jpeg\" \/>\n<meta name=\"author\" content=\"Ferran Alcaraz\" \/>\n<meta name=\"twitter:card\" content=\"summary_large_image\" \/>\n<meta name=\"twitter:creator\" content=\"@COVBcat\" \/>\n<meta name=\"twitter:site\" content=\"@COVBcat\" \/>\n<meta name=\"twitter:label1\" content=\"Escrito por\" \/>\n\t<meta name=\"twitter:data1\" content=\"Ferran Alcaraz\" \/>\n\t<meta name=\"twitter:label2\" content=\"Tiempo de lectura\" \/>\n\t<meta name=\"twitter:data2\" content=\"2 minutos\" \/>\n<script type=\"application\/ld+json\" class=\"yoast-schema-graph\">{\"@context\":\"https:\/\/schema.org\",\"@graph\":[{\"@type\":\"Article\",\"@id\":\"https:\/\/www.covb.cat\/es\/actualitat\/noticies\/general\/buscamos-veterinario-con-perfil-tecnico-para-unirse-al-quipo-del-covb\/#article\",\"isPartOf\":{\"@id\":\"https:\/\/www.covb.cat\/es\/actualitat\/noticies\/general\/buscamos-veterinario-con-perfil-tecnico-para-unirse-al-quipo-del-covb\/\"},\"author\":{\"name\":\"Ferran Alcaraz\",\"@id\":\"https:\/\/www.covb.cat\/es\/#\/schema\/person\/ddc9093bc091186c194bba72ca3be5e2\"},\"headline\":\"Buscamos veterinario con perfil t\u00e9cnico para unirse al quipo del COVB\",\"datePublished\":\"2025-06-06T11:53:56+00:00\",\"mainEntityOfPage\":{\"@id\":\"https:\/\/www.covb.cat\/es\/actualitat\/noticies\/general\/buscamos-veterinario-con-perfil-tecnico-para-unirse-al-quipo-del-covb\/\"},\"wordCount\":280,\"publisher\":{\"@id\":\"https:\/\/www.covb.cat\/es\/#organization\"},\"image\":{\"@id\":\"https:\/\/www.covb.cat\/es\/actualitat\/noticies\/general\/buscamos-veterinario-con-perfil-tecnico-para-unirse-al-quipo-del-covb\/#primaryimage\"},\"thumbnailUrl\":\"https:\/\/www.covb.cat\/wp-content\/uploads\/2025\/06\/Oferta-laboral-COVB-WEB-1.jpg\",\"articleSection\":[\"Corporativo\",\"General\"],\"inLanguage\":\"es\"},{\"@type\":\"WebPage\",\"@id\":\"https:\/\/www.covb.cat\/es\/actualitat\/noticies\/general\/buscamos-veterinario-con-perfil-tecnico-para-unirse-al-quipo-del-covb\/\",\"url\":\"https:\/\/www.covb.cat\/es\/actualitat\/noticies\/general\/buscamos-veterinario-con-perfil-tecnico-para-unirse-al-quipo-del-covb\/\",\"name\":\"Buscamos veterinario con perfil t\u00e9cnico para unirse al quipo del COVB - COVB - Col\u00b7legi Oficial de Veterinaris de Barcelona\",\"isPartOf\":{\"@id\":\"https:\/\/www.covb.cat\/es\/#website\"},\"primaryImageOfPage\":{\"@id\":\"https:\/\/www.covb.cat\/es\/actualitat\/noticies\/general\/buscamos-veterinario-con-perfil-tecnico-para-unirse-al-quipo-del-covb\/#primaryimage\"},\"image\":{\"@id\":\"https:\/\/www.covb.cat\/es\/actualitat\/noticies\/general\/buscamos-veterinario-con-perfil-tecnico-para-unirse-al-quipo-del-covb\/#primaryimage\"},\"thumbnailUrl\":\"https:\/\/www.covb.cat\/wp-content\/uploads\/2025\/06\/Oferta-laboral-COVB-WEB-1.jpg\",\"datePublished\":\"2025-06-06T11:53:56+00:00\",\"description\":\"El Colegio Oficial de Veterinarios de Barcelona (COVB) abre un proceso de selecci\u00f3n para incorporar un\/a veterinario\/a con perfil t\u00e9cnico, capacidad de\",\"breadcrumb\":{\"@id\":\"https:\/\/www.covb.cat\/es\/actualitat\/noticies\/general\/buscamos-veterinario-con-perfil-tecnico-para-unirse-al-quipo-del-covb\/#breadcrumb\"},\"inLanguage\":\"es\",\"potentialAction\":[{\"@type\":\"ReadAction\",\"target\":[\"https:\/\/www.covb.cat\/es\/actualitat\/noticies\/general\/buscamos-veterinario-con-perfil-tecnico-para-unirse-al-quipo-del-covb\/\"]}]},{\"@type\":\"ImageObject\",\"inLanguage\":\"es\",\"@id\":\"https:\/\/www.covb.cat\/es\/actualitat\/noticies\/general\/buscamos-veterinario-con-perfil-tecnico-para-unirse-al-quipo-del-covb\/#primaryimage\",\"url\":\"https:\/\/www.covb.cat\/wp-content\/uploads\/2025\/06\/Oferta-laboral-COVB-WEB-1.jpg\",\"contentUrl\":\"https:\/\/www.covb.cat\/wp-content\/uploads\/2025\/06\/Oferta-laboral-COVB-WEB-1.jpg\",\"width\":1200,\"height\":800},{\"@type\":\"BreadcrumbList\",\"@id\":\"https:\/\/www.covb.cat\/es\/actualitat\/noticies\/general\/buscamos-veterinario-con-perfil-tecnico-para-unirse-al-quipo-del-covb\/#breadcrumb\",\"itemListElement\":[{\"@type\":\"ListItem\",\"position\":1,\"name\":\"Inici\",\"item\":\"https:\/\/www.covb.cat\/es\/\"},{\"@type\":\"ListItem\",\"position\":2,\"name\":\"Buscamos veterinario con perfil t\u00e9cnico para unirse al quipo del COVB\"}]},{\"@type\":\"WebSite\",\"@id\":\"https:\/\/www.covb.cat\/es\/#website\",\"url\":\"https:\/\/www.covb.cat\/es\/\",\"name\":\"COVB\",\"description\":\"Col\u00b7legi Oficial de Veterinaris de Barcelona\",\"publisher\":{\"@id\":\"https:\/\/www.covb.cat\/es\/#organization\"},\"potentialAction\":[{\"@type\":\"SearchAction\",\"target\":{\"@type\":\"EntryPoint\",\"urlTemplate\":\"https:\/\/www.covb.cat\/es\/?s={search_term_string}\"},\"query-input\":{\"@type\":\"PropertyValueSpecification\",\"valueRequired\":true,\"valueName\":\"search_term_string\"}}],\"inLanguage\":\"es\"},{\"@type\":\"Organization\",\"@id\":\"https:\/\/www.covb.cat\/es\/#organization\",\"name\":\"COVB\",\"url\":\"https:\/\/www.covb.cat\/es\/\",\"logo\":{\"@type\":\"ImageObject\",\"inLanguage\":\"es\",\"@id\":\"https:\/\/www.covb.cat\/es\/#\/schema\/logo\/image\/\",\"url\":\"https:\/\/www.covb.cat\/wp-content\/uploads\/2018\/07\/favicon-covb.png\",\"contentUrl\":\"https:\/\/www.covb.cat\/wp-content\/uploads\/2018\/07\/favicon-covb.png\",\"width\":512,\"height\":512,\"caption\":\"COVB\"},\"image\":{\"@id\":\"https:\/\/www.covb.cat\/es\/#\/schema\/logo\/image\/\"},\"sameAs\":[\"https:\/\/www.facebook.com\/COVBcat\/\",\"https:\/\/x.com\/COVBcat\",\"https:\/\/www.youtube.com\/user\/covbcn\"]},{\"@type\":\"Person\",\"@id\":\"https:\/\/www.covb.cat\/es\/#\/schema\/person\/ddc9093bc091186c194bba72ca3be5e2\",\"name\":\"Ferran Alcaraz\",\"image\":{\"@type\":\"ImageObject\",\"inLanguage\":\"es\",\"@id\":\"https:\/\/www.covb.cat\/es\/#\/schema\/person\/image\/\",\"url\":\"https:\/\/secure.gravatar.com\/avatar\/7a7bb9e48d880990c016f59db5a666fe7ad49e90723bdbdc0acfb756246ea192?s=96&d=mm&r=g\",\"contentUrl\":\"https:\/\/secure.gravatar.com\/avatar\/7a7bb9e48d880990c016f59db5a666fe7ad49e90723bdbdc0acfb756246ea192?s=96&d=mm&r=g\",\"caption\":\"Ferran Alcaraz\"}}]}<\/script>\n<!-- \/ Yoast SEO plugin. -->","yoast_head_json":{"title":"Buscamos veterinario con perfil t\u00e9cnico para unirse al quipo del COVB - COVB - Col\u00b7legi Oficial de Veterinaris de Barcelona","description":"El Colegio Oficial de Veterinarios de Barcelona (COVB) abre un proceso de selecci\u00f3n para incorporar un\/a veterinario\/a con perfil t\u00e9cnico, capacidad de","robots":{"index":"index","follow":"follow","max-snippet":"max-snippet:-1","max-image-preview":"max-image-preview:large","max-video-preview":"max-video-preview:-1"},"canonical":"https:\/\/www.covb.cat\/es\/actualitat\/noticies\/general\/buscamos-veterinario-con-perfil-tecnico-para-unirse-al-quipo-del-covb\/","og_locale":"es_ES","og_type":"article","og_title":"Buscamos veterinario con perfil t\u00e9cnico para unirse al quipo del COVB - COVB - Col\u00b7legi Oficial de Veterinaris de Barcelona","og_description":"El Colegio Oficial de Veterinarios de Barcelona (COVB) abre un proceso de selecci\u00f3n para incorporar un\/a veterinario\/a con perfil t\u00e9cnico, capacidad de","og_url":"https:\/\/www.covb.cat\/es\/actualitat\/noticies\/general\/buscamos-veterinario-con-perfil-tecnico-para-unirse-al-quipo-del-covb\/","og_site_name":"COVB","article_publisher":"https:\/\/www.facebook.com\/COVBcat\/","article_published_time":"2025-06-06T11:53:56+00:00","og_image":[{"width":1200,"height":800,"url":"https:\/\/www.covb.cat\/wp-content\/uploads\/2025\/06\/Oferta-laboral-COVB-WEB-1.jpg","type":"image\/jpeg"}],"author":"Ferran Alcaraz","twitter_card":"summary_large_image","twitter_creator":"@COVBcat","twitter_site":"@COVBcat","twitter_misc":{"Escrito por":"Ferran Alcaraz","Tiempo de lectura":"2 minutos"},"schema":{"@context":"https:\/\/schema.org","@graph":[{"@type":"Article","@id":"https:\/\/www.covb.cat\/es\/actualitat\/noticies\/general\/buscamos-veterinario-con-perfil-tecnico-para-unirse-al-quipo-del-covb\/#article","isPartOf":{"@id":"https:\/\/www.covb.cat\/es\/actualitat\/noticies\/general\/buscamos-veterinario-con-perfil-tecnico-para-unirse-al-quipo-del-covb\/"},"author":{"name":"Ferran Alcaraz","@id":"https:\/\/www.covb.cat\/es\/#\/schema\/person\/ddc9093bc091186c194bba72ca3be5e2"},"headline":"Buscamos veterinario con perfil t\u00e9cnico para unirse al quipo del COVB","datePublished":"2025-06-06T11:53:56+00:00","mainEntityOfPage":{"@id":"https:\/\/www.covb.cat\/es\/actualitat\/noticies\/general\/buscamos-veterinario-con-perfil-tecnico-para-unirse-al-quipo-del-covb\/"},"wordCount":280,"publisher":{"@id":"https:\/\/www.covb.cat\/es\/#organization"},"image":{"@id":"https:\/\/www.covb.cat\/es\/actualitat\/noticies\/general\/buscamos-veterinario-con-perfil-tecnico-para-unirse-al-quipo-del-covb\/#primaryimage"},"thumbnailUrl":"https:\/\/www.covb.cat\/wp-content\/uploads\/2025\/06\/Oferta-laboral-COVB-WEB-1.jpg","articleSection":["Corporativo","General"],"inLanguage":"es"},{"@type":"WebPage","@id":"https:\/\/www.covb.cat\/es\/actualitat\/noticies\/general\/buscamos-veterinario-con-perfil-tecnico-para-unirse-al-quipo-del-covb\/","url":"https:\/\/www.covb.cat\/es\/actualitat\/noticies\/general\/buscamos-veterinario-con-perfil-tecnico-para-unirse-al-quipo-del-covb\/","name":"Buscamos veterinario con perfil t\u00e9cnico para unirse al quipo del COVB - COVB - Col\u00b7legi Oficial de Veterinaris de Barcelona","isPartOf":{"@id":"https:\/\/www.covb.cat\/es\/#website"},"primaryImageOfPage":{"@id":"https:\/\/www.covb.cat\/es\/actualitat\/noticies\/general\/buscamos-veterinario-con-perfil-tecnico-para-unirse-al-quipo-del-covb\/#primaryimage"},"image":{"@id":"https:\/\/www.covb.cat\/es\/actualitat\/noticies\/general\/buscamos-veterinario-con-perfil-tecnico-para-unirse-al-quipo-del-covb\/#primaryimage"},"thumbnailUrl":"https:\/\/www.covb.cat\/wp-content\/uploads\/2025\/06\/Oferta-laboral-COVB-WEB-1.jpg","datePublished":"2025-06-06T11:53:56+00:00","description":"El Colegio Oficial de Veterinarios de Barcelona (COVB) abre un proceso de selecci\u00f3n para incorporar un\/a veterinario\/a con perfil t\u00e9cnico, capacidad de","breadcrumb":{"@id":"https:\/\/www.covb.cat\/es\/actualitat\/noticies\/general\/buscamos-veterinario-con-perfil-tecnico-para-unirse-al-quipo-del-covb\/#breadcrumb"},"inLanguage":"es","potentialAction":[{"@type":"ReadAction","target":["https:\/\/www.covb.cat\/es\/actualitat\/noticies\/general\/buscamos-veterinario-con-perfil-tecnico-para-unirse-al-quipo-del-covb\/"]}]},{"@type":"ImageObject","inLanguage":"es","@id":"https:\/\/www.covb.cat\/es\/actualitat\/noticies\/general\/buscamos-veterinario-con-perfil-tecnico-para-unirse-al-quipo-del-covb\/#primaryimage","url":"https:\/\/www.covb.cat\/wp-content\/uploads\/2025\/06\/Oferta-laboral-COVB-WEB-1.jpg","contentUrl":"https:\/\/www.covb.cat\/wp-content\/uploads\/2025\/06\/Oferta-laboral-COVB-WEB-1.jpg","width":1200,"height":800},{"@type":"BreadcrumbList","@id":"https:\/\/www.covb.cat\/es\/actualitat\/noticies\/general\/buscamos-veterinario-con-perfil-tecnico-para-unirse-al-quipo-del-covb\/#breadcrumb","itemListElement":[{"@type":"ListItem","position":1,"name":"Inici","item":"https:\/\/www.covb.cat\/es\/"},{"@type":"ListItem","position":2,"name":"Buscamos veterinario con perfil t\u00e9cnico para unirse al quipo del COVB"}]},{"@type":"WebSite","@id":"https:\/\/www.covb.cat\/es\/#website","url":"https:\/\/www.covb.cat\/es\/","name":"COVB","description":"Col\u00b7legi Oficial de Veterinaris de Barcelona","publisher":{"@id":"https:\/\/www.covb.cat\/es\/#organization"},"potentialAction":[{"@type":"SearchAction","target":{"@type":"EntryPoint","urlTemplate":"https:\/\/www.covb.cat\/es\/?s={search_term_string}"},"query-input":{"@type":"PropertyValueSpecification","valueRequired":true,"valueName":"search_term_string"}}],"inLanguage":"es"},{"@type":"Organization","@id":"https:\/\/www.covb.cat\/es\/#organization","name":"COVB","url":"https:\/\/www.covb.cat\/es\/","logo":{"@type":"ImageObject","inLanguage":"es","@id":"https:\/\/www.covb.cat\/es\/#\/schema\/logo\/image\/","url":"https:\/\/www.covb.cat\/wp-content\/uploads\/2018\/07\/favicon-covb.png","contentUrl":"https:\/\/www.covb.cat\/wp-content\/uploads\/2018\/07\/favicon-covb.png","width":512,"height":512,"caption":"COVB"},"image":{"@id":"https:\/\/www.covb.cat\/es\/#\/schema\/logo\/image\/"},"sameAs":["https:\/\/www.facebook.com\/COVBcat\/","https:\/\/x.com\/COVBcat","https:\/\/www.youtube.com\/user\/covbcn"]},{"@type":"Person","@id":"https:\/\/www.covb.cat\/es\/#\/schema\/person\/ddc9093bc091186c194bba72ca3be5e2","name":"Ferran Alcaraz","image":{"@type":"ImageObject","inLanguage":"es","@id":"https:\/\/www.covb.cat\/es\/#\/schema\/person\/image\/","url":"https:\/\/secure.gravatar.com\/avatar\/7a7bb9e48d880990c016f59db5a666fe7ad49e90723bdbdc0acfb756246ea192?s=96&d=mm&r=g","contentUrl":"https:\/\/secure.gravatar.com\/avatar\/7a7bb9e48d880990c016f59db5a666fe7ad49e90723bdbdc0acfb756246ea192?s=96&d=mm&r=g","caption":"Ferran Alcaraz"}}]}},"jetpack_featured_media_url":"https:\/\/www.covb.cat\/wp-content\/uploads\/2025\/06\/Oferta-laboral-COVB-WEB-1.jpg","jetpack_sharing_enabled":true,"_links":{"self":[{"href":"https:\/\/www.covb.cat\/es\/wp-json\/wp\/v2\/posts\/57552","targetHints":{"allow":["GET"]}}],"collection":[{"href":"https:\/\/www.covb.cat\/es\/wp-json\/wp\/v2\/posts"}],"about":[{"href":"https:\/\/www.covb.cat\/es\/wp-json\/wp\/v2\/types\/post"}],"author":[{"embeddable":true,"href":"https:\/\/www.covb.cat\/es\/wp-json\/wp\/v2\/users\/2985"}],"replies":[{"embeddable":true,"href":"https:\/\/www.covb.cat\/es\/wp-json\/wp\/v2\/comments?post=57552"}],"version-history":[{"count":1,"href":"https:\/\/www.covb.cat\/es\/wp-json\/wp\/v2\/posts\/57552\/revisions"}],"predecessor-version":[{"id":57553,"href":"https:\/\/www.covb.cat\/es\/wp-json\/wp\/v2\/posts\/57552\/revisions\/57553"}],"wp:featuredmedia":[{"embeddable":true,"href":"https:\/\/www.covb.cat\/es\/wp-json\/wp\/v2\/media\/57550"}],"wp:attachment":[{"href":"https:\/\/www.covb.cat\/es\/wp-json\/wp\/v2\/media?parent=57552"}],"wp:term":[{"taxonomy":"category","embeddable":true,"href":"https:\/\/www.covb.cat\/es\/wp-json\/wp\/v2\/categories?post=57552"},{"taxonomy":"post_tag","embeddable":true,"href":"https:\/\/www.covb.cat\/es\/wp-json\/wp\/v2\/tags?post=57552"}],"curies":[{"name":"wp","href":"https:\/\/api.w.org\/{rel}","templated":true}]}}