{"id":5661,"date":"2021-02-12T14:28:36","date_gmt":"2021-02-12T13:28:36","guid":{"rendered":"https:\/\/www.covb.cat\/actualitat\/noticies\/general\/comenca-la-campanya-de-vacunacio-per-als-veterinaris\/"},"modified":"2021-02-12T14:30:09","modified_gmt":"2021-02-12T13:30:09","slug":"comenca-la-campanya-de-vacunacio-per-als-veterinaris","status":"publish","type":"post","link":"https:\/\/www.covb.cat\/es\/actualitat\/noticies\/general\/comenca-la-campanya-de-vacunacio-per-als-veterinaris\/","title":{"rendered":"Empieza la campa\u00f1a de vacunaci\u00f3n para los veterinarios"},"content":{"rendered":"<p>Esta semana ha empezado la campa\u00f1a de vacunaci\u00f3n para los veterinarios, en este caso con la vacuna de Oxford\/AstraZeneca destinada a los profesionales sanitarios de segunda l\u00ednea y personal esencial como por ejemplo los veterinarios.<\/p>\n<p>Para vacunaros ten\u00e9is que ser mayores de 18 a\u00f1os y menores de 55, no ser positivos de COVID-19 ni haber sufrido la COVID-19 en los \u00faltimos 6 meses (seg\u00fan informaron ayer los medios de comunicaci\u00f3n), sufrir alguna dolencia grave (inmunodepresi\u00f3n, cardiovascular no controlada o hep\u00e1tica, renal metab\u00f3lica\/endocrina o neurol\u00f3gica), y ten\u00e9is que llevar CIP (la tarjeta sanitaria) o el DNI, la <a href=\"https:\/\/canalsalut.gencat.cat\/web\/.content\/_A-Z\/V\/vacuna-covid-19\/convocatoria\/declaracio-responsable-vacunacio-covid19-imprimir.pdf\">declaraci\u00f3n responsable<\/a>\u00a0(<a href=\"https:\/\/canalsalut.gencat.cat\/web\/.content\/_A-Z\/V\/vacuna-covid-19\/convocatoria\/declaracio-responsable-vacunacio-covid19.pdf\">versi\u00f3n editable<\/a>)\u00a0 y un documento que acredite que form\u00e1is parte de uno de los colectivos priorizados por la vacunaci\u00f3n; carn\u00e9 de colegiado o certificado del colegio profesional, contrato de trabajo o \u00faltima n\u00f3mina. En caso de los aut\u00f3nomos, alta de aut\u00f3nomo o \u00faltimo recibo de cotizaciones.<\/p>\n<p>El Consell de Col.legis Veterinaris de Catalunya, en representaci\u00f3n de los cuatro Colegios catalanes, ha trabajado para considerar en los veterinarios personal sanitario priorizado. Seg\u00fan las \u00faltimas instrucciones recibidas del Servei Catal\u00e0 de la Salud aquellos de vosotros que os quer\u00e1is vacunar tendr\u00e9is que llenar el siguiente formulario con vuestros datos y nosotros lo remitiremos al CatSalut que es quien gestiona los plazos de vacunaci\u00f3n.<\/p>\n<p><a href=\"https:\/\/www.covb.cat\/formulari-vacunacio-covid-19\/\">ACCEDE AL FORMULARIO<\/a><\/p>\n<p>La convocatoria de los grupos priorizados se est\u00e1 llevando a cabo mediante un SMS con cita concertada. Tendr\u00e9is que tener en cuenta que el env\u00edo se est\u00e1 haciendo de manera gradual, por lo tanto se puede tardar unos cu\u00e1ntos d\u00edas en recibirlo.<\/p>\n<p>Informaos m\u00e1s en detalle aqu\u00ed: <a href=\"https:\/\/canalsalut.gencat.cat\/ca\/salut-a-z\/v\/vacuna-covid-19\/professionals\/convocatoria\/?cvp#bloc6\">Convocatoria de vacunaci\u00f3n para profesionales priorizados. Canal Salud (gencat.cat)<\/a><\/p>\n","protected":false},"excerpt":{"rendered":"<p>Esta semana ha empezado la campa\u00f1a de vacunaci\u00f3n para los veterinarios, en este caso con la vacuna de Oxford\/AstraZeneca destinada a los profesionales sanitarios de segunda l\u00ednea y personal esencial como por ejemplo los veterinarios. Para vacunaros ten\u00e9is que ser mayores de 18 a\u00f1os y menores de 55, no ser positivos de COVID-19 ni haber [&hellip;]<\/p>\n","protected":false},"author":106,"featured_media":5624,"comment_status":"closed","ping_status":"closed","sticky":false,"template":"","format":"standard","meta":{"_monsterinsights_skip_tracking":false,"_monsterinsights_sitenote_active":false,"_monsterinsights_sitenote_note":"","_monsterinsights_sitenote_category":0,"_jetpack_memberships_contains_paid_content":false,"footnotes":""},"categories":[147,17],"tags":[],"class_list":["post-5661","post","type-post","status-publish","format-standard","has-post-thumbnail","hentry","category-covid-19-es","category-general"],"yoast_head":"<!-- This site is optimized with the Yoast SEO plugin v27.0 - https:\/\/yoast.com\/product\/yoast-seo-wordpress\/ -->\n<title>Empieza la campa\u00f1a de vacunaci\u00f3n para los veterinarios - COVB - Col\u00b7legi Oficial de Veterinaris de Barcelona<\/title>\n<meta name=\"description\" content=\"Esta semana ha empezado la campa\u00f1a de vacunaci\u00f3n para los veterinarios, en este caso con la vacuna de Oxford\/AstraZeneca destinada a los profesionales\" \/>\n<meta name=\"robots\" content=\"index, follow, max-snippet:-1, max-image-preview:large, max-video-preview:-1\" \/>\n<link rel=\"canonical\" href=\"https:\/\/www.covb.cat\/es\/actualitat\/noticies\/general\/comenca-la-campanya-de-vacunacio-per-als-veterinaris\/\" \/>\n<meta property=\"og:locale\" content=\"es_ES\" \/>\n<meta property=\"og:type\" content=\"article\" \/>\n<meta property=\"og:title\" content=\"Empieza la campa\u00f1a de vacunaci\u00f3n para los veterinarios - COVB - Col\u00b7legi Oficial de Veterinaris de Barcelona\" \/>\n<meta property=\"og:description\" content=\"Esta semana ha empezado la campa\u00f1a de vacunaci\u00f3n para los veterinarios, en este caso con la vacuna de Oxford\/AstraZeneca destinada a los profesionales\" \/>\n<meta property=\"og:url\" content=\"https:\/\/www.covb.cat\/es\/actualitat\/noticies\/general\/comenca-la-campanya-de-vacunacio-per-als-veterinaris\/\" \/>\n<meta property=\"og:site_name\" content=\"COVB\" \/>\n<meta property=\"article:publisher\" content=\"https:\/\/www.facebook.com\/COVBcat\/\" \/>\n<meta property=\"article:published_time\" content=\"2021-02-12T13:28:36+00:00\" \/>\n<meta property=\"article:modified_time\" content=\"2021-02-12T13:30:09+00:00\" \/>\n<meta property=\"og:image\" content=\"https:\/\/www.covb.cat\/wp-content\/uploads\/2021\/02\/bgvacunacovid2.jpg\" \/>\n\t<meta property=\"og:image:width\" content=\"600\" \/>\n\t<meta property=\"og:image:height\" content=\"247\" \/>\n\t<meta property=\"og:image:type\" content=\"image\/jpeg\" \/>\n<meta name=\"twitter:card\" content=\"summary_large_image\" \/>\n<meta name=\"twitter:creator\" content=\"@COVBcat\" \/>\n<meta name=\"twitter:site\" content=\"@COVBcat\" \/>\n<meta name=\"twitter:label1\" content=\"Escrito por\" \/>\n\t<meta name=\"twitter:data1\" content=\"\" \/>\n\t<meta name=\"twitter:label2\" content=\"Tiempo de lectura\" \/>\n\t<meta name=\"twitter:data2\" content=\"2 minutos\" \/>\n<script type=\"application\/ld+json\" class=\"yoast-schema-graph\">{\"@context\":\"https:\/\/schema.org\",\"@graph\":[{\"@type\":\"Article\",\"@id\":\"https:\/\/www.covb.cat\/es\/actualitat\/noticies\/general\/comenca-la-campanya-de-vacunacio-per-als-veterinaris\/#article\",\"isPartOf\":{\"@id\":\"https:\/\/www.covb.cat\/es\/actualitat\/noticies\/general\/comenca-la-campanya-de-vacunacio-per-als-veterinaris\/\"},\"author\":{\"name\":\"\",\"@id\":\"\"},\"headline\":\"Empieza la campa\u00f1a de vacunaci\u00f3n para los veterinarios\",\"datePublished\":\"2021-02-12T13:28:36+00:00\",\"dateModified\":\"2021-02-12T13:30:09+00:00\",\"mainEntityOfPage\":{\"@id\":\"https:\/\/www.covb.cat\/es\/actualitat\/noticies\/general\/comenca-la-campanya-de-vacunacio-per-als-veterinaris\/\"},\"wordCount\":309,\"publisher\":{\"@id\":\"https:\/\/www.covb.cat\/es\/#organization\"},\"image\":{\"@id\":\"https:\/\/www.covb.cat\/es\/actualitat\/noticies\/general\/comenca-la-campanya-de-vacunacio-per-als-veterinaris\/#primaryimage\"},\"thumbnailUrl\":\"https:\/\/www.covb.cat\/wp-content\/uploads\/2021\/02\/bgvacunacovid2.jpg\",\"articleSection\":[\"COVID-19\",\"General\"],\"inLanguage\":\"es\"},{\"@type\":\"WebPage\",\"@id\":\"https:\/\/www.covb.cat\/es\/actualitat\/noticies\/general\/comenca-la-campanya-de-vacunacio-per-als-veterinaris\/\",\"url\":\"https:\/\/www.covb.cat\/es\/actualitat\/noticies\/general\/comenca-la-campanya-de-vacunacio-per-als-veterinaris\/\",\"name\":\"Empieza la campa\u00f1a de vacunaci\u00f3n para los veterinarios - COVB - Col\u00b7legi Oficial de Veterinaris de Barcelona\",\"isPartOf\":{\"@id\":\"https:\/\/www.covb.cat\/es\/#website\"},\"primaryImageOfPage\":{\"@id\":\"https:\/\/www.covb.cat\/es\/actualitat\/noticies\/general\/comenca-la-campanya-de-vacunacio-per-als-veterinaris\/#primaryimage\"},\"image\":{\"@id\":\"https:\/\/www.covb.cat\/es\/actualitat\/noticies\/general\/comenca-la-campanya-de-vacunacio-per-als-veterinaris\/#primaryimage\"},\"thumbnailUrl\":\"https:\/\/www.covb.cat\/wp-content\/uploads\/2021\/02\/bgvacunacovid2.jpg\",\"datePublished\":\"2021-02-12T13:28:36+00:00\",\"dateModified\":\"2021-02-12T13:30:09+00:00\",\"description\":\"Esta semana ha empezado la campa\u00f1a de vacunaci\u00f3n para los veterinarios, en este caso con la vacuna de Oxford\/AstraZeneca destinada a los profesionales\",\"breadcrumb\":{\"@id\":\"https:\/\/www.covb.cat\/es\/actualitat\/noticies\/general\/comenca-la-campanya-de-vacunacio-per-als-veterinaris\/#breadcrumb\"},\"inLanguage\":\"es\",\"potentialAction\":[{\"@type\":\"ReadAction\",\"target\":[\"https:\/\/www.covb.cat\/es\/actualitat\/noticies\/general\/comenca-la-campanya-de-vacunacio-per-als-veterinaris\/\"]}]},{\"@type\":\"ImageObject\",\"inLanguage\":\"es\",\"@id\":\"https:\/\/www.covb.cat\/es\/actualitat\/noticies\/general\/comenca-la-campanya-de-vacunacio-per-als-veterinaris\/#primaryimage\",\"url\":\"https:\/\/www.covb.cat\/wp-content\/uploads\/2021\/02\/bgvacunacovid2.jpg\",\"contentUrl\":\"https:\/\/www.covb.cat\/wp-content\/uploads\/2021\/02\/bgvacunacovid2.jpg\",\"width\":600,\"height\":247},{\"@type\":\"BreadcrumbList\",\"@id\":\"https:\/\/www.covb.cat\/es\/actualitat\/noticies\/general\/comenca-la-campanya-de-vacunacio-per-als-veterinaris\/#breadcrumb\",\"itemListElement\":[{\"@type\":\"ListItem\",\"position\":1,\"name\":\"Inici\",\"item\":\"https:\/\/www.covb.cat\/es\/\"},{\"@type\":\"ListItem\",\"position\":2,\"name\":\"Empieza la campa\u00f1a de vacunaci\u00f3n para los veterinarios\"}]},{\"@type\":\"WebSite\",\"@id\":\"https:\/\/www.covb.cat\/es\/#website\",\"url\":\"https:\/\/www.covb.cat\/es\/\",\"name\":\"COVB\",\"description\":\"Col\u00b7legi Oficial de Veterinaris de Barcelona\",\"publisher\":{\"@id\":\"https:\/\/www.covb.cat\/es\/#organization\"},\"potentialAction\":[{\"@type\":\"SearchAction\",\"target\":{\"@type\":\"EntryPoint\",\"urlTemplate\":\"https:\/\/www.covb.cat\/es\/?s={search_term_string}\"},\"query-input\":{\"@type\":\"PropertyValueSpecification\",\"valueRequired\":true,\"valueName\":\"search_term_string\"}}],\"inLanguage\":\"es\"},{\"@type\":\"Organization\",\"@id\":\"https:\/\/www.covb.cat\/es\/#organization\",\"name\":\"COVB\",\"url\":\"https:\/\/www.covb.cat\/es\/\",\"logo\":{\"@type\":\"ImageObject\",\"inLanguage\":\"es\",\"@id\":\"https:\/\/www.covb.cat\/es\/#\/schema\/logo\/image\/\",\"url\":\"https:\/\/www.covb.cat\/wp-content\/uploads\/2018\/07\/favicon-covb.png\",\"contentUrl\":\"https:\/\/www.covb.cat\/wp-content\/uploads\/2018\/07\/favicon-covb.png\",\"width\":512,\"height\":512,\"caption\":\"COVB\"},\"image\":{\"@id\":\"https:\/\/www.covb.cat\/es\/#\/schema\/logo\/image\/\"},\"sameAs\":[\"https:\/\/www.facebook.com\/COVBcat\/\",\"https:\/\/x.com\/COVBcat\",\"https:\/\/www.youtube.com\/user\/covbcn\"]},{\"@type\":\"Person\",\"@id\":\"\"}]}<\/script>\n<!-- \/ Yoast SEO plugin. -->","yoast_head_json":{"title":"Empieza la campa\u00f1a de vacunaci\u00f3n para los veterinarios - COVB - Col\u00b7legi Oficial de Veterinaris de Barcelona","description":"Esta semana ha empezado la campa\u00f1a de vacunaci\u00f3n para los veterinarios, en este caso con la vacuna de Oxford\/AstraZeneca destinada a los profesionales","robots":{"index":"index","follow":"follow","max-snippet":"max-snippet:-1","max-image-preview":"max-image-preview:large","max-video-preview":"max-video-preview:-1"},"canonical":"https:\/\/www.covb.cat\/es\/actualitat\/noticies\/general\/comenca-la-campanya-de-vacunacio-per-als-veterinaris\/","og_locale":"es_ES","og_type":"article","og_title":"Empieza la campa\u00f1a de vacunaci\u00f3n para los veterinarios - COVB - Col\u00b7legi Oficial de Veterinaris de Barcelona","og_description":"Esta semana ha empezado la campa\u00f1a de vacunaci\u00f3n para los veterinarios, en este caso con la vacuna de Oxford\/AstraZeneca destinada a los profesionales","og_url":"https:\/\/www.covb.cat\/es\/actualitat\/noticies\/general\/comenca-la-campanya-de-vacunacio-per-als-veterinaris\/","og_site_name":"COVB","article_publisher":"https:\/\/www.facebook.com\/COVBcat\/","article_published_time":"2021-02-12T13:28:36+00:00","article_modified_time":"2021-02-12T13:30:09+00:00","og_image":[{"width":600,"height":247,"url":"https:\/\/www.covb.cat\/wp-content\/uploads\/2021\/02\/bgvacunacovid2.jpg","type":"image\/jpeg"}],"twitter_card":"summary_large_image","twitter_creator":"@COVBcat","twitter_site":"@COVBcat","twitter_misc":{"Escrito por":"","Tiempo de lectura":"2 minutos"},"schema":{"@context":"https:\/\/schema.org","@graph":[{"@type":"Article","@id":"https:\/\/www.covb.cat\/es\/actualitat\/noticies\/general\/comenca-la-campanya-de-vacunacio-per-als-veterinaris\/#article","isPartOf":{"@id":"https:\/\/www.covb.cat\/es\/actualitat\/noticies\/general\/comenca-la-campanya-de-vacunacio-per-als-veterinaris\/"},"author":{"name":"","@id":""},"headline":"Empieza la campa\u00f1a de vacunaci\u00f3n para los veterinarios","datePublished":"2021-02-12T13:28:36+00:00","dateModified":"2021-02-12T13:30:09+00:00","mainEntityOfPage":{"@id":"https:\/\/www.covb.cat\/es\/actualitat\/noticies\/general\/comenca-la-campanya-de-vacunacio-per-als-veterinaris\/"},"wordCount":309,"publisher":{"@id":"https:\/\/www.covb.cat\/es\/#organization"},"image":{"@id":"https:\/\/www.covb.cat\/es\/actualitat\/noticies\/general\/comenca-la-campanya-de-vacunacio-per-als-veterinaris\/#primaryimage"},"thumbnailUrl":"https:\/\/www.covb.cat\/wp-content\/uploads\/2021\/02\/bgvacunacovid2.jpg","articleSection":["COVID-19","General"],"inLanguage":"es"},{"@type":"WebPage","@id":"https:\/\/www.covb.cat\/es\/actualitat\/noticies\/general\/comenca-la-campanya-de-vacunacio-per-als-veterinaris\/","url":"https:\/\/www.covb.cat\/es\/actualitat\/noticies\/general\/comenca-la-campanya-de-vacunacio-per-als-veterinaris\/","name":"Empieza la campa\u00f1a de vacunaci\u00f3n para los veterinarios - COVB - Col\u00b7legi Oficial de Veterinaris de Barcelona","isPartOf":{"@id":"https:\/\/www.covb.cat\/es\/#website"},"primaryImageOfPage":{"@id":"https:\/\/www.covb.cat\/es\/actualitat\/noticies\/general\/comenca-la-campanya-de-vacunacio-per-als-veterinaris\/#primaryimage"},"image":{"@id":"https:\/\/www.covb.cat\/es\/actualitat\/noticies\/general\/comenca-la-campanya-de-vacunacio-per-als-veterinaris\/#primaryimage"},"thumbnailUrl":"https:\/\/www.covb.cat\/wp-content\/uploads\/2021\/02\/bgvacunacovid2.jpg","datePublished":"2021-02-12T13:28:36+00:00","dateModified":"2021-02-12T13:30:09+00:00","description":"Esta semana ha empezado la campa\u00f1a de vacunaci\u00f3n para los veterinarios, en este caso con la vacuna de Oxford\/AstraZeneca destinada a los profesionales","breadcrumb":{"@id":"https:\/\/www.covb.cat\/es\/actualitat\/noticies\/general\/comenca-la-campanya-de-vacunacio-per-als-veterinaris\/#breadcrumb"},"inLanguage":"es","potentialAction":[{"@type":"ReadAction","target":["https:\/\/www.covb.cat\/es\/actualitat\/noticies\/general\/comenca-la-campanya-de-vacunacio-per-als-veterinaris\/"]}]},{"@type":"ImageObject","inLanguage":"es","@id":"https:\/\/www.covb.cat\/es\/actualitat\/noticies\/general\/comenca-la-campanya-de-vacunacio-per-als-veterinaris\/#primaryimage","url":"https:\/\/www.covb.cat\/wp-content\/uploads\/2021\/02\/bgvacunacovid2.jpg","contentUrl":"https:\/\/www.covb.cat\/wp-content\/uploads\/2021\/02\/bgvacunacovid2.jpg","width":600,"height":247},{"@type":"BreadcrumbList","@id":"https:\/\/www.covb.cat\/es\/actualitat\/noticies\/general\/comenca-la-campanya-de-vacunacio-per-als-veterinaris\/#breadcrumb","itemListElement":[{"@type":"ListItem","position":1,"name":"Inici","item":"https:\/\/www.covb.cat\/es\/"},{"@type":"ListItem","position":2,"name":"Empieza la campa\u00f1a de vacunaci\u00f3n para los veterinarios"}]},{"@type":"WebSite","@id":"https:\/\/www.covb.cat\/es\/#website","url":"https:\/\/www.covb.cat\/es\/","name":"COVB","description":"Col\u00b7legi Oficial de Veterinaris de Barcelona","publisher":{"@id":"https:\/\/www.covb.cat\/es\/#organization"},"potentialAction":[{"@type":"SearchAction","target":{"@type":"EntryPoint","urlTemplate":"https:\/\/www.covb.cat\/es\/?s={search_term_string}"},"query-input":{"@type":"PropertyValueSpecification","valueRequired":true,"valueName":"search_term_string"}}],"inLanguage":"es"},{"@type":"Organization","@id":"https:\/\/www.covb.cat\/es\/#organization","name":"COVB","url":"https:\/\/www.covb.cat\/es\/","logo":{"@type":"ImageObject","inLanguage":"es","@id":"https:\/\/www.covb.cat\/es\/#\/schema\/logo\/image\/","url":"https:\/\/www.covb.cat\/wp-content\/uploads\/2018\/07\/favicon-covb.png","contentUrl":"https:\/\/www.covb.cat\/wp-content\/uploads\/2018\/07\/favicon-covb.png","width":512,"height":512,"caption":"COVB"},"image":{"@id":"https:\/\/www.covb.cat\/es\/#\/schema\/logo\/image\/"},"sameAs":["https:\/\/www.facebook.com\/COVBcat\/","https:\/\/x.com\/COVBcat","https:\/\/www.youtube.com\/user\/covbcn"]},{"@type":"Person","@id":""}]}},"jetpack_featured_media_url":"https:\/\/www.covb.cat\/wp-content\/uploads\/2021\/02\/bgvacunacovid2.jpg","jetpack_sharing_enabled":true,"_links":{"self":[{"href":"https:\/\/www.covb.cat\/es\/wp-json\/wp\/v2\/posts\/5661","targetHints":{"allow":["GET"]}}],"collection":[{"href":"https:\/\/www.covb.cat\/es\/wp-json\/wp\/v2\/posts"}],"about":[{"href":"https:\/\/www.covb.cat\/es\/wp-json\/wp\/v2\/types\/post"}],"author":[{"embeddable":true,"href":"https:\/\/www.covb.cat\/es\/wp-json\/wp\/v2\/users\/106"}],"replies":[{"embeddable":true,"href":"https:\/\/www.covb.cat\/es\/wp-json\/wp\/v2\/comments?post=5661"}],"version-history":[{"count":0,"href":"https:\/\/www.covb.cat\/es\/wp-json\/wp\/v2\/posts\/5661\/revisions"}],"wp:featuredmedia":[{"embeddable":true,"href":"https:\/\/www.covb.cat\/es\/wp-json\/wp\/v2\/media\/5624"}],"wp:attachment":[{"href":"https:\/\/www.covb.cat\/es\/wp-json\/wp\/v2\/media?parent=5661"}],"wp:term":[{"taxonomy":"category","embeddable":true,"href":"https:\/\/www.covb.cat\/es\/wp-json\/wp\/v2\/categories?post=5661"},{"taxonomy":"post_tag","embeddable":true,"href":"https:\/\/www.covb.cat\/es\/wp-json\/wp\/v2\/tags?post=5661"}],"curies":[{"name":"wp","href":"https:\/\/api.w.org\/{rel}","templated":true}]}}