{"id":56437,"date":"2025-05-09T11:40:17","date_gmt":"2025-05-09T09:40:17","guid":{"rendered":"https:\/\/www.covb.cat\/?p=56437"},"modified":"2025-05-09T10:44:42","modified_gmt":"2025-05-09T08:44:42","slug":"sesion-informativa-oposiciones-de-salud-publica-y-veterinaria-oep-2025-generalitat-de-catalunya","status":"publish","type":"post","link":"https:\/\/www.covb.cat\/es\/actualitat\/noticies\/general\/sesion-informativa-oposiciones-de-salud-publica-y-veterinaria-oep-2025-generalitat-de-catalunya\/","title":{"rendered":"Sesi\u00f3n informativa: Oposiciones de Salud P\u00fablica y Veterinaria \u2013 OEP 2025 Generalitat de Catalunya"},"content":{"rendered":"<p>Ayer, 8 de mayo de 2025, se celebr\u00f3 en la sede del COVB (y en formato online) la sesi\u00f3n informativa sobre las oposiciones de Salud P\u00fablica y Veterinaria, impartida por Eduardo Vijil, Catedr\u00e1tico Universitario y CEO de Formavet. Durante 90 minutos se resolvieron todas las dudas relativas a la convocatoria OEP 2025 y los recursos de preparaci\u00f3n disponibles.<\/p>\n<p><strong>En esta sesi\u00f3n se abordaron:<\/strong><\/p>\n<ol>\n<li>Funciones de las escalas de Salud P\u00fablica y Veterinaria.<\/li>\n<li>Caracter\u00edsticas de los puestos: ubicaci\u00f3n, retribuciones, movilidad e incompatibilidades.<\/li>\n<li>Temario y estructura de las pruebas de oposici\u00f3n.<\/li>\n<li>Fase de concurso: criterios de m\u00e9ritos m\u00e1s all\u00e1 del tiempo de servicios.<\/li>\n<li>Funcionamiento de las bolsas de interinos y sustitutos.<\/li>\n<li>Calendario previsto de los ex\u00e1menes.<\/li>\n<\/ol>\n<p>La sesi\u00f3n <a href=\"https:\/\/www.covb.cat\/wp-content\/uploads\/2025\/05\/SessioInformativaOposicionsEDUARDOVIJIL.mp4\" target=\"_blank\" rel=\"noopener\">ha quedado grabada y ya est\u00e1 disponible<\/a> para todos los colegiados y colegiadas.<\/p>\n","protected":false},"excerpt":{"rendered":"<p>Ayer, 8 de mayo de 2025, se celebr\u00f3 en la sede del COVB (y en formato online) la sesi\u00f3n informativa sobre las oposiciones de Salud P\u00fablica y Veterinaria, impartida por Eduardo Vijil, Catedr\u00e1tico Universitario y CEO de Formavet. Durante 90 minutos se resolvieron todas las dudas relativas a la convocatoria OEP 2025 y los recursos [&hellip;]<\/p>\n","protected":false},"author":2985,"featured_media":56435,"comment_status":"closed","ping_status":"closed","sticky":false,"template":"","format":"standard","meta":{"_monsterinsights_skip_tracking":false,"_monsterinsights_sitenote_active":false,"_monsterinsights_sitenote_note":"","_monsterinsights_sitenote_category":0,"_jetpack_memberships_contains_paid_content":false,"footnotes":""},"categories":[17,164,393],"tags":[],"class_list":["post-56437","post","type-post","status-publish","format-standard","has-post-thumbnail","hentry","category-general","category-profesional","category-professional-es"],"yoast_head":"<!-- This site is optimized with the Yoast SEO plugin v27.0 - https:\/\/yoast.com\/product\/yoast-seo-wordpress\/ -->\n<title>Sesi\u00f3n informativa: Oposiciones de Salud P\u00fablica y Veterinaria \u2013 OEP 2025 Generalitat de Catalunya - COVB - Col\u00b7legi Oficial de Veterinaris de Barcelona<\/title>\n<meta name=\"description\" content=\"Ayer, 8 de mayo de 2025, se celebr\u00f3 en la sede del COVB (y en formato online) la sesi\u00f3n informativa sobre las oposiciones de Salud P\u00fablica y Veterinaria,\" \/>\n<meta name=\"robots\" content=\"index, follow, max-snippet:-1, max-image-preview:large, max-video-preview:-1\" \/>\n<link rel=\"canonical\" href=\"https:\/\/www.covb.cat\/es\/actualitat\/noticies\/general\/sesion-informativa-oposiciones-de-salud-publica-y-veterinaria-oep-2025-generalitat-de-catalunya\/\" \/>\n<meta property=\"og:locale\" content=\"es_ES\" \/>\n<meta property=\"og:type\" content=\"article\" \/>\n<meta property=\"og:title\" content=\"Sesi\u00f3n informativa: Oposiciones de Salud P\u00fablica y Veterinaria \u2013 OEP 2025 Generalitat de Catalunya - COVB - Col\u00b7legi Oficial de Veterinaris de Barcelona\" \/>\n<meta property=\"og:description\" content=\"Ayer, 8 de mayo de 2025, se celebr\u00f3 en la sede del COVB (y en formato online) la sesi\u00f3n informativa sobre las oposiciones de Salud P\u00fablica y Veterinaria,\" \/>\n<meta property=\"og:url\" content=\"https:\/\/www.covb.cat\/es\/actualitat\/noticies\/general\/sesion-informativa-oposiciones-de-salud-publica-y-veterinaria-oep-2025-generalitat-de-catalunya\/\" \/>\n<meta property=\"og:site_name\" content=\"COVB\" \/>\n<meta property=\"article:publisher\" content=\"https:\/\/www.facebook.com\/COVBcat\/\" \/>\n<meta property=\"article:published_time\" content=\"2025-05-09T09:40:17+00:00\" \/>\n<meta property=\"og:image\" content=\"https:\/\/www.covb.cat\/wp-content\/uploads\/2025\/05\/COVB-Newsletter-WEB-7.jpg\" \/>\n\t<meta property=\"og:image:width\" content=\"1200\" \/>\n\t<meta property=\"og:image:height\" content=\"800\" \/>\n\t<meta property=\"og:image:type\" content=\"image\/jpeg\" \/>\n<meta name=\"author\" content=\"Ferran Alcaraz\" \/>\n<meta name=\"twitter:card\" content=\"summary_large_image\" \/>\n<meta name=\"twitter:creator\" content=\"@COVBcat\" \/>\n<meta name=\"twitter:site\" content=\"@COVBcat\" \/>\n<meta name=\"twitter:label1\" content=\"Escrito por\" \/>\n\t<meta name=\"twitter:data1\" content=\"Ferran Alcaraz\" \/>\n\t<meta name=\"twitter:label2\" content=\"Tiempo de lectura\" \/>\n\t<meta name=\"twitter:data2\" content=\"1 minuto\" \/>\n<script type=\"application\/ld+json\" class=\"yoast-schema-graph\">{\"@context\":\"https:\/\/schema.org\",\"@graph\":[{\"@type\":\"Article\",\"@id\":\"https:\/\/www.covb.cat\/es\/actualitat\/noticies\/general\/sesion-informativa-oposiciones-de-salud-publica-y-veterinaria-oep-2025-generalitat-de-catalunya\/#article\",\"isPartOf\":{\"@id\":\"https:\/\/www.covb.cat\/es\/actualitat\/noticies\/general\/sesion-informativa-oposiciones-de-salud-publica-y-veterinaria-oep-2025-generalitat-de-catalunya\/\"},\"author\":{\"name\":\"Ferran Alcaraz\",\"@id\":\"https:\/\/www.covb.cat\/es\/#\/schema\/person\/ddc9093bc091186c194bba72ca3be5e2\"},\"headline\":\"Sesi\u00f3n informativa: Oposiciones de Salud P\u00fablica y Veterinaria \u2013 OEP 2025 Generalitat de Catalunya\",\"datePublished\":\"2025-05-09T09:40:17+00:00\",\"mainEntityOfPage\":{\"@id\":\"https:\/\/www.covb.cat\/es\/actualitat\/noticies\/general\/sesion-informativa-oposiciones-de-salud-publica-y-veterinaria-oep-2025-generalitat-de-catalunya\/\"},\"wordCount\":152,\"publisher\":{\"@id\":\"https:\/\/www.covb.cat\/es\/#organization\"},\"image\":{\"@id\":\"https:\/\/www.covb.cat\/es\/actualitat\/noticies\/general\/sesion-informativa-oposiciones-de-salud-publica-y-veterinaria-oep-2025-generalitat-de-catalunya\/#primaryimage\"},\"thumbnailUrl\":\"https:\/\/www.covb.cat\/wp-content\/uploads\/2025\/05\/COVB-Newsletter-WEB-7.jpg\",\"articleSection\":[\"General\",\"Profesi\u00f3n\",\"Professi\u00f3\"],\"inLanguage\":\"es\"},{\"@type\":\"WebPage\",\"@id\":\"https:\/\/www.covb.cat\/es\/actualitat\/noticies\/general\/sesion-informativa-oposiciones-de-salud-publica-y-veterinaria-oep-2025-generalitat-de-catalunya\/\",\"url\":\"https:\/\/www.covb.cat\/es\/actualitat\/noticies\/general\/sesion-informativa-oposiciones-de-salud-publica-y-veterinaria-oep-2025-generalitat-de-catalunya\/\",\"name\":\"Sesi\u00f3n informativa: Oposiciones de Salud P\u00fablica y Veterinaria \u2013 OEP 2025 Generalitat de Catalunya - COVB - Col\u00b7legi Oficial de Veterinaris de Barcelona\",\"isPartOf\":{\"@id\":\"https:\/\/www.covb.cat\/es\/#website\"},\"primaryImageOfPage\":{\"@id\":\"https:\/\/www.covb.cat\/es\/actualitat\/noticies\/general\/sesion-informativa-oposiciones-de-salud-publica-y-veterinaria-oep-2025-generalitat-de-catalunya\/#primaryimage\"},\"image\":{\"@id\":\"https:\/\/www.covb.cat\/es\/actualitat\/noticies\/general\/sesion-informativa-oposiciones-de-salud-publica-y-veterinaria-oep-2025-generalitat-de-catalunya\/#primaryimage\"},\"thumbnailUrl\":\"https:\/\/www.covb.cat\/wp-content\/uploads\/2025\/05\/COVB-Newsletter-WEB-7.jpg\",\"datePublished\":\"2025-05-09T09:40:17+00:00\",\"description\":\"Ayer, 8 de mayo de 2025, se celebr\u00f3 en la sede del COVB (y en formato online) la sesi\u00f3n informativa sobre las oposiciones de Salud P\u00fablica y Veterinaria,\",\"breadcrumb\":{\"@id\":\"https:\/\/www.covb.cat\/es\/actualitat\/noticies\/general\/sesion-informativa-oposiciones-de-salud-publica-y-veterinaria-oep-2025-generalitat-de-catalunya\/#breadcrumb\"},\"inLanguage\":\"es\",\"potentialAction\":[{\"@type\":\"ReadAction\",\"target\":[\"https:\/\/www.covb.cat\/es\/actualitat\/noticies\/general\/sesion-informativa-oposiciones-de-salud-publica-y-veterinaria-oep-2025-generalitat-de-catalunya\/\"]}]},{\"@type\":\"ImageObject\",\"inLanguage\":\"es\",\"@id\":\"https:\/\/www.covb.cat\/es\/actualitat\/noticies\/general\/sesion-informativa-oposiciones-de-salud-publica-y-veterinaria-oep-2025-generalitat-de-catalunya\/#primaryimage\",\"url\":\"https:\/\/www.covb.cat\/wp-content\/uploads\/2025\/05\/COVB-Newsletter-WEB-7.jpg\",\"contentUrl\":\"https:\/\/www.covb.cat\/wp-content\/uploads\/2025\/05\/COVB-Newsletter-WEB-7.jpg\",\"width\":1200,\"height\":800},{\"@type\":\"BreadcrumbList\",\"@id\":\"https:\/\/www.covb.cat\/es\/actualitat\/noticies\/general\/sesion-informativa-oposiciones-de-salud-publica-y-veterinaria-oep-2025-generalitat-de-catalunya\/#breadcrumb\",\"itemListElement\":[{\"@type\":\"ListItem\",\"position\":1,\"name\":\"Inici\",\"item\":\"https:\/\/www.covb.cat\/es\/\"},{\"@type\":\"ListItem\",\"position\":2,\"name\":\"Sesi\u00f3n informativa: Oposiciones de Salud P\u00fablica y Veterinaria \u2013 OEP 2025 Generalitat de Catalunya\"}]},{\"@type\":\"WebSite\",\"@id\":\"https:\/\/www.covb.cat\/es\/#website\",\"url\":\"https:\/\/www.covb.cat\/es\/\",\"name\":\"COVB\",\"description\":\"Col\u00b7legi Oficial de Veterinaris de Barcelona\",\"publisher\":{\"@id\":\"https:\/\/www.covb.cat\/es\/#organization\"},\"potentialAction\":[{\"@type\":\"SearchAction\",\"target\":{\"@type\":\"EntryPoint\",\"urlTemplate\":\"https:\/\/www.covb.cat\/es\/?s={search_term_string}\"},\"query-input\":{\"@type\":\"PropertyValueSpecification\",\"valueRequired\":true,\"valueName\":\"search_term_string\"}}],\"inLanguage\":\"es\"},{\"@type\":\"Organization\",\"@id\":\"https:\/\/www.covb.cat\/es\/#organization\",\"name\":\"COVB\",\"url\":\"https:\/\/www.covb.cat\/es\/\",\"logo\":{\"@type\":\"ImageObject\",\"inLanguage\":\"es\",\"@id\":\"https:\/\/www.covb.cat\/es\/#\/schema\/logo\/image\/\",\"url\":\"https:\/\/www.covb.cat\/wp-content\/uploads\/2018\/07\/favicon-covb.png\",\"contentUrl\":\"https:\/\/www.covb.cat\/wp-content\/uploads\/2018\/07\/favicon-covb.png\",\"width\":512,\"height\":512,\"caption\":\"COVB\"},\"image\":{\"@id\":\"https:\/\/www.covb.cat\/es\/#\/schema\/logo\/image\/\"},\"sameAs\":[\"https:\/\/www.facebook.com\/COVBcat\/\",\"https:\/\/x.com\/COVBcat\",\"https:\/\/www.youtube.com\/user\/covbcn\"]},{\"@type\":\"Person\",\"@id\":\"https:\/\/www.covb.cat\/es\/#\/schema\/person\/ddc9093bc091186c194bba72ca3be5e2\",\"name\":\"Ferran Alcaraz\",\"image\":{\"@type\":\"ImageObject\",\"inLanguage\":\"es\",\"@id\":\"https:\/\/www.covb.cat\/es\/#\/schema\/person\/image\/\",\"url\":\"https:\/\/secure.gravatar.com\/avatar\/7a7bb9e48d880990c016f59db5a666fe7ad49e90723bdbdc0acfb756246ea192?s=96&d=mm&r=g\",\"contentUrl\":\"https:\/\/secure.gravatar.com\/avatar\/7a7bb9e48d880990c016f59db5a666fe7ad49e90723bdbdc0acfb756246ea192?s=96&d=mm&r=g\",\"caption\":\"Ferran Alcaraz\"}}]}<\/script>\n<!-- \/ Yoast SEO plugin. -->","yoast_head_json":{"title":"Sesi\u00f3n informativa: Oposiciones de Salud P\u00fablica y Veterinaria \u2013 OEP 2025 Generalitat de Catalunya - COVB - Col\u00b7legi Oficial de Veterinaris de Barcelona","description":"Ayer, 8 de mayo de 2025, se celebr\u00f3 en la sede del COVB (y en formato online) la sesi\u00f3n informativa sobre las oposiciones de Salud P\u00fablica y Veterinaria,","robots":{"index":"index","follow":"follow","max-snippet":"max-snippet:-1","max-image-preview":"max-image-preview:large","max-video-preview":"max-video-preview:-1"},"canonical":"https:\/\/www.covb.cat\/es\/actualitat\/noticies\/general\/sesion-informativa-oposiciones-de-salud-publica-y-veterinaria-oep-2025-generalitat-de-catalunya\/","og_locale":"es_ES","og_type":"article","og_title":"Sesi\u00f3n informativa: Oposiciones de Salud P\u00fablica y Veterinaria \u2013 OEP 2025 Generalitat de Catalunya - COVB - Col\u00b7legi Oficial de Veterinaris de Barcelona","og_description":"Ayer, 8 de mayo de 2025, se celebr\u00f3 en la sede del COVB (y en formato online) la sesi\u00f3n informativa sobre las oposiciones de Salud P\u00fablica y Veterinaria,","og_url":"https:\/\/www.covb.cat\/es\/actualitat\/noticies\/general\/sesion-informativa-oposiciones-de-salud-publica-y-veterinaria-oep-2025-generalitat-de-catalunya\/","og_site_name":"COVB","article_publisher":"https:\/\/www.facebook.com\/COVBcat\/","article_published_time":"2025-05-09T09:40:17+00:00","og_image":[{"width":1200,"height":800,"url":"https:\/\/www.covb.cat\/wp-content\/uploads\/2025\/05\/COVB-Newsletter-WEB-7.jpg","type":"image\/jpeg"}],"author":"Ferran Alcaraz","twitter_card":"summary_large_image","twitter_creator":"@COVBcat","twitter_site":"@COVBcat","twitter_misc":{"Escrito por":"Ferran Alcaraz","Tiempo de lectura":"1 minuto"},"schema":{"@context":"https:\/\/schema.org","@graph":[{"@type":"Article","@id":"https:\/\/www.covb.cat\/es\/actualitat\/noticies\/general\/sesion-informativa-oposiciones-de-salud-publica-y-veterinaria-oep-2025-generalitat-de-catalunya\/#article","isPartOf":{"@id":"https:\/\/www.covb.cat\/es\/actualitat\/noticies\/general\/sesion-informativa-oposiciones-de-salud-publica-y-veterinaria-oep-2025-generalitat-de-catalunya\/"},"author":{"name":"Ferran Alcaraz","@id":"https:\/\/www.covb.cat\/es\/#\/schema\/person\/ddc9093bc091186c194bba72ca3be5e2"},"headline":"Sesi\u00f3n informativa: Oposiciones de Salud P\u00fablica y Veterinaria \u2013 OEP 2025 Generalitat de Catalunya","datePublished":"2025-05-09T09:40:17+00:00","mainEntityOfPage":{"@id":"https:\/\/www.covb.cat\/es\/actualitat\/noticies\/general\/sesion-informativa-oposiciones-de-salud-publica-y-veterinaria-oep-2025-generalitat-de-catalunya\/"},"wordCount":152,"publisher":{"@id":"https:\/\/www.covb.cat\/es\/#organization"},"image":{"@id":"https:\/\/www.covb.cat\/es\/actualitat\/noticies\/general\/sesion-informativa-oposiciones-de-salud-publica-y-veterinaria-oep-2025-generalitat-de-catalunya\/#primaryimage"},"thumbnailUrl":"https:\/\/www.covb.cat\/wp-content\/uploads\/2025\/05\/COVB-Newsletter-WEB-7.jpg","articleSection":["General","Profesi\u00f3n","Professi\u00f3"],"inLanguage":"es"},{"@type":"WebPage","@id":"https:\/\/www.covb.cat\/es\/actualitat\/noticies\/general\/sesion-informativa-oposiciones-de-salud-publica-y-veterinaria-oep-2025-generalitat-de-catalunya\/","url":"https:\/\/www.covb.cat\/es\/actualitat\/noticies\/general\/sesion-informativa-oposiciones-de-salud-publica-y-veterinaria-oep-2025-generalitat-de-catalunya\/","name":"Sesi\u00f3n informativa: Oposiciones de Salud P\u00fablica y Veterinaria \u2013 OEP 2025 Generalitat de Catalunya - COVB - Col\u00b7legi Oficial de Veterinaris de Barcelona","isPartOf":{"@id":"https:\/\/www.covb.cat\/es\/#website"},"primaryImageOfPage":{"@id":"https:\/\/www.covb.cat\/es\/actualitat\/noticies\/general\/sesion-informativa-oposiciones-de-salud-publica-y-veterinaria-oep-2025-generalitat-de-catalunya\/#primaryimage"},"image":{"@id":"https:\/\/www.covb.cat\/es\/actualitat\/noticies\/general\/sesion-informativa-oposiciones-de-salud-publica-y-veterinaria-oep-2025-generalitat-de-catalunya\/#primaryimage"},"thumbnailUrl":"https:\/\/www.covb.cat\/wp-content\/uploads\/2025\/05\/COVB-Newsletter-WEB-7.jpg","datePublished":"2025-05-09T09:40:17+00:00","description":"Ayer, 8 de mayo de 2025, se celebr\u00f3 en la sede del COVB (y en formato online) la sesi\u00f3n informativa sobre las oposiciones de Salud P\u00fablica y Veterinaria,","breadcrumb":{"@id":"https:\/\/www.covb.cat\/es\/actualitat\/noticies\/general\/sesion-informativa-oposiciones-de-salud-publica-y-veterinaria-oep-2025-generalitat-de-catalunya\/#breadcrumb"},"inLanguage":"es","potentialAction":[{"@type":"ReadAction","target":["https:\/\/www.covb.cat\/es\/actualitat\/noticies\/general\/sesion-informativa-oposiciones-de-salud-publica-y-veterinaria-oep-2025-generalitat-de-catalunya\/"]}]},{"@type":"ImageObject","inLanguage":"es","@id":"https:\/\/www.covb.cat\/es\/actualitat\/noticies\/general\/sesion-informativa-oposiciones-de-salud-publica-y-veterinaria-oep-2025-generalitat-de-catalunya\/#primaryimage","url":"https:\/\/www.covb.cat\/wp-content\/uploads\/2025\/05\/COVB-Newsletter-WEB-7.jpg","contentUrl":"https:\/\/www.covb.cat\/wp-content\/uploads\/2025\/05\/COVB-Newsletter-WEB-7.jpg","width":1200,"height":800},{"@type":"BreadcrumbList","@id":"https:\/\/www.covb.cat\/es\/actualitat\/noticies\/general\/sesion-informativa-oposiciones-de-salud-publica-y-veterinaria-oep-2025-generalitat-de-catalunya\/#breadcrumb","itemListElement":[{"@type":"ListItem","position":1,"name":"Inici","item":"https:\/\/www.covb.cat\/es\/"},{"@type":"ListItem","position":2,"name":"Sesi\u00f3n informativa: Oposiciones de Salud P\u00fablica y Veterinaria \u2013 OEP 2025 Generalitat de Catalunya"}]},{"@type":"WebSite","@id":"https:\/\/www.covb.cat\/es\/#website","url":"https:\/\/www.covb.cat\/es\/","name":"COVB","description":"Col\u00b7legi Oficial de Veterinaris de Barcelona","publisher":{"@id":"https:\/\/www.covb.cat\/es\/#organization"},"potentialAction":[{"@type":"SearchAction","target":{"@type":"EntryPoint","urlTemplate":"https:\/\/www.covb.cat\/es\/?s={search_term_string}"},"query-input":{"@type":"PropertyValueSpecification","valueRequired":true,"valueName":"search_term_string"}}],"inLanguage":"es"},{"@type":"Organization","@id":"https:\/\/www.covb.cat\/es\/#organization","name":"COVB","url":"https:\/\/www.covb.cat\/es\/","logo":{"@type":"ImageObject","inLanguage":"es","@id":"https:\/\/www.covb.cat\/es\/#\/schema\/logo\/image\/","url":"https:\/\/www.covb.cat\/wp-content\/uploads\/2018\/07\/favicon-covb.png","contentUrl":"https:\/\/www.covb.cat\/wp-content\/uploads\/2018\/07\/favicon-covb.png","width":512,"height":512,"caption":"COVB"},"image":{"@id":"https:\/\/www.covb.cat\/es\/#\/schema\/logo\/image\/"},"sameAs":["https:\/\/www.facebook.com\/COVBcat\/","https:\/\/x.com\/COVBcat","https:\/\/www.youtube.com\/user\/covbcn"]},{"@type":"Person","@id":"https:\/\/www.covb.cat\/es\/#\/schema\/person\/ddc9093bc091186c194bba72ca3be5e2","name":"Ferran Alcaraz","image":{"@type":"ImageObject","inLanguage":"es","@id":"https:\/\/www.covb.cat\/es\/#\/schema\/person\/image\/","url":"https:\/\/secure.gravatar.com\/avatar\/7a7bb9e48d880990c016f59db5a666fe7ad49e90723bdbdc0acfb756246ea192?s=96&d=mm&r=g","contentUrl":"https:\/\/secure.gravatar.com\/avatar\/7a7bb9e48d880990c016f59db5a666fe7ad49e90723bdbdc0acfb756246ea192?s=96&d=mm&r=g","caption":"Ferran Alcaraz"}}]}},"jetpack_featured_media_url":"https:\/\/www.covb.cat\/wp-content\/uploads\/2025\/05\/COVB-Newsletter-WEB-7.jpg","jetpack_sharing_enabled":true,"_links":{"self":[{"href":"https:\/\/www.covb.cat\/es\/wp-json\/wp\/v2\/posts\/56437","targetHints":{"allow":["GET"]}}],"collection":[{"href":"https:\/\/www.covb.cat\/es\/wp-json\/wp\/v2\/posts"}],"about":[{"href":"https:\/\/www.covb.cat\/es\/wp-json\/wp\/v2\/types\/post"}],"author":[{"embeddable":true,"href":"https:\/\/www.covb.cat\/es\/wp-json\/wp\/v2\/users\/2985"}],"replies":[{"embeddable":true,"href":"https:\/\/www.covb.cat\/es\/wp-json\/wp\/v2\/comments?post=56437"}],"version-history":[{"count":2,"href":"https:\/\/www.covb.cat\/es\/wp-json\/wp\/v2\/posts\/56437\/revisions"}],"predecessor-version":[{"id":56442,"href":"https:\/\/www.covb.cat\/es\/wp-json\/wp\/v2\/posts\/56437\/revisions\/56442"}],"wp:featuredmedia":[{"embeddable":true,"href":"https:\/\/www.covb.cat\/es\/wp-json\/wp\/v2\/media\/56435"}],"wp:attachment":[{"href":"https:\/\/www.covb.cat\/es\/wp-json\/wp\/v2\/media?parent=56437"}],"wp:term":[{"taxonomy":"category","embeddable":true,"href":"https:\/\/www.covb.cat\/es\/wp-json\/wp\/v2\/categories?post=56437"},{"taxonomy":"post_tag","embeddable":true,"href":"https:\/\/www.covb.cat\/es\/wp-json\/wp\/v2\/tags?post=56437"}],"curies":[{"name":"wp","href":"https:\/\/api.w.org\/{rel}","templated":true}]}}