{"id":55259,"date":"2025-03-28T14:25:54","date_gmt":"2025-03-28T13:25:54","guid":{"rendered":"https:\/\/www.covb.cat\/?p=55259"},"modified":"2025-03-28T14:25:54","modified_gmt":"2025-03-28T13:25:54","slug":"los-presidentes-de-los-cuatro-colegios-veterinarios-catalanes-exponen-en-el-parlament-las-problematicas-del-sector","status":"publish","type":"post","link":"https:\/\/www.covb.cat\/es\/actualitat\/noticies\/general\/los-presidentes-de-los-cuatro-colegios-veterinarios-catalanes-exponen-en-el-parlament-las-problematicas-del-sector\/","title":{"rendered":"Los presidentes de los cuatro colegios veterinarios catalanes exponen en el Parlament las problem\u00e1ticas del sector"},"content":{"rendered":"<p>El pasado 25 de marzo, los presidentes de los cuatro colegios veterinarios catalanes realizaron una visita institucional al <strong>Parlament de Catalunya<\/strong> con el objetivo de exponer directamente a los representantes pol\u00edticos las problem\u00e1ticas derivadas del Real Decreto 666\/2023, normativa que afecta profundamente al sector veterinario.<\/p>\n<p>Durante este encuentro, se abordaron cuestiones esenciales que preocupan especialmente a los profesionales veterinarios, como las <strong>dificultades generadas por la nueva normativa sobre prescripci\u00f3n y dispensaci\u00f3n de medicamentos<\/strong>, especialmente antibi\u00f3ticos, que conlleva un incremento considerable de la burocracia y dificulta la atenci\u00f3n cl\u00ednica eficaz y r\u00e1pida.<\/p>\n<p>Adem\u00e1s, durante la reuni\u00f3n se trataron otros temas clave para el sector veterinario, como el <strong>impacto del IVA veterinario<\/strong>, reclamando su reducci\u00f3n para equipararlo con otros servicios sanitarios; la situaci\u00f3n actual respecto a la <strong>vacunaci\u00f3n contra la rabia<\/strong>, y cuestiones relativas a <strong>la cesi\u00f3n del Archivo de Identificaci\u00f3n de Animales de Compa\u00f1\u00eda (AIAC).<\/strong><\/p>\n<p>Con esta visita, el sector veterinario catal\u00e1n reafirma su compromiso de defender activamente sus intereses, garantizar la salud p\u00fablica y asegurar el bienestar animal, manteniendo un di\u00e1logo abierto con las instituciones para lograr cambios que reflejen la realidad y necesidades actuales de la profesi\u00f3n.<\/p>\n<p>&nbsp;<\/p>\n<p><img loading=\"lazy\" decoding=\"async\" class=\"alignnone  wp-image-55236\" src=\"https:\/\/www.covb.cat\/wp-content\/uploads\/2025\/03\/Imagen-de-WhatsApp-2025-03-25-a-las-17.36.56_5c9a61e6.jpg\" alt=\"\" width=\"812\" height=\"609\" \/><\/p>\n<p><img loading=\"lazy\" decoding=\"async\" class=\"alignnone  wp-image-55242\" src=\"https:\/\/www.covb.cat\/wp-content\/uploads\/2025\/03\/Imagen-de-WhatsApp-2025-03-25-a-las-17.36.56_e90de7b5.jpg\" alt=\"\" width=\"812\" height=\"1083\" \/><\/p>\n<p><img loading=\"lazy\" decoding=\"async\" class=\"alignnone  wp-image-55240\" src=\"https:\/\/www.covb.cat\/wp-content\/uploads\/2025\/03\/Imagen-de-WhatsApp-2025-03-25-a-las-17.36.56_d7361e0b.jpg\" alt=\"\" width=\"811\" height=\"608\" \/><\/p>\n<p><img loading=\"lazy\" decoding=\"async\" class=\"alignnone  wp-image-55238\" src=\"https:\/\/www.covb.cat\/wp-content\/uploads\/2025\/03\/Imagen-de-WhatsApp-2025-03-25-a-las-17.36.56_9b11b963.jpg\" alt=\"\" width=\"810\" height=\"1080\" \/><\/p>\n","protected":false},"excerpt":{"rendered":"<p>El pasado 25 de marzo, los presidentes de los cuatro colegios veterinarios catalanes realizaron una visita institucional al Parlament de Catalunya con el objetivo de exponer directamente a los representantes pol\u00edticos las problem\u00e1ticas derivadas del Real Decreto 666\/2023, normativa que afecta profundamente al sector veterinario. Durante este encuentro, se abordaron cuestiones esenciales que preocupan especialmente [&hellip;]<\/p>\n","protected":false},"author":106,"featured_media":55257,"comment_status":"closed","ping_status":"closed","sticky":false,"template":"","format":"standard","meta":{"_monsterinsights_skip_tracking":false,"_monsterinsights_sitenote_active":false,"_monsterinsights_sitenote_note":"","_monsterinsights_sitenote_category":0,"_jetpack_memberships_contains_paid_content":false,"footnotes":""},"categories":[17,164],"tags":[],"class_list":["post-55259","post","type-post","status-publish","format-standard","has-post-thumbnail","hentry","category-general","category-profesional"],"yoast_head":"<!-- This site is optimized with the Yoast SEO plugin v27.0 - https:\/\/yoast.com\/product\/yoast-seo-wordpress\/ -->\n<title>Los presidentes de los cuatro colegios veterinarios catalanes exponen en el Parlament las problem\u00e1ticas del sector - COVB - Col\u00b7legi Oficial de Veterinaris de Barcelona<\/title>\n<meta name=\"description\" content=\"El pasado 25 de marzo, los presidentes de los cuatro colegios veterinarios catalanes realizaron una visita institucional al Parlament de Catalunya con el\" \/>\n<meta name=\"robots\" content=\"index, follow, max-snippet:-1, max-image-preview:large, max-video-preview:-1\" \/>\n<link rel=\"canonical\" href=\"https:\/\/www.covb.cat\/es\/actualitat\/noticies\/general\/los-presidentes-de-los-cuatro-colegios-veterinarios-catalanes-exponen-en-el-parlament-las-problematicas-del-sector\/\" \/>\n<meta property=\"og:locale\" content=\"es_ES\" \/>\n<meta property=\"og:type\" content=\"article\" \/>\n<meta property=\"og:title\" content=\"Los presidentes de los cuatro colegios veterinarios catalanes exponen en el Parlament las problem\u00e1ticas del sector - COVB - Col\u00b7legi Oficial de Veterinaris de Barcelona\" \/>\n<meta property=\"og:description\" content=\"El pasado 25 de marzo, los presidentes de los cuatro colegios veterinarios catalanes realizaron una visita institucional al Parlament de Catalunya con el\" \/>\n<meta property=\"og:url\" content=\"https:\/\/www.covb.cat\/es\/actualitat\/noticies\/general\/los-presidentes-de-los-cuatro-colegios-veterinarios-catalanes-exponen-en-el-parlament-las-problematicas-del-sector\/\" \/>\n<meta property=\"og:site_name\" content=\"COVB\" \/>\n<meta property=\"article:publisher\" content=\"https:\/\/www.facebook.com\/COVBcat\/\" \/>\n<meta property=\"article:published_time\" content=\"2025-03-28T13:25:54+00:00\" \/>\n<meta property=\"og:image\" content=\"https:\/\/www.covb.cat\/wp-content\/uploads\/2025\/03\/COVB-Newsletter-WEB-10.jpg\" \/>\n\t<meta property=\"og:image:width\" content=\"1200\" \/>\n\t<meta property=\"og:image:height\" content=\"800\" \/>\n\t<meta property=\"og:image:type\" content=\"image\/jpeg\" \/>\n<meta name=\"twitter:card\" content=\"summary_large_image\" \/>\n<meta name=\"twitter:creator\" content=\"@COVBcat\" \/>\n<meta name=\"twitter:site\" content=\"@COVBcat\" \/>\n<meta name=\"twitter:label1\" content=\"Escrito por\" \/>\n\t<meta name=\"twitter:data1\" content=\"\" \/>\n\t<meta name=\"twitter:label2\" content=\"Tiempo de lectura\" \/>\n\t<meta name=\"twitter:data2\" content=\"2 minutos\" \/>\n<script type=\"application\/ld+json\" class=\"yoast-schema-graph\">{\"@context\":\"https:\/\/schema.org\",\"@graph\":[{\"@type\":\"Article\",\"@id\":\"https:\/\/www.covb.cat\/es\/actualitat\/noticies\/general\/los-presidentes-de-los-cuatro-colegios-veterinarios-catalanes-exponen-en-el-parlament-las-problematicas-del-sector\/#article\",\"isPartOf\":{\"@id\":\"https:\/\/www.covb.cat\/es\/actualitat\/noticies\/general\/los-presidentes-de-los-cuatro-colegios-veterinarios-catalanes-exponen-en-el-parlament-las-problematicas-del-sector\/\"},\"author\":{\"name\":\"\",\"@id\":\"\"},\"headline\":\"Los presidentes de los cuatro colegios veterinarios catalanes exponen en el Parlament las problem\u00e1ticas del sector\",\"datePublished\":\"2025-03-28T13:25:54+00:00\",\"mainEntityOfPage\":{\"@id\":\"https:\/\/www.covb.cat\/es\/actualitat\/noticies\/general\/los-presidentes-de-los-cuatro-colegios-veterinarios-catalanes-exponen-en-el-parlament-las-problematicas-del-sector\/\"},\"wordCount\":224,\"publisher\":{\"@id\":\"https:\/\/www.covb.cat\/es\/#organization\"},\"image\":{\"@id\":\"https:\/\/www.covb.cat\/es\/actualitat\/noticies\/general\/los-presidentes-de-los-cuatro-colegios-veterinarios-catalanes-exponen-en-el-parlament-las-problematicas-del-sector\/#primaryimage\"},\"thumbnailUrl\":\"https:\/\/www.covb.cat\/wp-content\/uploads\/2025\/03\/COVB-Newsletter-WEB-10.jpg\",\"articleSection\":[\"General\",\"Profesi\u00f3n\"],\"inLanguage\":\"es\"},{\"@type\":\"WebPage\",\"@id\":\"https:\/\/www.covb.cat\/es\/actualitat\/noticies\/general\/los-presidentes-de-los-cuatro-colegios-veterinarios-catalanes-exponen-en-el-parlament-las-problematicas-del-sector\/\",\"url\":\"https:\/\/www.covb.cat\/es\/actualitat\/noticies\/general\/los-presidentes-de-los-cuatro-colegios-veterinarios-catalanes-exponen-en-el-parlament-las-problematicas-del-sector\/\",\"name\":\"Los presidentes de los cuatro colegios veterinarios catalanes exponen en el Parlament las problem\u00e1ticas del sector - COVB - Col\u00b7legi Oficial de Veterinaris de Barcelona\",\"isPartOf\":{\"@id\":\"https:\/\/www.covb.cat\/es\/#website\"},\"primaryImageOfPage\":{\"@id\":\"https:\/\/www.covb.cat\/es\/actualitat\/noticies\/general\/los-presidentes-de-los-cuatro-colegios-veterinarios-catalanes-exponen-en-el-parlament-las-problematicas-del-sector\/#primaryimage\"},\"image\":{\"@id\":\"https:\/\/www.covb.cat\/es\/actualitat\/noticies\/general\/los-presidentes-de-los-cuatro-colegios-veterinarios-catalanes-exponen-en-el-parlament-las-problematicas-del-sector\/#primaryimage\"},\"thumbnailUrl\":\"https:\/\/www.covb.cat\/wp-content\/uploads\/2025\/03\/COVB-Newsletter-WEB-10.jpg\",\"datePublished\":\"2025-03-28T13:25:54+00:00\",\"description\":\"El pasado 25 de marzo, los presidentes de los cuatro colegios veterinarios catalanes realizaron una visita institucional al Parlament de Catalunya con el\",\"breadcrumb\":{\"@id\":\"https:\/\/www.covb.cat\/es\/actualitat\/noticies\/general\/los-presidentes-de-los-cuatro-colegios-veterinarios-catalanes-exponen-en-el-parlament-las-problematicas-del-sector\/#breadcrumb\"},\"inLanguage\":\"es\",\"potentialAction\":[{\"@type\":\"ReadAction\",\"target\":[\"https:\/\/www.covb.cat\/es\/actualitat\/noticies\/general\/los-presidentes-de-los-cuatro-colegios-veterinarios-catalanes-exponen-en-el-parlament-las-problematicas-del-sector\/\"]}]},{\"@type\":\"ImageObject\",\"inLanguage\":\"es\",\"@id\":\"https:\/\/www.covb.cat\/es\/actualitat\/noticies\/general\/los-presidentes-de-los-cuatro-colegios-veterinarios-catalanes-exponen-en-el-parlament-las-problematicas-del-sector\/#primaryimage\",\"url\":\"https:\/\/www.covb.cat\/wp-content\/uploads\/2025\/03\/COVB-Newsletter-WEB-10.jpg\",\"contentUrl\":\"https:\/\/www.covb.cat\/wp-content\/uploads\/2025\/03\/COVB-Newsletter-WEB-10.jpg\",\"width\":1200,\"height\":800},{\"@type\":\"BreadcrumbList\",\"@id\":\"https:\/\/www.covb.cat\/es\/actualitat\/noticies\/general\/los-presidentes-de-los-cuatro-colegios-veterinarios-catalanes-exponen-en-el-parlament-las-problematicas-del-sector\/#breadcrumb\",\"itemListElement\":[{\"@type\":\"ListItem\",\"position\":1,\"name\":\"Inici\",\"item\":\"https:\/\/www.covb.cat\/es\/\"},{\"@type\":\"ListItem\",\"position\":2,\"name\":\"Los presidentes de los cuatro colegios veterinarios catalanes exponen en el Parlament las problem\u00e1ticas del sector\"}]},{\"@type\":\"WebSite\",\"@id\":\"https:\/\/www.covb.cat\/es\/#website\",\"url\":\"https:\/\/www.covb.cat\/es\/\",\"name\":\"COVB\",\"description\":\"Col\u00b7legi Oficial de Veterinaris de Barcelona\",\"publisher\":{\"@id\":\"https:\/\/www.covb.cat\/es\/#organization\"},\"potentialAction\":[{\"@type\":\"SearchAction\",\"target\":{\"@type\":\"EntryPoint\",\"urlTemplate\":\"https:\/\/www.covb.cat\/es\/?s={search_term_string}\"},\"query-input\":{\"@type\":\"PropertyValueSpecification\",\"valueRequired\":true,\"valueName\":\"search_term_string\"}}],\"inLanguage\":\"es\"},{\"@type\":\"Organization\",\"@id\":\"https:\/\/www.covb.cat\/es\/#organization\",\"name\":\"COVB\",\"url\":\"https:\/\/www.covb.cat\/es\/\",\"logo\":{\"@type\":\"ImageObject\",\"inLanguage\":\"es\",\"@id\":\"https:\/\/www.covb.cat\/es\/#\/schema\/logo\/image\/\",\"url\":\"https:\/\/www.covb.cat\/wp-content\/uploads\/2018\/07\/favicon-covb.png\",\"contentUrl\":\"https:\/\/www.covb.cat\/wp-content\/uploads\/2018\/07\/favicon-covb.png\",\"width\":512,\"height\":512,\"caption\":\"COVB\"},\"image\":{\"@id\":\"https:\/\/www.covb.cat\/es\/#\/schema\/logo\/image\/\"},\"sameAs\":[\"https:\/\/www.facebook.com\/COVBcat\/\",\"https:\/\/x.com\/COVBcat\",\"https:\/\/www.youtube.com\/user\/covbcn\"]},{\"@type\":\"Person\",\"@id\":\"\"}]}<\/script>\n<!-- \/ Yoast SEO plugin. -->","yoast_head_json":{"title":"Los presidentes de los cuatro colegios veterinarios catalanes exponen en el Parlament las problem\u00e1ticas del sector - COVB - Col\u00b7legi Oficial de Veterinaris de Barcelona","description":"El pasado 25 de marzo, los presidentes de los cuatro colegios veterinarios catalanes realizaron una visita institucional al Parlament de Catalunya con el","robots":{"index":"index","follow":"follow","max-snippet":"max-snippet:-1","max-image-preview":"max-image-preview:large","max-video-preview":"max-video-preview:-1"},"canonical":"https:\/\/www.covb.cat\/es\/actualitat\/noticies\/general\/los-presidentes-de-los-cuatro-colegios-veterinarios-catalanes-exponen-en-el-parlament-las-problematicas-del-sector\/","og_locale":"es_ES","og_type":"article","og_title":"Los presidentes de los cuatro colegios veterinarios catalanes exponen en el Parlament las problem\u00e1ticas del sector - COVB - Col\u00b7legi Oficial de Veterinaris de Barcelona","og_description":"El pasado 25 de marzo, los presidentes de los cuatro colegios veterinarios catalanes realizaron una visita institucional al Parlament de Catalunya con el","og_url":"https:\/\/www.covb.cat\/es\/actualitat\/noticies\/general\/los-presidentes-de-los-cuatro-colegios-veterinarios-catalanes-exponen-en-el-parlament-las-problematicas-del-sector\/","og_site_name":"COVB","article_publisher":"https:\/\/www.facebook.com\/COVBcat\/","article_published_time":"2025-03-28T13:25:54+00:00","og_image":[{"width":1200,"height":800,"url":"https:\/\/www.covb.cat\/wp-content\/uploads\/2025\/03\/COVB-Newsletter-WEB-10.jpg","type":"image\/jpeg"}],"twitter_card":"summary_large_image","twitter_creator":"@COVBcat","twitter_site":"@COVBcat","twitter_misc":{"Escrito por":"","Tiempo de lectura":"2 minutos"},"schema":{"@context":"https:\/\/schema.org","@graph":[{"@type":"Article","@id":"https:\/\/www.covb.cat\/es\/actualitat\/noticies\/general\/los-presidentes-de-los-cuatro-colegios-veterinarios-catalanes-exponen-en-el-parlament-las-problematicas-del-sector\/#article","isPartOf":{"@id":"https:\/\/www.covb.cat\/es\/actualitat\/noticies\/general\/los-presidentes-de-los-cuatro-colegios-veterinarios-catalanes-exponen-en-el-parlament-las-problematicas-del-sector\/"},"author":{"name":"","@id":""},"headline":"Los presidentes de los cuatro colegios veterinarios catalanes exponen en el Parlament las problem\u00e1ticas del sector","datePublished":"2025-03-28T13:25:54+00:00","mainEntityOfPage":{"@id":"https:\/\/www.covb.cat\/es\/actualitat\/noticies\/general\/los-presidentes-de-los-cuatro-colegios-veterinarios-catalanes-exponen-en-el-parlament-las-problematicas-del-sector\/"},"wordCount":224,"publisher":{"@id":"https:\/\/www.covb.cat\/es\/#organization"},"image":{"@id":"https:\/\/www.covb.cat\/es\/actualitat\/noticies\/general\/los-presidentes-de-los-cuatro-colegios-veterinarios-catalanes-exponen-en-el-parlament-las-problematicas-del-sector\/#primaryimage"},"thumbnailUrl":"https:\/\/www.covb.cat\/wp-content\/uploads\/2025\/03\/COVB-Newsletter-WEB-10.jpg","articleSection":["General","Profesi\u00f3n"],"inLanguage":"es"},{"@type":"WebPage","@id":"https:\/\/www.covb.cat\/es\/actualitat\/noticies\/general\/los-presidentes-de-los-cuatro-colegios-veterinarios-catalanes-exponen-en-el-parlament-las-problematicas-del-sector\/","url":"https:\/\/www.covb.cat\/es\/actualitat\/noticies\/general\/los-presidentes-de-los-cuatro-colegios-veterinarios-catalanes-exponen-en-el-parlament-las-problematicas-del-sector\/","name":"Los presidentes de los cuatro colegios veterinarios catalanes exponen en el Parlament las problem\u00e1ticas del sector - COVB - Col\u00b7legi Oficial de Veterinaris de Barcelona","isPartOf":{"@id":"https:\/\/www.covb.cat\/es\/#website"},"primaryImageOfPage":{"@id":"https:\/\/www.covb.cat\/es\/actualitat\/noticies\/general\/los-presidentes-de-los-cuatro-colegios-veterinarios-catalanes-exponen-en-el-parlament-las-problematicas-del-sector\/#primaryimage"},"image":{"@id":"https:\/\/www.covb.cat\/es\/actualitat\/noticies\/general\/los-presidentes-de-los-cuatro-colegios-veterinarios-catalanes-exponen-en-el-parlament-las-problematicas-del-sector\/#primaryimage"},"thumbnailUrl":"https:\/\/www.covb.cat\/wp-content\/uploads\/2025\/03\/COVB-Newsletter-WEB-10.jpg","datePublished":"2025-03-28T13:25:54+00:00","description":"El pasado 25 de marzo, los presidentes de los cuatro colegios veterinarios catalanes realizaron una visita institucional al Parlament de Catalunya con el","breadcrumb":{"@id":"https:\/\/www.covb.cat\/es\/actualitat\/noticies\/general\/los-presidentes-de-los-cuatro-colegios-veterinarios-catalanes-exponen-en-el-parlament-las-problematicas-del-sector\/#breadcrumb"},"inLanguage":"es","potentialAction":[{"@type":"ReadAction","target":["https:\/\/www.covb.cat\/es\/actualitat\/noticies\/general\/los-presidentes-de-los-cuatro-colegios-veterinarios-catalanes-exponen-en-el-parlament-las-problematicas-del-sector\/"]}]},{"@type":"ImageObject","inLanguage":"es","@id":"https:\/\/www.covb.cat\/es\/actualitat\/noticies\/general\/los-presidentes-de-los-cuatro-colegios-veterinarios-catalanes-exponen-en-el-parlament-las-problematicas-del-sector\/#primaryimage","url":"https:\/\/www.covb.cat\/wp-content\/uploads\/2025\/03\/COVB-Newsletter-WEB-10.jpg","contentUrl":"https:\/\/www.covb.cat\/wp-content\/uploads\/2025\/03\/COVB-Newsletter-WEB-10.jpg","width":1200,"height":800},{"@type":"BreadcrumbList","@id":"https:\/\/www.covb.cat\/es\/actualitat\/noticies\/general\/los-presidentes-de-los-cuatro-colegios-veterinarios-catalanes-exponen-en-el-parlament-las-problematicas-del-sector\/#breadcrumb","itemListElement":[{"@type":"ListItem","position":1,"name":"Inici","item":"https:\/\/www.covb.cat\/es\/"},{"@type":"ListItem","position":2,"name":"Los presidentes de los cuatro colegios veterinarios catalanes exponen en el Parlament las problem\u00e1ticas del sector"}]},{"@type":"WebSite","@id":"https:\/\/www.covb.cat\/es\/#website","url":"https:\/\/www.covb.cat\/es\/","name":"COVB","description":"Col\u00b7legi Oficial de Veterinaris de Barcelona","publisher":{"@id":"https:\/\/www.covb.cat\/es\/#organization"},"potentialAction":[{"@type":"SearchAction","target":{"@type":"EntryPoint","urlTemplate":"https:\/\/www.covb.cat\/es\/?s={search_term_string}"},"query-input":{"@type":"PropertyValueSpecification","valueRequired":true,"valueName":"search_term_string"}}],"inLanguage":"es"},{"@type":"Organization","@id":"https:\/\/www.covb.cat\/es\/#organization","name":"COVB","url":"https:\/\/www.covb.cat\/es\/","logo":{"@type":"ImageObject","inLanguage":"es","@id":"https:\/\/www.covb.cat\/es\/#\/schema\/logo\/image\/","url":"https:\/\/www.covb.cat\/wp-content\/uploads\/2018\/07\/favicon-covb.png","contentUrl":"https:\/\/www.covb.cat\/wp-content\/uploads\/2018\/07\/favicon-covb.png","width":512,"height":512,"caption":"COVB"},"image":{"@id":"https:\/\/www.covb.cat\/es\/#\/schema\/logo\/image\/"},"sameAs":["https:\/\/www.facebook.com\/COVBcat\/","https:\/\/x.com\/COVBcat","https:\/\/www.youtube.com\/user\/covbcn"]},{"@type":"Person","@id":""}]}},"jetpack_featured_media_url":"https:\/\/www.covb.cat\/wp-content\/uploads\/2025\/03\/COVB-Newsletter-WEB-10.jpg","jetpack_sharing_enabled":true,"_links":{"self":[{"href":"https:\/\/www.covb.cat\/es\/wp-json\/wp\/v2\/posts\/55259","targetHints":{"allow":["GET"]}}],"collection":[{"href":"https:\/\/www.covb.cat\/es\/wp-json\/wp\/v2\/posts"}],"about":[{"href":"https:\/\/www.covb.cat\/es\/wp-json\/wp\/v2\/types\/post"}],"author":[{"embeddable":true,"href":"https:\/\/www.covb.cat\/es\/wp-json\/wp\/v2\/users\/106"}],"replies":[{"embeddable":true,"href":"https:\/\/www.covb.cat\/es\/wp-json\/wp\/v2\/comments?post=55259"}],"version-history":[{"count":1,"href":"https:\/\/www.covb.cat\/es\/wp-json\/wp\/v2\/posts\/55259\/revisions"}],"predecessor-version":[{"id":55260,"href":"https:\/\/www.covb.cat\/es\/wp-json\/wp\/v2\/posts\/55259\/revisions\/55260"}],"wp:featuredmedia":[{"embeddable":true,"href":"https:\/\/www.covb.cat\/es\/wp-json\/wp\/v2\/media\/55257"}],"wp:attachment":[{"href":"https:\/\/www.covb.cat\/es\/wp-json\/wp\/v2\/media?parent=55259"}],"wp:term":[{"taxonomy":"category","embeddable":true,"href":"https:\/\/www.covb.cat\/es\/wp-json\/wp\/v2\/categories?post=55259"},{"taxonomy":"post_tag","embeddable":true,"href":"https:\/\/www.covb.cat\/es\/wp-json\/wp\/v2\/tags?post=55259"}],"curies":[{"name":"wp","href":"https:\/\/api.w.org\/{rel}","templated":true}]}}