{"id":53441,"date":"2025-02-07T14:26:13","date_gmt":"2025-02-07T13:26:13","guid":{"rendered":"https:\/\/www.covb.cat\/?p=53441"},"modified":"2025-02-07T14:26:13","modified_gmt":"2025-02-07T13:26:13","slug":"el-covb-apoya-el-cierre-simbolico-de-las-clinicas-veterinarias-en-malaga-y-ceuta","status":"publish","type":"post","link":"https:\/\/www.covb.cat\/es\/actualitat\/noticies\/general\/el-covb-apoya-el-cierre-simbolico-de-las-clinicas-veterinarias-en-malaga-y-ceuta\/","title":{"rendered":"El COVB apoya el cierre simb\u00f3lico de las cl\u00ednicas veterinarias en M\u00e1laga y Ceuta"},"content":{"rendered":"<p>La <strong>Junta de Gobierno del Colegio de Veterinarios de Barcelona (COVB)<\/strong> ha comunicado oficialmente al <strong>Colegio de M\u00e1laga<\/strong> su apoyo al acto reivindicativo organizado por la <strong>Asociaci\u00f3n Malague\u00f1a de Veterinarios Especialistas en Animales de Compa\u00f1\u00eda (AMVEAC)<\/strong>, que tendr\u00e1 lugar el pr\u00f3ximo <strong>11 de febrero a las 11:00 horas<\/strong>.<\/p>\n<p>Esta movilizaci\u00f3n, que tambi\u00e9n se llevar\u00e1 a cabo en <strong>Ceuta<\/strong>, busca <strong>visibilizar el malestar y el agotamiento de los profesionales veterinarios cl\u00ednicos<\/strong>, as\u00ed como reclamar mejoras en las condiciones laborales y la sostenibilidad del sector.<\/p>\n<p>Desde el COVB colaboraremos en la difusi\u00f3n del material informativo sobre este acto a trav\u00e9s de nuestras redes sociales y continuaremos trabajando para que estas reivindicaciones lleguen a la sociedad, a los despachos y a las autoridades catalanas y espa\u00f1olas.<\/p>\n<p><strong>Celebramos que las movilizaciones contin\u00faen y reafirmamos nuestro compromiso con la profesi\u00f3n veterinaria.<\/strong><\/p>\n","protected":false},"excerpt":{"rendered":"<p>La Junta de Gobierno del Colegio de Veterinarios de Barcelona (COVB) ha comunicado oficialmente al Colegio de M\u00e1laga su apoyo al acto reivindicativo organizado por la Asociaci\u00f3n Malague\u00f1a de Veterinarios Especialistas en Animales de Compa\u00f1\u00eda (AMVEAC), que tendr\u00e1 lugar el pr\u00f3ximo 11 de febrero a las 11:00 horas. Esta movilizaci\u00f3n, que tambi\u00e9n se llevar\u00e1 a [&hellip;]<\/p>\n","protected":false},"author":106,"featured_media":53439,"comment_status":"closed","ping_status":"closed","sticky":false,"template":"","format":"standard","meta":{"_monsterinsights_skip_tracking":false,"_monsterinsights_sitenote_active":false,"_monsterinsights_sitenote_note":"","_monsterinsights_sitenote_category":0,"_jetpack_memberships_contains_paid_content":false,"footnotes":""},"categories":[138,17,164],"tags":[],"class_list":["post-53441","post","type-post","status-publish","format-standard","has-post-thumbnail","hentry","category-corporativo","category-general","category-profesional"],"yoast_head":"<!-- This site is optimized with the Yoast SEO plugin v27.0 - https:\/\/yoast.com\/product\/yoast-seo-wordpress\/ -->\n<title>El COVB apoya el cierre simb\u00f3lico de las cl\u00ednicas veterinarias en M\u00e1laga y Ceuta - COVB - Col\u00b7legi Oficial de Veterinaris de Barcelona<\/title>\n<meta name=\"description\" content=\"La Junta de Gobierno del Colegio de Veterinarios de Barcelona (COVB) ha comunicado oficialmente al Colegio de M\u00e1laga su apoyo al acto reivindicativo\" \/>\n<meta name=\"robots\" content=\"index, follow, max-snippet:-1, max-image-preview:large, max-video-preview:-1\" \/>\n<link rel=\"canonical\" href=\"https:\/\/www.covb.cat\/es\/actualitat\/noticies\/general\/el-covb-apoya-el-cierre-simbolico-de-las-clinicas-veterinarias-en-malaga-y-ceuta\/\" \/>\n<meta property=\"og:locale\" content=\"es_ES\" \/>\n<meta property=\"og:type\" content=\"article\" \/>\n<meta property=\"og:title\" content=\"El COVB apoya el cierre simb\u00f3lico de las cl\u00ednicas veterinarias en M\u00e1laga y Ceuta - COVB - Col\u00b7legi Oficial de Veterinaris de Barcelona\" \/>\n<meta property=\"og:description\" content=\"La Junta de Gobierno del Colegio de Veterinarios de Barcelona (COVB) ha comunicado oficialmente al Colegio de M\u00e1laga su apoyo al acto reivindicativo\" \/>\n<meta property=\"og:url\" content=\"https:\/\/www.covb.cat\/es\/actualitat\/noticies\/general\/el-covb-apoya-el-cierre-simbolico-de-las-clinicas-veterinarias-en-malaga-y-ceuta\/\" \/>\n<meta property=\"og:site_name\" content=\"COVB\" \/>\n<meta property=\"article:publisher\" content=\"https:\/\/www.facebook.com\/COVBcat\/\" \/>\n<meta property=\"article:published_time\" content=\"2025-02-07T13:26:13+00:00\" \/>\n<meta property=\"og:image\" content=\"https:\/\/www.covb.cat\/wp-content\/uploads\/2025\/02\/Recolcament-AMVEAC-WEB.jpg\" \/>\n\t<meta property=\"og:image:width\" content=\"1200\" \/>\n\t<meta property=\"og:image:height\" content=\"800\" \/>\n\t<meta property=\"og:image:type\" content=\"image\/jpeg\" \/>\n<meta name=\"twitter:card\" content=\"summary_large_image\" \/>\n<meta name=\"twitter:creator\" content=\"@COVBcat\" \/>\n<meta name=\"twitter:site\" content=\"@COVBcat\" \/>\n<meta name=\"twitter:label1\" content=\"Escrito por\" \/>\n\t<meta name=\"twitter:data1\" content=\"\" \/>\n\t<meta name=\"twitter:label2\" content=\"Tiempo de lectura\" \/>\n\t<meta name=\"twitter:data2\" content=\"1 minuto\" \/>\n<script type=\"application\/ld+json\" class=\"yoast-schema-graph\">{\"@context\":\"https:\/\/schema.org\",\"@graph\":[{\"@type\":\"Article\",\"@id\":\"https:\/\/www.covb.cat\/es\/actualitat\/noticies\/general\/el-covb-apoya-el-cierre-simbolico-de-las-clinicas-veterinarias-en-malaga-y-ceuta\/#article\",\"isPartOf\":{\"@id\":\"https:\/\/www.covb.cat\/es\/actualitat\/noticies\/general\/el-covb-apoya-el-cierre-simbolico-de-las-clinicas-veterinarias-en-malaga-y-ceuta\/\"},\"author\":{\"name\":\"\",\"@id\":\"\"},\"headline\":\"El COVB apoya el cierre simb\u00f3lico de las cl\u00ednicas veterinarias en M\u00e1laga y Ceuta\",\"datePublished\":\"2025-02-07T13:26:13+00:00\",\"mainEntityOfPage\":{\"@id\":\"https:\/\/www.covb.cat\/es\/actualitat\/noticies\/general\/el-covb-apoya-el-cierre-simbolico-de-las-clinicas-veterinarias-en-malaga-y-ceuta\/\"},\"wordCount\":164,\"publisher\":{\"@id\":\"https:\/\/www.covb.cat\/es\/#organization\"},\"image\":{\"@id\":\"https:\/\/www.covb.cat\/es\/actualitat\/noticies\/general\/el-covb-apoya-el-cierre-simbolico-de-las-clinicas-veterinarias-en-malaga-y-ceuta\/#primaryimage\"},\"thumbnailUrl\":\"https:\/\/www.covb.cat\/wp-content\/uploads\/2025\/02\/Recolcament-AMVEAC-WEB.jpg\",\"articleSection\":[\"Corporativo\",\"General\",\"Profesi\u00f3n\"],\"inLanguage\":\"es\"},{\"@type\":\"WebPage\",\"@id\":\"https:\/\/www.covb.cat\/es\/actualitat\/noticies\/general\/el-covb-apoya-el-cierre-simbolico-de-las-clinicas-veterinarias-en-malaga-y-ceuta\/\",\"url\":\"https:\/\/www.covb.cat\/es\/actualitat\/noticies\/general\/el-covb-apoya-el-cierre-simbolico-de-las-clinicas-veterinarias-en-malaga-y-ceuta\/\",\"name\":\"El COVB apoya el cierre simb\u00f3lico de las cl\u00ednicas veterinarias en M\u00e1laga y Ceuta - COVB - Col\u00b7legi Oficial de Veterinaris de Barcelona\",\"isPartOf\":{\"@id\":\"https:\/\/www.covb.cat\/es\/#website\"},\"primaryImageOfPage\":{\"@id\":\"https:\/\/www.covb.cat\/es\/actualitat\/noticies\/general\/el-covb-apoya-el-cierre-simbolico-de-las-clinicas-veterinarias-en-malaga-y-ceuta\/#primaryimage\"},\"image\":{\"@id\":\"https:\/\/www.covb.cat\/es\/actualitat\/noticies\/general\/el-covb-apoya-el-cierre-simbolico-de-las-clinicas-veterinarias-en-malaga-y-ceuta\/#primaryimage\"},\"thumbnailUrl\":\"https:\/\/www.covb.cat\/wp-content\/uploads\/2025\/02\/Recolcament-AMVEAC-WEB.jpg\",\"datePublished\":\"2025-02-07T13:26:13+00:00\",\"description\":\"La Junta de Gobierno del Colegio de Veterinarios de Barcelona (COVB) ha comunicado oficialmente al Colegio de M\u00e1laga su apoyo al acto reivindicativo\",\"breadcrumb\":{\"@id\":\"https:\/\/www.covb.cat\/es\/actualitat\/noticies\/general\/el-covb-apoya-el-cierre-simbolico-de-las-clinicas-veterinarias-en-malaga-y-ceuta\/#breadcrumb\"},\"inLanguage\":\"es\",\"potentialAction\":[{\"@type\":\"ReadAction\",\"target\":[\"https:\/\/www.covb.cat\/es\/actualitat\/noticies\/general\/el-covb-apoya-el-cierre-simbolico-de-las-clinicas-veterinarias-en-malaga-y-ceuta\/\"]}]},{\"@type\":\"ImageObject\",\"inLanguage\":\"es\",\"@id\":\"https:\/\/www.covb.cat\/es\/actualitat\/noticies\/general\/el-covb-apoya-el-cierre-simbolico-de-las-clinicas-veterinarias-en-malaga-y-ceuta\/#primaryimage\",\"url\":\"https:\/\/www.covb.cat\/wp-content\/uploads\/2025\/02\/Recolcament-AMVEAC-WEB.jpg\",\"contentUrl\":\"https:\/\/www.covb.cat\/wp-content\/uploads\/2025\/02\/Recolcament-AMVEAC-WEB.jpg\",\"width\":1200,\"height\":800},{\"@type\":\"BreadcrumbList\",\"@id\":\"https:\/\/www.covb.cat\/es\/actualitat\/noticies\/general\/el-covb-apoya-el-cierre-simbolico-de-las-clinicas-veterinarias-en-malaga-y-ceuta\/#breadcrumb\",\"itemListElement\":[{\"@type\":\"ListItem\",\"position\":1,\"name\":\"Inici\",\"item\":\"https:\/\/www.covb.cat\/es\/\"},{\"@type\":\"ListItem\",\"position\":2,\"name\":\"El COVB apoya el cierre simb\u00f3lico de las cl\u00ednicas veterinarias en M\u00e1laga y Ceuta\"}]},{\"@type\":\"WebSite\",\"@id\":\"https:\/\/www.covb.cat\/es\/#website\",\"url\":\"https:\/\/www.covb.cat\/es\/\",\"name\":\"COVB\",\"description\":\"Col\u00b7legi Oficial de Veterinaris de Barcelona\",\"publisher\":{\"@id\":\"https:\/\/www.covb.cat\/es\/#organization\"},\"potentialAction\":[{\"@type\":\"SearchAction\",\"target\":{\"@type\":\"EntryPoint\",\"urlTemplate\":\"https:\/\/www.covb.cat\/es\/?s={search_term_string}\"},\"query-input\":{\"@type\":\"PropertyValueSpecification\",\"valueRequired\":true,\"valueName\":\"search_term_string\"}}],\"inLanguage\":\"es\"},{\"@type\":\"Organization\",\"@id\":\"https:\/\/www.covb.cat\/es\/#organization\",\"name\":\"COVB\",\"url\":\"https:\/\/www.covb.cat\/es\/\",\"logo\":{\"@type\":\"ImageObject\",\"inLanguage\":\"es\",\"@id\":\"https:\/\/www.covb.cat\/es\/#\/schema\/logo\/image\/\",\"url\":\"https:\/\/www.covb.cat\/wp-content\/uploads\/2018\/07\/favicon-covb.png\",\"contentUrl\":\"https:\/\/www.covb.cat\/wp-content\/uploads\/2018\/07\/favicon-covb.png\",\"width\":512,\"height\":512,\"caption\":\"COVB\"},\"image\":{\"@id\":\"https:\/\/www.covb.cat\/es\/#\/schema\/logo\/image\/\"},\"sameAs\":[\"https:\/\/www.facebook.com\/COVBcat\/\",\"https:\/\/x.com\/COVBcat\",\"https:\/\/www.youtube.com\/user\/covbcn\"]},{\"@type\":\"Person\",\"@id\":\"\"}]}<\/script>\n<!-- \/ Yoast SEO plugin. -->","yoast_head_json":{"title":"El COVB apoya el cierre simb\u00f3lico de las cl\u00ednicas veterinarias en M\u00e1laga y Ceuta - COVB - Col\u00b7legi Oficial de Veterinaris de Barcelona","description":"La Junta de Gobierno del Colegio de Veterinarios de Barcelona (COVB) ha comunicado oficialmente al Colegio de M\u00e1laga su apoyo al acto reivindicativo","robots":{"index":"index","follow":"follow","max-snippet":"max-snippet:-1","max-image-preview":"max-image-preview:large","max-video-preview":"max-video-preview:-1"},"canonical":"https:\/\/www.covb.cat\/es\/actualitat\/noticies\/general\/el-covb-apoya-el-cierre-simbolico-de-las-clinicas-veterinarias-en-malaga-y-ceuta\/","og_locale":"es_ES","og_type":"article","og_title":"El COVB apoya el cierre simb\u00f3lico de las cl\u00ednicas veterinarias en M\u00e1laga y Ceuta - COVB - Col\u00b7legi Oficial de Veterinaris de Barcelona","og_description":"La Junta de Gobierno del Colegio de Veterinarios de Barcelona (COVB) ha comunicado oficialmente al Colegio de M\u00e1laga su apoyo al acto reivindicativo","og_url":"https:\/\/www.covb.cat\/es\/actualitat\/noticies\/general\/el-covb-apoya-el-cierre-simbolico-de-las-clinicas-veterinarias-en-malaga-y-ceuta\/","og_site_name":"COVB","article_publisher":"https:\/\/www.facebook.com\/COVBcat\/","article_published_time":"2025-02-07T13:26:13+00:00","og_image":[{"width":1200,"height":800,"url":"https:\/\/www.covb.cat\/wp-content\/uploads\/2025\/02\/Recolcament-AMVEAC-WEB.jpg","type":"image\/jpeg"}],"twitter_card":"summary_large_image","twitter_creator":"@COVBcat","twitter_site":"@COVBcat","twitter_misc":{"Escrito por":"","Tiempo de lectura":"1 minuto"},"schema":{"@context":"https:\/\/schema.org","@graph":[{"@type":"Article","@id":"https:\/\/www.covb.cat\/es\/actualitat\/noticies\/general\/el-covb-apoya-el-cierre-simbolico-de-las-clinicas-veterinarias-en-malaga-y-ceuta\/#article","isPartOf":{"@id":"https:\/\/www.covb.cat\/es\/actualitat\/noticies\/general\/el-covb-apoya-el-cierre-simbolico-de-las-clinicas-veterinarias-en-malaga-y-ceuta\/"},"author":{"name":"","@id":""},"headline":"El COVB apoya el cierre simb\u00f3lico de las cl\u00ednicas veterinarias en M\u00e1laga y Ceuta","datePublished":"2025-02-07T13:26:13+00:00","mainEntityOfPage":{"@id":"https:\/\/www.covb.cat\/es\/actualitat\/noticies\/general\/el-covb-apoya-el-cierre-simbolico-de-las-clinicas-veterinarias-en-malaga-y-ceuta\/"},"wordCount":164,"publisher":{"@id":"https:\/\/www.covb.cat\/es\/#organization"},"image":{"@id":"https:\/\/www.covb.cat\/es\/actualitat\/noticies\/general\/el-covb-apoya-el-cierre-simbolico-de-las-clinicas-veterinarias-en-malaga-y-ceuta\/#primaryimage"},"thumbnailUrl":"https:\/\/www.covb.cat\/wp-content\/uploads\/2025\/02\/Recolcament-AMVEAC-WEB.jpg","articleSection":["Corporativo","General","Profesi\u00f3n"],"inLanguage":"es"},{"@type":"WebPage","@id":"https:\/\/www.covb.cat\/es\/actualitat\/noticies\/general\/el-covb-apoya-el-cierre-simbolico-de-las-clinicas-veterinarias-en-malaga-y-ceuta\/","url":"https:\/\/www.covb.cat\/es\/actualitat\/noticies\/general\/el-covb-apoya-el-cierre-simbolico-de-las-clinicas-veterinarias-en-malaga-y-ceuta\/","name":"El COVB apoya el cierre simb\u00f3lico de las cl\u00ednicas veterinarias en M\u00e1laga y Ceuta - COVB - Col\u00b7legi Oficial de Veterinaris de Barcelona","isPartOf":{"@id":"https:\/\/www.covb.cat\/es\/#website"},"primaryImageOfPage":{"@id":"https:\/\/www.covb.cat\/es\/actualitat\/noticies\/general\/el-covb-apoya-el-cierre-simbolico-de-las-clinicas-veterinarias-en-malaga-y-ceuta\/#primaryimage"},"image":{"@id":"https:\/\/www.covb.cat\/es\/actualitat\/noticies\/general\/el-covb-apoya-el-cierre-simbolico-de-las-clinicas-veterinarias-en-malaga-y-ceuta\/#primaryimage"},"thumbnailUrl":"https:\/\/www.covb.cat\/wp-content\/uploads\/2025\/02\/Recolcament-AMVEAC-WEB.jpg","datePublished":"2025-02-07T13:26:13+00:00","description":"La Junta de Gobierno del Colegio de Veterinarios de Barcelona (COVB) ha comunicado oficialmente al Colegio de M\u00e1laga su apoyo al acto reivindicativo","breadcrumb":{"@id":"https:\/\/www.covb.cat\/es\/actualitat\/noticies\/general\/el-covb-apoya-el-cierre-simbolico-de-las-clinicas-veterinarias-en-malaga-y-ceuta\/#breadcrumb"},"inLanguage":"es","potentialAction":[{"@type":"ReadAction","target":["https:\/\/www.covb.cat\/es\/actualitat\/noticies\/general\/el-covb-apoya-el-cierre-simbolico-de-las-clinicas-veterinarias-en-malaga-y-ceuta\/"]}]},{"@type":"ImageObject","inLanguage":"es","@id":"https:\/\/www.covb.cat\/es\/actualitat\/noticies\/general\/el-covb-apoya-el-cierre-simbolico-de-las-clinicas-veterinarias-en-malaga-y-ceuta\/#primaryimage","url":"https:\/\/www.covb.cat\/wp-content\/uploads\/2025\/02\/Recolcament-AMVEAC-WEB.jpg","contentUrl":"https:\/\/www.covb.cat\/wp-content\/uploads\/2025\/02\/Recolcament-AMVEAC-WEB.jpg","width":1200,"height":800},{"@type":"BreadcrumbList","@id":"https:\/\/www.covb.cat\/es\/actualitat\/noticies\/general\/el-covb-apoya-el-cierre-simbolico-de-las-clinicas-veterinarias-en-malaga-y-ceuta\/#breadcrumb","itemListElement":[{"@type":"ListItem","position":1,"name":"Inici","item":"https:\/\/www.covb.cat\/es\/"},{"@type":"ListItem","position":2,"name":"El COVB apoya el cierre simb\u00f3lico de las cl\u00ednicas veterinarias en M\u00e1laga y Ceuta"}]},{"@type":"WebSite","@id":"https:\/\/www.covb.cat\/es\/#website","url":"https:\/\/www.covb.cat\/es\/","name":"COVB","description":"Col\u00b7legi Oficial de Veterinaris de Barcelona","publisher":{"@id":"https:\/\/www.covb.cat\/es\/#organization"},"potentialAction":[{"@type":"SearchAction","target":{"@type":"EntryPoint","urlTemplate":"https:\/\/www.covb.cat\/es\/?s={search_term_string}"},"query-input":{"@type":"PropertyValueSpecification","valueRequired":true,"valueName":"search_term_string"}}],"inLanguage":"es"},{"@type":"Organization","@id":"https:\/\/www.covb.cat\/es\/#organization","name":"COVB","url":"https:\/\/www.covb.cat\/es\/","logo":{"@type":"ImageObject","inLanguage":"es","@id":"https:\/\/www.covb.cat\/es\/#\/schema\/logo\/image\/","url":"https:\/\/www.covb.cat\/wp-content\/uploads\/2018\/07\/favicon-covb.png","contentUrl":"https:\/\/www.covb.cat\/wp-content\/uploads\/2018\/07\/favicon-covb.png","width":512,"height":512,"caption":"COVB"},"image":{"@id":"https:\/\/www.covb.cat\/es\/#\/schema\/logo\/image\/"},"sameAs":["https:\/\/www.facebook.com\/COVBcat\/","https:\/\/x.com\/COVBcat","https:\/\/www.youtube.com\/user\/covbcn"]},{"@type":"Person","@id":""}]}},"jetpack_featured_media_url":"https:\/\/www.covb.cat\/wp-content\/uploads\/2025\/02\/Recolcament-AMVEAC-WEB.jpg","jetpack_sharing_enabled":true,"_links":{"self":[{"href":"https:\/\/www.covb.cat\/es\/wp-json\/wp\/v2\/posts\/53441","targetHints":{"allow":["GET"]}}],"collection":[{"href":"https:\/\/www.covb.cat\/es\/wp-json\/wp\/v2\/posts"}],"about":[{"href":"https:\/\/www.covb.cat\/es\/wp-json\/wp\/v2\/types\/post"}],"author":[{"embeddable":true,"href":"https:\/\/www.covb.cat\/es\/wp-json\/wp\/v2\/users\/106"}],"replies":[{"embeddable":true,"href":"https:\/\/www.covb.cat\/es\/wp-json\/wp\/v2\/comments?post=53441"}],"version-history":[{"count":1,"href":"https:\/\/www.covb.cat\/es\/wp-json\/wp\/v2\/posts\/53441\/revisions"}],"predecessor-version":[{"id":53442,"href":"https:\/\/www.covb.cat\/es\/wp-json\/wp\/v2\/posts\/53441\/revisions\/53442"}],"wp:featuredmedia":[{"embeddable":true,"href":"https:\/\/www.covb.cat\/es\/wp-json\/wp\/v2\/media\/53439"}],"wp:attachment":[{"href":"https:\/\/www.covb.cat\/es\/wp-json\/wp\/v2\/media?parent=53441"}],"wp:term":[{"taxonomy":"category","embeddable":true,"href":"https:\/\/www.covb.cat\/es\/wp-json\/wp\/v2\/categories?post=53441"},{"taxonomy":"post_tag","embeddable":true,"href":"https:\/\/www.covb.cat\/es\/wp-json\/wp\/v2\/tags?post=53441"}],"curies":[{"name":"wp","href":"https:\/\/api.w.org\/{rel}","templated":true}]}}