{"id":53397,"date":"2025-02-07T10:00:29","date_gmt":"2025-02-07T09:00:29","guid":{"rendered":"https:\/\/www.covb.cat\/?p=53397"},"modified":"2025-02-12T13:16:33","modified_gmt":"2025-02-12T12:16:33","slug":"ya-disponible-la-grabacion-de-la-sesion-informativa-del-covb-sobre-la-normativa-de-medicamentos","status":"publish","type":"post","link":"https:\/\/www.covb.cat\/es\/actualitat\/noticies\/general\/ya-disponible-la-grabacion-de-la-sesion-informativa-del-covb-sobre-la-normativa-de-medicamentos\/","title":{"rendered":"Ya disponible la grabaci\u00f3n de la Sesi\u00f3n informativa del COVB sobre la normativa de medicamentos"},"content":{"rendered":"<p>Ante el inter\u00e9s generado y la gran cantidad de consultas recibidas, el mi\u00e9rcoles 5 de febrero, el Colegio de Veterinarios de Barcelona organiz\u00f3 una sesi\u00f3n informativa sobre la normativa de medicamentos para animales de compa\u00f1\u00eda y ex\u00f3ticos.<\/p>\n<p>Durante la sesi\u00f3n, que tuvo una duraci\u00f3n de dos horas, se abordaron cuestiones clave como:<\/p>\n<ul>\n<li>El botiqu\u00edn veterinario y su gesti\u00f3n<\/li>\n<li>Prescripci\u00f3n y tipos de recetas (manuscrita y electr\u00f3nica)<\/li>\n<li>Responsabilidades en el uso y cesi\u00f3n de medicamentos<\/li>\n<li>Prescripciones especiales: Off-label, PO y PE<\/li>\n<li>Uso de antibi\u00f3ticos: tratamiento terap\u00e9utico, profil\u00e1ctico y metafil\u00e1ctico<\/li>\n<\/ul>\n<p>Los ponentes fueron <strong>Xavier Cornet<\/strong>, secretario del COVB; <strong>Elena Oller<\/strong>, abogada del COVB; y <strong>Salvador Cervantes<\/strong>, veterinario cl\u00ednico especializado en el uso de antibi\u00f3ticos.<\/p>\n<p><strong>Si no pudiste asistir, la sesi\u00f3n ha quedado grabada y ya est\u00e1 disponible en la web del COVB para su consulta.<\/strong><\/p>\n<p>Adem\u00e1s, pod\u00e9is consultar la <strong>Gu\u00eda de medicamentos<\/strong> (tenencia, uso, cesi\u00f3n y prescripci\u00f3n), publicada el mismo d\u00eda de la sesi\u00f3n, as\u00ed como toda la informaci\u00f3n sobre medicamentos veterinarios. Tambi\u00e9n encontrar\u00e9is un documento espec\u00edfico dise\u00f1ado para facilitar informaci\u00f3n a los tutores de mascotas <strong><a href=\"https:\/\/www.covb.cat\/wp-content\/uploads\/2025\/02\/INFORMACIO-PER-A-TUTORS-CAST.pdf\">haciendo clic aqu\u00ed.<\/a><\/strong><\/p>\n<p>Acceded al <a href=\"https:\/\/www.covb.cat\/wp-content\/uploads\/2025\/02\/COVB_Conceptes_basics_normativa_sobre_medicaments_veterinaris_per_animals_de_companyia_i_exotics.mp4\" target=\"_blank\" rel=\"noopener\"><strong>v\u00eddeo<\/strong> de la sesi\u00f3n informativa<\/a> del mi\u00e9rcoles y a toda esta informaci\u00f3n.<\/p>\n","protected":false},"excerpt":{"rendered":"<p>Ante el inter\u00e9s generado y la gran cantidad de consultas recibidas, el mi\u00e9rcoles 5 de febrero, el Colegio de Veterinarios de Barcelona organiz\u00f3 una sesi\u00f3n informativa sobre la normativa de medicamentos para animales de compa\u00f1\u00eda y ex\u00f3ticos. Durante la sesi\u00f3n, que tuvo una duraci\u00f3n de dos horas, se abordaron cuestiones clave como: El botiqu\u00edn veterinario [&hellip;]<\/p>\n","protected":false},"author":106,"featured_media":53395,"comment_status":"closed","ping_status":"closed","sticky":false,"template":"","format":"standard","meta":{"_monsterinsights_skip_tracking":false,"_monsterinsights_sitenote_active":false,"_monsterinsights_sitenote_note":"","_monsterinsights_sitenote_category":0,"_jetpack_memberships_contains_paid_content":false,"footnotes":""},"categories":[353,138,17,164,393],"tags":[],"class_list":["post-53397","post","type-post","status-publish","format-standard","has-post-thumbnail","hentry","category-corporatiu-es","category-corporativo","category-general","category-profesional","category-professional-es"],"yoast_head":"<!-- This site is optimized with the Yoast SEO plugin v27.0 - https:\/\/yoast.com\/product\/yoast-seo-wordpress\/ -->\n<title>Ya disponible la grabaci\u00f3n de la Sesi\u00f3n informativa del COVB sobre la normativa de medicamentos - COVB - Col\u00b7legi Oficial de Veterinaris de Barcelona<\/title>\n<meta name=\"description\" content=\"Ante el inter\u00e9s generado y la gran cantidad de consultas recibidas, el mi\u00e9rcoles 5 de febrero, el Colegio de Veterinarios de Barcelona organiz\u00f3 una sesi\u00f3n\" \/>\n<meta name=\"robots\" content=\"index, follow, max-snippet:-1, max-image-preview:large, max-video-preview:-1\" \/>\n<link rel=\"canonical\" href=\"https:\/\/www.covb.cat\/es\/actualitat\/noticies\/general\/ya-disponible-la-grabacion-de-la-sesion-informativa-del-covb-sobre-la-normativa-de-medicamentos\/\" \/>\n<meta property=\"og:locale\" content=\"es_ES\" \/>\n<meta property=\"og:type\" content=\"article\" \/>\n<meta property=\"og:title\" content=\"Ya disponible la grabaci\u00f3n de la Sesi\u00f3n informativa del COVB sobre la normativa de medicamentos - COVB - Col\u00b7legi Oficial de Veterinaris de Barcelona\" \/>\n<meta property=\"og:description\" content=\"Ante el inter\u00e9s generado y la gran cantidad de consultas recibidas, el mi\u00e9rcoles 5 de febrero, el Colegio de Veterinarios de Barcelona organiz\u00f3 una sesi\u00f3n\" \/>\n<meta property=\"og:url\" content=\"https:\/\/www.covb.cat\/es\/actualitat\/noticies\/general\/ya-disponible-la-grabacion-de-la-sesion-informativa-del-covb-sobre-la-normativa-de-medicamentos\/\" \/>\n<meta property=\"og:site_name\" content=\"COVB\" \/>\n<meta property=\"article:publisher\" content=\"https:\/\/www.facebook.com\/COVBcat\/\" \/>\n<meta property=\"article:published_time\" content=\"2025-02-07T09:00:29+00:00\" \/>\n<meta property=\"article:modified_time\" content=\"2025-02-12T12:16:33+00:00\" \/>\n<meta property=\"og:image\" content=\"https:\/\/www.covb.cat\/wp-content\/uploads\/2025\/02\/Sessio-medicaments-WEB.jpg\" \/>\n\t<meta property=\"og:image:width\" content=\"1200\" \/>\n\t<meta property=\"og:image:height\" content=\"800\" \/>\n\t<meta property=\"og:image:type\" content=\"image\/jpeg\" \/>\n<meta name=\"twitter:card\" content=\"summary_large_image\" \/>\n<meta name=\"twitter:creator\" content=\"@COVBcat\" \/>\n<meta name=\"twitter:site\" content=\"@COVBcat\" \/>\n<meta name=\"twitter:label1\" content=\"Escrito por\" \/>\n\t<meta name=\"twitter:data1\" content=\"\" \/>\n\t<meta name=\"twitter:label2\" content=\"Tiempo de lectura\" \/>\n\t<meta name=\"twitter:data2\" content=\"2 minutos\" \/>\n<script type=\"application\/ld+json\" class=\"yoast-schema-graph\">{\"@context\":\"https:\/\/schema.org\",\"@graph\":[{\"@type\":\"Article\",\"@id\":\"https:\/\/www.covb.cat\/es\/actualitat\/noticies\/general\/ya-disponible-la-grabacion-de-la-sesion-informativa-del-covb-sobre-la-normativa-de-medicamentos\/#article\",\"isPartOf\":{\"@id\":\"https:\/\/www.covb.cat\/es\/actualitat\/noticies\/general\/ya-disponible-la-grabacion-de-la-sesion-informativa-del-covb-sobre-la-normativa-de-medicamentos\/\"},\"author\":{\"name\":\"\",\"@id\":\"\"},\"headline\":\"Ya disponible la grabaci\u00f3n de la Sesi\u00f3n informativa del COVB sobre la normativa de medicamentos\",\"datePublished\":\"2025-02-07T09:00:29+00:00\",\"dateModified\":\"2025-02-12T12:16:33+00:00\",\"mainEntityOfPage\":{\"@id\":\"https:\/\/www.covb.cat\/es\/actualitat\/noticies\/general\/ya-disponible-la-grabacion-de-la-sesion-informativa-del-covb-sobre-la-normativa-de-medicamentos\/\"},\"wordCount\":243,\"publisher\":{\"@id\":\"https:\/\/www.covb.cat\/es\/#organization\"},\"image\":{\"@id\":\"https:\/\/www.covb.cat\/es\/actualitat\/noticies\/general\/ya-disponible-la-grabacion-de-la-sesion-informativa-del-covb-sobre-la-normativa-de-medicamentos\/#primaryimage\"},\"thumbnailUrl\":\"https:\/\/www.covb.cat\/wp-content\/uploads\/2025\/02\/Sessio-medicaments-WEB.jpg\",\"articleSection\":[\"Corporatiu\",\"Corporativo\",\"General\",\"Profesi\u00f3n\",\"Professi\u00f3\"],\"inLanguage\":\"es\"},{\"@type\":\"WebPage\",\"@id\":\"https:\/\/www.covb.cat\/es\/actualitat\/noticies\/general\/ya-disponible-la-grabacion-de-la-sesion-informativa-del-covb-sobre-la-normativa-de-medicamentos\/\",\"url\":\"https:\/\/www.covb.cat\/es\/actualitat\/noticies\/general\/ya-disponible-la-grabacion-de-la-sesion-informativa-del-covb-sobre-la-normativa-de-medicamentos\/\",\"name\":\"Ya disponible la grabaci\u00f3n de la Sesi\u00f3n informativa del COVB sobre la normativa de medicamentos - COVB - Col\u00b7legi Oficial de Veterinaris de Barcelona\",\"isPartOf\":{\"@id\":\"https:\/\/www.covb.cat\/es\/#website\"},\"primaryImageOfPage\":{\"@id\":\"https:\/\/www.covb.cat\/es\/actualitat\/noticies\/general\/ya-disponible-la-grabacion-de-la-sesion-informativa-del-covb-sobre-la-normativa-de-medicamentos\/#primaryimage\"},\"image\":{\"@id\":\"https:\/\/www.covb.cat\/es\/actualitat\/noticies\/general\/ya-disponible-la-grabacion-de-la-sesion-informativa-del-covb-sobre-la-normativa-de-medicamentos\/#primaryimage\"},\"thumbnailUrl\":\"https:\/\/www.covb.cat\/wp-content\/uploads\/2025\/02\/Sessio-medicaments-WEB.jpg\",\"datePublished\":\"2025-02-07T09:00:29+00:00\",\"dateModified\":\"2025-02-12T12:16:33+00:00\",\"description\":\"Ante el inter\u00e9s generado y la gran cantidad de consultas recibidas, el mi\u00e9rcoles 5 de febrero, el Colegio de Veterinarios de Barcelona organiz\u00f3 una sesi\u00f3n\",\"breadcrumb\":{\"@id\":\"https:\/\/www.covb.cat\/es\/actualitat\/noticies\/general\/ya-disponible-la-grabacion-de-la-sesion-informativa-del-covb-sobre-la-normativa-de-medicamentos\/#breadcrumb\"},\"inLanguage\":\"es\",\"potentialAction\":[{\"@type\":\"ReadAction\",\"target\":[\"https:\/\/www.covb.cat\/es\/actualitat\/noticies\/general\/ya-disponible-la-grabacion-de-la-sesion-informativa-del-covb-sobre-la-normativa-de-medicamentos\/\"]}]},{\"@type\":\"ImageObject\",\"inLanguage\":\"es\",\"@id\":\"https:\/\/www.covb.cat\/es\/actualitat\/noticies\/general\/ya-disponible-la-grabacion-de-la-sesion-informativa-del-covb-sobre-la-normativa-de-medicamentos\/#primaryimage\",\"url\":\"https:\/\/www.covb.cat\/wp-content\/uploads\/2025\/02\/Sessio-medicaments-WEB.jpg\",\"contentUrl\":\"https:\/\/www.covb.cat\/wp-content\/uploads\/2025\/02\/Sessio-medicaments-WEB.jpg\",\"width\":1200,\"height\":800},{\"@type\":\"BreadcrumbList\",\"@id\":\"https:\/\/www.covb.cat\/es\/actualitat\/noticies\/general\/ya-disponible-la-grabacion-de-la-sesion-informativa-del-covb-sobre-la-normativa-de-medicamentos\/#breadcrumb\",\"itemListElement\":[{\"@type\":\"ListItem\",\"position\":1,\"name\":\"Inici\",\"item\":\"https:\/\/www.covb.cat\/es\/\"},{\"@type\":\"ListItem\",\"position\":2,\"name\":\"Ya disponible la grabaci\u00f3n de la Sesi\u00f3n informativa del COVB sobre la normativa de medicamentos\"}]},{\"@type\":\"WebSite\",\"@id\":\"https:\/\/www.covb.cat\/es\/#website\",\"url\":\"https:\/\/www.covb.cat\/es\/\",\"name\":\"COVB\",\"description\":\"Col\u00b7legi Oficial de Veterinaris de Barcelona\",\"publisher\":{\"@id\":\"https:\/\/www.covb.cat\/es\/#organization\"},\"potentialAction\":[{\"@type\":\"SearchAction\",\"target\":{\"@type\":\"EntryPoint\",\"urlTemplate\":\"https:\/\/www.covb.cat\/es\/?s={search_term_string}\"},\"query-input\":{\"@type\":\"PropertyValueSpecification\",\"valueRequired\":true,\"valueName\":\"search_term_string\"}}],\"inLanguage\":\"es\"},{\"@type\":\"Organization\",\"@id\":\"https:\/\/www.covb.cat\/es\/#organization\",\"name\":\"COVB\",\"url\":\"https:\/\/www.covb.cat\/es\/\",\"logo\":{\"@type\":\"ImageObject\",\"inLanguage\":\"es\",\"@id\":\"https:\/\/www.covb.cat\/es\/#\/schema\/logo\/image\/\",\"url\":\"https:\/\/www.covb.cat\/wp-content\/uploads\/2018\/07\/favicon-covb.png\",\"contentUrl\":\"https:\/\/www.covb.cat\/wp-content\/uploads\/2018\/07\/favicon-covb.png\",\"width\":512,\"height\":512,\"caption\":\"COVB\"},\"image\":{\"@id\":\"https:\/\/www.covb.cat\/es\/#\/schema\/logo\/image\/\"},\"sameAs\":[\"https:\/\/www.facebook.com\/COVBcat\/\",\"https:\/\/x.com\/COVBcat\",\"https:\/\/www.youtube.com\/user\/covbcn\"]},{\"@type\":\"Person\",\"@id\":\"\"}]}<\/script>\n<!-- \/ Yoast SEO plugin. -->","yoast_head_json":{"title":"Ya disponible la grabaci\u00f3n de la Sesi\u00f3n informativa del COVB sobre la normativa de medicamentos - COVB - Col\u00b7legi Oficial de Veterinaris de Barcelona","description":"Ante el inter\u00e9s generado y la gran cantidad de consultas recibidas, el mi\u00e9rcoles 5 de febrero, el Colegio de Veterinarios de Barcelona organiz\u00f3 una sesi\u00f3n","robots":{"index":"index","follow":"follow","max-snippet":"max-snippet:-1","max-image-preview":"max-image-preview:large","max-video-preview":"max-video-preview:-1"},"canonical":"https:\/\/www.covb.cat\/es\/actualitat\/noticies\/general\/ya-disponible-la-grabacion-de-la-sesion-informativa-del-covb-sobre-la-normativa-de-medicamentos\/","og_locale":"es_ES","og_type":"article","og_title":"Ya disponible la grabaci\u00f3n de la Sesi\u00f3n informativa del COVB sobre la normativa de medicamentos - COVB - Col\u00b7legi Oficial de Veterinaris de Barcelona","og_description":"Ante el inter\u00e9s generado y la gran cantidad de consultas recibidas, el mi\u00e9rcoles 5 de febrero, el Colegio de Veterinarios de Barcelona organiz\u00f3 una sesi\u00f3n","og_url":"https:\/\/www.covb.cat\/es\/actualitat\/noticies\/general\/ya-disponible-la-grabacion-de-la-sesion-informativa-del-covb-sobre-la-normativa-de-medicamentos\/","og_site_name":"COVB","article_publisher":"https:\/\/www.facebook.com\/COVBcat\/","article_published_time":"2025-02-07T09:00:29+00:00","article_modified_time":"2025-02-12T12:16:33+00:00","og_image":[{"width":1200,"height":800,"url":"https:\/\/www.covb.cat\/wp-content\/uploads\/2025\/02\/Sessio-medicaments-WEB.jpg","type":"image\/jpeg"}],"twitter_card":"summary_large_image","twitter_creator":"@COVBcat","twitter_site":"@COVBcat","twitter_misc":{"Escrito por":"","Tiempo de lectura":"2 minutos"},"schema":{"@context":"https:\/\/schema.org","@graph":[{"@type":"Article","@id":"https:\/\/www.covb.cat\/es\/actualitat\/noticies\/general\/ya-disponible-la-grabacion-de-la-sesion-informativa-del-covb-sobre-la-normativa-de-medicamentos\/#article","isPartOf":{"@id":"https:\/\/www.covb.cat\/es\/actualitat\/noticies\/general\/ya-disponible-la-grabacion-de-la-sesion-informativa-del-covb-sobre-la-normativa-de-medicamentos\/"},"author":{"name":"","@id":""},"headline":"Ya disponible la grabaci\u00f3n de la Sesi\u00f3n informativa del COVB sobre la normativa de medicamentos","datePublished":"2025-02-07T09:00:29+00:00","dateModified":"2025-02-12T12:16:33+00:00","mainEntityOfPage":{"@id":"https:\/\/www.covb.cat\/es\/actualitat\/noticies\/general\/ya-disponible-la-grabacion-de-la-sesion-informativa-del-covb-sobre-la-normativa-de-medicamentos\/"},"wordCount":243,"publisher":{"@id":"https:\/\/www.covb.cat\/es\/#organization"},"image":{"@id":"https:\/\/www.covb.cat\/es\/actualitat\/noticies\/general\/ya-disponible-la-grabacion-de-la-sesion-informativa-del-covb-sobre-la-normativa-de-medicamentos\/#primaryimage"},"thumbnailUrl":"https:\/\/www.covb.cat\/wp-content\/uploads\/2025\/02\/Sessio-medicaments-WEB.jpg","articleSection":["Corporatiu","Corporativo","General","Profesi\u00f3n","Professi\u00f3"],"inLanguage":"es"},{"@type":"WebPage","@id":"https:\/\/www.covb.cat\/es\/actualitat\/noticies\/general\/ya-disponible-la-grabacion-de-la-sesion-informativa-del-covb-sobre-la-normativa-de-medicamentos\/","url":"https:\/\/www.covb.cat\/es\/actualitat\/noticies\/general\/ya-disponible-la-grabacion-de-la-sesion-informativa-del-covb-sobre-la-normativa-de-medicamentos\/","name":"Ya disponible la grabaci\u00f3n de la Sesi\u00f3n informativa del COVB sobre la normativa de medicamentos - COVB - Col\u00b7legi Oficial de Veterinaris de Barcelona","isPartOf":{"@id":"https:\/\/www.covb.cat\/es\/#website"},"primaryImageOfPage":{"@id":"https:\/\/www.covb.cat\/es\/actualitat\/noticies\/general\/ya-disponible-la-grabacion-de-la-sesion-informativa-del-covb-sobre-la-normativa-de-medicamentos\/#primaryimage"},"image":{"@id":"https:\/\/www.covb.cat\/es\/actualitat\/noticies\/general\/ya-disponible-la-grabacion-de-la-sesion-informativa-del-covb-sobre-la-normativa-de-medicamentos\/#primaryimage"},"thumbnailUrl":"https:\/\/www.covb.cat\/wp-content\/uploads\/2025\/02\/Sessio-medicaments-WEB.jpg","datePublished":"2025-02-07T09:00:29+00:00","dateModified":"2025-02-12T12:16:33+00:00","description":"Ante el inter\u00e9s generado y la gran cantidad de consultas recibidas, el mi\u00e9rcoles 5 de febrero, el Colegio de Veterinarios de Barcelona organiz\u00f3 una sesi\u00f3n","breadcrumb":{"@id":"https:\/\/www.covb.cat\/es\/actualitat\/noticies\/general\/ya-disponible-la-grabacion-de-la-sesion-informativa-del-covb-sobre-la-normativa-de-medicamentos\/#breadcrumb"},"inLanguage":"es","potentialAction":[{"@type":"ReadAction","target":["https:\/\/www.covb.cat\/es\/actualitat\/noticies\/general\/ya-disponible-la-grabacion-de-la-sesion-informativa-del-covb-sobre-la-normativa-de-medicamentos\/"]}]},{"@type":"ImageObject","inLanguage":"es","@id":"https:\/\/www.covb.cat\/es\/actualitat\/noticies\/general\/ya-disponible-la-grabacion-de-la-sesion-informativa-del-covb-sobre-la-normativa-de-medicamentos\/#primaryimage","url":"https:\/\/www.covb.cat\/wp-content\/uploads\/2025\/02\/Sessio-medicaments-WEB.jpg","contentUrl":"https:\/\/www.covb.cat\/wp-content\/uploads\/2025\/02\/Sessio-medicaments-WEB.jpg","width":1200,"height":800},{"@type":"BreadcrumbList","@id":"https:\/\/www.covb.cat\/es\/actualitat\/noticies\/general\/ya-disponible-la-grabacion-de-la-sesion-informativa-del-covb-sobre-la-normativa-de-medicamentos\/#breadcrumb","itemListElement":[{"@type":"ListItem","position":1,"name":"Inici","item":"https:\/\/www.covb.cat\/es\/"},{"@type":"ListItem","position":2,"name":"Ya disponible la grabaci\u00f3n de la Sesi\u00f3n informativa del COVB sobre la normativa de medicamentos"}]},{"@type":"WebSite","@id":"https:\/\/www.covb.cat\/es\/#website","url":"https:\/\/www.covb.cat\/es\/","name":"COVB","description":"Col\u00b7legi Oficial de Veterinaris de Barcelona","publisher":{"@id":"https:\/\/www.covb.cat\/es\/#organization"},"potentialAction":[{"@type":"SearchAction","target":{"@type":"EntryPoint","urlTemplate":"https:\/\/www.covb.cat\/es\/?s={search_term_string}"},"query-input":{"@type":"PropertyValueSpecification","valueRequired":true,"valueName":"search_term_string"}}],"inLanguage":"es"},{"@type":"Organization","@id":"https:\/\/www.covb.cat\/es\/#organization","name":"COVB","url":"https:\/\/www.covb.cat\/es\/","logo":{"@type":"ImageObject","inLanguage":"es","@id":"https:\/\/www.covb.cat\/es\/#\/schema\/logo\/image\/","url":"https:\/\/www.covb.cat\/wp-content\/uploads\/2018\/07\/favicon-covb.png","contentUrl":"https:\/\/www.covb.cat\/wp-content\/uploads\/2018\/07\/favicon-covb.png","width":512,"height":512,"caption":"COVB"},"image":{"@id":"https:\/\/www.covb.cat\/es\/#\/schema\/logo\/image\/"},"sameAs":["https:\/\/www.facebook.com\/COVBcat\/","https:\/\/x.com\/COVBcat","https:\/\/www.youtube.com\/user\/covbcn"]},{"@type":"Person","@id":""}]}},"jetpack_featured_media_url":"https:\/\/www.covb.cat\/wp-content\/uploads\/2025\/02\/Sessio-medicaments-WEB.jpg","jetpack_sharing_enabled":true,"_links":{"self":[{"href":"https:\/\/www.covb.cat\/es\/wp-json\/wp\/v2\/posts\/53397","targetHints":{"allow":["GET"]}}],"collection":[{"href":"https:\/\/www.covb.cat\/es\/wp-json\/wp\/v2\/posts"}],"about":[{"href":"https:\/\/www.covb.cat\/es\/wp-json\/wp\/v2\/types\/post"}],"author":[{"embeddable":true,"href":"https:\/\/www.covb.cat\/es\/wp-json\/wp\/v2\/users\/106"}],"replies":[{"embeddable":true,"href":"https:\/\/www.covb.cat\/es\/wp-json\/wp\/v2\/comments?post=53397"}],"version-history":[{"count":5,"href":"https:\/\/www.covb.cat\/es\/wp-json\/wp\/v2\/posts\/53397\/revisions"}],"predecessor-version":[{"id":53605,"href":"https:\/\/www.covb.cat\/es\/wp-json\/wp\/v2\/posts\/53397\/revisions\/53605"}],"wp:featuredmedia":[{"embeddable":true,"href":"https:\/\/www.covb.cat\/es\/wp-json\/wp\/v2\/media\/53395"}],"wp:attachment":[{"href":"https:\/\/www.covb.cat\/es\/wp-json\/wp\/v2\/media?parent=53397"}],"wp:term":[{"taxonomy":"category","embeddable":true,"href":"https:\/\/www.covb.cat\/es\/wp-json\/wp\/v2\/categories?post=53397"},{"taxonomy":"post_tag","embeddable":true,"href":"https:\/\/www.covb.cat\/es\/wp-json\/wp\/v2\/tags?post=53397"}],"curies":[{"name":"wp","href":"https:\/\/api.w.org\/{rel}","templated":true}]}}