{"id":52856,"date":"2025-01-24T10:00:21","date_gmt":"2025-01-24T09:00:21","guid":{"rendered":"https:\/\/www.covb.cat\/?p=52856"},"modified":"2025-01-22T13:59:43","modified_gmt":"2025-01-22T12:59:43","slug":"tribuna-de-las-profesiones-salud-mental-y-emocional","status":"publish","type":"post","link":"https:\/\/www.covb.cat\/es\/actualitat\/noticies\/general\/tribuna-de-las-profesiones-salud-mental-y-emocional\/","title":{"rendered":"Tribuna de las Profesiones: Salud Mental y Emocional"},"content":{"rendered":"<p>La Asociaci\u00f3n Intercolegial de Colegios Profesionales de Catalu\u00f1a, en colaboraci\u00f3n con <em>El Peri\u00f3dico<\/em>, presenta la primera sesi\u00f3n de la <em>Tribuna de las Profesiones<\/em>, un espacio de di\u00e1logo y reflexi\u00f3n que dar\u00e1 voz a los colegios profesionales de Catalu\u00f1a en temas de actualidad e inter\u00e9s social.<\/p>\n<p>El primer encuentro, que se celebrar\u00e1 el <strong>jueves 30 de enero a las 9:15 h en CASA SEAT (Passeig de Gr\u00e0cia 109, Barcelona)<\/strong>, tratar\u00e1 el tema <strong>\u00abSalud Mental y Emocional. \u00bfC\u00f3mo podemos ser m\u00e1s felices? La visi\u00f3n de los y las profesionales\u00bb<\/strong>, con la participaci\u00f3n de reconocidos especialistas de diferentes sectores.<\/p>\n<p><strong>Programa de la sesi\u00f3n:<\/strong><\/p>\n<ul>\n<li><strong>Presentaci\u00f3n:<\/strong>\n<ul>\n<li>Albert S\u00e1ez, director de <em>El Peri\u00f3dico<\/em>.<\/li>\n<li>Jes\u00fas S\u00e1nchez, presidente de la Asociaci\u00f3n Intercolegial y decano del ICAB.<\/li>\n<\/ul>\n<\/li>\n<li><strong>Mesa Redonda:<\/strong><br \/>\nModera: <em>Albert S\u00e1ez, director de El Peri\u00f3dico<\/em>.<\/p>\n<ul>\n<li><em>Guillermo Mattioli<\/em>, Psic\u00f3logo cl\u00ednico y decano del COPC.<\/li>\n<li><em>S\u00f2nia Hern\u00e1ndez-Monta\u00f1o<\/em>, Arquitecta especializada en arquitectura saludable.<\/li>\n<li><em>Carme Panch\u00f3n<\/em>, Pedagoga y profesora honor\u00edfica de la UB.<\/li>\n<li><em>Alejandro Marieges<\/em>, Enfermero especialista en salud mental.<\/li>\n<\/ul>\n<\/li>\n<\/ul>\n<p>Tras la sesi\u00f3n, los asistentes podr\u00e1n disfrutar de un <strong>caf\u00e9 profesional<\/strong> con el apoyo de <em>Sabadell Professional<\/em>.<\/p>\n<p>Estas jornadas est\u00e1n abiertas al p\u00fablico en general, con especial inter\u00e9s para los profesionales colegiados\/as, miembros de Juntas de Gobierno y equipos directivos de los colegios profesionales.<\/p>\n<p><strong>Inscripciones abiertas <\/strong><a href=\"https:\/\/events.yumiwi.io\/tribuna-el-periodico-salut-mental-i-emocional\/registration#\/\"><strong>aqu\u00ed<\/strong><\/a><\/p>\n","protected":false},"excerpt":{"rendered":"<p>La Asociaci\u00f3n Intercolegial de Colegios Profesionales de Catalu\u00f1a, en colaboraci\u00f3n con El Peri\u00f3dico, presenta la primera sesi\u00f3n de la Tribuna de las Profesiones, un espacio de di\u00e1logo y reflexi\u00f3n que dar\u00e1 voz a los colegios profesionales de Catalu\u00f1a en temas de actualidad e inter\u00e9s social. El primer encuentro, que se celebrar\u00e1 el jueves 30 de [&hellip;]<\/p>\n","protected":false},"author":106,"featured_media":52855,"comment_status":"closed","ping_status":"closed","sticky":false,"template":"","format":"standard","meta":{"_monsterinsights_skip_tracking":false,"_monsterinsights_sitenote_active":false,"_monsterinsights_sitenote_note":"","_monsterinsights_sitenote_category":0,"_jetpack_memberships_contains_paid_content":false,"footnotes":""},"categories":[17],"tags":[],"class_list":["post-52856","post","type-post","status-publish","format-standard","has-post-thumbnail","hentry","category-general"],"yoast_head":"<!-- This site is optimized with the Yoast SEO plugin v27.0 - https:\/\/yoast.com\/product\/yoast-seo-wordpress\/ -->\n<title>Tribuna de las Profesiones: Salud Mental y Emocional - COVB - Col\u00b7legi Oficial de Veterinaris de Barcelona<\/title>\n<meta name=\"description\" content=\"La Asociaci\u00f3n Intercolegial de Colegios Profesionales de Catalu\u00f1a, en colaboraci\u00f3n con El Peri\u00f3dico, presenta la primera sesi\u00f3n de la Tribuna de las\" \/>\n<meta name=\"robots\" content=\"index, follow, max-snippet:-1, max-image-preview:large, max-video-preview:-1\" \/>\n<link rel=\"canonical\" href=\"https:\/\/www.covb.cat\/es\/actualitat\/noticies\/general\/tribuna-de-las-profesiones-salud-mental-y-emocional\/\" \/>\n<meta property=\"og:locale\" content=\"es_ES\" \/>\n<meta property=\"og:type\" content=\"article\" \/>\n<meta property=\"og:title\" content=\"Tribuna de las Profesiones: Salud Mental y Emocional - COVB - Col\u00b7legi Oficial de Veterinaris de Barcelona\" \/>\n<meta property=\"og:description\" content=\"La Asociaci\u00f3n Intercolegial de Colegios Profesionales de Catalu\u00f1a, en colaboraci\u00f3n con El Peri\u00f3dico, presenta la primera sesi\u00f3n de la Tribuna de las\" \/>\n<meta property=\"og:url\" content=\"https:\/\/www.covb.cat\/es\/actualitat\/noticies\/general\/tribuna-de-las-profesiones-salud-mental-y-emocional\/\" \/>\n<meta property=\"og:site_name\" content=\"COVB\" \/>\n<meta property=\"article:publisher\" content=\"https:\/\/www.facebook.com\/COVBcat\/\" \/>\n<meta property=\"article:published_time\" content=\"2025-01-24T09:00:21+00:00\" \/>\n<meta property=\"og:image\" content=\"https:\/\/www.covb.cat\/wp-content\/uploads\/2025\/01\/Intercol.legial-WEB.jpg\" \/>\n\t<meta property=\"og:image:width\" content=\"1200\" \/>\n\t<meta property=\"og:image:height\" content=\"800\" \/>\n\t<meta property=\"og:image:type\" content=\"image\/jpeg\" \/>\n<meta name=\"twitter:card\" content=\"summary_large_image\" \/>\n<meta name=\"twitter:creator\" content=\"@COVBcat\" \/>\n<meta name=\"twitter:site\" content=\"@COVBcat\" \/>\n<meta name=\"twitter:label1\" content=\"Escrito por\" \/>\n\t<meta name=\"twitter:data1\" content=\"\" \/>\n\t<meta name=\"twitter:label2\" content=\"Tiempo de lectura\" \/>\n\t<meta name=\"twitter:data2\" content=\"2 minutos\" \/>\n<script type=\"application\/ld+json\" class=\"yoast-schema-graph\">{\"@context\":\"https:\/\/schema.org\",\"@graph\":[{\"@type\":\"Article\",\"@id\":\"https:\/\/www.covb.cat\/es\/actualitat\/noticies\/general\/tribuna-de-las-profesiones-salud-mental-y-emocional\/#article\",\"isPartOf\":{\"@id\":\"https:\/\/www.covb.cat\/es\/actualitat\/noticies\/general\/tribuna-de-las-profesiones-salud-mental-y-emocional\/\"},\"author\":{\"name\":\"\",\"@id\":\"\"},\"headline\":\"Tribuna de las Profesiones: Salud Mental y Emocional\",\"datePublished\":\"2025-01-24T09:00:21+00:00\",\"mainEntityOfPage\":{\"@id\":\"https:\/\/www.covb.cat\/es\/actualitat\/noticies\/general\/tribuna-de-las-profesiones-salud-mental-y-emocional\/\"},\"wordCount\":246,\"publisher\":{\"@id\":\"https:\/\/www.covb.cat\/es\/#organization\"},\"image\":{\"@id\":\"https:\/\/www.covb.cat\/es\/actualitat\/noticies\/general\/tribuna-de-las-profesiones-salud-mental-y-emocional\/#primaryimage\"},\"thumbnailUrl\":\"https:\/\/www.covb.cat\/wp-content\/uploads\/2025\/01\/Intercol.legial-WEB.jpg\",\"articleSection\":[\"General\"],\"inLanguage\":\"es\"},{\"@type\":\"WebPage\",\"@id\":\"https:\/\/www.covb.cat\/es\/actualitat\/noticies\/general\/tribuna-de-las-profesiones-salud-mental-y-emocional\/\",\"url\":\"https:\/\/www.covb.cat\/es\/actualitat\/noticies\/general\/tribuna-de-las-profesiones-salud-mental-y-emocional\/\",\"name\":\"Tribuna de las Profesiones: Salud Mental y Emocional - COVB - Col\u00b7legi Oficial de Veterinaris de Barcelona\",\"isPartOf\":{\"@id\":\"https:\/\/www.covb.cat\/es\/#website\"},\"primaryImageOfPage\":{\"@id\":\"https:\/\/www.covb.cat\/es\/actualitat\/noticies\/general\/tribuna-de-las-profesiones-salud-mental-y-emocional\/#primaryimage\"},\"image\":{\"@id\":\"https:\/\/www.covb.cat\/es\/actualitat\/noticies\/general\/tribuna-de-las-profesiones-salud-mental-y-emocional\/#primaryimage\"},\"thumbnailUrl\":\"https:\/\/www.covb.cat\/wp-content\/uploads\/2025\/01\/Intercol.legial-WEB.jpg\",\"datePublished\":\"2025-01-24T09:00:21+00:00\",\"description\":\"La Asociaci\u00f3n Intercolegial de Colegios Profesionales de Catalu\u00f1a, en colaboraci\u00f3n con El Peri\u00f3dico, presenta la primera sesi\u00f3n de la Tribuna de las\",\"breadcrumb\":{\"@id\":\"https:\/\/www.covb.cat\/es\/actualitat\/noticies\/general\/tribuna-de-las-profesiones-salud-mental-y-emocional\/#breadcrumb\"},\"inLanguage\":\"es\",\"potentialAction\":[{\"@type\":\"ReadAction\",\"target\":[\"https:\/\/www.covb.cat\/es\/actualitat\/noticies\/general\/tribuna-de-las-profesiones-salud-mental-y-emocional\/\"]}]},{\"@type\":\"ImageObject\",\"inLanguage\":\"es\",\"@id\":\"https:\/\/www.covb.cat\/es\/actualitat\/noticies\/general\/tribuna-de-las-profesiones-salud-mental-y-emocional\/#primaryimage\",\"url\":\"https:\/\/www.covb.cat\/wp-content\/uploads\/2025\/01\/Intercol.legial-WEB.jpg\",\"contentUrl\":\"https:\/\/www.covb.cat\/wp-content\/uploads\/2025\/01\/Intercol.legial-WEB.jpg\",\"width\":1200,\"height\":800},{\"@type\":\"BreadcrumbList\",\"@id\":\"https:\/\/www.covb.cat\/es\/actualitat\/noticies\/general\/tribuna-de-las-profesiones-salud-mental-y-emocional\/#breadcrumb\",\"itemListElement\":[{\"@type\":\"ListItem\",\"position\":1,\"name\":\"Inici\",\"item\":\"https:\/\/www.covb.cat\/es\/\"},{\"@type\":\"ListItem\",\"position\":2,\"name\":\"Tribuna de las Profesiones: Salud Mental y Emocional\"}]},{\"@type\":\"WebSite\",\"@id\":\"https:\/\/www.covb.cat\/es\/#website\",\"url\":\"https:\/\/www.covb.cat\/es\/\",\"name\":\"COVB\",\"description\":\"Col\u00b7legi Oficial de Veterinaris de Barcelona\",\"publisher\":{\"@id\":\"https:\/\/www.covb.cat\/es\/#organization\"},\"potentialAction\":[{\"@type\":\"SearchAction\",\"target\":{\"@type\":\"EntryPoint\",\"urlTemplate\":\"https:\/\/www.covb.cat\/es\/?s={search_term_string}\"},\"query-input\":{\"@type\":\"PropertyValueSpecification\",\"valueRequired\":true,\"valueName\":\"search_term_string\"}}],\"inLanguage\":\"es\"},{\"@type\":\"Organization\",\"@id\":\"https:\/\/www.covb.cat\/es\/#organization\",\"name\":\"COVB\",\"url\":\"https:\/\/www.covb.cat\/es\/\",\"logo\":{\"@type\":\"ImageObject\",\"inLanguage\":\"es\",\"@id\":\"https:\/\/www.covb.cat\/es\/#\/schema\/logo\/image\/\",\"url\":\"https:\/\/www.covb.cat\/wp-content\/uploads\/2018\/07\/favicon-covb.png\",\"contentUrl\":\"https:\/\/www.covb.cat\/wp-content\/uploads\/2018\/07\/favicon-covb.png\",\"width\":512,\"height\":512,\"caption\":\"COVB\"},\"image\":{\"@id\":\"https:\/\/www.covb.cat\/es\/#\/schema\/logo\/image\/\"},\"sameAs\":[\"https:\/\/www.facebook.com\/COVBcat\/\",\"https:\/\/x.com\/COVBcat\",\"https:\/\/www.youtube.com\/user\/covbcn\"]},{\"@type\":\"Person\",\"@id\":\"\"}]}<\/script>\n<!-- \/ Yoast SEO plugin. -->","yoast_head_json":{"title":"Tribuna de las Profesiones: Salud Mental y Emocional - COVB - Col\u00b7legi Oficial de Veterinaris de Barcelona","description":"La Asociaci\u00f3n Intercolegial de Colegios Profesionales de Catalu\u00f1a, en colaboraci\u00f3n con El Peri\u00f3dico, presenta la primera sesi\u00f3n de la Tribuna de las","robots":{"index":"index","follow":"follow","max-snippet":"max-snippet:-1","max-image-preview":"max-image-preview:large","max-video-preview":"max-video-preview:-1"},"canonical":"https:\/\/www.covb.cat\/es\/actualitat\/noticies\/general\/tribuna-de-las-profesiones-salud-mental-y-emocional\/","og_locale":"es_ES","og_type":"article","og_title":"Tribuna de las Profesiones: Salud Mental y Emocional - COVB - Col\u00b7legi Oficial de Veterinaris de Barcelona","og_description":"La Asociaci\u00f3n Intercolegial de Colegios Profesionales de Catalu\u00f1a, en colaboraci\u00f3n con El Peri\u00f3dico, presenta la primera sesi\u00f3n de la Tribuna de las","og_url":"https:\/\/www.covb.cat\/es\/actualitat\/noticies\/general\/tribuna-de-las-profesiones-salud-mental-y-emocional\/","og_site_name":"COVB","article_publisher":"https:\/\/www.facebook.com\/COVBcat\/","article_published_time":"2025-01-24T09:00:21+00:00","og_image":[{"width":1200,"height":800,"url":"https:\/\/www.covb.cat\/wp-content\/uploads\/2025\/01\/Intercol.legial-WEB.jpg","type":"image\/jpeg"}],"twitter_card":"summary_large_image","twitter_creator":"@COVBcat","twitter_site":"@COVBcat","twitter_misc":{"Escrito por":"","Tiempo de lectura":"2 minutos"},"schema":{"@context":"https:\/\/schema.org","@graph":[{"@type":"Article","@id":"https:\/\/www.covb.cat\/es\/actualitat\/noticies\/general\/tribuna-de-las-profesiones-salud-mental-y-emocional\/#article","isPartOf":{"@id":"https:\/\/www.covb.cat\/es\/actualitat\/noticies\/general\/tribuna-de-las-profesiones-salud-mental-y-emocional\/"},"author":{"name":"","@id":""},"headline":"Tribuna de las Profesiones: Salud Mental y Emocional","datePublished":"2025-01-24T09:00:21+00:00","mainEntityOfPage":{"@id":"https:\/\/www.covb.cat\/es\/actualitat\/noticies\/general\/tribuna-de-las-profesiones-salud-mental-y-emocional\/"},"wordCount":246,"publisher":{"@id":"https:\/\/www.covb.cat\/es\/#organization"},"image":{"@id":"https:\/\/www.covb.cat\/es\/actualitat\/noticies\/general\/tribuna-de-las-profesiones-salud-mental-y-emocional\/#primaryimage"},"thumbnailUrl":"https:\/\/www.covb.cat\/wp-content\/uploads\/2025\/01\/Intercol.legial-WEB.jpg","articleSection":["General"],"inLanguage":"es"},{"@type":"WebPage","@id":"https:\/\/www.covb.cat\/es\/actualitat\/noticies\/general\/tribuna-de-las-profesiones-salud-mental-y-emocional\/","url":"https:\/\/www.covb.cat\/es\/actualitat\/noticies\/general\/tribuna-de-las-profesiones-salud-mental-y-emocional\/","name":"Tribuna de las Profesiones: Salud Mental y Emocional - COVB - Col\u00b7legi Oficial de Veterinaris de Barcelona","isPartOf":{"@id":"https:\/\/www.covb.cat\/es\/#website"},"primaryImageOfPage":{"@id":"https:\/\/www.covb.cat\/es\/actualitat\/noticies\/general\/tribuna-de-las-profesiones-salud-mental-y-emocional\/#primaryimage"},"image":{"@id":"https:\/\/www.covb.cat\/es\/actualitat\/noticies\/general\/tribuna-de-las-profesiones-salud-mental-y-emocional\/#primaryimage"},"thumbnailUrl":"https:\/\/www.covb.cat\/wp-content\/uploads\/2025\/01\/Intercol.legial-WEB.jpg","datePublished":"2025-01-24T09:00:21+00:00","description":"La Asociaci\u00f3n Intercolegial de Colegios Profesionales de Catalu\u00f1a, en colaboraci\u00f3n con El Peri\u00f3dico, presenta la primera sesi\u00f3n de la Tribuna de las","breadcrumb":{"@id":"https:\/\/www.covb.cat\/es\/actualitat\/noticies\/general\/tribuna-de-las-profesiones-salud-mental-y-emocional\/#breadcrumb"},"inLanguage":"es","potentialAction":[{"@type":"ReadAction","target":["https:\/\/www.covb.cat\/es\/actualitat\/noticies\/general\/tribuna-de-las-profesiones-salud-mental-y-emocional\/"]}]},{"@type":"ImageObject","inLanguage":"es","@id":"https:\/\/www.covb.cat\/es\/actualitat\/noticies\/general\/tribuna-de-las-profesiones-salud-mental-y-emocional\/#primaryimage","url":"https:\/\/www.covb.cat\/wp-content\/uploads\/2025\/01\/Intercol.legial-WEB.jpg","contentUrl":"https:\/\/www.covb.cat\/wp-content\/uploads\/2025\/01\/Intercol.legial-WEB.jpg","width":1200,"height":800},{"@type":"BreadcrumbList","@id":"https:\/\/www.covb.cat\/es\/actualitat\/noticies\/general\/tribuna-de-las-profesiones-salud-mental-y-emocional\/#breadcrumb","itemListElement":[{"@type":"ListItem","position":1,"name":"Inici","item":"https:\/\/www.covb.cat\/es\/"},{"@type":"ListItem","position":2,"name":"Tribuna de las Profesiones: Salud Mental y Emocional"}]},{"@type":"WebSite","@id":"https:\/\/www.covb.cat\/es\/#website","url":"https:\/\/www.covb.cat\/es\/","name":"COVB","description":"Col\u00b7legi Oficial de Veterinaris de Barcelona","publisher":{"@id":"https:\/\/www.covb.cat\/es\/#organization"},"potentialAction":[{"@type":"SearchAction","target":{"@type":"EntryPoint","urlTemplate":"https:\/\/www.covb.cat\/es\/?s={search_term_string}"},"query-input":{"@type":"PropertyValueSpecification","valueRequired":true,"valueName":"search_term_string"}}],"inLanguage":"es"},{"@type":"Organization","@id":"https:\/\/www.covb.cat\/es\/#organization","name":"COVB","url":"https:\/\/www.covb.cat\/es\/","logo":{"@type":"ImageObject","inLanguage":"es","@id":"https:\/\/www.covb.cat\/es\/#\/schema\/logo\/image\/","url":"https:\/\/www.covb.cat\/wp-content\/uploads\/2018\/07\/favicon-covb.png","contentUrl":"https:\/\/www.covb.cat\/wp-content\/uploads\/2018\/07\/favicon-covb.png","width":512,"height":512,"caption":"COVB"},"image":{"@id":"https:\/\/www.covb.cat\/es\/#\/schema\/logo\/image\/"},"sameAs":["https:\/\/www.facebook.com\/COVBcat\/","https:\/\/x.com\/COVBcat","https:\/\/www.youtube.com\/user\/covbcn"]},{"@type":"Person","@id":""}]}},"jetpack_featured_media_url":"https:\/\/www.covb.cat\/wp-content\/uploads\/2025\/01\/Intercol.legial-WEB.jpg","jetpack_sharing_enabled":true,"_links":{"self":[{"href":"https:\/\/www.covb.cat\/es\/wp-json\/wp\/v2\/posts\/52856","targetHints":{"allow":["GET"]}}],"collection":[{"href":"https:\/\/www.covb.cat\/es\/wp-json\/wp\/v2\/posts"}],"about":[{"href":"https:\/\/www.covb.cat\/es\/wp-json\/wp\/v2\/types\/post"}],"author":[{"embeddable":true,"href":"https:\/\/www.covb.cat\/es\/wp-json\/wp\/v2\/users\/106"}],"replies":[{"embeddable":true,"href":"https:\/\/www.covb.cat\/es\/wp-json\/wp\/v2\/comments?post=52856"}],"version-history":[{"count":1,"href":"https:\/\/www.covb.cat\/es\/wp-json\/wp\/v2\/posts\/52856\/revisions"}],"predecessor-version":[{"id":52857,"href":"https:\/\/www.covb.cat\/es\/wp-json\/wp\/v2\/posts\/52856\/revisions\/52857"}],"wp:featuredmedia":[{"embeddable":true,"href":"https:\/\/www.covb.cat\/es\/wp-json\/wp\/v2\/media\/52855"}],"wp:attachment":[{"href":"https:\/\/www.covb.cat\/es\/wp-json\/wp\/v2\/media?parent=52856"}],"wp:term":[{"taxonomy":"category","embeddable":true,"href":"https:\/\/www.covb.cat\/es\/wp-json\/wp\/v2\/categories?post=52856"},{"taxonomy":"post_tag","embeddable":true,"href":"https:\/\/www.covb.cat\/es\/wp-json\/wp\/v2\/tags?post=52856"}],"curies":[{"name":"wp","href":"https:\/\/api.w.org\/{rel}","templated":true}]}}