{"id":51525,"date":"2024-12-13T10:00:16","date_gmt":"2024-12-13T09:00:16","guid":{"rendered":"https:\/\/www.covb.cat\/?p=51525"},"modified":"2024-12-11T20:40:50","modified_gmt":"2024-12-11T19:40:50","slug":"resolucion-de-reapertura-de-la-convocatoria-num-242","status":"publish","type":"post","link":"https:\/\/www.covb.cat\/es\/actualitat\/noticies\/general\/resolucion-de-reapertura-de-la-convocatoria-num-242\/","title":{"rendered":"Resoluci\u00f3n de reapertura de la convocatoria n\u00fam. 242"},"content":{"rendered":"<p>El Diario Oficial de la Generalitat de Catalu\u00f1a n\u00fam. 9306, de 9 de diciembre de 2024, ha publicado la Resoluci\u00f3n PRE\/4371\/2024, de 3 de diciembre, que reabre la convocatoria n\u00fam. 242 en cumplimiento de la sentencia del Tribunal Superior de Justicia de Catalu\u00f1a n\u00fam. 3363\/2023.<\/p>\n<p>Gracias al recurso interpuesto por el Consell de Col\u00b7legis de Veterinaris de Catalunya, se ha incluido la titulaci\u00f3n universitaria oficial en veterinaria (grado, licenciatura o doctorado) entre las que permiten participar en el proceso selectivo para la opci\u00f3n de medio ambiente.<\/p>\n<p>\ud83d\udcc4 <strong>Plazo de presentaci\u00f3n de solicitudes:<\/strong><\/p>\n<ul>\n<li>Del 10 de diciembre de 2024 al 22 de enero de 2025 (20 d\u00edas h\u00e1biles).<\/li>\n<li>Presentaci\u00f3n por medios electr\u00f3nicos a trav\u00e9s del portal <a href=\"https:\/\/web.gencat.cat\/ca\/tramits\/23966\">Tr\u00e1mites Gencat<\/a>.<\/li>\n<\/ul>\n<p>\ud83d\udcc4 <strong>M\u00e1s informaci\u00f3n y documentaci\u00f3n:<\/strong><\/p>\n<ul>\n<li>Bases completas de la convocatoria y requisitos: <a href=\"https:\/\/administraciopublica.gencat.cat\/ca\/treballar-a-la-generalitat\/oposicions\/index.html\">Consulta aqu\u00ed<\/a>.<\/li>\n<\/ul>\n","protected":false},"excerpt":{"rendered":"<p>El Diario Oficial de la Generalitat de Catalu\u00f1a n\u00fam. 9306, de 9 de diciembre de 2024, ha publicado la Resoluci\u00f3n PRE\/4371\/2024, de 3 de diciembre, que reabre la convocatoria n\u00fam. 242 en cumplimiento de la sentencia del Tribunal Superior de Justicia de Catalu\u00f1a n\u00fam. 3363\/2023. Gracias al recurso interpuesto por el Consell de Col\u00b7legis de [&hellip;]<\/p>\n","protected":false},"author":106,"featured_media":51523,"comment_status":"closed","ping_status":"closed","sticky":false,"template":"","format":"standard","meta":{"_monsterinsights_skip_tracking":false,"_monsterinsights_sitenote_active":false,"_monsterinsights_sitenote_note":"","_monsterinsights_sitenote_category":0,"_jetpack_memberships_contains_paid_content":false,"footnotes":""},"categories":[17,164],"tags":[],"class_list":["post-51525","post","type-post","status-publish","format-standard","has-post-thumbnail","hentry","category-general","category-profesional"],"yoast_head":"<!-- This site is optimized with the Yoast SEO plugin v27.0 - https:\/\/yoast.com\/product\/yoast-seo-wordpress\/ -->\n<title>Resoluci\u00f3n de reapertura de la convocatoria n\u00fam. 242 - COVB - Col\u00b7legi Oficial de Veterinaris de Barcelona<\/title>\n<meta name=\"description\" content=\"El Diario Oficial de la Generalitat de Catalu\u00f1a n\u00fam. 9306, de 9 de diciembre de 2024, ha publicado la Resoluci\u00f3n PRE\/4371\/2024, de 3 de diciembre, que\" \/>\n<meta name=\"robots\" content=\"index, follow, max-snippet:-1, max-image-preview:large, max-video-preview:-1\" \/>\n<link rel=\"canonical\" href=\"https:\/\/www.covb.cat\/es\/actualitat\/noticies\/general\/resolucion-de-reapertura-de-la-convocatoria-num-242\/\" \/>\n<meta property=\"og:locale\" content=\"es_ES\" \/>\n<meta property=\"og:type\" content=\"article\" \/>\n<meta property=\"og:title\" content=\"Resoluci\u00f3n de reapertura de la convocatoria n\u00fam. 242 - COVB - Col\u00b7legi Oficial de Veterinaris de Barcelona\" \/>\n<meta property=\"og:description\" content=\"El Diario Oficial de la Generalitat de Catalu\u00f1a n\u00fam. 9306, de 9 de diciembre de 2024, ha publicado la Resoluci\u00f3n PRE\/4371\/2024, de 3 de diciembre, que\" \/>\n<meta property=\"og:url\" content=\"https:\/\/www.covb.cat\/es\/actualitat\/noticies\/general\/resolucion-de-reapertura-de-la-convocatoria-num-242\/\" \/>\n<meta property=\"og:site_name\" content=\"COVB\" \/>\n<meta property=\"article:publisher\" content=\"https:\/\/www.facebook.com\/COVBcat\/\" \/>\n<meta property=\"article:published_time\" content=\"2024-12-13T09:00:16+00:00\" \/>\n<meta property=\"og:image\" content=\"https:\/\/www.covb.cat\/wp-content\/uploads\/2024\/12\/Reobertura-convocatoria-WEB.jpg\" \/>\n\t<meta property=\"og:image:width\" content=\"1200\" \/>\n\t<meta property=\"og:image:height\" content=\"800\" \/>\n\t<meta property=\"og:image:type\" content=\"image\/jpeg\" \/>\n<meta name=\"twitter:card\" content=\"summary_large_image\" \/>\n<meta name=\"twitter:creator\" content=\"@COVBcat\" \/>\n<meta name=\"twitter:site\" content=\"@COVBcat\" \/>\n<meta name=\"twitter:label1\" content=\"Escrito por\" \/>\n\t<meta name=\"twitter:data1\" content=\"\" \/>\n\t<meta name=\"twitter:label2\" content=\"Tiempo de lectura\" \/>\n\t<meta name=\"twitter:data2\" content=\"1 minuto\" \/>\n<script type=\"application\/ld+json\" class=\"yoast-schema-graph\">{\"@context\":\"https:\/\/schema.org\",\"@graph\":[{\"@type\":\"Article\",\"@id\":\"https:\/\/www.covb.cat\/es\/actualitat\/noticies\/general\/resolucion-de-reapertura-de-la-convocatoria-num-242\/#article\",\"isPartOf\":{\"@id\":\"https:\/\/www.covb.cat\/es\/actualitat\/noticies\/general\/resolucion-de-reapertura-de-la-convocatoria-num-242\/\"},\"author\":{\"name\":\"\",\"@id\":\"\"},\"headline\":\"Resoluci\u00f3n de reapertura de la convocatoria n\u00fam. 242\",\"datePublished\":\"2024-12-13T09:00:16+00:00\",\"mainEntityOfPage\":{\"@id\":\"https:\/\/www.covb.cat\/es\/actualitat\/noticies\/general\/resolucion-de-reapertura-de-la-convocatoria-num-242\/\"},\"wordCount\":146,\"publisher\":{\"@id\":\"https:\/\/www.covb.cat\/es\/#organization\"},\"image\":{\"@id\":\"https:\/\/www.covb.cat\/es\/actualitat\/noticies\/general\/resolucion-de-reapertura-de-la-convocatoria-num-242\/#primaryimage\"},\"thumbnailUrl\":\"https:\/\/www.covb.cat\/wp-content\/uploads\/2024\/12\/Reobertura-convocatoria-WEB.jpg\",\"articleSection\":[\"General\",\"Profesi\u00f3n\"],\"inLanguage\":\"es\"},{\"@type\":\"WebPage\",\"@id\":\"https:\/\/www.covb.cat\/es\/actualitat\/noticies\/general\/resolucion-de-reapertura-de-la-convocatoria-num-242\/\",\"url\":\"https:\/\/www.covb.cat\/es\/actualitat\/noticies\/general\/resolucion-de-reapertura-de-la-convocatoria-num-242\/\",\"name\":\"Resoluci\u00f3n de reapertura de la convocatoria n\u00fam. 242 - COVB - Col\u00b7legi Oficial de Veterinaris de Barcelona\",\"isPartOf\":{\"@id\":\"https:\/\/www.covb.cat\/es\/#website\"},\"primaryImageOfPage\":{\"@id\":\"https:\/\/www.covb.cat\/es\/actualitat\/noticies\/general\/resolucion-de-reapertura-de-la-convocatoria-num-242\/#primaryimage\"},\"image\":{\"@id\":\"https:\/\/www.covb.cat\/es\/actualitat\/noticies\/general\/resolucion-de-reapertura-de-la-convocatoria-num-242\/#primaryimage\"},\"thumbnailUrl\":\"https:\/\/www.covb.cat\/wp-content\/uploads\/2024\/12\/Reobertura-convocatoria-WEB.jpg\",\"datePublished\":\"2024-12-13T09:00:16+00:00\",\"description\":\"El Diario Oficial de la Generalitat de Catalu\u00f1a n\u00fam. 9306, de 9 de diciembre de 2024, ha publicado la Resoluci\u00f3n PRE\/4371\/2024, de 3 de diciembre, que\",\"breadcrumb\":{\"@id\":\"https:\/\/www.covb.cat\/es\/actualitat\/noticies\/general\/resolucion-de-reapertura-de-la-convocatoria-num-242\/#breadcrumb\"},\"inLanguage\":\"es\",\"potentialAction\":[{\"@type\":\"ReadAction\",\"target\":[\"https:\/\/www.covb.cat\/es\/actualitat\/noticies\/general\/resolucion-de-reapertura-de-la-convocatoria-num-242\/\"]}]},{\"@type\":\"ImageObject\",\"inLanguage\":\"es\",\"@id\":\"https:\/\/www.covb.cat\/es\/actualitat\/noticies\/general\/resolucion-de-reapertura-de-la-convocatoria-num-242\/#primaryimage\",\"url\":\"https:\/\/www.covb.cat\/wp-content\/uploads\/2024\/12\/Reobertura-convocatoria-WEB.jpg\",\"contentUrl\":\"https:\/\/www.covb.cat\/wp-content\/uploads\/2024\/12\/Reobertura-convocatoria-WEB.jpg\",\"width\":1200,\"height\":800},{\"@type\":\"BreadcrumbList\",\"@id\":\"https:\/\/www.covb.cat\/es\/actualitat\/noticies\/general\/resolucion-de-reapertura-de-la-convocatoria-num-242\/#breadcrumb\",\"itemListElement\":[{\"@type\":\"ListItem\",\"position\":1,\"name\":\"Inici\",\"item\":\"https:\/\/www.covb.cat\/es\/\"},{\"@type\":\"ListItem\",\"position\":2,\"name\":\"Resoluci\u00f3n de reapertura de la convocatoria n\u00fam. 242\"}]},{\"@type\":\"WebSite\",\"@id\":\"https:\/\/www.covb.cat\/es\/#website\",\"url\":\"https:\/\/www.covb.cat\/es\/\",\"name\":\"COVB\",\"description\":\"Col\u00b7legi Oficial de Veterinaris de Barcelona\",\"publisher\":{\"@id\":\"https:\/\/www.covb.cat\/es\/#organization\"},\"potentialAction\":[{\"@type\":\"SearchAction\",\"target\":{\"@type\":\"EntryPoint\",\"urlTemplate\":\"https:\/\/www.covb.cat\/es\/?s={search_term_string}\"},\"query-input\":{\"@type\":\"PropertyValueSpecification\",\"valueRequired\":true,\"valueName\":\"search_term_string\"}}],\"inLanguage\":\"es\"},{\"@type\":\"Organization\",\"@id\":\"https:\/\/www.covb.cat\/es\/#organization\",\"name\":\"COVB\",\"url\":\"https:\/\/www.covb.cat\/es\/\",\"logo\":{\"@type\":\"ImageObject\",\"inLanguage\":\"es\",\"@id\":\"https:\/\/www.covb.cat\/es\/#\/schema\/logo\/image\/\",\"url\":\"https:\/\/www.covb.cat\/wp-content\/uploads\/2018\/07\/favicon-covb.png\",\"contentUrl\":\"https:\/\/www.covb.cat\/wp-content\/uploads\/2018\/07\/favicon-covb.png\",\"width\":512,\"height\":512,\"caption\":\"COVB\"},\"image\":{\"@id\":\"https:\/\/www.covb.cat\/es\/#\/schema\/logo\/image\/\"},\"sameAs\":[\"https:\/\/www.facebook.com\/COVBcat\/\",\"https:\/\/x.com\/COVBcat\",\"https:\/\/www.youtube.com\/user\/covbcn\"]},{\"@type\":\"Person\",\"@id\":\"\"}]}<\/script>\n<!-- \/ Yoast SEO plugin. -->","yoast_head_json":{"title":"Resoluci\u00f3n de reapertura de la convocatoria n\u00fam. 242 - COVB - Col\u00b7legi Oficial de Veterinaris de Barcelona","description":"El Diario Oficial de la Generalitat de Catalu\u00f1a n\u00fam. 9306, de 9 de diciembre de 2024, ha publicado la Resoluci\u00f3n PRE\/4371\/2024, de 3 de diciembre, que","robots":{"index":"index","follow":"follow","max-snippet":"max-snippet:-1","max-image-preview":"max-image-preview:large","max-video-preview":"max-video-preview:-1"},"canonical":"https:\/\/www.covb.cat\/es\/actualitat\/noticies\/general\/resolucion-de-reapertura-de-la-convocatoria-num-242\/","og_locale":"es_ES","og_type":"article","og_title":"Resoluci\u00f3n de reapertura de la convocatoria n\u00fam. 242 - COVB - Col\u00b7legi Oficial de Veterinaris de Barcelona","og_description":"El Diario Oficial de la Generalitat de Catalu\u00f1a n\u00fam. 9306, de 9 de diciembre de 2024, ha publicado la Resoluci\u00f3n PRE\/4371\/2024, de 3 de diciembre, que","og_url":"https:\/\/www.covb.cat\/es\/actualitat\/noticies\/general\/resolucion-de-reapertura-de-la-convocatoria-num-242\/","og_site_name":"COVB","article_publisher":"https:\/\/www.facebook.com\/COVBcat\/","article_published_time":"2024-12-13T09:00:16+00:00","og_image":[{"width":1200,"height":800,"url":"https:\/\/www.covb.cat\/wp-content\/uploads\/2024\/12\/Reobertura-convocatoria-WEB.jpg","type":"image\/jpeg"}],"twitter_card":"summary_large_image","twitter_creator":"@COVBcat","twitter_site":"@COVBcat","twitter_misc":{"Escrito por":"","Tiempo de lectura":"1 minuto"},"schema":{"@context":"https:\/\/schema.org","@graph":[{"@type":"Article","@id":"https:\/\/www.covb.cat\/es\/actualitat\/noticies\/general\/resolucion-de-reapertura-de-la-convocatoria-num-242\/#article","isPartOf":{"@id":"https:\/\/www.covb.cat\/es\/actualitat\/noticies\/general\/resolucion-de-reapertura-de-la-convocatoria-num-242\/"},"author":{"name":"","@id":""},"headline":"Resoluci\u00f3n de reapertura de la convocatoria n\u00fam. 242","datePublished":"2024-12-13T09:00:16+00:00","mainEntityOfPage":{"@id":"https:\/\/www.covb.cat\/es\/actualitat\/noticies\/general\/resolucion-de-reapertura-de-la-convocatoria-num-242\/"},"wordCount":146,"publisher":{"@id":"https:\/\/www.covb.cat\/es\/#organization"},"image":{"@id":"https:\/\/www.covb.cat\/es\/actualitat\/noticies\/general\/resolucion-de-reapertura-de-la-convocatoria-num-242\/#primaryimage"},"thumbnailUrl":"https:\/\/www.covb.cat\/wp-content\/uploads\/2024\/12\/Reobertura-convocatoria-WEB.jpg","articleSection":["General","Profesi\u00f3n"],"inLanguage":"es"},{"@type":"WebPage","@id":"https:\/\/www.covb.cat\/es\/actualitat\/noticies\/general\/resolucion-de-reapertura-de-la-convocatoria-num-242\/","url":"https:\/\/www.covb.cat\/es\/actualitat\/noticies\/general\/resolucion-de-reapertura-de-la-convocatoria-num-242\/","name":"Resoluci\u00f3n de reapertura de la convocatoria n\u00fam. 242 - COVB - Col\u00b7legi Oficial de Veterinaris de Barcelona","isPartOf":{"@id":"https:\/\/www.covb.cat\/es\/#website"},"primaryImageOfPage":{"@id":"https:\/\/www.covb.cat\/es\/actualitat\/noticies\/general\/resolucion-de-reapertura-de-la-convocatoria-num-242\/#primaryimage"},"image":{"@id":"https:\/\/www.covb.cat\/es\/actualitat\/noticies\/general\/resolucion-de-reapertura-de-la-convocatoria-num-242\/#primaryimage"},"thumbnailUrl":"https:\/\/www.covb.cat\/wp-content\/uploads\/2024\/12\/Reobertura-convocatoria-WEB.jpg","datePublished":"2024-12-13T09:00:16+00:00","description":"El Diario Oficial de la Generalitat de Catalu\u00f1a n\u00fam. 9306, de 9 de diciembre de 2024, ha publicado la Resoluci\u00f3n PRE\/4371\/2024, de 3 de diciembre, que","breadcrumb":{"@id":"https:\/\/www.covb.cat\/es\/actualitat\/noticies\/general\/resolucion-de-reapertura-de-la-convocatoria-num-242\/#breadcrumb"},"inLanguage":"es","potentialAction":[{"@type":"ReadAction","target":["https:\/\/www.covb.cat\/es\/actualitat\/noticies\/general\/resolucion-de-reapertura-de-la-convocatoria-num-242\/"]}]},{"@type":"ImageObject","inLanguage":"es","@id":"https:\/\/www.covb.cat\/es\/actualitat\/noticies\/general\/resolucion-de-reapertura-de-la-convocatoria-num-242\/#primaryimage","url":"https:\/\/www.covb.cat\/wp-content\/uploads\/2024\/12\/Reobertura-convocatoria-WEB.jpg","contentUrl":"https:\/\/www.covb.cat\/wp-content\/uploads\/2024\/12\/Reobertura-convocatoria-WEB.jpg","width":1200,"height":800},{"@type":"BreadcrumbList","@id":"https:\/\/www.covb.cat\/es\/actualitat\/noticies\/general\/resolucion-de-reapertura-de-la-convocatoria-num-242\/#breadcrumb","itemListElement":[{"@type":"ListItem","position":1,"name":"Inici","item":"https:\/\/www.covb.cat\/es\/"},{"@type":"ListItem","position":2,"name":"Resoluci\u00f3n de reapertura de la convocatoria n\u00fam. 242"}]},{"@type":"WebSite","@id":"https:\/\/www.covb.cat\/es\/#website","url":"https:\/\/www.covb.cat\/es\/","name":"COVB","description":"Col\u00b7legi Oficial de Veterinaris de Barcelona","publisher":{"@id":"https:\/\/www.covb.cat\/es\/#organization"},"potentialAction":[{"@type":"SearchAction","target":{"@type":"EntryPoint","urlTemplate":"https:\/\/www.covb.cat\/es\/?s={search_term_string}"},"query-input":{"@type":"PropertyValueSpecification","valueRequired":true,"valueName":"search_term_string"}}],"inLanguage":"es"},{"@type":"Organization","@id":"https:\/\/www.covb.cat\/es\/#organization","name":"COVB","url":"https:\/\/www.covb.cat\/es\/","logo":{"@type":"ImageObject","inLanguage":"es","@id":"https:\/\/www.covb.cat\/es\/#\/schema\/logo\/image\/","url":"https:\/\/www.covb.cat\/wp-content\/uploads\/2018\/07\/favicon-covb.png","contentUrl":"https:\/\/www.covb.cat\/wp-content\/uploads\/2018\/07\/favicon-covb.png","width":512,"height":512,"caption":"COVB"},"image":{"@id":"https:\/\/www.covb.cat\/es\/#\/schema\/logo\/image\/"},"sameAs":["https:\/\/www.facebook.com\/COVBcat\/","https:\/\/x.com\/COVBcat","https:\/\/www.youtube.com\/user\/covbcn"]},{"@type":"Person","@id":""}]}},"jetpack_featured_media_url":"https:\/\/www.covb.cat\/wp-content\/uploads\/2024\/12\/Reobertura-convocatoria-WEB.jpg","jetpack_sharing_enabled":true,"_links":{"self":[{"href":"https:\/\/www.covb.cat\/es\/wp-json\/wp\/v2\/posts\/51525","targetHints":{"allow":["GET"]}}],"collection":[{"href":"https:\/\/www.covb.cat\/es\/wp-json\/wp\/v2\/posts"}],"about":[{"href":"https:\/\/www.covb.cat\/es\/wp-json\/wp\/v2\/types\/post"}],"author":[{"embeddable":true,"href":"https:\/\/www.covb.cat\/es\/wp-json\/wp\/v2\/users\/106"}],"replies":[{"embeddable":true,"href":"https:\/\/www.covb.cat\/es\/wp-json\/wp\/v2\/comments?post=51525"}],"version-history":[{"count":1,"href":"https:\/\/www.covb.cat\/es\/wp-json\/wp\/v2\/posts\/51525\/revisions"}],"predecessor-version":[{"id":51526,"href":"https:\/\/www.covb.cat\/es\/wp-json\/wp\/v2\/posts\/51525\/revisions\/51526"}],"wp:featuredmedia":[{"embeddable":true,"href":"https:\/\/www.covb.cat\/es\/wp-json\/wp\/v2\/media\/51523"}],"wp:attachment":[{"href":"https:\/\/www.covb.cat\/es\/wp-json\/wp\/v2\/media?parent=51525"}],"wp:term":[{"taxonomy":"category","embeddable":true,"href":"https:\/\/www.covb.cat\/es\/wp-json\/wp\/v2\/categories?post=51525"},{"taxonomy":"post_tag","embeddable":true,"href":"https:\/\/www.covb.cat\/es\/wp-json\/wp\/v2\/tags?post=51525"}],"curies":[{"name":"wp","href":"https:\/\/api.w.org\/{rel}","templated":true}]}}